{"id":17645,"date":"2025-01-31T23:53:45","date_gmt":"2025-01-31T21:53:45","guid":{"rendered":"https:\/\/www.selry.fi\/?p=17645"},"modified":"2025-02-05T11:23:31","modified_gmt":"2025-02-05T09:23:31","slug":"vad-innebar-den-avtalsfria-statusen-som-borjar-pa-livsmedelsindustrins-arbetsplatser","status":"publish","type":"post","link":"https:\/\/www.selry.fi\/sv\/nyheter\/vad-innebar-den-avtalsfria-statusen-som-borjar-pa-livsmedelsindustrins-arbetsplatser\/","title":{"rendered":"Vad inneb\u00e4r det avtalsl\u00f6st tillst\u00e5nd som b\u00f6rjar p\u00e5 livsmedelsindustrins arbetsplatser?"},"content":{"rendered":"\n<p class=\"has-ingressi-font-size\">P\u00e5 livsmedelsindustrin arbetsplatser inleds ett avtalsl\u00f6st tillst\u00e5nd den 1 februari 2025, d\u00e5 de anst\u00e4lldas kollektivavtal inte l\u00e4ngre g\u00e4ller.<\/p>\n\n\n\n<p>Alla kollektivavtal f\u00f6r livsmedelsindustriarbetare mellan SEL och ETL l\u00f6per ut den 31 januari 2025. Eftersom nya kollektivavtal \u00e4nnu inte \u00e4r ing\u00e5ngna inleds ett avtalsl\u00f6st tillst\u00e5nd p\u00e5 livsmedelsindustrin arbetsplatser den 1 februari 2025.<\/p>\n\n\n\n<p>I ett avtalsl\u00f6st tillst\u00e5nd r\u00e5der ingen skyldighet att uppr\u00e4tth\u00e5lla arbetsfred, vilket inneb\u00e4r att parterna kan p\u00e5skynda f\u00f6rhandlingarna genom strids\u00e5tg\u00e4rder.<\/p>\n\n\n\n<p>Anst\u00e4llningsvillkoren kvarst\u00e5r dock i praktiken tack vare den s\u00e5 kallade efterverkan. Arbetsgivaren kan till exempel inte s\u00e4nka anst\u00e4lldas l\u00f6ner eller f\u00f6rl\u00e4nga arbetstiden p\u00e5 egen hand under ett avtalsl\u00f6st tillst\u00e5nd. Best\u00e4mmelserna i det gamla kollektivavtalet g\u00e4ller i allm\u00e4nhet tills det nya kollektivavtalet godk\u00e4nns.<\/p>\n\n\n\n<p>SEL och ETL kommer n\u00e4sta g\u00e5ng att f\u00f6rhandla om nya kollektivavtal f\u00f6r livsmedelsindustriarbetare den 3 februari 2025. F\u00f6rhandlingar p\u00e5g\u00e5r om fem kollektivavtal: kollektivavtal f\u00f6r anst\u00e4llda inom bageri, k\u00f6tt, mejeri, industri samt bryggeri och l\u00e4sk, som omfattar cirka 25 000 anst\u00e4llda.<\/p>\n\n\n\n<p>Om SEL tvingas anv\u00e4nda strids\u00e5tg\u00e4rder f\u00f6r att f\u00e5 till st\u00e5nd kollektivavtal ansvarar facket f\u00f6r lagligheten av \u00e5tg\u00e4rderna. Deltagande i en arbetskonflikt som facket utlyst kan inte medf\u00f6ra sanktioner f\u00f6r en enskild anst\u00e4lld. SEL-medlemmar f\u00e5r ett strejktill\u00e4gg p\u00e5 100 euro per arbetspass under en eventuell strejk.<\/p>\n\n\n\n<p><br><em>Om du har fr\u00e5gor, kontakta din SEL-f\u00f6rtroendeman p\u00e5 arbetsplatsen. Om din arbetsplats inte \u00e4nnu har n\u00e5gon f\u00f6rtroendeman kan du kontakta SEL 09 4246 1200.<\/em><\/p>\n","protected":false},"excerpt":{"rendered":"<p>P\u00e5 livsmedelsindustrin arbetsplatser inleds ett avtalsl\u00f6st tillst\u00e5nd den 1 februari 2025, d\u00e5 de anst\u00e4lldas kollektivavtal inte l\u00e4ngre g\u00e4ller. Alla kollektivavtal [\u2026] <a href=\"https:\/\/www.selry.fi\/sv\/nyheter\/vad-innebar-den-avtalsfria-statusen-som-borjar-pa-livsmedelsindustrins-arbetsplatser\/\">Lue lis\u00e4\u00e4 &raquo;<\/a><\/p>\n","protected":false},"author":4,"featured_media":15099,"comment_status":"closed","ping_status":"closed","sticky":false,"template":"","format":"standard","meta":{"_acf_changed":false,"footnotes":""},"categories":[26],"tags":[],"class_list":["post-17645","post","type-post","status-publish","format-standard","has-post-thumbnail","hentry","category-nyheter"],"acf":[],"yoast_head":"<!-- This site is optimized with the Yoast SEO plugin v27.2 - https:\/\/yoast.com\/product\/yoast-seo-wordpress\/ -->\n<title>Vad inneb\u00e4r det avtalsl\u00f6st tillst\u00e5nd som b\u00f6rjar p\u00e5 livsmedelsindustrins arbetsplatser?<\/title>\n<meta name=\"robots\" content=\"index, follow, max-snippet:-1, max-image-preview:large, max-video-preview:-1\" \/>\n<link rel=\"canonical\" href=\"https:\/\/www.selry.fi\/sv\/nyheter\/vad-innebar-den-avtalsfria-statusen-som-borjar-pa-livsmedelsindustrins-arbetsplatser\/\" \/>\n<meta property=\"og:locale\" content=\"sv_SE\" \/>\n<meta property=\"og:type\" content=\"article\" \/>\n<meta property=\"og:title\" content=\"Vad inneb\u00e4r det avtalsl\u00f6st tillst\u00e5nd som b\u00f6rjar p\u00e5 livsmedelsindustrins arbetsplatser?\" \/>\n<meta property=\"og:description\" content=\"P\u00e5 livsmedelsindustrin arbetsplatser inleds ett avtalsl\u00f6st tillst\u00e5nd den 1 februari 2025, d\u00e5 de anst\u00e4lldas kollektivavtal inte l\u00e4ngre g\u00e4ller. Alla kollektivavtal [\u2026] Lue lis\u00e4\u00e4 &raquo;\" \/>\n<meta property=\"og:url\" content=\"https:\/\/www.selry.fi\/sv\/nyheter\/vad-innebar-den-avtalsfria-statusen-som-borjar-pa-livsmedelsindustrins-arbetsplatser\/\" \/>\n<meta property=\"og:site_name\" content=\"Suomen Elintarvikety\u00f6l\u00e4isten Liitto SEL\" \/>\n<meta property=\"article:publisher\" content=\"https:\/\/www.facebook.com\/selry\" \/>\n<meta property=\"article:published_time\" content=\"2025-01-31T21:53:45+00:00\" \/>\n<meta property=\"article:modified_time\" content=\"2025-02-05T09:23:31+00:00\" \/>\n<meta property=\"og:image\" content=\"https:\/\/www.selry.fi\/wp-content\/uploads\/2024\/04\/sel-lakkovahdit-14-kuntonen-kuva-antti-yrjonen.jpg\" \/>\n\t<meta property=\"og:image:width\" content=\"1920\" \/>\n\t<meta property=\"og:image:height\" content=\"1280\" \/>\n\t<meta property=\"og:image:type\" content=\"image\/jpeg\" \/>\n<meta name=\"author\" content=\"Karoliina \u00d6ystil\u00e4\" \/>\n<meta name=\"twitter:card\" content=\"summary_large_image\" \/>\n<meta name=\"twitter:creator\" content=\"@selryfi\" \/>\n<meta name=\"twitter:site\" content=\"@selryfi\" \/>\n<script type=\"application\/ld+json\" class=\"yoast-schema-graph\">{\"@context\":\"https:\/\/schema.org\",\"@graph\":[{\"@type\":\"Article\",\"@id\":\"https:\/\/www.selry.fi\/sv\/nyheter\/vad-innebar-den-avtalsfria-statusen-som-borjar-pa-livsmedelsindustrins-arbetsplatser\/#article\",\"isPartOf\":{\"@id\":\"https:\/\/www.selry.fi\/sv\/nyheter\/vad-innebar-den-avtalsfria-statusen-som-borjar-pa-livsmedelsindustrins-arbetsplatser\/\"},\"author\":{\"name\":\"Karoliina \u00d6ystil\u00e4\",\"@id\":\"https:\/\/www.selry.fi\/#\/schema\/person\/4fb0b52ed84c524f0beea95625a21678\"},\"headline\":\"Vad inneb\u00e4r det avtalsl\u00f6st tillst\u00e5nd som b\u00f6rjar p\u00e5 livsmedelsindustrins arbetsplatser?\",\"datePublished\":\"2025-01-31T21:53:45+00:00\",\"dateModified\":\"2025-02-05T09:23:31+00:00\",\"mainEntityOfPage\":{\"@id\":\"https:\/\/www.selry.fi\/sv\/nyheter\/vad-innebar-den-avtalsfria-statusen-som-borjar-pa-livsmedelsindustrins-arbetsplatser\/\"},\"wordCount\":281,\"publisher\":{\"@id\":\"https:\/\/www.selry.fi\/#organization\"},\"image\":{\"@id\":\"https:\/\/www.selry.fi\/sv\/nyheter\/vad-innebar-den-avtalsfria-statusen-som-borjar-pa-livsmedelsindustrins-arbetsplatser\/#primaryimage\"},\"thumbnailUrl\":\"https:\/\/www.selry.fi\/wp-content\/uploads\/2024\/04\/sel-lakkovahdit-14-kuntonen-kuva-antti-yrjonen.jpg\",\"articleSection\":[\"Nyheter\"],\"inLanguage\":\"sv-SE\"},{\"@type\":\"WebPage\",\"@id\":\"https:\/\/www.selry.fi\/sv\/nyheter\/vad-innebar-den-avtalsfria-statusen-som-borjar-pa-livsmedelsindustrins-arbetsplatser\/\",\"url\":\"https:\/\/www.selry.fi\/sv\/nyheter\/vad-innebar-den-avtalsfria-statusen-som-borjar-pa-livsmedelsindustrins-arbetsplatser\/\",\"name\":\"Vad inneb\u00e4r det avtalsl\u00f6st tillst\u00e5nd som b\u00f6rjar p\u00e5 livsmedelsindustrins arbetsplatser?\",\"isPartOf\":{\"@id\":\"https:\/\/www.selry.fi\/#website\"},\"primaryImageOfPage\":{\"@id\":\"https:\/\/www.selry.fi\/sv\/nyheter\/vad-innebar-den-avtalsfria-statusen-som-borjar-pa-livsmedelsindustrins-arbetsplatser\/#primaryimage\"},\"image\":{\"@id\":\"https:\/\/www.selry.fi\/sv\/nyheter\/vad-innebar-den-avtalsfria-statusen-som-borjar-pa-livsmedelsindustrins-arbetsplatser\/#primaryimage\"},\"thumbnailUrl\":\"https:\/\/www.selry.fi\/wp-content\/uploads\/2024\/04\/sel-lakkovahdit-14-kuntonen-kuva-antti-yrjonen.jpg\",\"datePublished\":\"2025-01-31T21:53:45+00:00\",\"dateModified\":\"2025-02-05T09:23:31+00:00\",\"breadcrumb\":{\"@id\":\"https:\/\/www.selry.fi\/sv\/nyheter\/vad-innebar-den-avtalsfria-statusen-som-borjar-pa-livsmedelsindustrins-arbetsplatser\/#breadcrumb\"},\"inLanguage\":\"sv-SE\",\"potentialAction\":[{\"@type\":\"ReadAction\",\"target\":[\"https:\/\/www.selry.fi\/sv\/nyheter\/vad-innebar-den-avtalsfria-statusen-som-borjar-pa-livsmedelsindustrins-arbetsplatser\/\"]}]},{\"@type\":\"ImageObject\",\"inLanguage\":\"sv-SE\",\"@id\":\"https:\/\/www.selry.fi\/sv\/nyheter\/vad-innebar-den-avtalsfria-statusen-som-borjar-pa-livsmedelsindustrins-arbetsplatser\/#primaryimage\",\"url\":\"https:\/\/www.selry.fi\/wp-content\/uploads\/2024\/04\/sel-lakkovahdit-14-kuntonen-kuva-antti-yrjonen.jpg\",\"contentUrl\":\"https:\/\/www.selry.fi\/wp-content\/uploads\/2024\/04\/sel-lakkovahdit-14-kuntonen-kuva-antti-yrjonen.jpg\",\"width\":1920,\"height\":1280,\"caption\":\"SEL:n puheenjohtaja Veli-Matti Kuntonen tapasi lakkovahteja HKScanin porteilla Vantaalla 2.2.2024.\"},{\"@type\":\"BreadcrumbList\",\"@id\":\"https:\/\/www.selry.fi\/sv\/nyheter\/vad-innebar-den-avtalsfria-statusen-som-borjar-pa-livsmedelsindustrins-arbetsplatser\/#breadcrumb\",\"itemListElement\":[{\"@type\":\"ListItem\",\"position\":1,\"name\":\"Home\",\"item\":\"https:\/\/www.selry.fi\/sv\/\"},{\"@type\":\"ListItem\",\"position\":2,\"name\":\"Vad inneb\u00e4r det avtalsl\u00f6st tillst\u00e5nd som b\u00f6rjar p\u00e5 livsmedelsindustrins arbetsplatser?\"}]},{\"@type\":\"WebSite\",\"@id\":\"https:\/\/www.selry.fi\/#website\",\"url\":\"https:\/\/www.selry.fi\/\",\"name\":\"Suomen Elintarvikety\u00f6l\u00e4isten Liitto SEL\",\"description\":\"\",\"publisher\":{\"@id\":\"https:\/\/www.selry.fi\/#organization\"},\"inLanguage\":\"sv-SE\"},{\"@type\":\"Organization\",\"@id\":\"https:\/\/www.selry.fi\/#organization\",\"name\":\"Suomen Elintarvikety\u00f6l\u00e4isten Liitto SEL\",\"url\":\"https:\/\/www.selry.fi\/\",\"logo\":{\"@type\":\"ImageObject\",\"inLanguage\":\"sv-SE\",\"@id\":\"https:\/\/www.selry.fi\/#\/schema\/logo\/image\/\",\"url\":\"https:\/\/www.selry.fi\/wp-content\/uploads\/2021\/05\/logo-sel.svg\",\"contentUrl\":\"https:\/\/www.selry.fi\/wp-content\/uploads\/2021\/05\/logo-sel.svg\",\"width\":453,\"height\":135,\"caption\":\"Suomen Elintarvikety\u00f6l\u00e4isten Liitto SEL\"},\"image\":{\"@id\":\"https:\/\/www.selry.fi\/#\/schema\/logo\/image\/\"},\"sameAs\":[\"https:\/\/www.facebook.com\/selry\",\"https:\/\/x.com\/selryfi\"]},{\"@type\":\"Person\",\"@id\":\"https:\/\/www.selry.fi\/#\/schema\/person\/4fb0b52ed84c524f0beea95625a21678\",\"name\":\"Karoliina \u00d6ystil\u00e4\",\"image\":{\"@type\":\"ImageObject\",\"inLanguage\":\"sv-SE\",\"@id\":\"https:\/\/secure.gravatar.com\/avatar\/8dcb857776c4317075ba571fdc81a06a1f240302e468800d69bf316ef82ac4cd?s=96&d=mm&r=g\",\"url\":\"https:\/\/secure.gravatar.com\/avatar\/8dcb857776c4317075ba571fdc81a06a1f240302e468800d69bf316ef82ac4cd?s=96&d=mm&r=g\",\"contentUrl\":\"https:\/\/secure.gravatar.com\/avatar\/8dcb857776c4317075ba571fdc81a06a1f240302e468800d69bf316ef82ac4cd?s=96&d=mm&r=g\",\"caption\":\"Karoliina \u00d6ystil\u00e4\"}}]}<\/script>\n<!-- \/ Yoast SEO plugin. -->","yoast_head_json":{"title":"Vad inneb\u00e4r det avtalsl\u00f6st tillst\u00e5nd som b\u00f6rjar p\u00e5 livsmedelsindustrins arbetsplatser?","robots":{"index":"index","follow":"follow","max-snippet":"max-snippet:-1","max-image-preview":"max-image-preview:large","max-video-preview":"max-video-preview:-1"},"canonical":"https:\/\/www.selry.fi\/sv\/nyheter\/vad-innebar-den-avtalsfria-statusen-som-borjar-pa-livsmedelsindustrins-arbetsplatser\/","og_locale":"sv_SE","og_type":"article","og_title":"Vad inneb\u00e4r det avtalsl\u00f6st tillst\u00e5nd som b\u00f6rjar p\u00e5 livsmedelsindustrins arbetsplatser?","og_description":"P\u00e5 livsmedelsindustrin arbetsplatser inleds ett avtalsl\u00f6st tillst\u00e5nd den 1 februari 2025, d\u00e5 de anst\u00e4lldas kollektivavtal inte l\u00e4ngre g\u00e4ller. Alla kollektivavtal [\u2026] Lue lis\u00e4\u00e4 &raquo;","og_url":"https:\/\/www.selry.fi\/sv\/nyheter\/vad-innebar-den-avtalsfria-statusen-som-borjar-pa-livsmedelsindustrins-arbetsplatser\/","og_site_name":"Suomen Elintarvikety\u00f6l\u00e4isten Liitto SEL","article_publisher":"https:\/\/www.facebook.com\/selry","article_published_time":"2025-01-31T21:53:45+00:00","article_modified_time":"2025-02-05T09:23:31+00:00","og_image":[{"width":1920,"height":1280,"url":"https:\/\/www.selry.fi\/wp-content\/uploads\/2024\/04\/sel-lakkovahdit-14-kuntonen-kuva-antti-yrjonen.jpg","type":"image\/jpeg"}],"author":"Karoliina \u00d6ystil\u00e4","twitter_card":"summary_large_image","twitter_creator":"@selryfi","twitter_site":"@selryfi","schema":{"@context":"https:\/\/schema.org","@graph":[{"@type":"Article","@id":"https:\/\/www.selry.fi\/sv\/nyheter\/vad-innebar-den-avtalsfria-statusen-som-borjar-pa-livsmedelsindustrins-arbetsplatser\/#article","isPartOf":{"@id":"https:\/\/www.selry.fi\/sv\/nyheter\/vad-innebar-den-avtalsfria-statusen-som-borjar-pa-livsmedelsindustrins-arbetsplatser\/"},"author":{"name":"Karoliina \u00d6ystil\u00e4","@id":"https:\/\/www.selry.fi\/#\/schema\/person\/4fb0b52ed84c524f0beea95625a21678"},"headline":"Vad inneb\u00e4r det avtalsl\u00f6st tillst\u00e5nd som b\u00f6rjar p\u00e5 livsmedelsindustrins arbetsplatser?","datePublished":"2025-01-31T21:53:45+00:00","dateModified":"2025-02-05T09:23:31+00:00","mainEntityOfPage":{"@id":"https:\/\/www.selry.fi\/sv\/nyheter\/vad-innebar-den-avtalsfria-statusen-som-borjar-pa-livsmedelsindustrins-arbetsplatser\/"},"wordCount":281,"publisher":{"@id":"https:\/\/www.selry.fi\/#organization"},"image":{"@id":"https:\/\/www.selry.fi\/sv\/nyheter\/vad-innebar-den-avtalsfria-statusen-som-borjar-pa-livsmedelsindustrins-arbetsplatser\/#primaryimage"},"thumbnailUrl":"https:\/\/www.selry.fi\/wp-content\/uploads\/2024\/04\/sel-lakkovahdit-14-kuntonen-kuva-antti-yrjonen.jpg","articleSection":["Nyheter"],"inLanguage":"sv-SE"},{"@type":"WebPage","@id":"https:\/\/www.selry.fi\/sv\/nyheter\/vad-innebar-den-avtalsfria-statusen-som-borjar-pa-livsmedelsindustrins-arbetsplatser\/","url":"https:\/\/www.selry.fi\/sv\/nyheter\/vad-innebar-den-avtalsfria-statusen-som-borjar-pa-livsmedelsindustrins-arbetsplatser\/","name":"Vad inneb\u00e4r det avtalsl\u00f6st tillst\u00e5nd som b\u00f6rjar p\u00e5 livsmedelsindustrins arbetsplatser?","isPartOf":{"@id":"https:\/\/www.selry.fi\/#website"},"primaryImageOfPage":{"@id":"https:\/\/www.selry.fi\/sv\/nyheter\/vad-innebar-den-avtalsfria-statusen-som-borjar-pa-livsmedelsindustrins-arbetsplatser\/#primaryimage"},"image":{"@id":"https:\/\/www.selry.fi\/sv\/nyheter\/vad-innebar-den-avtalsfria-statusen-som-borjar-pa-livsmedelsindustrins-arbetsplatser\/#primaryimage"},"thumbnailUrl":"https:\/\/www.selry.fi\/wp-content\/uploads\/2024\/04\/sel-lakkovahdit-14-kuntonen-kuva-antti-yrjonen.jpg","datePublished":"2025-01-31T21:53:45+00:00","dateModified":"2025-02-05T09:23:31+00:00","breadcrumb":{"@id":"https:\/\/www.selry.fi\/sv\/nyheter\/vad-innebar-den-avtalsfria-statusen-som-borjar-pa-livsmedelsindustrins-arbetsplatser\/#breadcrumb"},"inLanguage":"sv-SE","potentialAction":[{"@type":"ReadAction","target":["https:\/\/www.selry.fi\/sv\/nyheter\/vad-innebar-den-avtalsfria-statusen-som-borjar-pa-livsmedelsindustrins-arbetsplatser\/"]}]},{"@type":"ImageObject","inLanguage":"sv-SE","@id":"https:\/\/www.selry.fi\/sv\/nyheter\/vad-innebar-den-avtalsfria-statusen-som-borjar-pa-livsmedelsindustrins-arbetsplatser\/#primaryimage","url":"https:\/\/www.selry.fi\/wp-content\/uploads\/2024\/04\/sel-lakkovahdit-14-kuntonen-kuva-antti-yrjonen.jpg","contentUrl":"https:\/\/www.selry.fi\/wp-content\/uploads\/2024\/04\/sel-lakkovahdit-14-kuntonen-kuva-antti-yrjonen.jpg","width":1920,"height":1280,"caption":"SEL:n puheenjohtaja Veli-Matti Kuntonen tapasi lakkovahteja HKScanin porteilla Vantaalla 2.2.2024."},{"@type":"BreadcrumbList","@id":"https:\/\/www.selry.fi\/sv\/nyheter\/vad-innebar-den-avtalsfria-statusen-som-borjar-pa-livsmedelsindustrins-arbetsplatser\/#breadcrumb","itemListElement":[{"@type":"ListItem","position":1,"name":"Home","item":"https:\/\/www.selry.fi\/sv\/"},{"@type":"ListItem","position":2,"name":"Vad inneb\u00e4r det avtalsl\u00f6st tillst\u00e5nd som b\u00f6rjar p\u00e5 livsmedelsindustrins arbetsplatser?"}]},{"@type":"WebSite","@id":"https:\/\/www.selry.fi\/#website","url":"https:\/\/www.selry.fi\/","name":"Suomen Elintarvikety\u00f6l\u00e4isten Liitto SEL","description":"","publisher":{"@id":"https:\/\/www.selry.fi\/#organization"},"inLanguage":"sv-SE"},{"@type":"Organization","@id":"https:\/\/www.selry.fi\/#organization","name":"Suomen Elintarvikety\u00f6l\u00e4isten Liitto SEL","url":"https:\/\/www.selry.fi\/","logo":{"@type":"ImageObject","inLanguage":"sv-SE","@id":"https:\/\/www.selry.fi\/#\/schema\/logo\/image\/","url":"https:\/\/www.selry.fi\/wp-content\/uploads\/2021\/05\/logo-sel.svg","contentUrl":"https:\/\/www.selry.fi\/wp-content\/uploads\/2021\/05\/logo-sel.svg","width":453,"height":135,"caption":"Suomen Elintarvikety\u00f6l\u00e4isten Liitto SEL"},"image":{"@id":"https:\/\/www.selry.fi\/#\/schema\/logo\/image\/"},"sameAs":["https:\/\/www.facebook.com\/selry","https:\/\/x.com\/selryfi"]},{"@type":"Person","@id":"https:\/\/www.selry.fi\/#\/schema\/person\/4fb0b52ed84c524f0beea95625a21678","name":"Karoliina \u00d6ystil\u00e4","image":{"@type":"ImageObject","inLanguage":"sv-SE","@id":"https:\/\/secure.gravatar.com\/avatar\/8dcb857776c4317075ba571fdc81a06a1f240302e468800d69bf316ef82ac4cd?s=96&d=mm&r=g","url":"https:\/\/secure.gravatar.com\/avatar\/8dcb857776c4317075ba571fdc81a06a1f240302e468800d69bf316ef82ac4cd?s=96&d=mm&r=g","contentUrl":"https:\/\/secure.gravatar.com\/avatar\/8dcb857776c4317075ba571fdc81a06a1f240302e468800d69bf316ef82ac4cd?s=96&d=mm&r=g","caption":"Karoliina \u00d6ystil\u00e4"}}]}},"_links":{"self":[{"href":"https:\/\/www.selry.fi\/sv\/wp-json\/wp\/v2\/posts\/17645","targetHints":{"allow":["GET"]}}],"collection":[{"href":"https:\/\/www.selry.fi\/sv\/wp-json\/wp\/v2\/posts"}],"about":[{"href":"https:\/\/www.selry.fi\/sv\/wp-json\/wp\/v2\/types\/post"}],"author":[{"embeddable":true,"href":"https:\/\/www.selry.fi\/sv\/wp-json\/wp\/v2\/users\/4"}],"replies":[{"embeddable":true,"href":"https:\/\/www.selry.fi\/sv\/wp-json\/wp\/v2\/comments?post=17645"}],"version-history":[{"count":0,"href":"https:\/\/www.selry.fi\/sv\/wp-json\/wp\/v2\/posts\/17645\/revisions"}],"wp:featuredmedia":[{"embeddable":true,"href":"https:\/\/www.selry.fi\/sv\/wp-json\/wp\/v2\/media\/15099"}],"wp:attachment":[{"href":"https:\/\/www.selry.fi\/sv\/wp-json\/wp\/v2\/media?parent=17645"}],"wp:term":[{"taxonomy":"category","embeddable":true,"href":"https:\/\/www.selry.fi\/sv\/wp-json\/wp\/v2\/categories?post=17645"},{"taxonomy":"post_tag","embeddable":true,"href":"https:\/\/www.selry.fi\/sv\/wp-json\/wp\/v2\/tags?post=17645"}],"curies":[{"name":"wp","href":"https:\/\/api.w.org\/{rel}","templated":true}]}}