{"id":17002,"date":"2024-12-09T00:01:00","date_gmt":"2024-12-08T22:01:00","guid":{"rendered":"https:\/\/www.selry.fi\/?p=17002"},"modified":"2024-12-08T18:47:44","modified_gmt":"2024-12-08T16:47:44","slug":"arbetstagarnas-tur","status":"publish","type":"post","link":"https:\/\/www.selry.fi\/sv\/blogg\/arbetstagarnas-tur\/","title":{"rendered":"Arbetstagarnas tur"},"content":{"rendered":"\n<p>Industrif\u00f6rbundet som \u00f6ppnade f\u00f6rhandlingarna i kollektivavtalsrundan tvingades i december att g\u00e5 ut i strejk, d\u00e5 man i f\u00f6rhandlingarna om nya kollektivavtal f\u00f6r arbetstagarna i teknologiindustrin inte kunde komma \u00f6verens med arbetsgivarsidan. Parterna har ocks\u00e5 s\u00f6kt en l\u00f6sning p\u00e5 riksf\u00f6rlikningsmannens byr\u00e5, men hittills utan att n\u00e5 n\u00e5got resultat.<\/p>\n\n\n\n<p>Under de tv\u00e5 f\u00f6rsta veckorna i december omfattas \u00f6ver 33 000 arbetstagare p\u00e5 \u00f6ver 430 arbetsplatser av <a href=\"https:\/\/www.teollisuusliitto.fi\/sv\/arbetsliv\/strejk\/\" target=\"_blank\" rel=\"noreferrer noopener\">Industrif\u00f6rbundets strejk<\/a>. De strejkande i Industrif\u00f6rbundet beh\u00f6ver och f\u00f6rtj\u00e4nar ett oreserverat st\u00f6d av alla oss andra arbetstagare. Trots att alla f\u00f6rbund f\u00f6rhandlar om sina egna kollektivavtal har arbetstagarnas kollektivavtalsl\u00f6sning i Industrif\u00f6rbundet en stor betydelse ocks\u00e5 f\u00f6r de kommande l\u00f6sningarna i andra f\u00f6rbund. Det \u00e4r viktigt f\u00f6r oss alla, att f\u00f6rhandlingsrundans f\u00f6rsta avtal blir ett ur arbetstagarnas synvinkel s\u00e5 bra avtal som m\u00f6jligt.<\/p>\n\n\n\n<p>Sju FFC-anslutna fackf\u00f6rbunden, inklusive SEL meddelade i november att man str\u00e4var efter en l\u00f6ne\u00f6kning p\u00e5 sammanlagt 10 procent under de f\u00f6ljande tv\u00e5 \u00e5ren. Finlands n\u00e4ringsliv EK:s verkst\u00e4llande direkt\u00f6r Jyri H\u00e4k\u00e4mies sade i medierna att f\u00f6rbundens l\u00f6nef\u00f6rh\u00f6jningskrav \u00e4r \u201dabsurda\u201d och \u201df\u00f6rbluffande\u201d. Verkst\u00e4llande direkt\u00f6ren f\u00f6r Finlands f\u00f6retagare Mikael Pentik\u00e4inen ans\u00e5g att kraven \u201dinte var fr\u00e5n denna v\u00e4rlden\u201d.<\/p>\n\n\n\n<p>De h\u00e4r reaktionerna \u00f6verraskar knappast n\u00e5gon. Enligt arbetsgivarsidan har man aldrig r\u00e5d med n\u00e5gra l\u00f6nef\u00f6rh\u00f6jningar. Men faktum \u00e4r emellertid, att den h\u00f6ga inflationen under senare \u00e5r i kombination med moderata l\u00f6nef\u00f6rh\u00f6jningar kraftigt har s\u00e4nkt de finl\u00e4ndska arbetstagarnas k\u00f6pkraft. Arbetstagarna beh\u00f6ver och f\u00f6rtj\u00e4nar nu rej\u00e4la l\u00f6nef\u00f6rh\u00f6jningar f\u00f6r att vi ska komma upp ur k\u00f6pkraftsgropen.<\/p>\n\n\n\n<p>Arbetstagarnas l\u00f6nef\u00f6rh\u00f6jningskrav p\u00e5 10 procent kommer inte fr\u00e5n en annan v\u00e4rld, utan baserar sig p\u00e5 den verklighet som vanliga m\u00e4nniskor lever i. Industrif\u00f6rbundet har redan slutit f\u00f6retagsvisa avtal d\u00e4r l\u00f6nef\u00f6rh\u00f6jningarna under de kommande tv\u00e5 \u00e5ren ligger mellan 7\u20139 procent. Arbetsgivarna och Finlands konkurrenskraft klarar nog l\u00f6nef\u00f6rh\u00f6jningar p\u00e5 10 procent. Nu \u00e4r det arbetstagarnas tur att f\u00e5 l\u00f6nef\u00f6rh\u00f6jningar som k\u00e4nns i pl\u00e5nboken.<\/p>\n\n\n\n<p><em>Karoliina \u00d6ystil\u00e4<\/em><br><em>SEL:s kommunikationschef, chefredakt\u00f6r<\/em><\/p>\n\n\n\n<p><em>Texten publiceras som ledare i Elintae 8\/2024 (13.12.2024).<\/em><\/p>\n","protected":false},"excerpt":{"rendered":"<p>Industrif\u00f6rbundet som \u00f6ppnade f\u00f6rhandlingarna i kollektivavtalsrundan tvingades i december att g\u00e5 ut i strejk, d\u00e5 man i f\u00f6rhandlingarna om nya [\u2026] <a href=\"https:\/\/www.selry.fi\/sv\/blogg\/arbetstagarnas-tur\/\">Lue lis\u00e4\u00e4 &raquo;<\/a><\/p>\n","protected":false},"author":4,"featured_media":10993,"comment_status":"closed","ping_status":"closed","sticky":false,"template":"","format":"standard","meta":{"_acf_changed":false,"footnotes":""},"categories":[64],"tags":[],"class_list":["post-17002","post","type-post","status-publish","format-standard","has-post-thumbnail","hentry","category-blogg"],"acf":[],"yoast_head":"<!-- This site is optimized with the Yoast SEO plugin v27.2 - https:\/\/yoast.com\/product\/yoast-seo-wordpress\/ -->\n<title>Arbetstagarnas tur<\/title>\n<meta name=\"robots\" content=\"index, follow, max-snippet:-1, max-image-preview:large, max-video-preview:-1\" \/>\n<link rel=\"canonical\" href=\"https:\/\/www.selry.fi\/sv\/blogg\/arbetstagarnas-tur\/\" \/>\n<meta property=\"og:locale\" content=\"sv_SE\" \/>\n<meta property=\"og:type\" content=\"article\" \/>\n<meta property=\"og:title\" content=\"Arbetstagarnas tur\" \/>\n<meta property=\"og:description\" content=\"Industrif\u00f6rbundet som \u00f6ppnade f\u00f6rhandlingarna i kollektivavtalsrundan tvingades i december att g\u00e5 ut i strejk, d\u00e5 man i f\u00f6rhandlingarna om nya [\u2026] Lue lis\u00e4\u00e4 &raquo;\" \/>\n<meta property=\"og:url\" content=\"https:\/\/www.selry.fi\/sv\/blogg\/arbetstagarnas-tur\/\" \/>\n<meta property=\"og:site_name\" content=\"Suomen Elintarvikety\u00f6l\u00e4isten Liitto SEL\" \/>\n<meta property=\"article:publisher\" content=\"https:\/\/www.facebook.com\/selry\" \/>\n<meta property=\"article:published_time\" content=\"2024-12-08T22:01:00+00:00\" \/>\n<meta property=\"og:image\" content=\"https:\/\/www.selry.fi\/wp-content\/uploads\/2023\/02\/karoliina-oystila-blogi.jpg\" \/>\n\t<meta property=\"og:image:width\" content=\"1536\" \/>\n\t<meta property=\"og:image:height\" content=\"1081\" \/>\n\t<meta property=\"og:image:type\" content=\"image\/jpeg\" \/>\n<meta name=\"author\" content=\"Karoliina \u00d6ystil\u00e4\" \/>\n<meta name=\"twitter:card\" content=\"summary_large_image\" \/>\n<meta name=\"twitter:creator\" content=\"@selryfi\" \/>\n<meta name=\"twitter:site\" content=\"@selryfi\" \/>\n<script type=\"application\/ld+json\" class=\"yoast-schema-graph\">{\"@context\":\"https:\/\/schema.org\",\"@graph\":[{\"@type\":\"Article\",\"@id\":\"https:\/\/www.selry.fi\/sv\/blogg\/arbetstagarnas-tur\/#article\",\"isPartOf\":{\"@id\":\"https:\/\/www.selry.fi\/sv\/blogg\/arbetstagarnas-tur\/\"},\"author\":{\"name\":\"Karoliina \u00d6ystil\u00e4\",\"@id\":\"https:\/\/www.selry.fi\/#\/schema\/person\/4fb0b52ed84c524f0beea95625a21678\"},\"headline\":\"Arbetstagarnas tur\",\"datePublished\":\"2024-12-08T22:01:00+00:00\",\"mainEntityOfPage\":{\"@id\":\"https:\/\/www.selry.fi\/sv\/blogg\/arbetstagarnas-tur\/\"},\"wordCount\":396,\"publisher\":{\"@id\":\"https:\/\/www.selry.fi\/#organization\"},\"image\":{\"@id\":\"https:\/\/www.selry.fi\/sv\/blogg\/arbetstagarnas-tur\/#primaryimage\"},\"thumbnailUrl\":\"https:\/\/www.selry.fi\/wp-content\/uploads\/2023\/02\/karoliina-oystila-blogi.jpg\",\"articleSection\":[\"Blogg\"],\"inLanguage\":\"sv-SE\"},{\"@type\":\"WebPage\",\"@id\":\"https:\/\/www.selry.fi\/sv\/blogg\/arbetstagarnas-tur\/\",\"url\":\"https:\/\/www.selry.fi\/sv\/blogg\/arbetstagarnas-tur\/\",\"name\":\"Arbetstagarnas tur\",\"isPartOf\":{\"@id\":\"https:\/\/www.selry.fi\/#website\"},\"primaryImageOfPage\":{\"@id\":\"https:\/\/www.selry.fi\/sv\/blogg\/arbetstagarnas-tur\/#primaryimage\"},\"image\":{\"@id\":\"https:\/\/www.selry.fi\/sv\/blogg\/arbetstagarnas-tur\/#primaryimage\"},\"thumbnailUrl\":\"https:\/\/www.selry.fi\/wp-content\/uploads\/2023\/02\/karoliina-oystila-blogi.jpg\",\"datePublished\":\"2024-12-08T22:01:00+00:00\",\"breadcrumb\":{\"@id\":\"https:\/\/www.selry.fi\/sv\/blogg\/arbetstagarnas-tur\/#breadcrumb\"},\"inLanguage\":\"sv-SE\",\"potentialAction\":[{\"@type\":\"ReadAction\",\"target\":[\"https:\/\/www.selry.fi\/sv\/blogg\/arbetstagarnas-tur\/\"]}]},{\"@type\":\"ImageObject\",\"inLanguage\":\"sv-SE\",\"@id\":\"https:\/\/www.selry.fi\/sv\/blogg\/arbetstagarnas-tur\/#primaryimage\",\"url\":\"https:\/\/www.selry.fi\/wp-content\/uploads\/2023\/02\/karoliina-oystila-blogi.jpg\",\"contentUrl\":\"https:\/\/www.selry.fi\/wp-content\/uploads\/2023\/02\/karoliina-oystila-blogi.jpg\",\"width\":1536,\"height\":1081},{\"@type\":\"BreadcrumbList\",\"@id\":\"https:\/\/www.selry.fi\/sv\/blogg\/arbetstagarnas-tur\/#breadcrumb\",\"itemListElement\":[{\"@type\":\"ListItem\",\"position\":1,\"name\":\"Home\",\"item\":\"https:\/\/www.selry.fi\/sv\/\"},{\"@type\":\"ListItem\",\"position\":2,\"name\":\"Arbetstagarnas tur\"}]},{\"@type\":\"WebSite\",\"@id\":\"https:\/\/www.selry.fi\/#website\",\"url\":\"https:\/\/www.selry.fi\/\",\"name\":\"Suomen Elintarvikety\u00f6l\u00e4isten Liitto SEL\",\"description\":\"\",\"publisher\":{\"@id\":\"https:\/\/www.selry.fi\/#organization\"},\"inLanguage\":\"sv-SE\"},{\"@type\":\"Organization\",\"@id\":\"https:\/\/www.selry.fi\/#organization\",\"name\":\"Suomen Elintarvikety\u00f6l\u00e4isten Liitto SEL\",\"url\":\"https:\/\/www.selry.fi\/\",\"logo\":{\"@type\":\"ImageObject\",\"inLanguage\":\"sv-SE\",\"@id\":\"https:\/\/www.selry.fi\/#\/schema\/logo\/image\/\",\"url\":\"https:\/\/www.selry.fi\/wp-content\/uploads\/2021\/05\/logo-sel.svg\",\"contentUrl\":\"https:\/\/www.selry.fi\/wp-content\/uploads\/2021\/05\/logo-sel.svg\",\"width\":453,\"height\":135,\"caption\":\"Suomen Elintarvikety\u00f6l\u00e4isten Liitto SEL\"},\"image\":{\"@id\":\"https:\/\/www.selry.fi\/#\/schema\/logo\/image\/\"},\"sameAs\":[\"https:\/\/www.facebook.com\/selry\",\"https:\/\/x.com\/selryfi\"]},{\"@type\":\"Person\",\"@id\":\"https:\/\/www.selry.fi\/#\/schema\/person\/4fb0b52ed84c524f0beea95625a21678\",\"name\":\"Karoliina \u00d6ystil\u00e4\",\"image\":{\"@type\":\"ImageObject\",\"inLanguage\":\"sv-SE\",\"@id\":\"https:\/\/secure.gravatar.com\/avatar\/8dcb857776c4317075ba571fdc81a06a1f240302e468800d69bf316ef82ac4cd?s=96&d=mm&r=g\",\"url\":\"https:\/\/secure.gravatar.com\/avatar\/8dcb857776c4317075ba571fdc81a06a1f240302e468800d69bf316ef82ac4cd?s=96&d=mm&r=g\",\"contentUrl\":\"https:\/\/secure.gravatar.com\/avatar\/8dcb857776c4317075ba571fdc81a06a1f240302e468800d69bf316ef82ac4cd?s=96&d=mm&r=g\",\"caption\":\"Karoliina \u00d6ystil\u00e4\"}}]}<\/script>\n<!-- \/ Yoast SEO plugin. -->","yoast_head_json":{"title":"Arbetstagarnas tur","robots":{"index":"index","follow":"follow","max-snippet":"max-snippet:-1","max-image-preview":"max-image-preview:large","max-video-preview":"max-video-preview:-1"},"canonical":"https:\/\/www.selry.fi\/sv\/blogg\/arbetstagarnas-tur\/","og_locale":"sv_SE","og_type":"article","og_title":"Arbetstagarnas tur","og_description":"Industrif\u00f6rbundet som \u00f6ppnade f\u00f6rhandlingarna i kollektivavtalsrundan tvingades i december att g\u00e5 ut i strejk, d\u00e5 man i f\u00f6rhandlingarna om nya [\u2026] Lue lis\u00e4\u00e4 &raquo;","og_url":"https:\/\/www.selry.fi\/sv\/blogg\/arbetstagarnas-tur\/","og_site_name":"Suomen Elintarvikety\u00f6l\u00e4isten Liitto SEL","article_publisher":"https:\/\/www.facebook.com\/selry","article_published_time":"2024-12-08T22:01:00+00:00","og_image":[{"width":1536,"height":1081,"url":"https:\/\/www.selry.fi\/wp-content\/uploads\/2023\/02\/karoliina-oystila-blogi.jpg","type":"image\/jpeg"}],"author":"Karoliina \u00d6ystil\u00e4","twitter_card":"summary_large_image","twitter_creator":"@selryfi","twitter_site":"@selryfi","schema":{"@context":"https:\/\/schema.org","@graph":[{"@type":"Article","@id":"https:\/\/www.selry.fi\/sv\/blogg\/arbetstagarnas-tur\/#article","isPartOf":{"@id":"https:\/\/www.selry.fi\/sv\/blogg\/arbetstagarnas-tur\/"},"author":{"name":"Karoliina \u00d6ystil\u00e4","@id":"https:\/\/www.selry.fi\/#\/schema\/person\/4fb0b52ed84c524f0beea95625a21678"},"headline":"Arbetstagarnas tur","datePublished":"2024-12-08T22:01:00+00:00","mainEntityOfPage":{"@id":"https:\/\/www.selry.fi\/sv\/blogg\/arbetstagarnas-tur\/"},"wordCount":396,"publisher":{"@id":"https:\/\/www.selry.fi\/#organization"},"image":{"@id":"https:\/\/www.selry.fi\/sv\/blogg\/arbetstagarnas-tur\/#primaryimage"},"thumbnailUrl":"https:\/\/www.selry.fi\/wp-content\/uploads\/2023\/02\/karoliina-oystila-blogi.jpg","articleSection":["Blogg"],"inLanguage":"sv-SE"},{"@type":"WebPage","@id":"https:\/\/www.selry.fi\/sv\/blogg\/arbetstagarnas-tur\/","url":"https:\/\/www.selry.fi\/sv\/blogg\/arbetstagarnas-tur\/","name":"Arbetstagarnas tur","isPartOf":{"@id":"https:\/\/www.selry.fi\/#website"},"primaryImageOfPage":{"@id":"https:\/\/www.selry.fi\/sv\/blogg\/arbetstagarnas-tur\/#primaryimage"},"image":{"@id":"https:\/\/www.selry.fi\/sv\/blogg\/arbetstagarnas-tur\/#primaryimage"},"thumbnailUrl":"https:\/\/www.selry.fi\/wp-content\/uploads\/2023\/02\/karoliina-oystila-blogi.jpg","datePublished":"2024-12-08T22:01:00+00:00","breadcrumb":{"@id":"https:\/\/www.selry.fi\/sv\/blogg\/arbetstagarnas-tur\/#breadcrumb"},"inLanguage":"sv-SE","potentialAction":[{"@type":"ReadAction","target":["https:\/\/www.selry.fi\/sv\/blogg\/arbetstagarnas-tur\/"]}]},{"@type":"ImageObject","inLanguage":"sv-SE","@id":"https:\/\/www.selry.fi\/sv\/blogg\/arbetstagarnas-tur\/#primaryimage","url":"https:\/\/www.selry.fi\/wp-content\/uploads\/2023\/02\/karoliina-oystila-blogi.jpg","contentUrl":"https:\/\/www.selry.fi\/wp-content\/uploads\/2023\/02\/karoliina-oystila-blogi.jpg","width":1536,"height":1081},{"@type":"BreadcrumbList","@id":"https:\/\/www.selry.fi\/sv\/blogg\/arbetstagarnas-tur\/#breadcrumb","itemListElement":[{"@type":"ListItem","position":1,"name":"Home","item":"https:\/\/www.selry.fi\/sv\/"},{"@type":"ListItem","position":2,"name":"Arbetstagarnas tur"}]},{"@type":"WebSite","@id":"https:\/\/www.selry.fi\/#website","url":"https:\/\/www.selry.fi\/","name":"Suomen Elintarvikety\u00f6l\u00e4isten Liitto SEL","description":"","publisher":{"@id":"https:\/\/www.selry.fi\/#organization"},"inLanguage":"sv-SE"},{"@type":"Organization","@id":"https:\/\/www.selry.fi\/#organization","name":"Suomen Elintarvikety\u00f6l\u00e4isten Liitto SEL","url":"https:\/\/www.selry.fi\/","logo":{"@type":"ImageObject","inLanguage":"sv-SE","@id":"https:\/\/www.selry.fi\/#\/schema\/logo\/image\/","url":"https:\/\/www.selry.fi\/wp-content\/uploads\/2021\/05\/logo-sel.svg","contentUrl":"https:\/\/www.selry.fi\/wp-content\/uploads\/2021\/05\/logo-sel.svg","width":453,"height":135,"caption":"Suomen Elintarvikety\u00f6l\u00e4isten Liitto SEL"},"image":{"@id":"https:\/\/www.selry.fi\/#\/schema\/logo\/image\/"},"sameAs":["https:\/\/www.facebook.com\/selry","https:\/\/x.com\/selryfi"]},{"@type":"Person","@id":"https:\/\/www.selry.fi\/#\/schema\/person\/4fb0b52ed84c524f0beea95625a21678","name":"Karoliina \u00d6ystil\u00e4","image":{"@type":"ImageObject","inLanguage":"sv-SE","@id":"https:\/\/secure.gravatar.com\/avatar\/8dcb857776c4317075ba571fdc81a06a1f240302e468800d69bf316ef82ac4cd?s=96&d=mm&r=g","url":"https:\/\/secure.gravatar.com\/avatar\/8dcb857776c4317075ba571fdc81a06a1f240302e468800d69bf316ef82ac4cd?s=96&d=mm&r=g","contentUrl":"https:\/\/secure.gravatar.com\/avatar\/8dcb857776c4317075ba571fdc81a06a1f240302e468800d69bf316ef82ac4cd?s=96&d=mm&r=g","caption":"Karoliina \u00d6ystil\u00e4"}}]}},"_links":{"self":[{"href":"https:\/\/www.selry.fi\/sv\/wp-json\/wp\/v2\/posts\/17002","targetHints":{"allow":["GET"]}}],"collection":[{"href":"https:\/\/www.selry.fi\/sv\/wp-json\/wp\/v2\/posts"}],"about":[{"href":"https:\/\/www.selry.fi\/sv\/wp-json\/wp\/v2\/types\/post"}],"author":[{"embeddable":true,"href":"https:\/\/www.selry.fi\/sv\/wp-json\/wp\/v2\/users\/4"}],"replies":[{"embeddable":true,"href":"https:\/\/www.selry.fi\/sv\/wp-json\/wp\/v2\/comments?post=17002"}],"version-history":[{"count":0,"href":"https:\/\/www.selry.fi\/sv\/wp-json\/wp\/v2\/posts\/17002\/revisions"}],"wp:featuredmedia":[{"embeddable":true,"href":"https:\/\/www.selry.fi\/sv\/wp-json\/wp\/v2\/media\/10993"}],"wp:attachment":[{"href":"https:\/\/www.selry.fi\/sv\/wp-json\/wp\/v2\/media?parent=17002"}],"wp:term":[{"taxonomy":"category","embeddable":true,"href":"https:\/\/www.selry.fi\/sv\/wp-json\/wp\/v2\/categories?post=17002"},{"taxonomy":"post_tag","embeddable":true,"href":"https:\/\/www.selry.fi\/sv\/wp-json\/wp\/v2\/tags?post=17002"}],"curies":[{"name":"wp","href":"https:\/\/api.w.org\/{rel}","templated":true}]}}