{"id":16984,"date":"2024-12-02T19:30:00","date_gmt":"2024-12-02T17:30:00","guid":{"rendered":"https:\/\/www.selry.fi\/?p=16984"},"modified":"2024-12-03T16:33:35","modified_gmt":"2024-12-03T14:33:35","slug":"ett-ar-av-recession","status":"publish","type":"post","link":"https:\/\/www.selry.fi\/sv\/blogg\/ett-ar-av-recession\/","title":{"rendered":"Ett \u00e5r av recession"},"content":{"rendered":"\n<p>\u00c5r 2024 som snart \u00e4r till \u00e4nda kan beskrivas som ett \u00e5r av recession f\u00f6r det finl\u00e4ndska arbetslivet. Det s\u00e4tt p\u00e5 vilket regeringen Orpo har f\u00f6rsvagat arbetstagarnas r\u00e4ttigheter och arbetsvillkor samt socialskydd saknar motstycke i Finlands efterkrigstida historia.<\/p>\n\n\n\n<p>Och v\u00e5gen avstannar inte. Senaste vecka gav regeringen ett f\u00f6rslag till riksdagen om f\u00f6r\u00e4ndringar i samarbetslagen, d\u00e4r man h\u00f6jer lagens till\u00e4mpningstr\u00f6skel till arbetsgivare med \u00f6ver 50 anst\u00e4llda och halverar omst\u00e4llningsf\u00f6rhandlingarnas l\u00e4ngd. F\u00f6r permitteringar p\u00e5 h\u00f6gst 90 dagar skulle det inte l\u00e4ngre kr\u00e4vas n\u00e5gra omst\u00e4llningsf\u00f6rhandlingar.<\/p>\n\n\n\n<p>Syssels\u00e4ttningen har, p\u00e5 grund av regeringens \u00e5tg\u00e4rder f\u00f6rsvagats, trots att r\u00e4ntes\u00e4nkningen borde ha f\u00f6rt situationen i en annan riktning. Samtidigt som regeringen har gjort nedsk\u00e4rningar i arbetsl\u00f6shetsskyddet och andra skyddsn\u00e4tverk, s\u00e5som bostadsst\u00f6det har den f\u00f6rsvagat den inhemska k\u00f6pkraften och konsumtionen betydligt.<\/p>\n\n\n\n<p>Det torde inte komma som n\u00e5gon \u00f6verraskning f\u00f6r n\u00e5gon att vi i kollektivavtalsf\u00f6rhandlingarna f\u00f6rs\u00f6ker ta fatt den eftersl\u00e4pning i k\u00f6pkraft som uppst\u00e5tt och forts\u00e4tter p\u00e5 grund av den h\u00f6ga inflationen. Arbetsgivarsidan \u201daldrig i v\u00e4rlden\u201d-reaktion p\u00e5 de FFC-anslutna f\u00f6rbundens kravniv\u00e5 p\u00e5 10 procent i l\u00f6nef\u00f6rh\u00f6jningar \u00f6verraskade inte. Efter h\u00e4nvisningar till den svenska modellen var kritiken av de FFC-anslutna f\u00f6rbundens gemensamma l\u00f6nef\u00f6rh\u00f6jningskrav nog roande, eftersom Sveriges fackcentral LO: s f\u00f6rbund uttryckligen ocks\u00e5 offentliggjort gemensamma l\u00f6nef\u00f6rh\u00f6jningskrav.<\/p>\n\n\n\n<p>I kollektivavtalsf\u00f6rhandlingarna \u00e4r det ocks\u00e5 fr\u00e5ga om mycket annat vid sidan om l\u00f6nefr\u00e5gorna. I f\u00f6rhandlingarna f\u00f6rs\u00f6ker vi med kollektivavtalen f\u00e5 skydd mot de f\u00f6rsvagningar av arbetstagarnas arbetsvillkor och st\u00e4llning som regeringen f\u00f6rverkligar. Men vi kan inte avv\u00e4rja alla f\u00f6rsvagningar i lag vid v\u00e5ra f\u00f6rhandlingsbord. Det \u00e4r sk\u00e4l f\u00f6r var och en att komma ih\u00e5g att det exempelvis inte \u00e4r invandrarna som har f\u00f6rsvagat v\u00e5ra arbetsvillkor, utan den av arbetsgivarsidan styrda Orpos regering, som tilltr\u00e4dde som ett resultat av senaste riksdagsval.<\/p>\n\n\n\n<p>I region- och kommunalvalet i april fattar vi inte beslut om vilka partier som ska stifta lagar som r\u00f6r arbetsvillkoren, men d\u00e5 fattas beslut som g\u00e4ller viktig service f\u00f6r arbetstagarna. I valet avg\u00f6r vi ocks\u00e5 huruvida det i v\u00e4lf\u00e4rdsomr\u00e5denas och kommunernas anskaffningar kr\u00e4vs r\u00e4ttvisa arbetsvillkor och huruvida inhemskt arbete v\u00e4rdes\u00e4tts. Valresultatet blir ocks\u00e5 ett budskap om vad finl\u00e4ndarna anser om den politik som regeringspartierna har drivit.<\/p>\n\n\n\n<p>Jag vill tacka v\u00e5ra medlemmar f\u00f6r det h\u00e4r \u00e5ret och till\u00f6nska alla en fridfull juletid! Enighet har kr\u00e4vts under \u00e5ret och kommer att kr\u00e4vas \u00e4ven i forts\u00e4ttningen. L\u00e5t oss fira en god, inhemsk jul och vara redo f\u00f6r ett nytt \u00e5r!<\/p>\n\n\n\n<p><em>Veli-Matti Kuntonen<\/em><br><em>SEL:s f\u00f6rbundsordf\u00f6rande<\/em><\/p>\n","protected":false},"excerpt":{"rendered":"<p>\u00c5r 2024 som snart \u00e4r till \u00e4nda kan beskrivas som ett \u00e5r av recession f\u00f6r det finl\u00e4ndska arbetslivet. Det s\u00e4tt [\u2026] <a href=\"https:\/\/www.selry.fi\/sv\/blogg\/ett-ar-av-recession\/\">Lue lis\u00e4\u00e4 &raquo;<\/a><\/p>\n","protected":false},"author":4,"featured_media":10997,"comment_status":"closed","ping_status":"closed","sticky":false,"template":"","format":"standard","meta":{"_acf_changed":false,"footnotes":""},"categories":[64],"tags":[],"class_list":["post-16984","post","type-post","status-publish","format-standard","has-post-thumbnail","hentry","category-blogg"],"acf":[],"yoast_head":"<!-- This site is optimized with the Yoast SEO plugin v27.2 - https:\/\/yoast.com\/product\/yoast-seo-wordpress\/ -->\n<title>Ett \u00e5r av recession<\/title>\n<meta name=\"robots\" content=\"index, follow, max-snippet:-1, max-image-preview:large, max-video-preview:-1\" \/>\n<link rel=\"canonical\" href=\"https:\/\/www.selry.fi\/sv\/blogg\/ett-ar-av-recession\/\" \/>\n<meta property=\"og:locale\" content=\"sv_SE\" \/>\n<meta property=\"og:type\" content=\"article\" \/>\n<meta property=\"og:title\" content=\"Ett \u00e5r av recession\" \/>\n<meta property=\"og:description\" content=\"\u00c5r 2024 som snart \u00e4r till \u00e4nda kan beskrivas som ett \u00e5r av recession f\u00f6r det finl\u00e4ndska arbetslivet. Det s\u00e4tt [\u2026] Lue lis\u00e4\u00e4 &raquo;\" \/>\n<meta property=\"og:url\" content=\"https:\/\/www.selry.fi\/sv\/blogg\/ett-ar-av-recession\/\" \/>\n<meta property=\"og:site_name\" content=\"Suomen Elintarvikety\u00f6l\u00e4isten Liitto SEL\" \/>\n<meta property=\"article:publisher\" content=\"https:\/\/www.facebook.com\/selry\" \/>\n<meta property=\"article:published_time\" content=\"2024-12-02T17:30:00+00:00\" \/>\n<meta property=\"article:modified_time\" content=\"2024-12-03T14:33:35+00:00\" \/>\n<meta property=\"og:image\" content=\"https:\/\/www.selry.fi\/wp-content\/uploads\/2023\/02\/veli-matti-kuntonen-blogi.jpg\" \/>\n\t<meta property=\"og:image:width\" content=\"1536\" \/>\n\t<meta property=\"og:image:height\" content=\"1148\" \/>\n\t<meta property=\"og:image:type\" content=\"image\/jpeg\" \/>\n<meta name=\"author\" content=\"Karoliina \u00d6ystil\u00e4\" \/>\n<meta name=\"twitter:card\" content=\"summary_large_image\" \/>\n<meta name=\"twitter:creator\" content=\"@selryfi\" \/>\n<meta name=\"twitter:site\" content=\"@selryfi\" \/>\n<script type=\"application\/ld+json\" class=\"yoast-schema-graph\">{\"@context\":\"https:\/\/schema.org\",\"@graph\":[{\"@type\":\"Article\",\"@id\":\"https:\/\/www.selry.fi\/sv\/blogg\/ett-ar-av-recession\/#article\",\"isPartOf\":{\"@id\":\"https:\/\/www.selry.fi\/sv\/blogg\/ett-ar-av-recession\/\"},\"author\":{\"name\":\"Karoliina \u00d6ystil\u00e4\",\"@id\":\"https:\/\/www.selry.fi\/#\/schema\/person\/4fb0b52ed84c524f0beea95625a21678\"},\"headline\":\"Ett \u00e5r av recession\",\"datePublished\":\"2024-12-02T17:30:00+00:00\",\"dateModified\":\"2024-12-03T14:33:35+00:00\",\"mainEntityOfPage\":{\"@id\":\"https:\/\/www.selry.fi\/sv\/blogg\/ett-ar-av-recession\/\"},\"wordCount\":494,\"publisher\":{\"@id\":\"https:\/\/www.selry.fi\/#organization\"},\"image\":{\"@id\":\"https:\/\/www.selry.fi\/sv\/blogg\/ett-ar-av-recession\/#primaryimage\"},\"thumbnailUrl\":\"https:\/\/www.selry.fi\/wp-content\/uploads\/2023\/02\/veli-matti-kuntonen-blogi.jpg\",\"articleSection\":[\"Blogg\"],\"inLanguage\":\"sv-SE\"},{\"@type\":\"WebPage\",\"@id\":\"https:\/\/www.selry.fi\/sv\/blogg\/ett-ar-av-recession\/\",\"url\":\"https:\/\/www.selry.fi\/sv\/blogg\/ett-ar-av-recession\/\",\"name\":\"Ett \u00e5r av recession\",\"isPartOf\":{\"@id\":\"https:\/\/www.selry.fi\/#website\"},\"primaryImageOfPage\":{\"@id\":\"https:\/\/www.selry.fi\/sv\/blogg\/ett-ar-av-recession\/#primaryimage\"},\"image\":{\"@id\":\"https:\/\/www.selry.fi\/sv\/blogg\/ett-ar-av-recession\/#primaryimage\"},\"thumbnailUrl\":\"https:\/\/www.selry.fi\/wp-content\/uploads\/2023\/02\/veli-matti-kuntonen-blogi.jpg\",\"datePublished\":\"2024-12-02T17:30:00+00:00\",\"dateModified\":\"2024-12-03T14:33:35+00:00\",\"breadcrumb\":{\"@id\":\"https:\/\/www.selry.fi\/sv\/blogg\/ett-ar-av-recession\/#breadcrumb\"},\"inLanguage\":\"sv-SE\",\"potentialAction\":[{\"@type\":\"ReadAction\",\"target\":[\"https:\/\/www.selry.fi\/sv\/blogg\/ett-ar-av-recession\/\"]}]},{\"@type\":\"ImageObject\",\"inLanguage\":\"sv-SE\",\"@id\":\"https:\/\/www.selry.fi\/sv\/blogg\/ett-ar-av-recession\/#primaryimage\",\"url\":\"https:\/\/www.selry.fi\/wp-content\/uploads\/2023\/02\/veli-matti-kuntonen-blogi.jpg\",\"contentUrl\":\"https:\/\/www.selry.fi\/wp-content\/uploads\/2023\/02\/veli-matti-kuntonen-blogi.jpg\",\"width\":1536,\"height\":1148},{\"@type\":\"BreadcrumbList\",\"@id\":\"https:\/\/www.selry.fi\/sv\/blogg\/ett-ar-av-recession\/#breadcrumb\",\"itemListElement\":[{\"@type\":\"ListItem\",\"position\":1,\"name\":\"Home\",\"item\":\"https:\/\/www.selry.fi\/sv\/\"},{\"@type\":\"ListItem\",\"position\":2,\"name\":\"Ett \u00e5r av recession\"}]},{\"@type\":\"WebSite\",\"@id\":\"https:\/\/www.selry.fi\/#website\",\"url\":\"https:\/\/www.selry.fi\/\",\"name\":\"Suomen Elintarvikety\u00f6l\u00e4isten Liitto SEL\",\"description\":\"\",\"publisher\":{\"@id\":\"https:\/\/www.selry.fi\/#organization\"},\"inLanguage\":\"sv-SE\"},{\"@type\":\"Organization\",\"@id\":\"https:\/\/www.selry.fi\/#organization\",\"name\":\"Suomen Elintarvikety\u00f6l\u00e4isten Liitto SEL\",\"url\":\"https:\/\/www.selry.fi\/\",\"logo\":{\"@type\":\"ImageObject\",\"inLanguage\":\"sv-SE\",\"@id\":\"https:\/\/www.selry.fi\/#\/schema\/logo\/image\/\",\"url\":\"https:\/\/www.selry.fi\/wp-content\/uploads\/2021\/05\/logo-sel.svg\",\"contentUrl\":\"https:\/\/www.selry.fi\/wp-content\/uploads\/2021\/05\/logo-sel.svg\",\"width\":453,\"height\":135,\"caption\":\"Suomen Elintarvikety\u00f6l\u00e4isten Liitto SEL\"},\"image\":{\"@id\":\"https:\/\/www.selry.fi\/#\/schema\/logo\/image\/\"},\"sameAs\":[\"https:\/\/www.facebook.com\/selry\",\"https:\/\/x.com\/selryfi\"]},{\"@type\":\"Person\",\"@id\":\"https:\/\/www.selry.fi\/#\/schema\/person\/4fb0b52ed84c524f0beea95625a21678\",\"name\":\"Karoliina \u00d6ystil\u00e4\",\"image\":{\"@type\":\"ImageObject\",\"inLanguage\":\"sv-SE\",\"@id\":\"https:\/\/secure.gravatar.com\/avatar\/8dcb857776c4317075ba571fdc81a06a1f240302e468800d69bf316ef82ac4cd?s=96&d=mm&r=g\",\"url\":\"https:\/\/secure.gravatar.com\/avatar\/8dcb857776c4317075ba571fdc81a06a1f240302e468800d69bf316ef82ac4cd?s=96&d=mm&r=g\",\"contentUrl\":\"https:\/\/secure.gravatar.com\/avatar\/8dcb857776c4317075ba571fdc81a06a1f240302e468800d69bf316ef82ac4cd?s=96&d=mm&r=g\",\"caption\":\"Karoliina \u00d6ystil\u00e4\"}}]}<\/script>\n<!-- \/ Yoast SEO plugin. -->","yoast_head_json":{"title":"Ett \u00e5r av recession","robots":{"index":"index","follow":"follow","max-snippet":"max-snippet:-1","max-image-preview":"max-image-preview:large","max-video-preview":"max-video-preview:-1"},"canonical":"https:\/\/www.selry.fi\/sv\/blogg\/ett-ar-av-recession\/","og_locale":"sv_SE","og_type":"article","og_title":"Ett \u00e5r av recession","og_description":"\u00c5r 2024 som snart \u00e4r till \u00e4nda kan beskrivas som ett \u00e5r av recession f\u00f6r det finl\u00e4ndska arbetslivet. Det s\u00e4tt [\u2026] Lue lis\u00e4\u00e4 &raquo;","og_url":"https:\/\/www.selry.fi\/sv\/blogg\/ett-ar-av-recession\/","og_site_name":"Suomen Elintarvikety\u00f6l\u00e4isten Liitto SEL","article_publisher":"https:\/\/www.facebook.com\/selry","article_published_time":"2024-12-02T17:30:00+00:00","article_modified_time":"2024-12-03T14:33:35+00:00","og_image":[{"width":1536,"height":1148,"url":"https:\/\/www.selry.fi\/wp-content\/uploads\/2023\/02\/veli-matti-kuntonen-blogi.jpg","type":"image\/jpeg"}],"author":"Karoliina \u00d6ystil\u00e4","twitter_card":"summary_large_image","twitter_creator":"@selryfi","twitter_site":"@selryfi","schema":{"@context":"https:\/\/schema.org","@graph":[{"@type":"Article","@id":"https:\/\/www.selry.fi\/sv\/blogg\/ett-ar-av-recession\/#article","isPartOf":{"@id":"https:\/\/www.selry.fi\/sv\/blogg\/ett-ar-av-recession\/"},"author":{"name":"Karoliina \u00d6ystil\u00e4","@id":"https:\/\/www.selry.fi\/#\/schema\/person\/4fb0b52ed84c524f0beea95625a21678"},"headline":"Ett \u00e5r av recession","datePublished":"2024-12-02T17:30:00+00:00","dateModified":"2024-12-03T14:33:35+00:00","mainEntityOfPage":{"@id":"https:\/\/www.selry.fi\/sv\/blogg\/ett-ar-av-recession\/"},"wordCount":494,"publisher":{"@id":"https:\/\/www.selry.fi\/#organization"},"image":{"@id":"https:\/\/www.selry.fi\/sv\/blogg\/ett-ar-av-recession\/#primaryimage"},"thumbnailUrl":"https:\/\/www.selry.fi\/wp-content\/uploads\/2023\/02\/veli-matti-kuntonen-blogi.jpg","articleSection":["Blogg"],"inLanguage":"sv-SE"},{"@type":"WebPage","@id":"https:\/\/www.selry.fi\/sv\/blogg\/ett-ar-av-recession\/","url":"https:\/\/www.selry.fi\/sv\/blogg\/ett-ar-av-recession\/","name":"Ett \u00e5r av recession","isPartOf":{"@id":"https:\/\/www.selry.fi\/#website"},"primaryImageOfPage":{"@id":"https:\/\/www.selry.fi\/sv\/blogg\/ett-ar-av-recession\/#primaryimage"},"image":{"@id":"https:\/\/www.selry.fi\/sv\/blogg\/ett-ar-av-recession\/#primaryimage"},"thumbnailUrl":"https:\/\/www.selry.fi\/wp-content\/uploads\/2023\/02\/veli-matti-kuntonen-blogi.jpg","datePublished":"2024-12-02T17:30:00+00:00","dateModified":"2024-12-03T14:33:35+00:00","breadcrumb":{"@id":"https:\/\/www.selry.fi\/sv\/blogg\/ett-ar-av-recession\/#breadcrumb"},"inLanguage":"sv-SE","potentialAction":[{"@type":"ReadAction","target":["https:\/\/www.selry.fi\/sv\/blogg\/ett-ar-av-recession\/"]}]},{"@type":"ImageObject","inLanguage":"sv-SE","@id":"https:\/\/www.selry.fi\/sv\/blogg\/ett-ar-av-recession\/#primaryimage","url":"https:\/\/www.selry.fi\/wp-content\/uploads\/2023\/02\/veli-matti-kuntonen-blogi.jpg","contentUrl":"https:\/\/www.selry.fi\/wp-content\/uploads\/2023\/02\/veli-matti-kuntonen-blogi.jpg","width":1536,"height":1148},{"@type":"BreadcrumbList","@id":"https:\/\/www.selry.fi\/sv\/blogg\/ett-ar-av-recession\/#breadcrumb","itemListElement":[{"@type":"ListItem","position":1,"name":"Home","item":"https:\/\/www.selry.fi\/sv\/"},{"@type":"ListItem","position":2,"name":"Ett \u00e5r av recession"}]},{"@type":"WebSite","@id":"https:\/\/www.selry.fi\/#website","url":"https:\/\/www.selry.fi\/","name":"Suomen Elintarvikety\u00f6l\u00e4isten Liitto SEL","description":"","publisher":{"@id":"https:\/\/www.selry.fi\/#organization"},"inLanguage":"sv-SE"},{"@type":"Organization","@id":"https:\/\/www.selry.fi\/#organization","name":"Suomen Elintarvikety\u00f6l\u00e4isten Liitto SEL","url":"https:\/\/www.selry.fi\/","logo":{"@type":"ImageObject","inLanguage":"sv-SE","@id":"https:\/\/www.selry.fi\/#\/schema\/logo\/image\/","url":"https:\/\/www.selry.fi\/wp-content\/uploads\/2021\/05\/logo-sel.svg","contentUrl":"https:\/\/www.selry.fi\/wp-content\/uploads\/2021\/05\/logo-sel.svg","width":453,"height":135,"caption":"Suomen Elintarvikety\u00f6l\u00e4isten Liitto SEL"},"image":{"@id":"https:\/\/www.selry.fi\/#\/schema\/logo\/image\/"},"sameAs":["https:\/\/www.facebook.com\/selry","https:\/\/x.com\/selryfi"]},{"@type":"Person","@id":"https:\/\/www.selry.fi\/#\/schema\/person\/4fb0b52ed84c524f0beea95625a21678","name":"Karoliina \u00d6ystil\u00e4","image":{"@type":"ImageObject","inLanguage":"sv-SE","@id":"https:\/\/secure.gravatar.com\/avatar\/8dcb857776c4317075ba571fdc81a06a1f240302e468800d69bf316ef82ac4cd?s=96&d=mm&r=g","url":"https:\/\/secure.gravatar.com\/avatar\/8dcb857776c4317075ba571fdc81a06a1f240302e468800d69bf316ef82ac4cd?s=96&d=mm&r=g","contentUrl":"https:\/\/secure.gravatar.com\/avatar\/8dcb857776c4317075ba571fdc81a06a1f240302e468800d69bf316ef82ac4cd?s=96&d=mm&r=g","caption":"Karoliina \u00d6ystil\u00e4"}}]}},"_links":{"self":[{"href":"https:\/\/www.selry.fi\/sv\/wp-json\/wp\/v2\/posts\/16984","targetHints":{"allow":["GET"]}}],"collection":[{"href":"https:\/\/www.selry.fi\/sv\/wp-json\/wp\/v2\/posts"}],"about":[{"href":"https:\/\/www.selry.fi\/sv\/wp-json\/wp\/v2\/types\/post"}],"author":[{"embeddable":true,"href":"https:\/\/www.selry.fi\/sv\/wp-json\/wp\/v2\/users\/4"}],"replies":[{"embeddable":true,"href":"https:\/\/www.selry.fi\/sv\/wp-json\/wp\/v2\/comments?post=16984"}],"version-history":[{"count":0,"href":"https:\/\/www.selry.fi\/sv\/wp-json\/wp\/v2\/posts\/16984\/revisions"}],"wp:featuredmedia":[{"embeddable":true,"href":"https:\/\/www.selry.fi\/sv\/wp-json\/wp\/v2\/media\/10997"}],"wp:attachment":[{"href":"https:\/\/www.selry.fi\/sv\/wp-json\/wp\/v2\/media?parent=16984"}],"wp:term":[{"taxonomy":"category","embeddable":true,"href":"https:\/\/www.selry.fi\/sv\/wp-json\/wp\/v2\/categories?post=16984"},{"taxonomy":"post_tag","embeddable":true,"href":"https:\/\/www.selry.fi\/sv\/wp-json\/wp\/v2\/tags?post=16984"}],"curies":[{"name":"wp","href":"https:\/\/api.w.org\/{rel}","templated":true}]}}