{"id":16773,"date":"2024-11-13T11:58:00","date_gmt":"2024-11-13T09:58:00","guid":{"rendered":"https:\/\/www.selry.fi\/?p=16773"},"modified":"2024-11-14T11:58:36","modified_gmt":"2024-11-14T09:58:36","slug":"malet-ar-en-loneforhojning-pa-10-procent","status":"publish","type":"post","link":"https:\/\/www.selry.fi\/sv\/nyheter\/malet-ar-en-loneforhojning-pa-10-procent\/","title":{"rendered":"M\u00e5let \u00e4r en l\u00f6nef\u00f6rh\u00f6jning p\u00e5 10 procent"},"content":{"rendered":"\n<p class=\"has-ingressi-font-size\">M\u00e5let \u00e4r 6 procent det f\u00f6rsta \u00e5ret, en \u00f6kning i m\u00e5nadsl\u00f6nen p\u00e5 minst 150 euro. Det andra \u00e5ret \u00e4r m\u00e5let 4 procent, en \u00f6kning i m\u00e5nadsl\u00f6nen p\u00e5 minst 100 euro.<\/p>\n\n\n\n<p>Under vintern och v\u00e5ren f\u00f6rhandlar fackf\u00f6rbunden om de egna kollektivavtalen och l\u00f6nef\u00f6rh\u00f6jningarna med respektive arbetsgivarf\u00f6rbund. Industrifackets f\u00f6rhandlingar har redan inletts.<\/p>\n\n\n\n<p>\u2013 L\u00f6ntagarnas k\u00f6pkraft har minskat kraftig. Orsaken \u00e4r en snabb och kraftig \u00f6kning av prisniv\u00e5n. L\u00f6nen r\u00e4cker inte lika l\u00e5ngt som tidigare. Problemet kr\u00e4ver mer p\u00e5\u00f6kt \u00e4n tidigare, s\u00e4ger Industrifackets ordf\u00f6rande <strong>Riku Aalto<\/strong>.<\/p>\n\n\n\n<p>Enligt Aalto har inflationen avtagit p\u00e5 sistone, men k\u00f6pkraftsgropen ligger fortfarande kvar. D\u00e4rtill vet vi att inflationen fortfarande p\u00e5verkar utvecklingen av k\u00f6pkraften, \u00e4ven om den har avtagit. Aalto konstaterar att l\u00f6nef\u00f6rh\u00f6jningsm\u00e5let beaktar b\u00e5de k\u00f6pkraftsgropen, som har uppst\u00e5tt tidigare, och avtalsperiodens inflation.<\/p>\n\n\n\n<p><br><strong>Nu beh\u00f6vs en blandlinje<\/strong><\/p>\n\n\n\n<p>Servicefacket PAM:s ordf\u00f6rande <strong>Annika R\u00f6nni-S\u00e4llinen<\/strong> delar oron \u00f6ver den minskade k\u00f6pkraften. Enligt henne har inflationen f\u00f6rsvagat l\u00e5ginkomsttagarnas l\u00e4ge.<\/p>\n\n\n\n<p>\u2013 Pris\u00f6kningarna behandlar inte alla p\u00e5 samma s\u00e4tt. Enligt v\u00e5r bed\u00f6mning m\u00e5ste l\u00f6nef\u00f6rh\u00f6jningen f\u00f6r heltidsanst\u00e4llda l\u00e5ginkomsttagare vara minst 150 euro i m\u00e5naden det f\u00f6rsta \u00e5ret och 100 euro i m\u00e5naden det andra \u00e5ret. En s\u00e5dan blandad linje ger alla den f\u00f6rh\u00f6jning som beh\u00f6vs och beaktar l\u00e5ginkomsttagarnas speciella l\u00e4ge, s\u00e4ger PAM:s ordf\u00f6rande Annika R\u00f6nni-S\u00e4llinen.<\/p>\n\n\n\n<p>F\u00f6rbundet f\u00f6r den offentliga sektorn och v\u00e4lf\u00e4rdsomr\u00e5dena JHL:s ordf\u00f6rande <strong>H\u00e5kan Ekstr\u00f6m<\/strong> menar att inverkan p\u00e5 medlemmarna, i synnerhet kvinnorna, av regeringen Orpos nedsk\u00e4rningar, motiverar en s\u00e5dan blandad linje.<\/p>\n\n\n\n<p>\u2013 Regeringens nedsk\u00e4rningar i bland annat bostadsst\u00f6det och j\u00e4mkade arbetsl\u00f6shetsf\u00f6rm\u00e5ner drabbar l\u00e5gavl\u00f6nade arbetare allra sv\u00e5rast. F\u00f6r att kompensera s\u00e5dana nedsk\u00e4rningar \u00e4r det motiverat att l\u00f6nef\u00f6rh\u00f6jningarna i n\u00e5got h\u00f6gre grad riktar sig till l\u00e5gavl\u00f6nade \u00e4n andra. D\u00e4rf\u00f6r har vi ett behov av en blandad l\u00f6sning f\u00f6r l\u00f6nef\u00f6rh\u00f6jningarna, s\u00e4ger JHL:s ordf\u00f6rande H\u00e5kan Ekstr\u00f6m.<\/p>\n\n\n\n<p>En blandad form av l\u00f6nef\u00f6rh\u00f6jningar inneb\u00e4r att kostnadseffekten kan variera i de olika branscherna.<\/p>\n\n\n\n<p>Enligt ordf\u00f6randen i Finlands Livsmedelsarbetaref\u00f6rbund SEL, <strong>Veli-Matti Kuntonen<\/strong>, \u00e4r st\u00f6rre l\u00f6nef\u00f6rh\u00f6jningar \u00e4n tidigare ocks\u00e5 tillb\u00f6rliga i det r\u00e5dande konjunkturl\u00e4get.<\/p>\n\n\n\n<p>\u2013 Arbetarnas, i synnerhet l\u00e5ginkomsttagarnas, l\u00f6nef\u00f6rh\u00f6jning g\u00e5r direkt till konsumption. En s\u00e5dan vitaminspruta vore bra f\u00f6r Finlands ekonomi och f\u00f6r syssels\u00e4ttningen. Regeringen Orpo har haft en negativ inverkan p\u00e5 inhemsk efterfr\u00e5gan genom \u00e5tg\u00e4rder som har skapat oro i arbetslivet och arbetsl\u00f6shet. F\u00f6retagen m\u00e5ste nu ta ansvar, s\u00e5 att den inhemska efterfr\u00e5gan inte kollapsar, anser SEL:s ordf\u00f6rande Veli-Matti Kuntonen.<\/p>\n\n\n\n<p><br><strong>Vi har r\u00e5d<\/strong><\/p>\n\n\n\n<p>Enligt Bil- och Transportbranschens Arbetarf\u00f6rbund AKT:s ordf\u00f6rande <strong>Ismo Kokko<\/strong> \u00e4r Finlands konkurrenskraft idag god. L\u00f6nef\u00f6rh\u00f6jningar p\u00e5 sex och fyra procent utg\u00f6r knappast n\u00e5got hot f\u00f6r den.<\/p>\n\n\n\n<p>\u2013 Den prism\u00e4ssiga konkurrenskraften \u00e4r i ordning och v\u00e5rt l\u00e4ge \u00e4r fint n\u00e4r den ekonomiska melankolin snart v\u00e4nder. Finansministeriet konstaterade detta senast i september. Ocks\u00e5 arbetarna ska f\u00e5 sin del av tillv\u00e4xten, menar AKT:s ordf\u00f6rande Ismo Kokko.<\/p>\n\n\n\n<p>\u2013 Regeringens indragningar p\u00e5 arbetsmarknaden och f\u00f6rsvagningarna i anst\u00e4llningstryggheten \u00e4r k\u00e4nnbara. De \u00f6kar l\u00f6ntagarnas risker och som kompensation m\u00e5ste l\u00f6nerna stiga. S\u00e5 fungerar marknadsekonomin: n\u00e4r risken f\u00f6rs \u00f6ver fr\u00e5n arbetsgivarna till l\u00f6ntagarna, \u00e4r det bara rimligt att l\u00f6ntagarnas andel av merv\u00e4rdet \u00f6kas, anser Byggnadsf\u00f6rbundets ordf\u00f6rande <strong>Kimmo Palonen<\/strong>.<\/p>\n\n\n\n<p>Elektrikerf\u00f6rbundets ordf\u00f6rande <strong>Sauli V\u00e4ntti<\/strong> p\u00e5minner om den \u00e5terh\u00e5llsamma l\u00f6neutvecklingen som har p\u00e5g\u00e5tt i flera \u00e5r i Finland.<\/p>\n\n\n\n<p>\u2013 L\u00f6neutvecklingen har varit \u00e5terh\u00e5llsam i Finland. I Europa har l\u00f6neuppg\u00f6relserna under en l\u00e4ngre tid varit klart st\u00f6rre \u00e4n i Finland. Fr\u00e5n \u00e5r 2021 till \u00e5r 2024 har arbetskraftskostnaderna stigit med 15 procent inom eurozonen och med knappa 8 procent i Finland. Vi har r\u00e5d, menar Elektrikerf\u00f6rbundets ordf\u00f6rande Sauli V\u00e4ntti.<\/p>\n\n\n\n<p><br><em><a href=\"https:\/\/www.selry.fi\/sv\/nyheter\/avtalsforhandlingarna-kommer-ar-du-redo-2\/\">>> Avtalsf\u00f6rhandlingarna kommer! \u00c4r du redo?<\/a><\/em><\/p>\n","protected":false},"excerpt":{"rendered":"<p>M\u00e5let \u00e4r 6 procent det f\u00f6rsta \u00e5ret, en \u00f6kning i m\u00e5nadsl\u00f6nen p\u00e5 minst 150 euro. Det andra \u00e5ret \u00e4r m\u00e5let [\u2026] <a href=\"https:\/\/www.selry.fi\/sv\/nyheter\/malet-ar-en-loneforhojning-pa-10-procent\/\">Lue lis\u00e4\u00e4 &raquo;<\/a><\/p>\n","protected":false},"author":4,"featured_media":16774,"comment_status":"closed","ping_status":"closed","sticky":false,"template":"","format":"standard","meta":{"_acf_changed":false,"footnotes":""},"categories":[26],"tags":[],"class_list":["post-16773","post","type-post","status-publish","format-standard","has-post-thumbnail","hentry","category-nyheter"],"acf":[],"yoast_head":"<!-- This site is optimized with the Yoast SEO plugin v27.2 - https:\/\/yoast.com\/product\/yoast-seo-wordpress\/ -->\n<title>M\u00e5let \u00e4r en l\u00f6nef\u00f6rh\u00f6jning p\u00e5 10 procent<\/title>\n<meta name=\"robots\" content=\"index, follow, max-snippet:-1, max-image-preview:large, max-video-preview:-1\" \/>\n<link rel=\"canonical\" href=\"https:\/\/www.selry.fi\/sv\/nyheter\/malet-ar-en-loneforhojning-pa-10-procent\/\" \/>\n<meta property=\"og:locale\" content=\"sv_SE\" \/>\n<meta property=\"og:type\" content=\"article\" \/>\n<meta property=\"og:title\" content=\"M\u00e5let \u00e4r en l\u00f6nef\u00f6rh\u00f6jning p\u00e5 10 procent\" \/>\n<meta property=\"og:description\" content=\"M\u00e5let \u00e4r 6 procent det f\u00f6rsta \u00e5ret, en \u00f6kning i m\u00e5nadsl\u00f6nen p\u00e5 minst 150 euro. Det andra \u00e5ret \u00e4r m\u00e5let [\u2026] Lue lis\u00e4\u00e4 &raquo;\" \/>\n<meta property=\"og:url\" content=\"https:\/\/www.selry.fi\/sv\/nyheter\/malet-ar-en-loneforhojning-pa-10-procent\/\" \/>\n<meta property=\"og:site_name\" content=\"Suomen Elintarvikety\u00f6l\u00e4isten Liitto SEL\" \/>\n<meta property=\"article:publisher\" content=\"https:\/\/www.facebook.com\/selry\" \/>\n<meta property=\"article:published_time\" content=\"2024-11-13T09:58:00+00:00\" \/>\n<meta property=\"article:modified_time\" content=\"2024-11-14T09:58:36+00:00\" \/>\n<meta property=\"og:image\" content=\"https:\/\/www.selry.fi\/wp-content\/uploads\/2024\/11\/voitolla-tyohon-pressi-13112024-palkankorotustavoite.jpg\" \/>\n\t<meta property=\"og:image:width\" content=\"1920\" \/>\n\t<meta property=\"og:image:height\" content=\"1440\" \/>\n\t<meta property=\"og:image:type\" content=\"image\/jpeg\" \/>\n<meta name=\"author\" content=\"Karoliina \u00d6ystil\u00e4\" \/>\n<meta name=\"twitter:card\" content=\"summary_large_image\" \/>\n<meta name=\"twitter:creator\" content=\"@selryfi\" \/>\n<meta name=\"twitter:site\" content=\"@selryfi\" \/>\n<script type=\"application\/ld+json\" class=\"yoast-schema-graph\">{\"@context\":\"https:\/\/schema.org\",\"@graph\":[{\"@type\":\"Article\",\"@id\":\"https:\/\/www.selry.fi\/sv\/nyheter\/malet-ar-en-loneforhojning-pa-10-procent\/#article\",\"isPartOf\":{\"@id\":\"https:\/\/www.selry.fi\/sv\/nyheter\/malet-ar-en-loneforhojning-pa-10-procent\/\"},\"author\":{\"name\":\"Karoliina \u00d6ystil\u00e4\",\"@id\":\"https:\/\/www.selry.fi\/#\/schema\/person\/4fb0b52ed84c524f0beea95625a21678\"},\"headline\":\"M\u00e5let \u00e4r en l\u00f6nef\u00f6rh\u00f6jning p\u00e5 10 procent\",\"datePublished\":\"2024-11-13T09:58:00+00:00\",\"dateModified\":\"2024-11-14T09:58:36+00:00\",\"mainEntityOfPage\":{\"@id\":\"https:\/\/www.selry.fi\/sv\/nyheter\/malet-ar-en-loneforhojning-pa-10-procent\/\"},\"wordCount\":741,\"publisher\":{\"@id\":\"https:\/\/www.selry.fi\/#organization\"},\"image\":{\"@id\":\"https:\/\/www.selry.fi\/sv\/nyheter\/malet-ar-en-loneforhojning-pa-10-procent\/#primaryimage\"},\"thumbnailUrl\":\"https:\/\/www.selry.fi\/wp-content\/uploads\/2024\/11\/voitolla-tyohon-pressi-13112024-palkankorotustavoite.jpg\",\"articleSection\":[\"Nyheter\"],\"inLanguage\":\"sv-SE\"},{\"@type\":\"WebPage\",\"@id\":\"https:\/\/www.selry.fi\/sv\/nyheter\/malet-ar-en-loneforhojning-pa-10-procent\/\",\"url\":\"https:\/\/www.selry.fi\/sv\/nyheter\/malet-ar-en-loneforhojning-pa-10-procent\/\",\"name\":\"M\u00e5let \u00e4r en l\u00f6nef\u00f6rh\u00f6jning p\u00e5 10 procent\",\"isPartOf\":{\"@id\":\"https:\/\/www.selry.fi\/#website\"},\"primaryImageOfPage\":{\"@id\":\"https:\/\/www.selry.fi\/sv\/nyheter\/malet-ar-en-loneforhojning-pa-10-procent\/#primaryimage\"},\"image\":{\"@id\":\"https:\/\/www.selry.fi\/sv\/nyheter\/malet-ar-en-loneforhojning-pa-10-procent\/#primaryimage\"},\"thumbnailUrl\":\"https:\/\/www.selry.fi\/wp-content\/uploads\/2024\/11\/voitolla-tyohon-pressi-13112024-palkankorotustavoite.jpg\",\"datePublished\":\"2024-11-13T09:58:00+00:00\",\"dateModified\":\"2024-11-14T09:58:36+00:00\",\"breadcrumb\":{\"@id\":\"https:\/\/www.selry.fi\/sv\/nyheter\/malet-ar-en-loneforhojning-pa-10-procent\/#breadcrumb\"},\"inLanguage\":\"sv-SE\",\"potentialAction\":[{\"@type\":\"ReadAction\",\"target\":[\"https:\/\/www.selry.fi\/sv\/nyheter\/malet-ar-en-loneforhojning-pa-10-procent\/\"]}]},{\"@type\":\"ImageObject\",\"inLanguage\":\"sv-SE\",\"@id\":\"https:\/\/www.selry.fi\/sv\/nyheter\/malet-ar-en-loneforhojning-pa-10-procent\/#primaryimage\",\"url\":\"https:\/\/www.selry.fi\/wp-content\/uploads\/2024\/11\/voitolla-tyohon-pressi-13112024-palkankorotustavoite.jpg\",\"contentUrl\":\"https:\/\/www.selry.fi\/wp-content\/uploads\/2024\/11\/voitolla-tyohon-pressi-13112024-palkankorotustavoite.jpg\",\"width\":1920,\"height\":1440},{\"@type\":\"BreadcrumbList\",\"@id\":\"https:\/\/www.selry.fi\/sv\/nyheter\/malet-ar-en-loneforhojning-pa-10-procent\/#breadcrumb\",\"itemListElement\":[{\"@type\":\"ListItem\",\"position\":1,\"name\":\"Home\",\"item\":\"https:\/\/www.selry.fi\/sv\/\"},{\"@type\":\"ListItem\",\"position\":2,\"name\":\"M\u00e5let \u00e4r en l\u00f6nef\u00f6rh\u00f6jning p\u00e5 10 procent\"}]},{\"@type\":\"WebSite\",\"@id\":\"https:\/\/www.selry.fi\/#website\",\"url\":\"https:\/\/www.selry.fi\/\",\"name\":\"Suomen Elintarvikety\u00f6l\u00e4isten Liitto SEL\",\"description\":\"\",\"publisher\":{\"@id\":\"https:\/\/www.selry.fi\/#organization\"},\"inLanguage\":\"sv-SE\"},{\"@type\":\"Organization\",\"@id\":\"https:\/\/www.selry.fi\/#organization\",\"name\":\"Suomen Elintarvikety\u00f6l\u00e4isten Liitto SEL\",\"url\":\"https:\/\/www.selry.fi\/\",\"logo\":{\"@type\":\"ImageObject\",\"inLanguage\":\"sv-SE\",\"@id\":\"https:\/\/www.selry.fi\/#\/schema\/logo\/image\/\",\"url\":\"https:\/\/www.selry.fi\/wp-content\/uploads\/2021\/05\/logo-sel.svg\",\"contentUrl\":\"https:\/\/www.selry.fi\/wp-content\/uploads\/2021\/05\/logo-sel.svg\",\"width\":453,\"height\":135,\"caption\":\"Suomen Elintarvikety\u00f6l\u00e4isten Liitto SEL\"},\"image\":{\"@id\":\"https:\/\/www.selry.fi\/#\/schema\/logo\/image\/\"},\"sameAs\":[\"https:\/\/www.facebook.com\/selry\",\"https:\/\/x.com\/selryfi\"]},{\"@type\":\"Person\",\"@id\":\"https:\/\/www.selry.fi\/#\/schema\/person\/4fb0b52ed84c524f0beea95625a21678\",\"name\":\"Karoliina \u00d6ystil\u00e4\",\"image\":{\"@type\":\"ImageObject\",\"inLanguage\":\"sv-SE\",\"@id\":\"https:\/\/secure.gravatar.com\/avatar\/8dcb857776c4317075ba571fdc81a06a1f240302e468800d69bf316ef82ac4cd?s=96&d=mm&r=g\",\"url\":\"https:\/\/secure.gravatar.com\/avatar\/8dcb857776c4317075ba571fdc81a06a1f240302e468800d69bf316ef82ac4cd?s=96&d=mm&r=g\",\"contentUrl\":\"https:\/\/secure.gravatar.com\/avatar\/8dcb857776c4317075ba571fdc81a06a1f240302e468800d69bf316ef82ac4cd?s=96&d=mm&r=g\",\"caption\":\"Karoliina \u00d6ystil\u00e4\"}}]}<\/script>\n<!-- \/ Yoast SEO plugin. -->","yoast_head_json":{"title":"M\u00e5let \u00e4r en l\u00f6nef\u00f6rh\u00f6jning p\u00e5 10 procent","robots":{"index":"index","follow":"follow","max-snippet":"max-snippet:-1","max-image-preview":"max-image-preview:large","max-video-preview":"max-video-preview:-1"},"canonical":"https:\/\/www.selry.fi\/sv\/nyheter\/malet-ar-en-loneforhojning-pa-10-procent\/","og_locale":"sv_SE","og_type":"article","og_title":"M\u00e5let \u00e4r en l\u00f6nef\u00f6rh\u00f6jning p\u00e5 10 procent","og_description":"M\u00e5let \u00e4r 6 procent det f\u00f6rsta \u00e5ret, en \u00f6kning i m\u00e5nadsl\u00f6nen p\u00e5 minst 150 euro. Det andra \u00e5ret \u00e4r m\u00e5let [\u2026] Lue lis\u00e4\u00e4 &raquo;","og_url":"https:\/\/www.selry.fi\/sv\/nyheter\/malet-ar-en-loneforhojning-pa-10-procent\/","og_site_name":"Suomen Elintarvikety\u00f6l\u00e4isten Liitto SEL","article_publisher":"https:\/\/www.facebook.com\/selry","article_published_time":"2024-11-13T09:58:00+00:00","article_modified_time":"2024-11-14T09:58:36+00:00","og_image":[{"width":1920,"height":1440,"url":"https:\/\/www.selry.fi\/wp-content\/uploads\/2024\/11\/voitolla-tyohon-pressi-13112024-palkankorotustavoite.jpg","type":"image\/jpeg"}],"author":"Karoliina \u00d6ystil\u00e4","twitter_card":"summary_large_image","twitter_creator":"@selryfi","twitter_site":"@selryfi","schema":{"@context":"https:\/\/schema.org","@graph":[{"@type":"Article","@id":"https:\/\/www.selry.fi\/sv\/nyheter\/malet-ar-en-loneforhojning-pa-10-procent\/#article","isPartOf":{"@id":"https:\/\/www.selry.fi\/sv\/nyheter\/malet-ar-en-loneforhojning-pa-10-procent\/"},"author":{"name":"Karoliina \u00d6ystil\u00e4","@id":"https:\/\/www.selry.fi\/#\/schema\/person\/4fb0b52ed84c524f0beea95625a21678"},"headline":"M\u00e5let \u00e4r en l\u00f6nef\u00f6rh\u00f6jning p\u00e5 10 procent","datePublished":"2024-11-13T09:58:00+00:00","dateModified":"2024-11-14T09:58:36+00:00","mainEntityOfPage":{"@id":"https:\/\/www.selry.fi\/sv\/nyheter\/malet-ar-en-loneforhojning-pa-10-procent\/"},"wordCount":741,"publisher":{"@id":"https:\/\/www.selry.fi\/#organization"},"image":{"@id":"https:\/\/www.selry.fi\/sv\/nyheter\/malet-ar-en-loneforhojning-pa-10-procent\/#primaryimage"},"thumbnailUrl":"https:\/\/www.selry.fi\/wp-content\/uploads\/2024\/11\/voitolla-tyohon-pressi-13112024-palkankorotustavoite.jpg","articleSection":["Nyheter"],"inLanguage":"sv-SE"},{"@type":"WebPage","@id":"https:\/\/www.selry.fi\/sv\/nyheter\/malet-ar-en-loneforhojning-pa-10-procent\/","url":"https:\/\/www.selry.fi\/sv\/nyheter\/malet-ar-en-loneforhojning-pa-10-procent\/","name":"M\u00e5let \u00e4r en l\u00f6nef\u00f6rh\u00f6jning p\u00e5 10 procent","isPartOf":{"@id":"https:\/\/www.selry.fi\/#website"},"primaryImageOfPage":{"@id":"https:\/\/www.selry.fi\/sv\/nyheter\/malet-ar-en-loneforhojning-pa-10-procent\/#primaryimage"},"image":{"@id":"https:\/\/www.selry.fi\/sv\/nyheter\/malet-ar-en-loneforhojning-pa-10-procent\/#primaryimage"},"thumbnailUrl":"https:\/\/www.selry.fi\/wp-content\/uploads\/2024\/11\/voitolla-tyohon-pressi-13112024-palkankorotustavoite.jpg","datePublished":"2024-11-13T09:58:00+00:00","dateModified":"2024-11-14T09:58:36+00:00","breadcrumb":{"@id":"https:\/\/www.selry.fi\/sv\/nyheter\/malet-ar-en-loneforhojning-pa-10-procent\/#breadcrumb"},"inLanguage":"sv-SE","potentialAction":[{"@type":"ReadAction","target":["https:\/\/www.selry.fi\/sv\/nyheter\/malet-ar-en-loneforhojning-pa-10-procent\/"]}]},{"@type":"ImageObject","inLanguage":"sv-SE","@id":"https:\/\/www.selry.fi\/sv\/nyheter\/malet-ar-en-loneforhojning-pa-10-procent\/#primaryimage","url":"https:\/\/www.selry.fi\/wp-content\/uploads\/2024\/11\/voitolla-tyohon-pressi-13112024-palkankorotustavoite.jpg","contentUrl":"https:\/\/www.selry.fi\/wp-content\/uploads\/2024\/11\/voitolla-tyohon-pressi-13112024-palkankorotustavoite.jpg","width":1920,"height":1440},{"@type":"BreadcrumbList","@id":"https:\/\/www.selry.fi\/sv\/nyheter\/malet-ar-en-loneforhojning-pa-10-procent\/#breadcrumb","itemListElement":[{"@type":"ListItem","position":1,"name":"Home","item":"https:\/\/www.selry.fi\/sv\/"},{"@type":"ListItem","position":2,"name":"M\u00e5let \u00e4r en l\u00f6nef\u00f6rh\u00f6jning p\u00e5 10 procent"}]},{"@type":"WebSite","@id":"https:\/\/www.selry.fi\/#website","url":"https:\/\/www.selry.fi\/","name":"Suomen Elintarvikety\u00f6l\u00e4isten Liitto SEL","description":"","publisher":{"@id":"https:\/\/www.selry.fi\/#organization"},"inLanguage":"sv-SE"},{"@type":"Organization","@id":"https:\/\/www.selry.fi\/#organization","name":"Suomen Elintarvikety\u00f6l\u00e4isten Liitto SEL","url":"https:\/\/www.selry.fi\/","logo":{"@type":"ImageObject","inLanguage":"sv-SE","@id":"https:\/\/www.selry.fi\/#\/schema\/logo\/image\/","url":"https:\/\/www.selry.fi\/wp-content\/uploads\/2021\/05\/logo-sel.svg","contentUrl":"https:\/\/www.selry.fi\/wp-content\/uploads\/2021\/05\/logo-sel.svg","width":453,"height":135,"caption":"Suomen Elintarvikety\u00f6l\u00e4isten Liitto SEL"},"image":{"@id":"https:\/\/www.selry.fi\/#\/schema\/logo\/image\/"},"sameAs":["https:\/\/www.facebook.com\/selry","https:\/\/x.com\/selryfi"]},{"@type":"Person","@id":"https:\/\/www.selry.fi\/#\/schema\/person\/4fb0b52ed84c524f0beea95625a21678","name":"Karoliina \u00d6ystil\u00e4","image":{"@type":"ImageObject","inLanguage":"sv-SE","@id":"https:\/\/secure.gravatar.com\/avatar\/8dcb857776c4317075ba571fdc81a06a1f240302e468800d69bf316ef82ac4cd?s=96&d=mm&r=g","url":"https:\/\/secure.gravatar.com\/avatar\/8dcb857776c4317075ba571fdc81a06a1f240302e468800d69bf316ef82ac4cd?s=96&d=mm&r=g","contentUrl":"https:\/\/secure.gravatar.com\/avatar\/8dcb857776c4317075ba571fdc81a06a1f240302e468800d69bf316ef82ac4cd?s=96&d=mm&r=g","caption":"Karoliina \u00d6ystil\u00e4"}}]}},"_links":{"self":[{"href":"https:\/\/www.selry.fi\/sv\/wp-json\/wp\/v2\/posts\/16773","targetHints":{"allow":["GET"]}}],"collection":[{"href":"https:\/\/www.selry.fi\/sv\/wp-json\/wp\/v2\/posts"}],"about":[{"href":"https:\/\/www.selry.fi\/sv\/wp-json\/wp\/v2\/types\/post"}],"author":[{"embeddable":true,"href":"https:\/\/www.selry.fi\/sv\/wp-json\/wp\/v2\/users\/4"}],"replies":[{"embeddable":true,"href":"https:\/\/www.selry.fi\/sv\/wp-json\/wp\/v2\/comments?post=16773"}],"version-history":[{"count":0,"href":"https:\/\/www.selry.fi\/sv\/wp-json\/wp\/v2\/posts\/16773\/revisions"}],"wp:featuredmedia":[{"embeddable":true,"href":"https:\/\/www.selry.fi\/sv\/wp-json\/wp\/v2\/media\/16774"}],"wp:attachment":[{"href":"https:\/\/www.selry.fi\/sv\/wp-json\/wp\/v2\/media?parent=16773"}],"wp:term":[{"taxonomy":"category","embeddable":true,"href":"https:\/\/www.selry.fi\/sv\/wp-json\/wp\/v2\/categories?post=16773"},{"taxonomy":"post_tag","embeddable":true,"href":"https:\/\/www.selry.fi\/sv\/wp-json\/wp\/v2\/tags?post=16773"}],"curies":[{"name":"wp","href":"https:\/\/api.w.org\/{rel}","templated":true}]}}