{"id":16721,"date":"2024-11-11T11:58:14","date_gmt":"2024-11-11T09:58:14","guid":{"rendered":"https:\/\/www.selry.fi\/?p=16721"},"modified":"2024-11-11T11:58:15","modified_gmt":"2024-11-11T09:58:15","slug":"mera-tillsammans","status":"publish","type":"post","link":"https:\/\/www.selry.fi\/sv\/blogg\/mera-tillsammans\/","title":{"rendered":"Mera tillsammans"},"content":{"rendered":"\n<p>Kollektivavtalsrundan inleddes i september, d\u00e5 Industrif\u00f6rbundet och Teknologiindustrins arbetsgivare inledde f\u00f6rhandlingar om ett nytt kollektivavtal. Kollektivavtalsf\u00f6rhandlingar \u00e4r aldrig enkla, eftersom b\u00e4gge parter i f\u00f6rhandlingarna, arbetstagare och arbetsgivare har egna och ofta helt motstridiga m\u00e5l.<\/p>\n\n\n\n<p>Den h\u00e4r g\u00e5ngen kan vi emellertid v\u00e4nta oss ovanligt sv\u00e5ra kollektivavtalsf\u00f6rhandlingar, eftersom de betydande nedsk\u00e4rningar i arbetslivet och arbetsl\u00f6shetsskyddet som Finlands n\u00e4ringsliv EK p\u00e5drivit och regeringen Orpo vill f\u00f6rverkliga \u00f6kar sv\u00e5righetsgraden vid varje branschvist f\u00f6rhandlingsbord. Dessutom har en h\u00f6gre inflation \u00e4n vi vant oss vid i Finland under de senaste \u00e5ren minskat arbetstagarnas k\u00f6pkraft, och av den anledningen beh\u00f6ver och f\u00f6rtj\u00e4nar arbetstagarna nu ordentliga l\u00f6nef\u00f6rh\u00f6jningar.<\/p>\n\n\n\n<p>Regeringen Orpo har innehaft makten i endast under ett och ett halvt \u00e5r, men redan nu har regeringen med sina \u00e5tg\u00e4rder f\u00e5tt till st\u00e5nd en ond cirkel av el\u00e4nde i Finland. Arbetsl\u00f6sheten \u00f6kar och b\u00e5de m\u00e4nniskornas och f\u00f6retagens f\u00f6rtroende inf\u00f6r framtiden vacklar. Att korrigera k\u00f6pkraften f\u00f6r arbetstagarna med tillr\u00e4ckliga l\u00f6nef\u00f6rh\u00f6jningar vore nu speciellt viktigt, eftersom det skulle h\u00e5lla nationalekonomins hjul rullande.<\/p>\n\n\n\n<p>Arbetsgivarna har f\u00e5tt n\u00e4stan allt vad de haft mage att kr\u00e4va av regeringen Orpo. Arbetstagarna har hittills f\u00e5tt h\u00e5lla till godo med n\u00e4rmast f\u00f6rsvagningar och nedsk\u00e4rningar. Fackf\u00f6rbundens m\u00e5l \u00e4r ocks\u00e5 nu att i kollektivavtalen f\u00f6rs\u00f6ka minimera effekterna av de f\u00f6rsvagningar som regeringen inf\u00f6rt i arbetstagarnas r\u00e4ttigheter och arbetsvillkor. Tack vare regeringen Orpo \u00f6kar trycket och sp\u00e4nningarna vid varje avtalsf\u00f6rhandlingsbord.<\/p>\n\n\n\n<p>Arbetsgivarna har, under EK:s ledning redan l\u00e4nge str\u00e4ngt koordinerat sin verksamhet i kollektivavtalsf\u00f6rhandlingarna. Under den h\u00e4r f\u00f6rhandlingsrundan har \u00e4ven de FFC-anslutna fackf\u00f6rbunden beslutat att tillsammans se till att det i alla kollektivavtal ing\u00e5r l\u00f6sningar f\u00f6r b\u00e4ttre arbetsvillkor och r\u00e4ttvisa l\u00f6nef\u00f6rh\u00f6jningar. Tillsammans kan vi utr\u00e4tta mer \u00e4n ensamma.<\/p>\n\n\n\n<p>Nu \u00e4r det arbetsgivarnas tur att ta sitt ansvar f\u00f6r sina arbetstagare och f\u00f6r att hela Finland ska klara sig.<br><br><em>Karoliina \u00d6ystil\u00e4<\/em><br><em>SEL:s kommunikationschef, chefredakt\u00f6r<\/em><\/p>\n\n\n\n<p><em>Texten publiceras som ledare i Elintae 7\/2024 (15.11.2024).<\/em><\/p>\n","protected":false},"excerpt":{"rendered":"<p>Kollektivavtalsrundan inleddes i september, d\u00e5 Industrif\u00f6rbundet och Teknologiindustrins arbetsgivare inledde f\u00f6rhandlingar om ett nytt kollektivavtal. Kollektivavtalsf\u00f6rhandlingar \u00e4r aldrig enkla, eftersom [\u2026] <a href=\"https:\/\/www.selry.fi\/sv\/blogg\/mera-tillsammans\/\">Lue lis\u00e4\u00e4 &raquo;<\/a><\/p>\n","protected":false},"author":4,"featured_media":10993,"comment_status":"closed","ping_status":"closed","sticky":false,"template":"","format":"standard","meta":{"_acf_changed":false,"footnotes":""},"categories":[64],"tags":[],"class_list":["post-16721","post","type-post","status-publish","format-standard","has-post-thumbnail","hentry","category-blogg"],"acf":[],"yoast_head":"<!-- This site is optimized with the Yoast SEO plugin v27.2 - https:\/\/yoast.com\/product\/yoast-seo-wordpress\/ -->\n<title>Mera tillsammans<\/title>\n<meta name=\"robots\" content=\"index, follow, max-snippet:-1, max-image-preview:large, max-video-preview:-1\" \/>\n<link rel=\"canonical\" href=\"https:\/\/www.selry.fi\/sv\/blogg\/mera-tillsammans\/\" \/>\n<meta property=\"og:locale\" content=\"sv_SE\" \/>\n<meta property=\"og:type\" content=\"article\" \/>\n<meta property=\"og:title\" content=\"Mera tillsammans\" \/>\n<meta property=\"og:description\" content=\"Kollektivavtalsrundan inleddes i september, d\u00e5 Industrif\u00f6rbundet och Teknologiindustrins arbetsgivare inledde f\u00f6rhandlingar om ett nytt kollektivavtal. Kollektivavtalsf\u00f6rhandlingar \u00e4r aldrig enkla, eftersom [\u2026] Lue lis\u00e4\u00e4 &raquo;\" \/>\n<meta property=\"og:url\" content=\"https:\/\/www.selry.fi\/sv\/blogg\/mera-tillsammans\/\" \/>\n<meta property=\"og:site_name\" content=\"Suomen Elintarvikety\u00f6l\u00e4isten Liitto SEL\" \/>\n<meta property=\"article:publisher\" content=\"https:\/\/www.facebook.com\/selry\" \/>\n<meta property=\"article:published_time\" content=\"2024-11-11T09:58:14+00:00\" \/>\n<meta property=\"article:modified_time\" content=\"2024-11-11T09:58:15+00:00\" \/>\n<meta property=\"og:image\" content=\"https:\/\/www.selry.fi\/wp-content\/uploads\/2023\/02\/karoliina-oystila-blogi.jpg\" \/>\n\t<meta property=\"og:image:width\" content=\"1536\" \/>\n\t<meta property=\"og:image:height\" content=\"1081\" \/>\n\t<meta property=\"og:image:type\" content=\"image\/jpeg\" \/>\n<meta name=\"author\" content=\"Karoliina \u00d6ystil\u00e4\" \/>\n<meta name=\"twitter:card\" content=\"summary_large_image\" \/>\n<meta name=\"twitter:creator\" content=\"@selryfi\" \/>\n<meta name=\"twitter:site\" content=\"@selryfi\" \/>\n<script type=\"application\/ld+json\" class=\"yoast-schema-graph\">{\"@context\":\"https:\/\/schema.org\",\"@graph\":[{\"@type\":\"Article\",\"@id\":\"https:\/\/www.selry.fi\/sv\/blogg\/mera-tillsammans\/#article\",\"isPartOf\":{\"@id\":\"https:\/\/www.selry.fi\/sv\/blogg\/mera-tillsammans\/\"},\"author\":{\"name\":\"Karoliina \u00d6ystil\u00e4\",\"@id\":\"https:\/\/www.selry.fi\/#\/schema\/person\/4fb0b52ed84c524f0beea95625a21678\"},\"headline\":\"Mera tillsammans\",\"datePublished\":\"2024-11-11T09:58:14+00:00\",\"dateModified\":\"2024-11-11T09:58:15+00:00\",\"mainEntityOfPage\":{\"@id\":\"https:\/\/www.selry.fi\/sv\/blogg\/mera-tillsammans\/\"},\"wordCount\":379,\"publisher\":{\"@id\":\"https:\/\/www.selry.fi\/#organization\"},\"image\":{\"@id\":\"https:\/\/www.selry.fi\/sv\/blogg\/mera-tillsammans\/#primaryimage\"},\"thumbnailUrl\":\"https:\/\/www.selry.fi\/wp-content\/uploads\/2023\/02\/karoliina-oystila-blogi.jpg\",\"articleSection\":[\"Blogg\"],\"inLanguage\":\"sv-SE\"},{\"@type\":\"WebPage\",\"@id\":\"https:\/\/www.selry.fi\/sv\/blogg\/mera-tillsammans\/\",\"url\":\"https:\/\/www.selry.fi\/sv\/blogg\/mera-tillsammans\/\",\"name\":\"Mera tillsammans\",\"isPartOf\":{\"@id\":\"https:\/\/www.selry.fi\/#website\"},\"primaryImageOfPage\":{\"@id\":\"https:\/\/www.selry.fi\/sv\/blogg\/mera-tillsammans\/#primaryimage\"},\"image\":{\"@id\":\"https:\/\/www.selry.fi\/sv\/blogg\/mera-tillsammans\/#primaryimage\"},\"thumbnailUrl\":\"https:\/\/www.selry.fi\/wp-content\/uploads\/2023\/02\/karoliina-oystila-blogi.jpg\",\"datePublished\":\"2024-11-11T09:58:14+00:00\",\"dateModified\":\"2024-11-11T09:58:15+00:00\",\"breadcrumb\":{\"@id\":\"https:\/\/www.selry.fi\/sv\/blogg\/mera-tillsammans\/#breadcrumb\"},\"inLanguage\":\"sv-SE\",\"potentialAction\":[{\"@type\":\"ReadAction\",\"target\":[\"https:\/\/www.selry.fi\/sv\/blogg\/mera-tillsammans\/\"]}]},{\"@type\":\"ImageObject\",\"inLanguage\":\"sv-SE\",\"@id\":\"https:\/\/www.selry.fi\/sv\/blogg\/mera-tillsammans\/#primaryimage\",\"url\":\"https:\/\/www.selry.fi\/wp-content\/uploads\/2023\/02\/karoliina-oystila-blogi.jpg\",\"contentUrl\":\"https:\/\/www.selry.fi\/wp-content\/uploads\/2023\/02\/karoliina-oystila-blogi.jpg\",\"width\":1536,\"height\":1081},{\"@type\":\"BreadcrumbList\",\"@id\":\"https:\/\/www.selry.fi\/sv\/blogg\/mera-tillsammans\/#breadcrumb\",\"itemListElement\":[{\"@type\":\"ListItem\",\"position\":1,\"name\":\"Home\",\"item\":\"https:\/\/www.selry.fi\/sv\/\"},{\"@type\":\"ListItem\",\"position\":2,\"name\":\"Mera tillsammans\"}]},{\"@type\":\"WebSite\",\"@id\":\"https:\/\/www.selry.fi\/#website\",\"url\":\"https:\/\/www.selry.fi\/\",\"name\":\"Suomen Elintarvikety\u00f6l\u00e4isten Liitto SEL\",\"description\":\"\",\"publisher\":{\"@id\":\"https:\/\/www.selry.fi\/#organization\"},\"inLanguage\":\"sv-SE\"},{\"@type\":\"Organization\",\"@id\":\"https:\/\/www.selry.fi\/#organization\",\"name\":\"Suomen Elintarvikety\u00f6l\u00e4isten Liitto SEL\",\"url\":\"https:\/\/www.selry.fi\/\",\"logo\":{\"@type\":\"ImageObject\",\"inLanguage\":\"sv-SE\",\"@id\":\"https:\/\/www.selry.fi\/#\/schema\/logo\/image\/\",\"url\":\"https:\/\/www.selry.fi\/wp-content\/uploads\/2021\/05\/logo-sel.svg\",\"contentUrl\":\"https:\/\/www.selry.fi\/wp-content\/uploads\/2021\/05\/logo-sel.svg\",\"width\":453,\"height\":135,\"caption\":\"Suomen Elintarvikety\u00f6l\u00e4isten Liitto SEL\"},\"image\":{\"@id\":\"https:\/\/www.selry.fi\/#\/schema\/logo\/image\/\"},\"sameAs\":[\"https:\/\/www.facebook.com\/selry\",\"https:\/\/x.com\/selryfi\"]},{\"@type\":\"Person\",\"@id\":\"https:\/\/www.selry.fi\/#\/schema\/person\/4fb0b52ed84c524f0beea95625a21678\",\"name\":\"Karoliina \u00d6ystil\u00e4\",\"image\":{\"@type\":\"ImageObject\",\"inLanguage\":\"sv-SE\",\"@id\":\"https:\/\/secure.gravatar.com\/avatar\/8dcb857776c4317075ba571fdc81a06a1f240302e468800d69bf316ef82ac4cd?s=96&d=mm&r=g\",\"url\":\"https:\/\/secure.gravatar.com\/avatar\/8dcb857776c4317075ba571fdc81a06a1f240302e468800d69bf316ef82ac4cd?s=96&d=mm&r=g\",\"contentUrl\":\"https:\/\/secure.gravatar.com\/avatar\/8dcb857776c4317075ba571fdc81a06a1f240302e468800d69bf316ef82ac4cd?s=96&d=mm&r=g\",\"caption\":\"Karoliina \u00d6ystil\u00e4\"}}]}<\/script>\n<!-- \/ Yoast SEO plugin. -->","yoast_head_json":{"title":"Mera tillsammans","robots":{"index":"index","follow":"follow","max-snippet":"max-snippet:-1","max-image-preview":"max-image-preview:large","max-video-preview":"max-video-preview:-1"},"canonical":"https:\/\/www.selry.fi\/sv\/blogg\/mera-tillsammans\/","og_locale":"sv_SE","og_type":"article","og_title":"Mera tillsammans","og_description":"Kollektivavtalsrundan inleddes i september, d\u00e5 Industrif\u00f6rbundet och Teknologiindustrins arbetsgivare inledde f\u00f6rhandlingar om ett nytt kollektivavtal. Kollektivavtalsf\u00f6rhandlingar \u00e4r aldrig enkla, eftersom [\u2026] Lue lis\u00e4\u00e4 &raquo;","og_url":"https:\/\/www.selry.fi\/sv\/blogg\/mera-tillsammans\/","og_site_name":"Suomen Elintarvikety\u00f6l\u00e4isten Liitto SEL","article_publisher":"https:\/\/www.facebook.com\/selry","article_published_time":"2024-11-11T09:58:14+00:00","article_modified_time":"2024-11-11T09:58:15+00:00","og_image":[{"width":1536,"height":1081,"url":"https:\/\/www.selry.fi\/wp-content\/uploads\/2023\/02\/karoliina-oystila-blogi.jpg","type":"image\/jpeg"}],"author":"Karoliina \u00d6ystil\u00e4","twitter_card":"summary_large_image","twitter_creator":"@selryfi","twitter_site":"@selryfi","schema":{"@context":"https:\/\/schema.org","@graph":[{"@type":"Article","@id":"https:\/\/www.selry.fi\/sv\/blogg\/mera-tillsammans\/#article","isPartOf":{"@id":"https:\/\/www.selry.fi\/sv\/blogg\/mera-tillsammans\/"},"author":{"name":"Karoliina \u00d6ystil\u00e4","@id":"https:\/\/www.selry.fi\/#\/schema\/person\/4fb0b52ed84c524f0beea95625a21678"},"headline":"Mera tillsammans","datePublished":"2024-11-11T09:58:14+00:00","dateModified":"2024-11-11T09:58:15+00:00","mainEntityOfPage":{"@id":"https:\/\/www.selry.fi\/sv\/blogg\/mera-tillsammans\/"},"wordCount":379,"publisher":{"@id":"https:\/\/www.selry.fi\/#organization"},"image":{"@id":"https:\/\/www.selry.fi\/sv\/blogg\/mera-tillsammans\/#primaryimage"},"thumbnailUrl":"https:\/\/www.selry.fi\/wp-content\/uploads\/2023\/02\/karoliina-oystila-blogi.jpg","articleSection":["Blogg"],"inLanguage":"sv-SE"},{"@type":"WebPage","@id":"https:\/\/www.selry.fi\/sv\/blogg\/mera-tillsammans\/","url":"https:\/\/www.selry.fi\/sv\/blogg\/mera-tillsammans\/","name":"Mera tillsammans","isPartOf":{"@id":"https:\/\/www.selry.fi\/#website"},"primaryImageOfPage":{"@id":"https:\/\/www.selry.fi\/sv\/blogg\/mera-tillsammans\/#primaryimage"},"image":{"@id":"https:\/\/www.selry.fi\/sv\/blogg\/mera-tillsammans\/#primaryimage"},"thumbnailUrl":"https:\/\/www.selry.fi\/wp-content\/uploads\/2023\/02\/karoliina-oystila-blogi.jpg","datePublished":"2024-11-11T09:58:14+00:00","dateModified":"2024-11-11T09:58:15+00:00","breadcrumb":{"@id":"https:\/\/www.selry.fi\/sv\/blogg\/mera-tillsammans\/#breadcrumb"},"inLanguage":"sv-SE","potentialAction":[{"@type":"ReadAction","target":["https:\/\/www.selry.fi\/sv\/blogg\/mera-tillsammans\/"]}]},{"@type":"ImageObject","inLanguage":"sv-SE","@id":"https:\/\/www.selry.fi\/sv\/blogg\/mera-tillsammans\/#primaryimage","url":"https:\/\/www.selry.fi\/wp-content\/uploads\/2023\/02\/karoliina-oystila-blogi.jpg","contentUrl":"https:\/\/www.selry.fi\/wp-content\/uploads\/2023\/02\/karoliina-oystila-blogi.jpg","width":1536,"height":1081},{"@type":"BreadcrumbList","@id":"https:\/\/www.selry.fi\/sv\/blogg\/mera-tillsammans\/#breadcrumb","itemListElement":[{"@type":"ListItem","position":1,"name":"Home","item":"https:\/\/www.selry.fi\/sv\/"},{"@type":"ListItem","position":2,"name":"Mera tillsammans"}]},{"@type":"WebSite","@id":"https:\/\/www.selry.fi\/#website","url":"https:\/\/www.selry.fi\/","name":"Suomen Elintarvikety\u00f6l\u00e4isten Liitto SEL","description":"","publisher":{"@id":"https:\/\/www.selry.fi\/#organization"},"inLanguage":"sv-SE"},{"@type":"Organization","@id":"https:\/\/www.selry.fi\/#organization","name":"Suomen Elintarvikety\u00f6l\u00e4isten Liitto SEL","url":"https:\/\/www.selry.fi\/","logo":{"@type":"ImageObject","inLanguage":"sv-SE","@id":"https:\/\/www.selry.fi\/#\/schema\/logo\/image\/","url":"https:\/\/www.selry.fi\/wp-content\/uploads\/2021\/05\/logo-sel.svg","contentUrl":"https:\/\/www.selry.fi\/wp-content\/uploads\/2021\/05\/logo-sel.svg","width":453,"height":135,"caption":"Suomen Elintarvikety\u00f6l\u00e4isten Liitto SEL"},"image":{"@id":"https:\/\/www.selry.fi\/#\/schema\/logo\/image\/"},"sameAs":["https:\/\/www.facebook.com\/selry","https:\/\/x.com\/selryfi"]},{"@type":"Person","@id":"https:\/\/www.selry.fi\/#\/schema\/person\/4fb0b52ed84c524f0beea95625a21678","name":"Karoliina \u00d6ystil\u00e4","image":{"@type":"ImageObject","inLanguage":"sv-SE","@id":"https:\/\/secure.gravatar.com\/avatar\/8dcb857776c4317075ba571fdc81a06a1f240302e468800d69bf316ef82ac4cd?s=96&d=mm&r=g","url":"https:\/\/secure.gravatar.com\/avatar\/8dcb857776c4317075ba571fdc81a06a1f240302e468800d69bf316ef82ac4cd?s=96&d=mm&r=g","contentUrl":"https:\/\/secure.gravatar.com\/avatar\/8dcb857776c4317075ba571fdc81a06a1f240302e468800d69bf316ef82ac4cd?s=96&d=mm&r=g","caption":"Karoliina \u00d6ystil\u00e4"}}]}},"_links":{"self":[{"href":"https:\/\/www.selry.fi\/sv\/wp-json\/wp\/v2\/posts\/16721","targetHints":{"allow":["GET"]}}],"collection":[{"href":"https:\/\/www.selry.fi\/sv\/wp-json\/wp\/v2\/posts"}],"about":[{"href":"https:\/\/www.selry.fi\/sv\/wp-json\/wp\/v2\/types\/post"}],"author":[{"embeddable":true,"href":"https:\/\/www.selry.fi\/sv\/wp-json\/wp\/v2\/users\/4"}],"replies":[{"embeddable":true,"href":"https:\/\/www.selry.fi\/sv\/wp-json\/wp\/v2\/comments?post=16721"}],"version-history":[{"count":0,"href":"https:\/\/www.selry.fi\/sv\/wp-json\/wp\/v2\/posts\/16721\/revisions"}],"wp:featuredmedia":[{"embeddable":true,"href":"https:\/\/www.selry.fi\/sv\/wp-json\/wp\/v2\/media\/10993"}],"wp:attachment":[{"href":"https:\/\/www.selry.fi\/sv\/wp-json\/wp\/v2\/media?parent=16721"}],"wp:term":[{"taxonomy":"category","embeddable":true,"href":"https:\/\/www.selry.fi\/sv\/wp-json\/wp\/v2\/categories?post=16721"},{"taxonomy":"post_tag","embeddable":true,"href":"https:\/\/www.selry.fi\/sv\/wp-json\/wp\/v2\/tags?post=16721"}],"curies":[{"name":"wp","href":"https:\/\/api.w.org\/{rel}","templated":true}]}}