{"id":16688,"date":"2024-11-05T13:36:40","date_gmt":"2024-11-05T11:36:40","guid":{"rendered":"https:\/\/www.selry.fi\/?p=16688"},"modified":"2024-11-05T13:36:40","modified_gmt":"2024-11-05T11:36:40","slug":"bakslag-med-regeringens-sysselsattningsatgarder","status":"publish","type":"post","link":"https:\/\/www.selry.fi\/sv\/blogg\/bakslag-med-regeringens-sysselsattningsatgarder\/","title":{"rendered":"Bakslag med regeringens syssels\u00e4ttnings\u00e5tg\u00e4rder"},"content":{"rendered":"\n<p>Regeringen Orpo har motiverat sina nedsk\u00e4rningar i arbetsvillkor och arbetsl\u00f6shetsskydd med att de ska f\u00f6rb\u00e4ttra syssels\u00e4ttningen. S\u00e4llan har nobla m\u00e5l presenterats med en s\u00e5 dold agenda som dessa.<\/p>\n\n\n\n<p>Hur m\u00e5nga arbetsplatser skapas om det blir m\u00f6jligt att, utan grund, sluta ett\u00e5riga tidsbundna arbetsvillkor? Det \u00e4r ett d\u00e5ligt sk\u00e4mt att motivera en s\u00e5dan \u00e5tg\u00e4rd med f\u00f6rb\u00e4ttrad syssels\u00e4ttning. Arbetsgivarna har redan nu tillr\u00e4ckliga m\u00f6jligheter att utnyttja atypiska arbetsf\u00f6rh\u00e5llanden och en \u00f6kning skulle med s\u00e4kerhet ha negativa effekter p\u00e5 den inhemska konsumtionen o h arbetsplatserna.<\/p>\n\n\n\n<p>Och hur m\u00e5nga arbetsplatser skapas genom att slopa principen om v\u00e4gande sk\u00e4l vid upps\u00e4gningar? Visserligen kan en s\u00e5dan \u00e5tg\u00e4rd ha en syssels\u00e4ttande effekt f\u00f6r domstolarna, d\u00e5 man r\u00e4ttsv\u00e4gen tvingas pr\u00f6va lagligheten i en upps\u00e4gning, men n\u00e5gra nya arbetsplatser skapas inte. Att underl\u00e4tta upps\u00e4gningar \u00f6kar os\u00e4kerheten i arbetslivet och p\u00e5verkar m\u00e4nniskors mod att ta tag i oegentligheter p\u00e5 arbetsplatsen, n\u00e5got som ocks\u00e5 torde vara regeringens avsikt.<\/p>\n\n\n\n<p>Att slopa vuxenutbildningsst\u00f6det var ett obegripligt beslut vars effekt p\u00e5 syssels\u00e4ttningen \u00e4r noll, om inte rentav klart negativ.<\/p>\n\n\n\n<p>Regeringen f\u00f6rkortar informationstiden f\u00f6r permitteringar till sju dagar med en tvingande lagstiftning, som man inte kan \u00f6verenskomma om p\u00e5 annat s\u00e4tt, inte ens i kollektivavtal. Den syssels\u00e4ttande effekten \u00e4r noll, men os\u00e4kerheten inf\u00f6r morgondagen bland arbetstagarna \u00f6kar nog.<\/p>\n\n\n\n<p>Plikten att \u00e5teranst\u00e4llning slopas i f\u00f6retag med mindre \u00e4n 50 anst\u00e4llda. Den syssels\u00e4ttande effekten \u00e4r noll.<\/p>\n\n\n\n<p>Regeringen vill att den f\u00f6rsta sjukledighetsdagen skall vara obetald, trots att man samtidigt i m\u00e5nga f\u00f6retag, f\u00f6r att minska byr\u00e5kratin har \u00f6verg\u00e5tt till att arbetstagaren med eget meddelande kan vara borta p\u00e5 grund av sjukdom i exempelvis tre dagar. Den syssels\u00e4ttande effekten \u00e4r noll.<\/p>\n\n\n\n<p>P\u00e5 grund av regeringens \u00e5tg\u00e4rder har arbetsl\u00f6sheten redan \u00f6kat. Det \u00e4r ingen \u00f6verraskning eftersom det st\u00e5r klart att regeringens betydande nedsk\u00e4rningar i arbetsl\u00f6shetsskyddet och annat socialskydd besk\u00e4r den inhemska konsumtionen.<\/p>\n\n\n\n<p>Regeringen Orpos f\u00f6rsvagningslista av arbetslivet \u00e4r exempell\u00f6st l\u00e5ng och drastisk. D\u00e5 regeringens avsikt i sj\u00e4lva verket \u00e4r att f\u00f6rsvaga arbetstagarnas st\u00e4llning p\u00e5 arbetsplatsen, \u00e4r det groteskt att drapera lag\u00e4ndringarna i syssels\u00e4ttnings\u00e5tg\u00e4rdernas kappa. Det hade varit mera rakryggat att hederligt avsl\u00f6ja det verkliga motivet: regeringen g\u00e5r arbetsgivarnas \u00e4renden.<br><br><em>Veli-Matti Kuntonen<\/em><br><em>SEL:s f\u00f6rbundsordf\u00f6rande<\/em><\/p>\n","protected":false},"excerpt":{"rendered":"<p>Regeringen Orpo har motiverat sina nedsk\u00e4rningar i arbetsvillkor och arbetsl\u00f6shetsskydd med att de ska f\u00f6rb\u00e4ttra syssels\u00e4ttningen. S\u00e4llan har nobla m\u00e5l [\u2026] <a href=\"https:\/\/www.selry.fi\/sv\/blogg\/bakslag-med-regeringens-sysselsattningsatgarder\/\">Lue lis\u00e4\u00e4 &raquo;<\/a><\/p>\n","protected":false},"author":4,"featured_media":10997,"comment_status":"closed","ping_status":"closed","sticky":false,"template":"","format":"standard","meta":{"_acf_changed":false,"footnotes":""},"categories":[64],"tags":[],"class_list":["post-16688","post","type-post","status-publish","format-standard","has-post-thumbnail","hentry","category-blogg"],"acf":[],"yoast_head":"<!-- This site is optimized with the Yoast SEO plugin v27.2 - https:\/\/yoast.com\/product\/yoast-seo-wordpress\/ -->\n<title>Bakslag med regeringens syssels\u00e4ttnings\u00e5tg\u00e4rder<\/title>\n<meta name=\"robots\" content=\"index, follow, max-snippet:-1, max-image-preview:large, max-video-preview:-1\" \/>\n<link rel=\"canonical\" href=\"https:\/\/www.selry.fi\/sv\/blogg\/bakslag-med-regeringens-sysselsattningsatgarder\/\" \/>\n<meta property=\"og:locale\" content=\"sv_SE\" \/>\n<meta property=\"og:type\" content=\"article\" \/>\n<meta property=\"og:title\" content=\"Bakslag med regeringens syssels\u00e4ttnings\u00e5tg\u00e4rder\" \/>\n<meta property=\"og:description\" content=\"Regeringen Orpo har motiverat sina nedsk\u00e4rningar i arbetsvillkor och arbetsl\u00f6shetsskydd med att de ska f\u00f6rb\u00e4ttra syssels\u00e4ttningen. S\u00e4llan har nobla m\u00e5l [\u2026] Lue lis\u00e4\u00e4 &raquo;\" \/>\n<meta property=\"og:url\" content=\"https:\/\/www.selry.fi\/sv\/blogg\/bakslag-med-regeringens-sysselsattningsatgarder\/\" \/>\n<meta property=\"og:site_name\" content=\"Suomen Elintarvikety\u00f6l\u00e4isten Liitto SEL\" \/>\n<meta property=\"article:publisher\" content=\"https:\/\/www.facebook.com\/selry\" \/>\n<meta property=\"article:published_time\" content=\"2024-11-05T11:36:40+00:00\" \/>\n<meta property=\"og:image\" content=\"https:\/\/www.selry.fi\/wp-content\/uploads\/2023\/02\/veli-matti-kuntonen-blogi.jpg\" \/>\n\t<meta property=\"og:image:width\" content=\"1536\" \/>\n\t<meta property=\"og:image:height\" content=\"1148\" \/>\n\t<meta property=\"og:image:type\" content=\"image\/jpeg\" \/>\n<meta name=\"author\" content=\"Karoliina \u00d6ystil\u00e4\" \/>\n<meta name=\"twitter:card\" content=\"summary_large_image\" \/>\n<meta name=\"twitter:creator\" content=\"@selryfi\" \/>\n<meta name=\"twitter:site\" content=\"@selryfi\" \/>\n<script type=\"application\/ld+json\" class=\"yoast-schema-graph\">{\"@context\":\"https:\/\/schema.org\",\"@graph\":[{\"@type\":\"Article\",\"@id\":\"https:\/\/www.selry.fi\/sv\/blogg\/bakslag-med-regeringens-sysselsattningsatgarder\/#article\",\"isPartOf\":{\"@id\":\"https:\/\/www.selry.fi\/sv\/blogg\/bakslag-med-regeringens-sysselsattningsatgarder\/\"},\"author\":{\"name\":\"Karoliina \u00d6ystil\u00e4\",\"@id\":\"https:\/\/www.selry.fi\/#\/schema\/person\/4fb0b52ed84c524f0beea95625a21678\"},\"headline\":\"Bakslag med regeringens syssels\u00e4ttnings\u00e5tg\u00e4rder\",\"datePublished\":\"2024-11-05T11:36:40+00:00\",\"mainEntityOfPage\":{\"@id\":\"https:\/\/www.selry.fi\/sv\/blogg\/bakslag-med-regeringens-sysselsattningsatgarder\/\"},\"wordCount\":431,\"publisher\":{\"@id\":\"https:\/\/www.selry.fi\/#organization\"},\"image\":{\"@id\":\"https:\/\/www.selry.fi\/sv\/blogg\/bakslag-med-regeringens-sysselsattningsatgarder\/#primaryimage\"},\"thumbnailUrl\":\"https:\/\/www.selry.fi\/wp-content\/uploads\/2023\/02\/veli-matti-kuntonen-blogi.jpg\",\"articleSection\":[\"Blogg\"],\"inLanguage\":\"sv-SE\"},{\"@type\":\"WebPage\",\"@id\":\"https:\/\/www.selry.fi\/sv\/blogg\/bakslag-med-regeringens-sysselsattningsatgarder\/\",\"url\":\"https:\/\/www.selry.fi\/sv\/blogg\/bakslag-med-regeringens-sysselsattningsatgarder\/\",\"name\":\"Bakslag med regeringens syssels\u00e4ttnings\u00e5tg\u00e4rder\",\"isPartOf\":{\"@id\":\"https:\/\/www.selry.fi\/#website\"},\"primaryImageOfPage\":{\"@id\":\"https:\/\/www.selry.fi\/sv\/blogg\/bakslag-med-regeringens-sysselsattningsatgarder\/#primaryimage\"},\"image\":{\"@id\":\"https:\/\/www.selry.fi\/sv\/blogg\/bakslag-med-regeringens-sysselsattningsatgarder\/#primaryimage\"},\"thumbnailUrl\":\"https:\/\/www.selry.fi\/wp-content\/uploads\/2023\/02\/veli-matti-kuntonen-blogi.jpg\",\"datePublished\":\"2024-11-05T11:36:40+00:00\",\"breadcrumb\":{\"@id\":\"https:\/\/www.selry.fi\/sv\/blogg\/bakslag-med-regeringens-sysselsattningsatgarder\/#breadcrumb\"},\"inLanguage\":\"sv-SE\",\"potentialAction\":[{\"@type\":\"ReadAction\",\"target\":[\"https:\/\/www.selry.fi\/sv\/blogg\/bakslag-med-regeringens-sysselsattningsatgarder\/\"]}]},{\"@type\":\"ImageObject\",\"inLanguage\":\"sv-SE\",\"@id\":\"https:\/\/www.selry.fi\/sv\/blogg\/bakslag-med-regeringens-sysselsattningsatgarder\/#primaryimage\",\"url\":\"https:\/\/www.selry.fi\/wp-content\/uploads\/2023\/02\/veli-matti-kuntonen-blogi.jpg\",\"contentUrl\":\"https:\/\/www.selry.fi\/wp-content\/uploads\/2023\/02\/veli-matti-kuntonen-blogi.jpg\",\"width\":1536,\"height\":1148},{\"@type\":\"BreadcrumbList\",\"@id\":\"https:\/\/www.selry.fi\/sv\/blogg\/bakslag-med-regeringens-sysselsattningsatgarder\/#breadcrumb\",\"itemListElement\":[{\"@type\":\"ListItem\",\"position\":1,\"name\":\"Home\",\"item\":\"https:\/\/www.selry.fi\/sv\/\"},{\"@type\":\"ListItem\",\"position\":2,\"name\":\"Bakslag med regeringens syssels\u00e4ttnings\u00e5tg\u00e4rder\"}]},{\"@type\":\"WebSite\",\"@id\":\"https:\/\/www.selry.fi\/#website\",\"url\":\"https:\/\/www.selry.fi\/\",\"name\":\"Suomen Elintarvikety\u00f6l\u00e4isten Liitto SEL\",\"description\":\"\",\"publisher\":{\"@id\":\"https:\/\/www.selry.fi\/#organization\"},\"inLanguage\":\"sv-SE\"},{\"@type\":\"Organization\",\"@id\":\"https:\/\/www.selry.fi\/#organization\",\"name\":\"Suomen Elintarvikety\u00f6l\u00e4isten Liitto SEL\",\"url\":\"https:\/\/www.selry.fi\/\",\"logo\":{\"@type\":\"ImageObject\",\"inLanguage\":\"sv-SE\",\"@id\":\"https:\/\/www.selry.fi\/#\/schema\/logo\/image\/\",\"url\":\"https:\/\/www.selry.fi\/wp-content\/uploads\/2021\/05\/logo-sel.svg\",\"contentUrl\":\"https:\/\/www.selry.fi\/wp-content\/uploads\/2021\/05\/logo-sel.svg\",\"width\":453,\"height\":135,\"caption\":\"Suomen Elintarvikety\u00f6l\u00e4isten Liitto SEL\"},\"image\":{\"@id\":\"https:\/\/www.selry.fi\/#\/schema\/logo\/image\/\"},\"sameAs\":[\"https:\/\/www.facebook.com\/selry\",\"https:\/\/x.com\/selryfi\"]},{\"@type\":\"Person\",\"@id\":\"https:\/\/www.selry.fi\/#\/schema\/person\/4fb0b52ed84c524f0beea95625a21678\",\"name\":\"Karoliina \u00d6ystil\u00e4\",\"image\":{\"@type\":\"ImageObject\",\"inLanguage\":\"sv-SE\",\"@id\":\"https:\/\/secure.gravatar.com\/avatar\/8dcb857776c4317075ba571fdc81a06a1f240302e468800d69bf316ef82ac4cd?s=96&d=mm&r=g\",\"url\":\"https:\/\/secure.gravatar.com\/avatar\/8dcb857776c4317075ba571fdc81a06a1f240302e468800d69bf316ef82ac4cd?s=96&d=mm&r=g\",\"contentUrl\":\"https:\/\/secure.gravatar.com\/avatar\/8dcb857776c4317075ba571fdc81a06a1f240302e468800d69bf316ef82ac4cd?s=96&d=mm&r=g\",\"caption\":\"Karoliina \u00d6ystil\u00e4\"}}]}<\/script>\n<!-- \/ Yoast SEO plugin. -->","yoast_head_json":{"title":"Bakslag med regeringens syssels\u00e4ttnings\u00e5tg\u00e4rder","robots":{"index":"index","follow":"follow","max-snippet":"max-snippet:-1","max-image-preview":"max-image-preview:large","max-video-preview":"max-video-preview:-1"},"canonical":"https:\/\/www.selry.fi\/sv\/blogg\/bakslag-med-regeringens-sysselsattningsatgarder\/","og_locale":"sv_SE","og_type":"article","og_title":"Bakslag med regeringens syssels\u00e4ttnings\u00e5tg\u00e4rder","og_description":"Regeringen Orpo har motiverat sina nedsk\u00e4rningar i arbetsvillkor och arbetsl\u00f6shetsskydd med att de ska f\u00f6rb\u00e4ttra syssels\u00e4ttningen. S\u00e4llan har nobla m\u00e5l [\u2026] Lue lis\u00e4\u00e4 &raquo;","og_url":"https:\/\/www.selry.fi\/sv\/blogg\/bakslag-med-regeringens-sysselsattningsatgarder\/","og_site_name":"Suomen Elintarvikety\u00f6l\u00e4isten Liitto SEL","article_publisher":"https:\/\/www.facebook.com\/selry","article_published_time":"2024-11-05T11:36:40+00:00","og_image":[{"width":1536,"height":1148,"url":"https:\/\/www.selry.fi\/wp-content\/uploads\/2023\/02\/veli-matti-kuntonen-blogi.jpg","type":"image\/jpeg"}],"author":"Karoliina \u00d6ystil\u00e4","twitter_card":"summary_large_image","twitter_creator":"@selryfi","twitter_site":"@selryfi","schema":{"@context":"https:\/\/schema.org","@graph":[{"@type":"Article","@id":"https:\/\/www.selry.fi\/sv\/blogg\/bakslag-med-regeringens-sysselsattningsatgarder\/#article","isPartOf":{"@id":"https:\/\/www.selry.fi\/sv\/blogg\/bakslag-med-regeringens-sysselsattningsatgarder\/"},"author":{"name":"Karoliina \u00d6ystil\u00e4","@id":"https:\/\/www.selry.fi\/#\/schema\/person\/4fb0b52ed84c524f0beea95625a21678"},"headline":"Bakslag med regeringens syssels\u00e4ttnings\u00e5tg\u00e4rder","datePublished":"2024-11-05T11:36:40+00:00","mainEntityOfPage":{"@id":"https:\/\/www.selry.fi\/sv\/blogg\/bakslag-med-regeringens-sysselsattningsatgarder\/"},"wordCount":431,"publisher":{"@id":"https:\/\/www.selry.fi\/#organization"},"image":{"@id":"https:\/\/www.selry.fi\/sv\/blogg\/bakslag-med-regeringens-sysselsattningsatgarder\/#primaryimage"},"thumbnailUrl":"https:\/\/www.selry.fi\/wp-content\/uploads\/2023\/02\/veli-matti-kuntonen-blogi.jpg","articleSection":["Blogg"],"inLanguage":"sv-SE"},{"@type":"WebPage","@id":"https:\/\/www.selry.fi\/sv\/blogg\/bakslag-med-regeringens-sysselsattningsatgarder\/","url":"https:\/\/www.selry.fi\/sv\/blogg\/bakslag-med-regeringens-sysselsattningsatgarder\/","name":"Bakslag med regeringens syssels\u00e4ttnings\u00e5tg\u00e4rder","isPartOf":{"@id":"https:\/\/www.selry.fi\/#website"},"primaryImageOfPage":{"@id":"https:\/\/www.selry.fi\/sv\/blogg\/bakslag-med-regeringens-sysselsattningsatgarder\/#primaryimage"},"image":{"@id":"https:\/\/www.selry.fi\/sv\/blogg\/bakslag-med-regeringens-sysselsattningsatgarder\/#primaryimage"},"thumbnailUrl":"https:\/\/www.selry.fi\/wp-content\/uploads\/2023\/02\/veli-matti-kuntonen-blogi.jpg","datePublished":"2024-11-05T11:36:40+00:00","breadcrumb":{"@id":"https:\/\/www.selry.fi\/sv\/blogg\/bakslag-med-regeringens-sysselsattningsatgarder\/#breadcrumb"},"inLanguage":"sv-SE","potentialAction":[{"@type":"ReadAction","target":["https:\/\/www.selry.fi\/sv\/blogg\/bakslag-med-regeringens-sysselsattningsatgarder\/"]}]},{"@type":"ImageObject","inLanguage":"sv-SE","@id":"https:\/\/www.selry.fi\/sv\/blogg\/bakslag-med-regeringens-sysselsattningsatgarder\/#primaryimage","url":"https:\/\/www.selry.fi\/wp-content\/uploads\/2023\/02\/veli-matti-kuntonen-blogi.jpg","contentUrl":"https:\/\/www.selry.fi\/wp-content\/uploads\/2023\/02\/veli-matti-kuntonen-blogi.jpg","width":1536,"height":1148},{"@type":"BreadcrumbList","@id":"https:\/\/www.selry.fi\/sv\/blogg\/bakslag-med-regeringens-sysselsattningsatgarder\/#breadcrumb","itemListElement":[{"@type":"ListItem","position":1,"name":"Home","item":"https:\/\/www.selry.fi\/sv\/"},{"@type":"ListItem","position":2,"name":"Bakslag med regeringens syssels\u00e4ttnings\u00e5tg\u00e4rder"}]},{"@type":"WebSite","@id":"https:\/\/www.selry.fi\/#website","url":"https:\/\/www.selry.fi\/","name":"Suomen Elintarvikety\u00f6l\u00e4isten Liitto SEL","description":"","publisher":{"@id":"https:\/\/www.selry.fi\/#organization"},"inLanguage":"sv-SE"},{"@type":"Organization","@id":"https:\/\/www.selry.fi\/#organization","name":"Suomen Elintarvikety\u00f6l\u00e4isten Liitto SEL","url":"https:\/\/www.selry.fi\/","logo":{"@type":"ImageObject","inLanguage":"sv-SE","@id":"https:\/\/www.selry.fi\/#\/schema\/logo\/image\/","url":"https:\/\/www.selry.fi\/wp-content\/uploads\/2021\/05\/logo-sel.svg","contentUrl":"https:\/\/www.selry.fi\/wp-content\/uploads\/2021\/05\/logo-sel.svg","width":453,"height":135,"caption":"Suomen Elintarvikety\u00f6l\u00e4isten Liitto SEL"},"image":{"@id":"https:\/\/www.selry.fi\/#\/schema\/logo\/image\/"},"sameAs":["https:\/\/www.facebook.com\/selry","https:\/\/x.com\/selryfi"]},{"@type":"Person","@id":"https:\/\/www.selry.fi\/#\/schema\/person\/4fb0b52ed84c524f0beea95625a21678","name":"Karoliina \u00d6ystil\u00e4","image":{"@type":"ImageObject","inLanguage":"sv-SE","@id":"https:\/\/secure.gravatar.com\/avatar\/8dcb857776c4317075ba571fdc81a06a1f240302e468800d69bf316ef82ac4cd?s=96&d=mm&r=g","url":"https:\/\/secure.gravatar.com\/avatar\/8dcb857776c4317075ba571fdc81a06a1f240302e468800d69bf316ef82ac4cd?s=96&d=mm&r=g","contentUrl":"https:\/\/secure.gravatar.com\/avatar\/8dcb857776c4317075ba571fdc81a06a1f240302e468800d69bf316ef82ac4cd?s=96&d=mm&r=g","caption":"Karoliina \u00d6ystil\u00e4"}}]}},"_links":{"self":[{"href":"https:\/\/www.selry.fi\/sv\/wp-json\/wp\/v2\/posts\/16688","targetHints":{"allow":["GET"]}}],"collection":[{"href":"https:\/\/www.selry.fi\/sv\/wp-json\/wp\/v2\/posts"}],"about":[{"href":"https:\/\/www.selry.fi\/sv\/wp-json\/wp\/v2\/types\/post"}],"author":[{"embeddable":true,"href":"https:\/\/www.selry.fi\/sv\/wp-json\/wp\/v2\/users\/4"}],"replies":[{"embeddable":true,"href":"https:\/\/www.selry.fi\/sv\/wp-json\/wp\/v2\/comments?post=16688"}],"version-history":[{"count":0,"href":"https:\/\/www.selry.fi\/sv\/wp-json\/wp\/v2\/posts\/16688\/revisions"}],"wp:featuredmedia":[{"embeddable":true,"href":"https:\/\/www.selry.fi\/sv\/wp-json\/wp\/v2\/media\/10997"}],"wp:attachment":[{"href":"https:\/\/www.selry.fi\/sv\/wp-json\/wp\/v2\/media?parent=16688"}],"wp:term":[{"taxonomy":"category","embeddable":true,"href":"https:\/\/www.selry.fi\/sv\/wp-json\/wp\/v2\/categories?post=16688"},{"taxonomy":"post_tag","embeddable":true,"href":"https:\/\/www.selry.fi\/sv\/wp-json\/wp\/v2\/tags?post=16688"}],"curies":[{"name":"wp","href":"https:\/\/api.w.org\/{rel}","templated":true}]}}