{"id":16386,"date":"2024-10-11T00:05:00","date_gmt":"2024-10-10T21:05:00","guid":{"rendered":"https:\/\/www.selry.fi\/?p=16386"},"modified":"2024-10-11T00:01:35","modified_gmt":"2024-10-10T21:01:35","slug":"lokala-patryckningar","status":"publish","type":"post","link":"https:\/\/www.selry.fi\/sv\/blogg\/lokala-patryckningar\/","title":{"rendered":"Lokala p\u00e5tryckningar?"},"content":{"rendered":"\n<p>Den finl\u00e4ndska arbetsmarknadsmodellen som bygger p\u00e5 f\u00f6rhandlingar och \u00f6verenskommelser riskerar att g\u00e5 s\u00f6nder. Regeringen Orpo t\u00e4nker g\u00e5 till historien som den regering som br\u00f6t s\u00f6nder det finl\u00e4ndska arbetslivet, som arbetstagarna och arbetsgivarna tillsammans byggt upp under \u00e5rtionden.<\/p>\n\n\n\n<p>Detta l\u00e5ter dramatiskt, men den h\u00e4r hotbilden kan mycket riktigt bli verklig om regeringen Orpos lagf\u00f6rslag om att \u00f6ka det lokala avtalandet som s\u00e5dant g\u00e5r igenom i riksdagen.<\/p>\n\n\n\n<p>Regeringen vill erbjuda m\u00f6jligheter till lokala avtal ocks\u00e5 f\u00f6r icke organiserade arbetsgivare, medan detta hittills varit m\u00f6jligt enbart f\u00f6r organiserade arbetsgivare. I praktiken kommer arbetsgivarna i forts\u00e4ttningen inte att ha n\u00e5gra incitament att tillh\u00f6ra ett arbetsgivarf\u00f6rbund. Och d\u00e5 organiseringsgraden bland arbetsgivarna sjunker f\u00f6rlorar branschens kollektivavtal sin allm\u00e4ngiltighet.<\/p>\n\n\n\n<p>D\u00e5 kollektivavtalet \u00e4r allm\u00e4ngiltigt ska alla branschens arbetsgivare f\u00f6lja det. Med allm\u00e4ngiltigheten tryggas samma l\u00f6n och en miniminiv\u00e5 p\u00e5 alla andra arbetsvillkor f\u00f6r alla arbetstagare. Spelreglerna har varit tydliga och konkurrensen mellan f\u00f6retagen r\u00e4ttvisare.<\/p>\n\n\n\n<p>Ett normalbindande kollektivavtal f\u00f6ljs enbart av de arbetsgivare som tillh\u00f6r ett arbetsgivarf\u00f6rbund. Om en arbetsgivare inte tillh\u00f6r ett arbetsgivarf\u00f6rbund, kan arbetstagarnas intressen tryggas enbart av Finlands lagstiftning. Hur m\u00e5nga arbetstagare \u00e4r medvetna om, att exempelvis l\u00f6nef\u00f6rh\u00f6jningar, ledighet vid arbetstidsf\u00f6rkortning, l\u00e4ngre betalda sjukledigheter och semesterers\u00e4ttningar har \u00f6verenskommits om enbart i kollektivavtalen? Det \u00e4r f\u00f6rm\u00e5ner som inte \u00e4r inskrivna i lagen.<\/p>\n\n\n\n<p>Det \u00e4r helt klart att regeringen vill f\u00f6rsvaga arbetstagarnas l\u00f6neniv\u00e5 och andra arbetsvillkor. Om regeringens avsikter vore att f\u00f6rb\u00e4ttra l\u00f6ner och arbetsvillkor skulle det h\u00e4r lagf\u00f6rslaget inte beh\u00f6vas. D\u00e5 regeringen efterlyser en \u201dmera flexibel arbetsmarknad\u201d inneb\u00e4r det i klarspr\u00e5k att arbetstagarna ska vara flexibla med sina r\u00e4ttigheter till f\u00f6rm\u00e5n f\u00f6r arbetsgivarna.<\/p>\n\n\n\n<p>Det \u00e4r knappt n\u00e5gon som mots\u00e4tter sig lokala avtal, om det sker inom ramen f\u00f6r kollektivavtalen, i \u00e4kta f\u00f6rhandlingar med de f\u00f6rtroendevalda, utan diktat eller till och med p\u00e5tryckningar fr\u00e5n arbetsgivarens sida. Tyv\u00e4rr driver regeringen nu det finl\u00e4ndska arbetslivet i exakt motsatt riktning. Nu om n\u00e5gonsin \u00e4r det viktigt att tillh\u00f6ra facket.<\/p>\n\n\n\n<p><em>Karoliina \u00d6ystil\u00e4<\/em><br><em>SEL:s kommunikationschef, chefredakt\u00f6r<\/em><\/p>\n\n\n\n<p><em>Texten publiceras som ledare i Elintae 6\/2024 (11.10.2024).<\/em><\/p>\n","protected":false},"excerpt":{"rendered":"<p>Den finl\u00e4ndska arbetsmarknadsmodellen som bygger p\u00e5 f\u00f6rhandlingar och \u00f6verenskommelser riskerar att g\u00e5 s\u00f6nder. Regeringen Orpo t\u00e4nker g\u00e5 till historien som [\u2026] <a href=\"https:\/\/www.selry.fi\/sv\/blogg\/lokala-patryckningar\/\">Lue lis\u00e4\u00e4 &raquo;<\/a><\/p>\n","protected":false},"author":4,"featured_media":10993,"comment_status":"closed","ping_status":"closed","sticky":false,"template":"","format":"standard","meta":{"_acf_changed":false,"footnotes":""},"categories":[64],"tags":[],"class_list":["post-16386","post","type-post","status-publish","format-standard","has-post-thumbnail","hentry","category-blogg"],"acf":[],"yoast_head":"<!-- This site is optimized with the Yoast SEO plugin v27.2 - https:\/\/yoast.com\/product\/yoast-seo-wordpress\/ -->\n<title>Lokala p\u00e5tryckningar?<\/title>\n<meta name=\"robots\" content=\"index, follow, max-snippet:-1, max-image-preview:large, max-video-preview:-1\" \/>\n<link rel=\"canonical\" href=\"https:\/\/www.selry.fi\/sv\/blogg\/lokala-patryckningar\/\" \/>\n<meta property=\"og:locale\" content=\"sv_SE\" \/>\n<meta property=\"og:type\" content=\"article\" \/>\n<meta property=\"og:title\" content=\"Lokala p\u00e5tryckningar?\" \/>\n<meta property=\"og:description\" content=\"Den finl\u00e4ndska arbetsmarknadsmodellen som bygger p\u00e5 f\u00f6rhandlingar och \u00f6verenskommelser riskerar att g\u00e5 s\u00f6nder. Regeringen Orpo t\u00e4nker g\u00e5 till historien som [\u2026] Lue lis\u00e4\u00e4 &raquo;\" \/>\n<meta property=\"og:url\" content=\"https:\/\/www.selry.fi\/sv\/blogg\/lokala-patryckningar\/\" \/>\n<meta property=\"og:site_name\" content=\"Suomen Elintarvikety\u00f6l\u00e4isten Liitto SEL\" \/>\n<meta property=\"article:publisher\" content=\"https:\/\/www.facebook.com\/selry\" \/>\n<meta property=\"article:published_time\" content=\"2024-10-10T21:05:00+00:00\" \/>\n<meta property=\"og:image\" content=\"https:\/\/www.selry.fi\/wp-content\/uploads\/2023\/02\/karoliina-oystila-blogi.jpg\" \/>\n\t<meta property=\"og:image:width\" content=\"1536\" \/>\n\t<meta property=\"og:image:height\" content=\"1081\" \/>\n\t<meta property=\"og:image:type\" content=\"image\/jpeg\" \/>\n<meta name=\"author\" content=\"Karoliina \u00d6ystil\u00e4\" \/>\n<meta name=\"twitter:card\" content=\"summary_large_image\" \/>\n<meta name=\"twitter:creator\" content=\"@selryfi\" \/>\n<meta name=\"twitter:site\" content=\"@selryfi\" \/>\n<script type=\"application\/ld+json\" class=\"yoast-schema-graph\">{\"@context\":\"https:\/\/schema.org\",\"@graph\":[{\"@type\":\"Article\",\"@id\":\"https:\/\/www.selry.fi\/sv\/blogg\/lokala-patryckningar\/#article\",\"isPartOf\":{\"@id\":\"https:\/\/www.selry.fi\/sv\/blogg\/lokala-patryckningar\/\"},\"author\":{\"name\":\"Karoliina \u00d6ystil\u00e4\",\"@id\":\"https:\/\/www.selry.fi\/#\/schema\/person\/4fb0b52ed84c524f0beea95625a21678\"},\"headline\":\"Lokala p\u00e5tryckningar?\",\"datePublished\":\"2024-10-10T21:05:00+00:00\",\"mainEntityOfPage\":{\"@id\":\"https:\/\/www.selry.fi\/sv\/blogg\/lokala-patryckningar\/\"},\"wordCount\":392,\"publisher\":{\"@id\":\"https:\/\/www.selry.fi\/#organization\"},\"image\":{\"@id\":\"https:\/\/www.selry.fi\/sv\/blogg\/lokala-patryckningar\/#primaryimage\"},\"thumbnailUrl\":\"https:\/\/www.selry.fi\/wp-content\/uploads\/2023\/02\/karoliina-oystila-blogi.jpg\",\"articleSection\":[\"Blogg\"],\"inLanguage\":\"sv-SE\"},{\"@type\":\"WebPage\",\"@id\":\"https:\/\/www.selry.fi\/sv\/blogg\/lokala-patryckningar\/\",\"url\":\"https:\/\/www.selry.fi\/sv\/blogg\/lokala-patryckningar\/\",\"name\":\"Lokala p\u00e5tryckningar?\",\"isPartOf\":{\"@id\":\"https:\/\/www.selry.fi\/#website\"},\"primaryImageOfPage\":{\"@id\":\"https:\/\/www.selry.fi\/sv\/blogg\/lokala-patryckningar\/#primaryimage\"},\"image\":{\"@id\":\"https:\/\/www.selry.fi\/sv\/blogg\/lokala-patryckningar\/#primaryimage\"},\"thumbnailUrl\":\"https:\/\/www.selry.fi\/wp-content\/uploads\/2023\/02\/karoliina-oystila-blogi.jpg\",\"datePublished\":\"2024-10-10T21:05:00+00:00\",\"breadcrumb\":{\"@id\":\"https:\/\/www.selry.fi\/sv\/blogg\/lokala-patryckningar\/#breadcrumb\"},\"inLanguage\":\"sv-SE\",\"potentialAction\":[{\"@type\":\"ReadAction\",\"target\":[\"https:\/\/www.selry.fi\/sv\/blogg\/lokala-patryckningar\/\"]}]},{\"@type\":\"ImageObject\",\"inLanguage\":\"sv-SE\",\"@id\":\"https:\/\/www.selry.fi\/sv\/blogg\/lokala-patryckningar\/#primaryimage\",\"url\":\"https:\/\/www.selry.fi\/wp-content\/uploads\/2023\/02\/karoliina-oystila-blogi.jpg\",\"contentUrl\":\"https:\/\/www.selry.fi\/wp-content\/uploads\/2023\/02\/karoliina-oystila-blogi.jpg\",\"width\":1536,\"height\":1081},{\"@type\":\"BreadcrumbList\",\"@id\":\"https:\/\/www.selry.fi\/sv\/blogg\/lokala-patryckningar\/#breadcrumb\",\"itemListElement\":[{\"@type\":\"ListItem\",\"position\":1,\"name\":\"Home\",\"item\":\"https:\/\/www.selry.fi\/sv\/\"},{\"@type\":\"ListItem\",\"position\":2,\"name\":\"Lokala p\u00e5tryckningar?\"}]},{\"@type\":\"WebSite\",\"@id\":\"https:\/\/www.selry.fi\/#website\",\"url\":\"https:\/\/www.selry.fi\/\",\"name\":\"Suomen Elintarvikety\u00f6l\u00e4isten Liitto SEL\",\"description\":\"\",\"publisher\":{\"@id\":\"https:\/\/www.selry.fi\/#organization\"},\"inLanguage\":\"sv-SE\"},{\"@type\":\"Organization\",\"@id\":\"https:\/\/www.selry.fi\/#organization\",\"name\":\"Suomen Elintarvikety\u00f6l\u00e4isten Liitto SEL\",\"url\":\"https:\/\/www.selry.fi\/\",\"logo\":{\"@type\":\"ImageObject\",\"inLanguage\":\"sv-SE\",\"@id\":\"https:\/\/www.selry.fi\/#\/schema\/logo\/image\/\",\"url\":\"https:\/\/www.selry.fi\/wp-content\/uploads\/2021\/05\/logo-sel.svg\",\"contentUrl\":\"https:\/\/www.selry.fi\/wp-content\/uploads\/2021\/05\/logo-sel.svg\",\"width\":453,\"height\":135,\"caption\":\"Suomen Elintarvikety\u00f6l\u00e4isten Liitto SEL\"},\"image\":{\"@id\":\"https:\/\/www.selry.fi\/#\/schema\/logo\/image\/\"},\"sameAs\":[\"https:\/\/www.facebook.com\/selry\",\"https:\/\/x.com\/selryfi\"]},{\"@type\":\"Person\",\"@id\":\"https:\/\/www.selry.fi\/#\/schema\/person\/4fb0b52ed84c524f0beea95625a21678\",\"name\":\"Karoliina \u00d6ystil\u00e4\",\"image\":{\"@type\":\"ImageObject\",\"inLanguage\":\"sv-SE\",\"@id\":\"https:\/\/secure.gravatar.com\/avatar\/8dcb857776c4317075ba571fdc81a06a1f240302e468800d69bf316ef82ac4cd?s=96&d=mm&r=g\",\"url\":\"https:\/\/secure.gravatar.com\/avatar\/8dcb857776c4317075ba571fdc81a06a1f240302e468800d69bf316ef82ac4cd?s=96&d=mm&r=g\",\"contentUrl\":\"https:\/\/secure.gravatar.com\/avatar\/8dcb857776c4317075ba571fdc81a06a1f240302e468800d69bf316ef82ac4cd?s=96&d=mm&r=g\",\"caption\":\"Karoliina \u00d6ystil\u00e4\"}}]}<\/script>\n<!-- \/ Yoast SEO plugin. -->","yoast_head_json":{"title":"Lokala p\u00e5tryckningar?","robots":{"index":"index","follow":"follow","max-snippet":"max-snippet:-1","max-image-preview":"max-image-preview:large","max-video-preview":"max-video-preview:-1"},"canonical":"https:\/\/www.selry.fi\/sv\/blogg\/lokala-patryckningar\/","og_locale":"sv_SE","og_type":"article","og_title":"Lokala p\u00e5tryckningar?","og_description":"Den finl\u00e4ndska arbetsmarknadsmodellen som bygger p\u00e5 f\u00f6rhandlingar och \u00f6verenskommelser riskerar att g\u00e5 s\u00f6nder. Regeringen Orpo t\u00e4nker g\u00e5 till historien som [\u2026] Lue lis\u00e4\u00e4 &raquo;","og_url":"https:\/\/www.selry.fi\/sv\/blogg\/lokala-patryckningar\/","og_site_name":"Suomen Elintarvikety\u00f6l\u00e4isten Liitto SEL","article_publisher":"https:\/\/www.facebook.com\/selry","article_published_time":"2024-10-10T21:05:00+00:00","og_image":[{"width":1536,"height":1081,"url":"https:\/\/www.selry.fi\/wp-content\/uploads\/2023\/02\/karoliina-oystila-blogi.jpg","type":"image\/jpeg"}],"author":"Karoliina \u00d6ystil\u00e4","twitter_card":"summary_large_image","twitter_creator":"@selryfi","twitter_site":"@selryfi","schema":{"@context":"https:\/\/schema.org","@graph":[{"@type":"Article","@id":"https:\/\/www.selry.fi\/sv\/blogg\/lokala-patryckningar\/#article","isPartOf":{"@id":"https:\/\/www.selry.fi\/sv\/blogg\/lokala-patryckningar\/"},"author":{"name":"Karoliina \u00d6ystil\u00e4","@id":"https:\/\/www.selry.fi\/#\/schema\/person\/4fb0b52ed84c524f0beea95625a21678"},"headline":"Lokala p\u00e5tryckningar?","datePublished":"2024-10-10T21:05:00+00:00","mainEntityOfPage":{"@id":"https:\/\/www.selry.fi\/sv\/blogg\/lokala-patryckningar\/"},"wordCount":392,"publisher":{"@id":"https:\/\/www.selry.fi\/#organization"},"image":{"@id":"https:\/\/www.selry.fi\/sv\/blogg\/lokala-patryckningar\/#primaryimage"},"thumbnailUrl":"https:\/\/www.selry.fi\/wp-content\/uploads\/2023\/02\/karoliina-oystila-blogi.jpg","articleSection":["Blogg"],"inLanguage":"sv-SE"},{"@type":"WebPage","@id":"https:\/\/www.selry.fi\/sv\/blogg\/lokala-patryckningar\/","url":"https:\/\/www.selry.fi\/sv\/blogg\/lokala-patryckningar\/","name":"Lokala p\u00e5tryckningar?","isPartOf":{"@id":"https:\/\/www.selry.fi\/#website"},"primaryImageOfPage":{"@id":"https:\/\/www.selry.fi\/sv\/blogg\/lokala-patryckningar\/#primaryimage"},"image":{"@id":"https:\/\/www.selry.fi\/sv\/blogg\/lokala-patryckningar\/#primaryimage"},"thumbnailUrl":"https:\/\/www.selry.fi\/wp-content\/uploads\/2023\/02\/karoliina-oystila-blogi.jpg","datePublished":"2024-10-10T21:05:00+00:00","breadcrumb":{"@id":"https:\/\/www.selry.fi\/sv\/blogg\/lokala-patryckningar\/#breadcrumb"},"inLanguage":"sv-SE","potentialAction":[{"@type":"ReadAction","target":["https:\/\/www.selry.fi\/sv\/blogg\/lokala-patryckningar\/"]}]},{"@type":"ImageObject","inLanguage":"sv-SE","@id":"https:\/\/www.selry.fi\/sv\/blogg\/lokala-patryckningar\/#primaryimage","url":"https:\/\/www.selry.fi\/wp-content\/uploads\/2023\/02\/karoliina-oystila-blogi.jpg","contentUrl":"https:\/\/www.selry.fi\/wp-content\/uploads\/2023\/02\/karoliina-oystila-blogi.jpg","width":1536,"height":1081},{"@type":"BreadcrumbList","@id":"https:\/\/www.selry.fi\/sv\/blogg\/lokala-patryckningar\/#breadcrumb","itemListElement":[{"@type":"ListItem","position":1,"name":"Home","item":"https:\/\/www.selry.fi\/sv\/"},{"@type":"ListItem","position":2,"name":"Lokala p\u00e5tryckningar?"}]},{"@type":"WebSite","@id":"https:\/\/www.selry.fi\/#website","url":"https:\/\/www.selry.fi\/","name":"Suomen Elintarvikety\u00f6l\u00e4isten Liitto SEL","description":"","publisher":{"@id":"https:\/\/www.selry.fi\/#organization"},"inLanguage":"sv-SE"},{"@type":"Organization","@id":"https:\/\/www.selry.fi\/#organization","name":"Suomen Elintarvikety\u00f6l\u00e4isten Liitto SEL","url":"https:\/\/www.selry.fi\/","logo":{"@type":"ImageObject","inLanguage":"sv-SE","@id":"https:\/\/www.selry.fi\/#\/schema\/logo\/image\/","url":"https:\/\/www.selry.fi\/wp-content\/uploads\/2021\/05\/logo-sel.svg","contentUrl":"https:\/\/www.selry.fi\/wp-content\/uploads\/2021\/05\/logo-sel.svg","width":453,"height":135,"caption":"Suomen Elintarvikety\u00f6l\u00e4isten Liitto SEL"},"image":{"@id":"https:\/\/www.selry.fi\/#\/schema\/logo\/image\/"},"sameAs":["https:\/\/www.facebook.com\/selry","https:\/\/x.com\/selryfi"]},{"@type":"Person","@id":"https:\/\/www.selry.fi\/#\/schema\/person\/4fb0b52ed84c524f0beea95625a21678","name":"Karoliina \u00d6ystil\u00e4","image":{"@type":"ImageObject","inLanguage":"sv-SE","@id":"https:\/\/secure.gravatar.com\/avatar\/8dcb857776c4317075ba571fdc81a06a1f240302e468800d69bf316ef82ac4cd?s=96&d=mm&r=g","url":"https:\/\/secure.gravatar.com\/avatar\/8dcb857776c4317075ba571fdc81a06a1f240302e468800d69bf316ef82ac4cd?s=96&d=mm&r=g","contentUrl":"https:\/\/secure.gravatar.com\/avatar\/8dcb857776c4317075ba571fdc81a06a1f240302e468800d69bf316ef82ac4cd?s=96&d=mm&r=g","caption":"Karoliina \u00d6ystil\u00e4"}}]}},"_links":{"self":[{"href":"https:\/\/www.selry.fi\/sv\/wp-json\/wp\/v2\/posts\/16386","targetHints":{"allow":["GET"]}}],"collection":[{"href":"https:\/\/www.selry.fi\/sv\/wp-json\/wp\/v2\/posts"}],"about":[{"href":"https:\/\/www.selry.fi\/sv\/wp-json\/wp\/v2\/types\/post"}],"author":[{"embeddable":true,"href":"https:\/\/www.selry.fi\/sv\/wp-json\/wp\/v2\/users\/4"}],"replies":[{"embeddable":true,"href":"https:\/\/www.selry.fi\/sv\/wp-json\/wp\/v2\/comments?post=16386"}],"version-history":[{"count":0,"href":"https:\/\/www.selry.fi\/sv\/wp-json\/wp\/v2\/posts\/16386\/revisions"}],"wp:featuredmedia":[{"embeddable":true,"href":"https:\/\/www.selry.fi\/sv\/wp-json\/wp\/v2\/media\/10993"}],"wp:attachment":[{"href":"https:\/\/www.selry.fi\/sv\/wp-json\/wp\/v2\/media?parent=16386"}],"wp:term":[{"taxonomy":"category","embeddable":true,"href":"https:\/\/www.selry.fi\/sv\/wp-json\/wp\/v2\/categories?post=16386"},{"taxonomy":"post_tag","embeddable":true,"href":"https:\/\/www.selry.fi\/sv\/wp-json\/wp\/v2\/tags?post=16386"}],"curies":[{"name":"wp","href":"https:\/\/api.w.org\/{rel}","templated":true}]}}