{"id":16266,"date":"2024-10-07T00:01:00","date_gmt":"2024-10-06T21:01:00","guid":{"rendered":"https:\/\/www.selry.fi\/?p=16266"},"modified":"2024-10-06T21:48:42","modified_gmt":"2024-10-06T18:48:42","slug":"fackligt-medlemskap-allt-viktigare","status":"publish","type":"post","link":"https:\/\/www.selry.fi\/sv\/blogg\/fackligt-medlemskap-allt-viktigare\/","title":{"rendered":"Fackligt medlemskap allt viktigare"},"content":{"rendered":"\n<p>De lagf\u00f6rslag om f\u00f6rs\u00e4mringar av arbetstagarnas st\u00e4llning och r\u00e4ttigheter som Finlands N\u00e4ringsliv EK best\u00e4llt och regeringen Orpo f\u00f6rverkligar inneb\u00e4r utmaningar i en helt ny storleksklass i kollektivavtalsf\u00f6rhandlingarna. Nu v\u00e4ger fr\u00e5gan om att trygga arbetstagarnas st\u00e4llning i kollektivavtalsf\u00f6rhandlingarna tyngre \u00e4n p\u00e5 \u00e5rtionden, eftersom Orpos regering har kastat tanken p\u00e5 den svagare partens trygghet i arbetslivet p\u00e5 skroth\u00f6gen.<\/p>\n\n\n\n<p>Nu \u00e4r det fr\u00e5ga om \u00e4nnu st\u00f6rre och mera l\u00e5ngsiktiga fr\u00e5gor \u00e4n exempelvis enbart l\u00f6nel\u00f6sningarna i en enskild avtalsrunda, kan man s\u00e4ga utan att f\u00f6rringa dess vikt.<\/p>\n\n\n\n<p>SEL:s f\u00f6rtroendemannadagar samlade under veckoslutet \u00f6ver 170 aktiva SEL-medlemmar i Tammerfors. Stora gemensamma m\u00f6ten har en stor betydelse f\u00f6r att skapa gemenskap och \u00f6msesidigt f\u00f6rtroende. De diskussioner och de utbyten av tankar och id\u00e9er som sker under s\u00e5dana m\u00f6ten \u00e4r viktiga och de \u00f6kar samsynen. Det \u00e4r ocks\u00e5 viktigt f\u00f6r deltagarna att inse att m\u00e5nga andra k\u00e4mpar med samma kvistiga fr\u00e5gor som f\u00f6rtroendevalda p\u00e5 sina arbetsplatser. St\u00f6det fr\u00e5n kamratkretsen \u00e4r mycket v\u00e4rdefullt.<\/p>\n\n\n\n<p>D\u00e5 f\u00f6rtroendevalda m\u00f6ts \u00e4r det klart, att regeringen Orpos taxireform av arbetslivet eller lagreformen om lokala avtal \u00e4r ett givet diskussions\u00e4mne. Det \u00e4r klart att str\u00e4van med det h\u00e4r lagf\u00f6rslaget inte \u00e4r att \u00f6ka avtalandet p\u00e5 arbetsplatsniv\u00e5, utan i st\u00e4llet att \u00f6ka arbetsgivarens ensidiga beslutander\u00e4tt och samtidigt m\u00f6jligg\u00f6ra konkurrensen mellan f\u00f6retag som drivs med allt s\u00e4mre arbetsvillkor.<\/p>\n\n\n\n<p>F\u00f6r v\u00e5r del \u00e4r det b\u00e4sta svaret p\u00e5 \u00f6kande lokalt avtalande att se till att arbetsplatsens arbetstagare tillh\u00f6r facket och v\u00e4ljer sina f\u00f6rtroendem\u00e4n. D\u00e5 vi v\u00e4rnar om de h\u00e4r tv\u00e5 fr\u00e5gorna ser vi till att det \u00e4r tvunget att f\u00f6rhandla med oss, oberoende av om avtalsverksamheten om arbetsvillkoren sker p\u00e5 f\u00f6rbunds- eller arbetsplatsniv\u00e5.<\/p>\n\n\n\n<p>Eftersom jag \u00e4r orolig \u00f6ver att samh\u00e4llsklimatet i v\u00e5rt land h\u00e5ller p\u00e5 att utvecklas i en farlig riktning, vill jag h\u00e4r konstatera detsamma som jag sa i Tammerfors: inte en enda invandrare eller milj\u00f6aktivist har f\u00f6rsvagat v\u00e5ra arbetsvillkor eller v\u00e5rt arbetsl\u00f6shetsskydd. Men det har regeringspartierna Samlingspartiet, sannfinl\u00e4ndarna, SFP och kristdemokraterna gjort.<br><br><em>Veli-Matti Kuntonen<\/em><br><em>SEL:s f\u00f6rbundsordf\u00f6rande<\/em><\/p>\n","protected":false},"excerpt":{"rendered":"<p>De lagf\u00f6rslag om f\u00f6rs\u00e4mringar av arbetstagarnas st\u00e4llning och r\u00e4ttigheter som Finlands N\u00e4ringsliv EK best\u00e4llt och regeringen Orpo f\u00f6rverkligar inneb\u00e4r utmaningar [\u2026] <a href=\"https:\/\/www.selry.fi\/sv\/blogg\/fackligt-medlemskap-allt-viktigare\/\">Lue lis\u00e4\u00e4 &raquo;<\/a><\/p>\n","protected":false},"author":4,"featured_media":10997,"comment_status":"closed","ping_status":"closed","sticky":false,"template":"","format":"standard","meta":{"_acf_changed":false,"footnotes":""},"categories":[64],"tags":[],"class_list":["post-16266","post","type-post","status-publish","format-standard","has-post-thumbnail","hentry","category-blogg"],"acf":[],"yoast_head":"<!-- This site is optimized with the Yoast SEO plugin v27.2 - https:\/\/yoast.com\/product\/yoast-seo-wordpress\/ -->\n<title>Fackligt medlemskap allt viktigare<\/title>\n<meta name=\"robots\" content=\"index, follow, max-snippet:-1, max-image-preview:large, max-video-preview:-1\" \/>\n<link rel=\"canonical\" href=\"https:\/\/www.selry.fi\/sv\/blogg\/fackligt-medlemskap-allt-viktigare\/\" \/>\n<meta property=\"og:locale\" content=\"sv_SE\" \/>\n<meta property=\"og:type\" content=\"article\" \/>\n<meta property=\"og:title\" content=\"Fackligt medlemskap allt viktigare\" \/>\n<meta property=\"og:description\" content=\"De lagf\u00f6rslag om f\u00f6rs\u00e4mringar av arbetstagarnas st\u00e4llning och r\u00e4ttigheter som Finlands N\u00e4ringsliv EK best\u00e4llt och regeringen Orpo f\u00f6rverkligar inneb\u00e4r utmaningar [\u2026] Lue lis\u00e4\u00e4 &raquo;\" \/>\n<meta property=\"og:url\" content=\"https:\/\/www.selry.fi\/sv\/blogg\/fackligt-medlemskap-allt-viktigare\/\" \/>\n<meta property=\"og:site_name\" content=\"Suomen Elintarvikety\u00f6l\u00e4isten Liitto SEL\" \/>\n<meta property=\"article:publisher\" content=\"https:\/\/www.facebook.com\/selry\" \/>\n<meta property=\"article:published_time\" content=\"2024-10-06T21:01:00+00:00\" \/>\n<meta property=\"og:image\" content=\"https:\/\/www.selry.fi\/wp-content\/uploads\/2023\/02\/veli-matti-kuntonen-blogi.jpg\" \/>\n\t<meta property=\"og:image:width\" content=\"1536\" \/>\n\t<meta property=\"og:image:height\" content=\"1148\" \/>\n\t<meta property=\"og:image:type\" content=\"image\/jpeg\" \/>\n<meta name=\"author\" content=\"Karoliina \u00d6ystil\u00e4\" \/>\n<meta name=\"twitter:card\" content=\"summary_large_image\" \/>\n<meta name=\"twitter:creator\" content=\"@selryfi\" \/>\n<meta name=\"twitter:site\" content=\"@selryfi\" \/>\n<script type=\"application\/ld+json\" class=\"yoast-schema-graph\">{\"@context\":\"https:\/\/schema.org\",\"@graph\":[{\"@type\":\"Article\",\"@id\":\"https:\/\/www.selry.fi\/sv\/blogg\/fackligt-medlemskap-allt-viktigare\/#article\",\"isPartOf\":{\"@id\":\"https:\/\/www.selry.fi\/sv\/blogg\/fackligt-medlemskap-allt-viktigare\/\"},\"author\":{\"name\":\"Karoliina \u00d6ystil\u00e4\",\"@id\":\"https:\/\/www.selry.fi\/#\/schema\/person\/4fb0b52ed84c524f0beea95625a21678\"},\"headline\":\"Fackligt medlemskap allt viktigare\",\"datePublished\":\"2024-10-06T21:01:00+00:00\",\"mainEntityOfPage\":{\"@id\":\"https:\/\/www.selry.fi\/sv\/blogg\/fackligt-medlemskap-allt-viktigare\/\"},\"wordCount\":399,\"publisher\":{\"@id\":\"https:\/\/www.selry.fi\/#organization\"},\"image\":{\"@id\":\"https:\/\/www.selry.fi\/sv\/blogg\/fackligt-medlemskap-allt-viktigare\/#primaryimage\"},\"thumbnailUrl\":\"https:\/\/www.selry.fi\/wp-content\/uploads\/2023\/02\/veli-matti-kuntonen-blogi.jpg\",\"articleSection\":[\"Blogg\"],\"inLanguage\":\"sv-SE\"},{\"@type\":\"WebPage\",\"@id\":\"https:\/\/www.selry.fi\/sv\/blogg\/fackligt-medlemskap-allt-viktigare\/\",\"url\":\"https:\/\/www.selry.fi\/sv\/blogg\/fackligt-medlemskap-allt-viktigare\/\",\"name\":\"Fackligt medlemskap allt viktigare\",\"isPartOf\":{\"@id\":\"https:\/\/www.selry.fi\/#website\"},\"primaryImageOfPage\":{\"@id\":\"https:\/\/www.selry.fi\/sv\/blogg\/fackligt-medlemskap-allt-viktigare\/#primaryimage\"},\"image\":{\"@id\":\"https:\/\/www.selry.fi\/sv\/blogg\/fackligt-medlemskap-allt-viktigare\/#primaryimage\"},\"thumbnailUrl\":\"https:\/\/www.selry.fi\/wp-content\/uploads\/2023\/02\/veli-matti-kuntonen-blogi.jpg\",\"datePublished\":\"2024-10-06T21:01:00+00:00\",\"breadcrumb\":{\"@id\":\"https:\/\/www.selry.fi\/sv\/blogg\/fackligt-medlemskap-allt-viktigare\/#breadcrumb\"},\"inLanguage\":\"sv-SE\",\"potentialAction\":[{\"@type\":\"ReadAction\",\"target\":[\"https:\/\/www.selry.fi\/sv\/blogg\/fackligt-medlemskap-allt-viktigare\/\"]}]},{\"@type\":\"ImageObject\",\"inLanguage\":\"sv-SE\",\"@id\":\"https:\/\/www.selry.fi\/sv\/blogg\/fackligt-medlemskap-allt-viktigare\/#primaryimage\",\"url\":\"https:\/\/www.selry.fi\/wp-content\/uploads\/2023\/02\/veli-matti-kuntonen-blogi.jpg\",\"contentUrl\":\"https:\/\/www.selry.fi\/wp-content\/uploads\/2023\/02\/veli-matti-kuntonen-blogi.jpg\",\"width\":1536,\"height\":1148},{\"@type\":\"BreadcrumbList\",\"@id\":\"https:\/\/www.selry.fi\/sv\/blogg\/fackligt-medlemskap-allt-viktigare\/#breadcrumb\",\"itemListElement\":[{\"@type\":\"ListItem\",\"position\":1,\"name\":\"Home\",\"item\":\"https:\/\/www.selry.fi\/sv\/\"},{\"@type\":\"ListItem\",\"position\":2,\"name\":\"Fackligt medlemskap allt viktigare\"}]},{\"@type\":\"WebSite\",\"@id\":\"https:\/\/www.selry.fi\/#website\",\"url\":\"https:\/\/www.selry.fi\/\",\"name\":\"Suomen Elintarvikety\u00f6l\u00e4isten Liitto SEL\",\"description\":\"\",\"publisher\":{\"@id\":\"https:\/\/www.selry.fi\/#organization\"},\"inLanguage\":\"sv-SE\"},{\"@type\":\"Organization\",\"@id\":\"https:\/\/www.selry.fi\/#organization\",\"name\":\"Suomen Elintarvikety\u00f6l\u00e4isten Liitto SEL\",\"url\":\"https:\/\/www.selry.fi\/\",\"logo\":{\"@type\":\"ImageObject\",\"inLanguage\":\"sv-SE\",\"@id\":\"https:\/\/www.selry.fi\/#\/schema\/logo\/image\/\",\"url\":\"https:\/\/www.selry.fi\/wp-content\/uploads\/2021\/05\/logo-sel.svg\",\"contentUrl\":\"https:\/\/www.selry.fi\/wp-content\/uploads\/2021\/05\/logo-sel.svg\",\"width\":453,\"height\":135,\"caption\":\"Suomen Elintarvikety\u00f6l\u00e4isten Liitto SEL\"},\"image\":{\"@id\":\"https:\/\/www.selry.fi\/#\/schema\/logo\/image\/\"},\"sameAs\":[\"https:\/\/www.facebook.com\/selry\",\"https:\/\/x.com\/selryfi\"]},{\"@type\":\"Person\",\"@id\":\"https:\/\/www.selry.fi\/#\/schema\/person\/4fb0b52ed84c524f0beea95625a21678\",\"name\":\"Karoliina \u00d6ystil\u00e4\",\"image\":{\"@type\":\"ImageObject\",\"inLanguage\":\"sv-SE\",\"@id\":\"https:\/\/secure.gravatar.com\/avatar\/8dcb857776c4317075ba571fdc81a06a1f240302e468800d69bf316ef82ac4cd?s=96&d=mm&r=g\",\"url\":\"https:\/\/secure.gravatar.com\/avatar\/8dcb857776c4317075ba571fdc81a06a1f240302e468800d69bf316ef82ac4cd?s=96&d=mm&r=g\",\"contentUrl\":\"https:\/\/secure.gravatar.com\/avatar\/8dcb857776c4317075ba571fdc81a06a1f240302e468800d69bf316ef82ac4cd?s=96&d=mm&r=g\",\"caption\":\"Karoliina \u00d6ystil\u00e4\"}}]}<\/script>\n<!-- \/ Yoast SEO plugin. -->","yoast_head_json":{"title":"Fackligt medlemskap allt viktigare","robots":{"index":"index","follow":"follow","max-snippet":"max-snippet:-1","max-image-preview":"max-image-preview:large","max-video-preview":"max-video-preview:-1"},"canonical":"https:\/\/www.selry.fi\/sv\/blogg\/fackligt-medlemskap-allt-viktigare\/","og_locale":"sv_SE","og_type":"article","og_title":"Fackligt medlemskap allt viktigare","og_description":"De lagf\u00f6rslag om f\u00f6rs\u00e4mringar av arbetstagarnas st\u00e4llning och r\u00e4ttigheter som Finlands N\u00e4ringsliv EK best\u00e4llt och regeringen Orpo f\u00f6rverkligar inneb\u00e4r utmaningar [\u2026] Lue lis\u00e4\u00e4 &raquo;","og_url":"https:\/\/www.selry.fi\/sv\/blogg\/fackligt-medlemskap-allt-viktigare\/","og_site_name":"Suomen Elintarvikety\u00f6l\u00e4isten Liitto SEL","article_publisher":"https:\/\/www.facebook.com\/selry","article_published_time":"2024-10-06T21:01:00+00:00","og_image":[{"width":1536,"height":1148,"url":"https:\/\/www.selry.fi\/wp-content\/uploads\/2023\/02\/veli-matti-kuntonen-blogi.jpg","type":"image\/jpeg"}],"author":"Karoliina \u00d6ystil\u00e4","twitter_card":"summary_large_image","twitter_creator":"@selryfi","twitter_site":"@selryfi","schema":{"@context":"https:\/\/schema.org","@graph":[{"@type":"Article","@id":"https:\/\/www.selry.fi\/sv\/blogg\/fackligt-medlemskap-allt-viktigare\/#article","isPartOf":{"@id":"https:\/\/www.selry.fi\/sv\/blogg\/fackligt-medlemskap-allt-viktigare\/"},"author":{"name":"Karoliina \u00d6ystil\u00e4","@id":"https:\/\/www.selry.fi\/#\/schema\/person\/4fb0b52ed84c524f0beea95625a21678"},"headline":"Fackligt medlemskap allt viktigare","datePublished":"2024-10-06T21:01:00+00:00","mainEntityOfPage":{"@id":"https:\/\/www.selry.fi\/sv\/blogg\/fackligt-medlemskap-allt-viktigare\/"},"wordCount":399,"publisher":{"@id":"https:\/\/www.selry.fi\/#organization"},"image":{"@id":"https:\/\/www.selry.fi\/sv\/blogg\/fackligt-medlemskap-allt-viktigare\/#primaryimage"},"thumbnailUrl":"https:\/\/www.selry.fi\/wp-content\/uploads\/2023\/02\/veli-matti-kuntonen-blogi.jpg","articleSection":["Blogg"],"inLanguage":"sv-SE"},{"@type":"WebPage","@id":"https:\/\/www.selry.fi\/sv\/blogg\/fackligt-medlemskap-allt-viktigare\/","url":"https:\/\/www.selry.fi\/sv\/blogg\/fackligt-medlemskap-allt-viktigare\/","name":"Fackligt medlemskap allt viktigare","isPartOf":{"@id":"https:\/\/www.selry.fi\/#website"},"primaryImageOfPage":{"@id":"https:\/\/www.selry.fi\/sv\/blogg\/fackligt-medlemskap-allt-viktigare\/#primaryimage"},"image":{"@id":"https:\/\/www.selry.fi\/sv\/blogg\/fackligt-medlemskap-allt-viktigare\/#primaryimage"},"thumbnailUrl":"https:\/\/www.selry.fi\/wp-content\/uploads\/2023\/02\/veli-matti-kuntonen-blogi.jpg","datePublished":"2024-10-06T21:01:00+00:00","breadcrumb":{"@id":"https:\/\/www.selry.fi\/sv\/blogg\/fackligt-medlemskap-allt-viktigare\/#breadcrumb"},"inLanguage":"sv-SE","potentialAction":[{"@type":"ReadAction","target":["https:\/\/www.selry.fi\/sv\/blogg\/fackligt-medlemskap-allt-viktigare\/"]}]},{"@type":"ImageObject","inLanguage":"sv-SE","@id":"https:\/\/www.selry.fi\/sv\/blogg\/fackligt-medlemskap-allt-viktigare\/#primaryimage","url":"https:\/\/www.selry.fi\/wp-content\/uploads\/2023\/02\/veli-matti-kuntonen-blogi.jpg","contentUrl":"https:\/\/www.selry.fi\/wp-content\/uploads\/2023\/02\/veli-matti-kuntonen-blogi.jpg","width":1536,"height":1148},{"@type":"BreadcrumbList","@id":"https:\/\/www.selry.fi\/sv\/blogg\/fackligt-medlemskap-allt-viktigare\/#breadcrumb","itemListElement":[{"@type":"ListItem","position":1,"name":"Home","item":"https:\/\/www.selry.fi\/sv\/"},{"@type":"ListItem","position":2,"name":"Fackligt medlemskap allt viktigare"}]},{"@type":"WebSite","@id":"https:\/\/www.selry.fi\/#website","url":"https:\/\/www.selry.fi\/","name":"Suomen Elintarvikety\u00f6l\u00e4isten Liitto SEL","description":"","publisher":{"@id":"https:\/\/www.selry.fi\/#organization"},"inLanguage":"sv-SE"},{"@type":"Organization","@id":"https:\/\/www.selry.fi\/#organization","name":"Suomen Elintarvikety\u00f6l\u00e4isten Liitto SEL","url":"https:\/\/www.selry.fi\/","logo":{"@type":"ImageObject","inLanguage":"sv-SE","@id":"https:\/\/www.selry.fi\/#\/schema\/logo\/image\/","url":"https:\/\/www.selry.fi\/wp-content\/uploads\/2021\/05\/logo-sel.svg","contentUrl":"https:\/\/www.selry.fi\/wp-content\/uploads\/2021\/05\/logo-sel.svg","width":453,"height":135,"caption":"Suomen Elintarvikety\u00f6l\u00e4isten Liitto SEL"},"image":{"@id":"https:\/\/www.selry.fi\/#\/schema\/logo\/image\/"},"sameAs":["https:\/\/www.facebook.com\/selry","https:\/\/x.com\/selryfi"]},{"@type":"Person","@id":"https:\/\/www.selry.fi\/#\/schema\/person\/4fb0b52ed84c524f0beea95625a21678","name":"Karoliina \u00d6ystil\u00e4","image":{"@type":"ImageObject","inLanguage":"sv-SE","@id":"https:\/\/secure.gravatar.com\/avatar\/8dcb857776c4317075ba571fdc81a06a1f240302e468800d69bf316ef82ac4cd?s=96&d=mm&r=g","url":"https:\/\/secure.gravatar.com\/avatar\/8dcb857776c4317075ba571fdc81a06a1f240302e468800d69bf316ef82ac4cd?s=96&d=mm&r=g","contentUrl":"https:\/\/secure.gravatar.com\/avatar\/8dcb857776c4317075ba571fdc81a06a1f240302e468800d69bf316ef82ac4cd?s=96&d=mm&r=g","caption":"Karoliina \u00d6ystil\u00e4"}}]}},"_links":{"self":[{"href":"https:\/\/www.selry.fi\/sv\/wp-json\/wp\/v2\/posts\/16266","targetHints":{"allow":["GET"]}}],"collection":[{"href":"https:\/\/www.selry.fi\/sv\/wp-json\/wp\/v2\/posts"}],"about":[{"href":"https:\/\/www.selry.fi\/sv\/wp-json\/wp\/v2\/types\/post"}],"author":[{"embeddable":true,"href":"https:\/\/www.selry.fi\/sv\/wp-json\/wp\/v2\/users\/4"}],"replies":[{"embeddable":true,"href":"https:\/\/www.selry.fi\/sv\/wp-json\/wp\/v2\/comments?post=16266"}],"version-history":[{"count":0,"href":"https:\/\/www.selry.fi\/sv\/wp-json\/wp\/v2\/posts\/16266\/revisions"}],"wp:featuredmedia":[{"embeddable":true,"href":"https:\/\/www.selry.fi\/sv\/wp-json\/wp\/v2\/media\/10997"}],"wp:attachment":[{"href":"https:\/\/www.selry.fi\/sv\/wp-json\/wp\/v2\/media?parent=16266"}],"wp:term":[{"taxonomy":"category","embeddable":true,"href":"https:\/\/www.selry.fi\/sv\/wp-json\/wp\/v2\/categories?post=16266"},{"taxonomy":"post_tag","embeddable":true,"href":"https:\/\/www.selry.fi\/sv\/wp-json\/wp\/v2\/tags?post=16266"}],"curies":[{"name":"wp","href":"https:\/\/api.w.org\/{rel}","templated":true}]}}