{"id":16241,"date":"2024-10-04T16:30:00","date_gmt":"2024-10-04T13:30:00","guid":{"rendered":"https:\/\/www.selry.fi\/?p=16241"},"modified":"2024-10-06T11:25:57","modified_gmt":"2024-10-06T08:25:57","slug":"fackforbunden-inom-ffc-forbereder-sig-pa-avtalsrorelsen-tillsammans","status":"publish","type":"post","link":"https:\/\/www.selry.fi\/sv\/nyheter\/fackforbunden-inom-ffc-forbereder-sig-pa-avtalsrorelsen-tillsammans\/","title":{"rendered":"Fackf\u00f6rbunden inom FFC f\u00f6rbereder sig p\u00e5 avtalsr\u00f6relsen tillsammans"},"content":{"rendered":"\n<p class=\"has-ingressi-font-size\">SEL-representanter var p\u00e5 plats n\u00e4r beslutsfattarna i SAK-f\u00f6rbunden s\u00e5g \u00f6ver samarbetet i kollektivavtalsf\u00f6rhandlingarna.<\/p>\n\n\n\n<p>De beslutande organen inom FFC:s medlemsf\u00f6rbund sammantr\u00e4dde i dag f\u00f6r att f\u00f6rbereda sig inf\u00f6r de stundande f\u00f6rhandlingarna om nya kollektivavtal. FFC:s ordf\u00f6rande <strong>Jarkko Eloranta<\/strong> anser att ett koordinerat samarbete \u00e4r ett viktigt s\u00e4tt att f\u00f6rsvara arbetstagarnas intressen.<\/p>\n\n\n\n<p>\u2013 Arbetstagarna har mycket att ta igen i samband med f\u00f6rhandlingarna, eftersom b\u00e5de deras k\u00f6pkraft och sociala trygghet har f\u00f6rs\u00e4mrats avsev\u00e4rt. De fr\u00e5gor som g\u00e4ller k\u00f6pkraften och utkomsten \u00e4r viktiga, men vi gl\u00f6mmer inte heller de m\u00e5l som handlar om att f\u00f6rb\u00e4ttra kvaliteten p\u00e5 anst\u00e4llningsvillkoren, bed\u00f6mer Eloranta.<\/p>\n\n\n\n<p>Industrifacket har redan inlett sina f\u00f6rhandlingar om l\u00f6neh\u00f6jningar och anst\u00e4llningsvillkor med Teknologiindustrins arbetsgivare. Kollektivavtalet i branschen l\u00f6per ut i november.<\/p>\n\n\n\n<p>\u2013 Arbetstagarnas k\u00f6pkraft har f\u00f6rs\u00e4mrats p\u00e5 grund av inflationen, allts\u00e5 de stigande priserna. Om man till exempel j\u00e4mf\u00f6r med situationen \u00e5r 2021, s\u00e5 f\u00e5r man i dag inte lika mycket i butiken f\u00f6r 20 euro. Det h\u00e4r vill hela den FFC-anslutna r\u00f6relsen \u00e4ndra p\u00e5. En s\u00e5dan f\u00f6r\u00e4ndring kommer vi nu tillsammans och koordinerat att s\u00f6ka vid f\u00f6rhandlingsborden, ber\u00e4ttar Industrifackets ordf\u00f6rande <strong>Riku Aalto<\/strong>.<\/p>\n\n\n\n<p>\u2013 Inflationen har inte behandlat alla finl\u00e4ndare p\u00e5 samma s\u00e4tt. L\u00e5ginkomsttagarna har relativt sett f\u00f6rlorat mer. De drabbas ocks\u00e5 h\u00e5rt av f\u00f6rs\u00e4mringarna av bostadsbidraget och utkomstskyddet f\u00f6r arbetsl\u00f6sa. Det h\u00e4r, tillsammans med FFC-f\u00f6rbundens l\u00e5nga tradition av solidarisk l\u00f6nepolitik, \u00e4r goda sk\u00e4l f\u00f6r arbetstagarna inom den privata servicesektorn att delta i beredningen av samordningen, konstaterar <strong>Annika R\u00f6nni-S\u00e4llinen<\/strong>, som \u00e4r ordf\u00f6rande f\u00f6r Servicefacket PAM.<\/p>\n\n\n\n<p>F\u00f6rbundet f\u00f6r den offentliga sektorn och v\u00e4lf\u00e4rdsomr\u00e5dena JHL avslutar avtalsr\u00f6relsen. JHL f\u00f6rhandlar om sina arbets- och tj\u00e4nstekollektivavtal f\u00f6rst v\u00e5ren 2025.<\/p>\n\n\n\n<p>\u2013 F\u00f6rbunden f\u00f6rhandlar och avtalar sj\u00e4lvst\u00e4ndigt om sina kollektivavtal. Spel\u00f6ppningen under avtalsr\u00f6relsen \u00e4r \u00e4nd\u00e5 alltid av betydelse f\u00f6r st\u00e4mningen under hela avtalsr\u00f6relsen och inneh\u00e5llet i de avtal som f\u00f6rhandlas fram senare. F\u00f6r v\u00e5ra medlemmar saknar det allts\u00e5 inte betydelse hurdana avtal som ing\u00e5s under vintern, \u00e4ven om l\u00f6sningarna f\u00f6r f\u00f6rbundets del g\u00f6rs vid de kollektivavtalsbord d\u00e4r vi \u00e4r representerade, p\u00e5pekar JHL:s ordf\u00f6rande <strong>H\u00e5kan Ekstr\u00f6m<\/strong>.<\/p>\n\n\n\n<p>\u2013 Inom byggbranschen \u00e4r konjunkturl\u00e4get sv\u00e5rt. Vardagen f\u00f6r v\u00e5ra medlemmar \u00f6verskuggas av permitteringar och arbetsl\u00f6shet. Regeringens nedsk\u00e4rningar i den sociala tryggheten f\u00f6rv\u00e4rrar bara situationen. Nu borde vi tillsammans med arbetsgivarna hitta l\u00f6sningar f\u00f6r att mjuka upp konsekvenserna av de h\u00e4r \u00e5tg\u00e4rderna, betonar Byggnadsf\u00f6rbundets ordf\u00f6rande <strong>Kimmo Palonen<\/strong>.<\/p>\n\n\n\n<p>Avmattningen i byggbranschen \u00e5terspeglas ocks\u00e5 i m\u00e5nga andra branscher.<\/p>\n\n\n\n<p>\u2013 I praktiken inneb\u00e4r samordningen till exempel att vi utbyter information under f\u00f6rhandlingarna och att vi \u00e4r beredda att st\u00f6dja varandras \u00e5tg\u00e4rder f\u00f6r att p\u00e5skynda f\u00f6rhandlingarna. Jag tror att f\u00f6rbunden kan fr\u00e4mja sina medlemmars \u00f6nskem\u00e5l b\u00e4ttre om de samarbetar \u00e4n om varje f\u00f6rbund agerar ensamt, s\u00e4ger <strong>Ismo Kokko<\/strong>, som \u00e4r ordf\u00f6rande f\u00f6r Bil- och Transportbranschens Arbetarf\u00f6rbund AKT.<\/p>\n\n\n\n<p>\u2013 Regeringen har g\u00e5tt h\u00e5rt \u00e5t v\u00e5ra medlemmar. Den har st\u00e4llt sig p\u00e5 arbetsgivarnas sida. Vid f\u00f6rhandlingsbordet tittar vi f\u00f6rst\u00e5s p\u00e5 hur \u00e4ndringarna p\u00e5verkar anst\u00e4llningsvillkoren. Regeringen har allts\u00e5 f\u00f6rsv\u00e5rat kollektivavtalsf\u00f6rhandlingarna genom sina \u00e5tg\u00e4rder, s\u00e4ger <strong>Veli-Matti Kuntonen<\/strong> som \u00e4r ordf\u00f6rande f\u00f6r Finlands Livsmedelsarbetaref\u00f6rbund SEL.<\/p>\n\n\n\n<p>\u2013 Lag\u00e4ndringarna som g\u00e4ller de lokala avtalen utg\u00f6r ett hot mot kollektivavtalens allm\u00e4nt bindande verkan och den r\u00e4ttvisa konkurrensen mellan f\u00f6retagen. Med tanke p\u00e5 arbetstagarna, och ocks\u00e5 med tanke p\u00e5 f\u00f6retagen, \u00e4r det f\u00f6rnuftigt att \u00e5stadkomma r\u00e4ttvisa spelregler, konstaterar Elektrikerf\u00f6rbundets ordf\u00f6rande <strong>Sauli V\u00e4ntti<\/strong>.<br><br><br><em>P\u00e5 bilden: Fackordf\u00f6randena Veli-Matti Kuntonen, Riku Aalto, Annika R\u00f6nni-S\u00e4llinen, Sauli V\u00e4ntti, H\u00e5kan Ekstr\u00f6m och Kimmo Palonen vid SAK:s fackliga beslutsfattares m\u00f6te i Helsingfors den 4 oktober 2024. Foto: Sami Turunen<\/em><\/p>\n","protected":false},"excerpt":{"rendered":"<p>SEL-representanter var p\u00e5 plats n\u00e4r beslutsfattarna i SAK-f\u00f6rbunden s\u00e5g \u00f6ver samarbetet i kollektivavtalsf\u00f6rhandlingarna. De beslutande organen inom FFC:s medlemsf\u00f6rbund sammantr\u00e4dde [\u2026] <a href=\"https:\/\/www.selry.fi\/sv\/nyheter\/fackforbunden-inom-ffc-forbereder-sig-pa-avtalsrorelsen-tillsammans\/\">Lue lis\u00e4\u00e4 &raquo;<\/a><\/p>\n","protected":false},"author":4,"featured_media":16138,"comment_status":"closed","ping_status":"closed","sticky":false,"template":"","format":"standard","meta":{"_acf_changed":false,"footnotes":""},"categories":[26],"tags":[],"class_list":["post-16241","post","type-post","status-publish","format-standard","has-post-thumbnail","hentry","category-nyheter"],"acf":[],"yoast_head":"<!-- This site is optimized with the Yoast SEO plugin v27.2 - https:\/\/yoast.com\/product\/yoast-seo-wordpress\/ -->\n<title>Fackf\u00f6rbunden inom FFC f\u00f6rbereder sig p\u00e5 avtalsr\u00f6relsen tillsammans<\/title>\n<meta name=\"robots\" content=\"index, follow, max-snippet:-1, max-image-preview:large, max-video-preview:-1\" \/>\n<link rel=\"canonical\" href=\"https:\/\/www.selry.fi\/sv\/nyheter\/fackforbunden-inom-ffc-forbereder-sig-pa-avtalsrorelsen-tillsammans\/\" \/>\n<meta property=\"og:locale\" content=\"sv_SE\" \/>\n<meta property=\"og:type\" content=\"article\" \/>\n<meta property=\"og:title\" content=\"Fackf\u00f6rbunden inom FFC f\u00f6rbereder sig p\u00e5 avtalsr\u00f6relsen tillsammans\" \/>\n<meta property=\"og:description\" content=\"SEL-representanter var p\u00e5 plats n\u00e4r beslutsfattarna i SAK-f\u00f6rbunden s\u00e5g \u00f6ver samarbetet i kollektivavtalsf\u00f6rhandlingarna. De beslutande organen inom FFC:s medlemsf\u00f6rbund sammantr\u00e4dde [\u2026] Lue lis\u00e4\u00e4 &raquo;\" \/>\n<meta property=\"og:url\" content=\"https:\/\/www.selry.fi\/sv\/nyheter\/fackforbunden-inom-ffc-forbereder-sig-pa-avtalsrorelsen-tillsammans\/\" \/>\n<meta property=\"og:site_name\" content=\"Suomen Elintarvikety\u00f6l\u00e4isten Liitto SEL\" \/>\n<meta property=\"article:publisher\" content=\"https:\/\/www.facebook.com\/selry\" \/>\n<meta property=\"article:published_time\" content=\"2024-10-04T13:30:00+00:00\" \/>\n<meta property=\"article:modified_time\" content=\"2024-10-06T08:25:57+00:00\" \/>\n<meta property=\"og:image\" content=\"https:\/\/www.selry.fi\/wp-content\/uploads\/2024\/10\/voitolla-tyohon-liittopaattajien-tapaaminen-04102024-kuva-sami-turunen.jpg\" \/>\n\t<meta property=\"og:image:width\" content=\"1920\" \/>\n\t<meta property=\"og:image:height\" content=\"1280\" \/>\n\t<meta property=\"og:image:type\" content=\"image\/jpeg\" \/>\n<meta name=\"author\" content=\"Karoliina \u00d6ystil\u00e4\" \/>\n<meta name=\"twitter:card\" content=\"summary_large_image\" \/>\n<meta name=\"twitter:creator\" content=\"@selryfi\" \/>\n<meta name=\"twitter:site\" content=\"@selryfi\" \/>\n<script type=\"application\/ld+json\" class=\"yoast-schema-graph\">{\"@context\":\"https:\/\/schema.org\",\"@graph\":[{\"@type\":\"Article\",\"@id\":\"https:\/\/www.selry.fi\/sv\/nyheter\/fackforbunden-inom-ffc-forbereder-sig-pa-avtalsrorelsen-tillsammans\/#article\",\"isPartOf\":{\"@id\":\"https:\/\/www.selry.fi\/sv\/nyheter\/fackforbunden-inom-ffc-forbereder-sig-pa-avtalsrorelsen-tillsammans\/\"},\"author\":{\"name\":\"Karoliina \u00d6ystil\u00e4\",\"@id\":\"https:\/\/www.selry.fi\/#\/schema\/person\/4fb0b52ed84c524f0beea95625a21678\"},\"headline\":\"Fackf\u00f6rbunden inom FFC f\u00f6rbereder sig p\u00e5 avtalsr\u00f6relsen tillsammans\",\"datePublished\":\"2024-10-04T13:30:00+00:00\",\"dateModified\":\"2024-10-06T08:25:57+00:00\",\"mainEntityOfPage\":{\"@id\":\"https:\/\/www.selry.fi\/sv\/nyheter\/fackforbunden-inom-ffc-forbereder-sig-pa-avtalsrorelsen-tillsammans\/\"},\"wordCount\":723,\"publisher\":{\"@id\":\"https:\/\/www.selry.fi\/#organization\"},\"image\":{\"@id\":\"https:\/\/www.selry.fi\/sv\/nyheter\/fackforbunden-inom-ffc-forbereder-sig-pa-avtalsrorelsen-tillsammans\/#primaryimage\"},\"thumbnailUrl\":\"https:\/\/www.selry.fi\/wp-content\/uploads\/2024\/10\/voitolla-tyohon-liittopaattajien-tapaaminen-04102024-kuva-sami-turunen.jpg\",\"articleSection\":[\"Nyheter\"],\"inLanguage\":\"sv-SE\"},{\"@type\":\"WebPage\",\"@id\":\"https:\/\/www.selry.fi\/sv\/nyheter\/fackforbunden-inom-ffc-forbereder-sig-pa-avtalsrorelsen-tillsammans\/\",\"url\":\"https:\/\/www.selry.fi\/sv\/nyheter\/fackforbunden-inom-ffc-forbereder-sig-pa-avtalsrorelsen-tillsammans\/\",\"name\":\"Fackf\u00f6rbunden inom FFC f\u00f6rbereder sig p\u00e5 avtalsr\u00f6relsen tillsammans\",\"isPartOf\":{\"@id\":\"https:\/\/www.selry.fi\/#website\"},\"primaryImageOfPage\":{\"@id\":\"https:\/\/www.selry.fi\/sv\/nyheter\/fackforbunden-inom-ffc-forbereder-sig-pa-avtalsrorelsen-tillsammans\/#primaryimage\"},\"image\":{\"@id\":\"https:\/\/www.selry.fi\/sv\/nyheter\/fackforbunden-inom-ffc-forbereder-sig-pa-avtalsrorelsen-tillsammans\/#primaryimage\"},\"thumbnailUrl\":\"https:\/\/www.selry.fi\/wp-content\/uploads\/2024\/10\/voitolla-tyohon-liittopaattajien-tapaaminen-04102024-kuva-sami-turunen.jpg\",\"datePublished\":\"2024-10-04T13:30:00+00:00\",\"dateModified\":\"2024-10-06T08:25:57+00:00\",\"breadcrumb\":{\"@id\":\"https:\/\/www.selry.fi\/sv\/nyheter\/fackforbunden-inom-ffc-forbereder-sig-pa-avtalsrorelsen-tillsammans\/#breadcrumb\"},\"inLanguage\":\"sv-SE\",\"potentialAction\":[{\"@type\":\"ReadAction\",\"target\":[\"https:\/\/www.selry.fi\/sv\/nyheter\/fackforbunden-inom-ffc-forbereder-sig-pa-avtalsrorelsen-tillsammans\/\"]}]},{\"@type\":\"ImageObject\",\"inLanguage\":\"sv-SE\",\"@id\":\"https:\/\/www.selry.fi\/sv\/nyheter\/fackforbunden-inom-ffc-forbereder-sig-pa-avtalsrorelsen-tillsammans\/#primaryimage\",\"url\":\"https:\/\/www.selry.fi\/wp-content\/uploads\/2024\/10\/voitolla-tyohon-liittopaattajien-tapaaminen-04102024-kuva-sami-turunen.jpg\",\"contentUrl\":\"https:\/\/www.selry.fi\/wp-content\/uploads\/2024\/10\/voitolla-tyohon-liittopaattajien-tapaaminen-04102024-kuva-sami-turunen.jpg\",\"width\":1920,\"height\":1280},{\"@type\":\"BreadcrumbList\",\"@id\":\"https:\/\/www.selry.fi\/sv\/nyheter\/fackforbunden-inom-ffc-forbereder-sig-pa-avtalsrorelsen-tillsammans\/#breadcrumb\",\"itemListElement\":[{\"@type\":\"ListItem\",\"position\":1,\"name\":\"Home\",\"item\":\"https:\/\/www.selry.fi\/sv\/\"},{\"@type\":\"ListItem\",\"position\":2,\"name\":\"Fackf\u00f6rbunden inom FFC f\u00f6rbereder sig p\u00e5 avtalsr\u00f6relsen tillsammans\"}]},{\"@type\":\"WebSite\",\"@id\":\"https:\/\/www.selry.fi\/#website\",\"url\":\"https:\/\/www.selry.fi\/\",\"name\":\"Suomen Elintarvikety\u00f6l\u00e4isten Liitto SEL\",\"description\":\"\",\"publisher\":{\"@id\":\"https:\/\/www.selry.fi\/#organization\"},\"inLanguage\":\"sv-SE\"},{\"@type\":\"Organization\",\"@id\":\"https:\/\/www.selry.fi\/#organization\",\"name\":\"Suomen Elintarvikety\u00f6l\u00e4isten Liitto SEL\",\"url\":\"https:\/\/www.selry.fi\/\",\"logo\":{\"@type\":\"ImageObject\",\"inLanguage\":\"sv-SE\",\"@id\":\"https:\/\/www.selry.fi\/#\/schema\/logo\/image\/\",\"url\":\"https:\/\/www.selry.fi\/wp-content\/uploads\/2021\/05\/logo-sel.svg\",\"contentUrl\":\"https:\/\/www.selry.fi\/wp-content\/uploads\/2021\/05\/logo-sel.svg\",\"width\":453,\"height\":135,\"caption\":\"Suomen Elintarvikety\u00f6l\u00e4isten Liitto SEL\"},\"image\":{\"@id\":\"https:\/\/www.selry.fi\/#\/schema\/logo\/image\/\"},\"sameAs\":[\"https:\/\/www.facebook.com\/selry\",\"https:\/\/x.com\/selryfi\"]},{\"@type\":\"Person\",\"@id\":\"https:\/\/www.selry.fi\/#\/schema\/person\/4fb0b52ed84c524f0beea95625a21678\",\"name\":\"Karoliina \u00d6ystil\u00e4\",\"image\":{\"@type\":\"ImageObject\",\"inLanguage\":\"sv-SE\",\"@id\":\"https:\/\/secure.gravatar.com\/avatar\/8dcb857776c4317075ba571fdc81a06a1f240302e468800d69bf316ef82ac4cd?s=96&d=mm&r=g\",\"url\":\"https:\/\/secure.gravatar.com\/avatar\/8dcb857776c4317075ba571fdc81a06a1f240302e468800d69bf316ef82ac4cd?s=96&d=mm&r=g\",\"contentUrl\":\"https:\/\/secure.gravatar.com\/avatar\/8dcb857776c4317075ba571fdc81a06a1f240302e468800d69bf316ef82ac4cd?s=96&d=mm&r=g\",\"caption\":\"Karoliina \u00d6ystil\u00e4\"}}]}<\/script>\n<!-- \/ Yoast SEO plugin. -->","yoast_head_json":{"title":"Fackf\u00f6rbunden inom FFC f\u00f6rbereder sig p\u00e5 avtalsr\u00f6relsen tillsammans","robots":{"index":"index","follow":"follow","max-snippet":"max-snippet:-1","max-image-preview":"max-image-preview:large","max-video-preview":"max-video-preview:-1"},"canonical":"https:\/\/www.selry.fi\/sv\/nyheter\/fackforbunden-inom-ffc-forbereder-sig-pa-avtalsrorelsen-tillsammans\/","og_locale":"sv_SE","og_type":"article","og_title":"Fackf\u00f6rbunden inom FFC f\u00f6rbereder sig p\u00e5 avtalsr\u00f6relsen tillsammans","og_description":"SEL-representanter var p\u00e5 plats n\u00e4r beslutsfattarna i SAK-f\u00f6rbunden s\u00e5g \u00f6ver samarbetet i kollektivavtalsf\u00f6rhandlingarna. De beslutande organen inom FFC:s medlemsf\u00f6rbund sammantr\u00e4dde [\u2026] Lue lis\u00e4\u00e4 &raquo;","og_url":"https:\/\/www.selry.fi\/sv\/nyheter\/fackforbunden-inom-ffc-forbereder-sig-pa-avtalsrorelsen-tillsammans\/","og_site_name":"Suomen Elintarvikety\u00f6l\u00e4isten Liitto SEL","article_publisher":"https:\/\/www.facebook.com\/selry","article_published_time":"2024-10-04T13:30:00+00:00","article_modified_time":"2024-10-06T08:25:57+00:00","og_image":[{"width":1920,"height":1280,"url":"https:\/\/www.selry.fi\/wp-content\/uploads\/2024\/10\/voitolla-tyohon-liittopaattajien-tapaaminen-04102024-kuva-sami-turunen.jpg","type":"image\/jpeg"}],"author":"Karoliina \u00d6ystil\u00e4","twitter_card":"summary_large_image","twitter_creator":"@selryfi","twitter_site":"@selryfi","schema":{"@context":"https:\/\/schema.org","@graph":[{"@type":"Article","@id":"https:\/\/www.selry.fi\/sv\/nyheter\/fackforbunden-inom-ffc-forbereder-sig-pa-avtalsrorelsen-tillsammans\/#article","isPartOf":{"@id":"https:\/\/www.selry.fi\/sv\/nyheter\/fackforbunden-inom-ffc-forbereder-sig-pa-avtalsrorelsen-tillsammans\/"},"author":{"name":"Karoliina \u00d6ystil\u00e4","@id":"https:\/\/www.selry.fi\/#\/schema\/person\/4fb0b52ed84c524f0beea95625a21678"},"headline":"Fackf\u00f6rbunden inom FFC f\u00f6rbereder sig p\u00e5 avtalsr\u00f6relsen tillsammans","datePublished":"2024-10-04T13:30:00+00:00","dateModified":"2024-10-06T08:25:57+00:00","mainEntityOfPage":{"@id":"https:\/\/www.selry.fi\/sv\/nyheter\/fackforbunden-inom-ffc-forbereder-sig-pa-avtalsrorelsen-tillsammans\/"},"wordCount":723,"publisher":{"@id":"https:\/\/www.selry.fi\/#organization"},"image":{"@id":"https:\/\/www.selry.fi\/sv\/nyheter\/fackforbunden-inom-ffc-forbereder-sig-pa-avtalsrorelsen-tillsammans\/#primaryimage"},"thumbnailUrl":"https:\/\/www.selry.fi\/wp-content\/uploads\/2024\/10\/voitolla-tyohon-liittopaattajien-tapaaminen-04102024-kuva-sami-turunen.jpg","articleSection":["Nyheter"],"inLanguage":"sv-SE"},{"@type":"WebPage","@id":"https:\/\/www.selry.fi\/sv\/nyheter\/fackforbunden-inom-ffc-forbereder-sig-pa-avtalsrorelsen-tillsammans\/","url":"https:\/\/www.selry.fi\/sv\/nyheter\/fackforbunden-inom-ffc-forbereder-sig-pa-avtalsrorelsen-tillsammans\/","name":"Fackf\u00f6rbunden inom FFC f\u00f6rbereder sig p\u00e5 avtalsr\u00f6relsen tillsammans","isPartOf":{"@id":"https:\/\/www.selry.fi\/#website"},"primaryImageOfPage":{"@id":"https:\/\/www.selry.fi\/sv\/nyheter\/fackforbunden-inom-ffc-forbereder-sig-pa-avtalsrorelsen-tillsammans\/#primaryimage"},"image":{"@id":"https:\/\/www.selry.fi\/sv\/nyheter\/fackforbunden-inom-ffc-forbereder-sig-pa-avtalsrorelsen-tillsammans\/#primaryimage"},"thumbnailUrl":"https:\/\/www.selry.fi\/wp-content\/uploads\/2024\/10\/voitolla-tyohon-liittopaattajien-tapaaminen-04102024-kuva-sami-turunen.jpg","datePublished":"2024-10-04T13:30:00+00:00","dateModified":"2024-10-06T08:25:57+00:00","breadcrumb":{"@id":"https:\/\/www.selry.fi\/sv\/nyheter\/fackforbunden-inom-ffc-forbereder-sig-pa-avtalsrorelsen-tillsammans\/#breadcrumb"},"inLanguage":"sv-SE","potentialAction":[{"@type":"ReadAction","target":["https:\/\/www.selry.fi\/sv\/nyheter\/fackforbunden-inom-ffc-forbereder-sig-pa-avtalsrorelsen-tillsammans\/"]}]},{"@type":"ImageObject","inLanguage":"sv-SE","@id":"https:\/\/www.selry.fi\/sv\/nyheter\/fackforbunden-inom-ffc-forbereder-sig-pa-avtalsrorelsen-tillsammans\/#primaryimage","url":"https:\/\/www.selry.fi\/wp-content\/uploads\/2024\/10\/voitolla-tyohon-liittopaattajien-tapaaminen-04102024-kuva-sami-turunen.jpg","contentUrl":"https:\/\/www.selry.fi\/wp-content\/uploads\/2024\/10\/voitolla-tyohon-liittopaattajien-tapaaminen-04102024-kuva-sami-turunen.jpg","width":1920,"height":1280},{"@type":"BreadcrumbList","@id":"https:\/\/www.selry.fi\/sv\/nyheter\/fackforbunden-inom-ffc-forbereder-sig-pa-avtalsrorelsen-tillsammans\/#breadcrumb","itemListElement":[{"@type":"ListItem","position":1,"name":"Home","item":"https:\/\/www.selry.fi\/sv\/"},{"@type":"ListItem","position":2,"name":"Fackf\u00f6rbunden inom FFC f\u00f6rbereder sig p\u00e5 avtalsr\u00f6relsen tillsammans"}]},{"@type":"WebSite","@id":"https:\/\/www.selry.fi\/#website","url":"https:\/\/www.selry.fi\/","name":"Suomen Elintarvikety\u00f6l\u00e4isten Liitto SEL","description":"","publisher":{"@id":"https:\/\/www.selry.fi\/#organization"},"inLanguage":"sv-SE"},{"@type":"Organization","@id":"https:\/\/www.selry.fi\/#organization","name":"Suomen Elintarvikety\u00f6l\u00e4isten Liitto SEL","url":"https:\/\/www.selry.fi\/","logo":{"@type":"ImageObject","inLanguage":"sv-SE","@id":"https:\/\/www.selry.fi\/#\/schema\/logo\/image\/","url":"https:\/\/www.selry.fi\/wp-content\/uploads\/2021\/05\/logo-sel.svg","contentUrl":"https:\/\/www.selry.fi\/wp-content\/uploads\/2021\/05\/logo-sel.svg","width":453,"height":135,"caption":"Suomen Elintarvikety\u00f6l\u00e4isten Liitto SEL"},"image":{"@id":"https:\/\/www.selry.fi\/#\/schema\/logo\/image\/"},"sameAs":["https:\/\/www.facebook.com\/selry","https:\/\/x.com\/selryfi"]},{"@type":"Person","@id":"https:\/\/www.selry.fi\/#\/schema\/person\/4fb0b52ed84c524f0beea95625a21678","name":"Karoliina \u00d6ystil\u00e4","image":{"@type":"ImageObject","inLanguage":"sv-SE","@id":"https:\/\/secure.gravatar.com\/avatar\/8dcb857776c4317075ba571fdc81a06a1f240302e468800d69bf316ef82ac4cd?s=96&d=mm&r=g","url":"https:\/\/secure.gravatar.com\/avatar\/8dcb857776c4317075ba571fdc81a06a1f240302e468800d69bf316ef82ac4cd?s=96&d=mm&r=g","contentUrl":"https:\/\/secure.gravatar.com\/avatar\/8dcb857776c4317075ba571fdc81a06a1f240302e468800d69bf316ef82ac4cd?s=96&d=mm&r=g","caption":"Karoliina \u00d6ystil\u00e4"}}]}},"_links":{"self":[{"href":"https:\/\/www.selry.fi\/sv\/wp-json\/wp\/v2\/posts\/16241","targetHints":{"allow":["GET"]}}],"collection":[{"href":"https:\/\/www.selry.fi\/sv\/wp-json\/wp\/v2\/posts"}],"about":[{"href":"https:\/\/www.selry.fi\/sv\/wp-json\/wp\/v2\/types\/post"}],"author":[{"embeddable":true,"href":"https:\/\/www.selry.fi\/sv\/wp-json\/wp\/v2\/users\/4"}],"replies":[{"embeddable":true,"href":"https:\/\/www.selry.fi\/sv\/wp-json\/wp\/v2\/comments?post=16241"}],"version-history":[{"count":0,"href":"https:\/\/www.selry.fi\/sv\/wp-json\/wp\/v2\/posts\/16241\/revisions"}],"wp:featuredmedia":[{"embeddable":true,"href":"https:\/\/www.selry.fi\/sv\/wp-json\/wp\/v2\/media\/16138"}],"wp:attachment":[{"href":"https:\/\/www.selry.fi\/sv\/wp-json\/wp\/v2\/media?parent=16241"}],"wp:term":[{"taxonomy":"category","embeddable":true,"href":"https:\/\/www.selry.fi\/sv\/wp-json\/wp\/v2\/categories?post=16241"},{"taxonomy":"post_tag","embeddable":true,"href":"https:\/\/www.selry.fi\/sv\/wp-json\/wp\/v2\/tags?post=16241"}],"curies":[{"name":"wp","href":"https:\/\/api.w.org\/{rel}","templated":true}]}}