{"id":15753,"date":"2024-08-27T22:25:00","date_gmt":"2024-08-27T19:25:00","guid":{"rendered":"https:\/\/www.selry.fi\/?p=15753"},"modified":"2024-08-27T22:25:01","modified_gmt":"2024-08-27T19:25:01","slug":"regeringens-atgarder-kommer-till-avtalsborden","status":"publish","type":"post","link":"https:\/\/www.selry.fi\/sv\/blogg\/regeringens-atgarder-kommer-till-avtalsborden\/","title":{"rendered":"Regeringens \u00e5tg\u00e4rder kommer till avtalsborden"},"content":{"rendered":"\n<p>Vi f\u00f6rbereder oss f\u00f6r n\u00e4rvarande f\u00f6r kollektivavtalsf\u00f6rhandlingar, eftersom nug\u00e4llande kollektivavtal f\u00f6r arbetstagarna i livsmedelsbranschen utg\u00e5r 31.1.2025. Ocks\u00e5 I flera andra branscher avbryts kollektivavtalen i b\u00f6rjan av n\u00e4sta \u00e5r.<\/p>\n\n\n\n<p>Mest intresse v\u00e4cker f\u00f6rhandlingarna mellan Teknologiindustrins arbetsgivare och Industrif\u00f6rbundet, eftersom det d\u00e5 f\u00f6rhandlas om exportindustrins mest betydande kollektivavtal. Teknologiindustrins avtal utg\u00e5r redan i slutet av november, en annan sak R sedan om man kan n\u00e5 en f\u00f6rhandlingsl\u00f6sning f\u00f6re det. Men det st\u00e5r klart att f\u00f6rhandlingarna i v\u00e5r viktigaste exportindustri och slutresultatet av dem kommer att p\u00e5verka alla andra f\u00f6rhandlingsbord. Vi ska komma ih\u00e5g att alla fackf\u00f6rbund sj\u00e4lva f\u00f6rhandlar om arbetsvillkoren f\u00f6r sina medl3mmar, med st\u00f6d av sin medlemsk\u00e5r.<\/p>\n\n\n\n<p>Inf\u00f6r den kommande avtalsf\u00f6rhandlingsrundan har vi, p\u00e5 grund av \u00e5tg\u00e4rder fr\u00e5n regeringen Orpos sida ytterligare sp\u00e4nningar att handskas med. F\u00f6rsvagandet av strejkr\u00e4tten \u00f6kar behoven att l\u00e4tta p\u00e5 trycket i kollektivavtalsf\u00f6rhandlingarna nu och i framtiden. Arbetslivets taxireform som vi kan kalla regeringens lagstiftningsprojekt f\u00f6r att \u00f6ka det lokala avtalandet kommer helt klart att ocks\u00e5 p\u00e5 ett of\u00f6ruts\u00e4gbart att p\u00e5verka avtalsf\u00f6rhandlingarna. Ocks\u00e5 de \u00f6vriga f\u00f6rsvagningarna av arbetsvillkoren som regeringen driver p\u00e5 kommer att m\u00e4rkas vi de olika branschernas avtalsf\u00f6rhandlingsbord, d\u00e4r arbetsgivarna inte helt kan g\u00f6mma sig bakom regeringens rygg.<\/p>\n\n\n\n<p>Ett helt annat kapitel \u00e4r sedan de fr\u00e5gor som inte ing\u00e5r i avtalandet om arbetsvillkoren. Regeringen har g\u00e5tt in f\u00f6r l\u00f6sningar som \u00e4r mycket skadliga med tanke p\u00e5 det inhe mska arbetet och livsmedelsproduktindustrin. Regeringens beslut att h\u00f6ja merv\u00e4rdesbeskattningen av s\u00f6tsaker och choklad fr\u00e5n 14 till 25,5 procent kommer att f\u00e5 mycket skadliga f\u00f6ljder. Fazer och Halva har lagt stora fabriksinvesteringar p\u00e5 is. Orkla, som \u00e4ger Pandas s\u00f6tsaksfabrik har konstaterat att regeringens beslut minskar f\u00f6ruts\u00e4gbarheten och stabiliteten i verksamhetsmilj\u00f6n.<\/p>\n\n\n\n<p>D\u00e5 vi i facket f\u00f6rsvarar v\u00e5ra medlemmars arbetsvillkor har det i offentligheten framf\u00f6rts st\u00e5ndpunkter enligt vilka f\u00f6rbundens verksamhet f\u00f6rhindrar investeringar i Finland. Nu \u00e4r de kritikerna tysta, eftersom vi i landet har en regering som med sin verksamhet har frusit investeringar som hade varit betydande f\u00f6r livsmedelsproduktindustrin.<\/p>\n\n\n\n<p>Enligt livsmedelsproduktindustrin f\u00f6rblir investeringar till ett v\u00e4rde av n\u00e4rmare miljard euro of\u00f6rverkligade p\u00e5 grund av h\u00f6jningen av merv\u00e4rdesskatten. F\u00f6rhoppningsvis f\u00f6rfaller inte dessa investeringar helt, utan bordl\u00e4ggning i v\u00e4ntan p\u00e5 en s\u00e5dan regering som f\u00f6rst\u00e5r v\u00e4rdet av inhemskt arbete, inhemska investeringar och en inhemsk livsmedelsindustri.<\/p>\n\n\n\n<p>Avsikten med regeringen Orpos \u00e5tg\u00e4rder var att f\u00f6rb\u00e4ttra syssels\u00e4ttningen, men nu har regeringen redan f\u00e5tt syssels\u00e4ttningsm\u00e4tarna att peka ned\u00e5t. Vi har ingen s\u00e5dan betydande l\u00e5gkonjunktur i ekonomin som man skulle kunna skylla p\u00e5 en f\u00f6rs\u00e4mrad syssels\u00e4ttning. D\u00e5 regeringen sk\u00e4r i k\u00f6pkraften f\u00f6r de m\u00e4nniskorna som tvingas anv\u00e4nda alla sina inkomster f\u00f6r sina grundbehov skapas nog lidande, men inte arbetsplatser.<\/p>\n\n\n\n<p>F\u00f6rhoppningsvis fick s\u00e5 m\u00e5nga som m\u00f6jligt tillbringa en fin semester och ladda batterierna, f\u00f6r snart f\u00e5r vi g\u00e5 i motvind f\u00f6r ett b\u00e4ttre arbetsliv!<\/p>\n\n\n\n<p><em>Veli-Matti Kuntonen<\/em><br><em>SEL:s f\u00f6rbundsordf\u00f6rande<\/em><\/p>\n","protected":false},"excerpt":{"rendered":"<p>Vi f\u00f6rbereder oss f\u00f6r n\u00e4rvarande f\u00f6r kollektivavtalsf\u00f6rhandlingar, eftersom nug\u00e4llande kollektivavtal f\u00f6r arbetstagarna i livsmedelsbranschen utg\u00e5r 31.1.2025. Ocks\u00e5 I flera andra [\u2026] <a href=\"https:\/\/www.selry.fi\/sv\/blogg\/regeringens-atgarder-kommer-till-avtalsborden\/\">Lue lis\u00e4\u00e4 &raquo;<\/a><\/p>\n","protected":false},"author":4,"featured_media":10997,"comment_status":"closed","ping_status":"closed","sticky":false,"template":"","format":"standard","meta":{"_acf_changed":false,"footnotes":""},"categories":[64],"tags":[],"class_list":["post-15753","post","type-post","status-publish","format-standard","has-post-thumbnail","hentry","category-blogg"],"acf":[],"yoast_head":"<!-- This site is optimized with the Yoast SEO plugin v27.2 - https:\/\/yoast.com\/product\/yoast-seo-wordpress\/ -->\n<title>Regeringens \u00e5tg\u00e4rder kommer till avtalsborden<\/title>\n<meta name=\"robots\" content=\"index, follow, max-snippet:-1, max-image-preview:large, max-video-preview:-1\" \/>\n<link rel=\"canonical\" href=\"https:\/\/www.selry.fi\/sv\/blogg\/regeringens-atgarder-kommer-till-avtalsborden\/\" \/>\n<meta property=\"og:locale\" content=\"sv_SE\" \/>\n<meta property=\"og:type\" content=\"article\" \/>\n<meta property=\"og:title\" content=\"Regeringens \u00e5tg\u00e4rder kommer till avtalsborden\" \/>\n<meta property=\"og:description\" content=\"Vi f\u00f6rbereder oss f\u00f6r n\u00e4rvarande f\u00f6r kollektivavtalsf\u00f6rhandlingar, eftersom nug\u00e4llande kollektivavtal f\u00f6r arbetstagarna i livsmedelsbranschen utg\u00e5r 31.1.2025. Ocks\u00e5 I flera andra [\u2026] Lue lis\u00e4\u00e4 &raquo;\" \/>\n<meta property=\"og:url\" content=\"https:\/\/www.selry.fi\/sv\/blogg\/regeringens-atgarder-kommer-till-avtalsborden\/\" \/>\n<meta property=\"og:site_name\" content=\"Suomen Elintarvikety\u00f6l\u00e4isten Liitto SEL\" \/>\n<meta property=\"article:publisher\" content=\"https:\/\/www.facebook.com\/selry\" \/>\n<meta property=\"article:published_time\" content=\"2024-08-27T19:25:00+00:00\" \/>\n<meta property=\"article:modified_time\" content=\"2024-08-27T19:25:01+00:00\" \/>\n<meta property=\"og:image\" content=\"https:\/\/www.selry.fi\/wp-content\/uploads\/2023\/02\/veli-matti-kuntonen-blogi.jpg\" \/>\n\t<meta property=\"og:image:width\" content=\"1536\" \/>\n\t<meta property=\"og:image:height\" content=\"1148\" \/>\n\t<meta property=\"og:image:type\" content=\"image\/jpeg\" \/>\n<meta name=\"author\" content=\"Karoliina \u00d6ystil\u00e4\" \/>\n<meta name=\"twitter:card\" content=\"summary_large_image\" \/>\n<meta name=\"twitter:creator\" content=\"@selryfi\" \/>\n<meta name=\"twitter:site\" content=\"@selryfi\" \/>\n<script type=\"application\/ld+json\" class=\"yoast-schema-graph\">{\"@context\":\"https:\/\/schema.org\",\"@graph\":[{\"@type\":\"Article\",\"@id\":\"https:\/\/www.selry.fi\/sv\/blogg\/regeringens-atgarder-kommer-till-avtalsborden\/#article\",\"isPartOf\":{\"@id\":\"https:\/\/www.selry.fi\/sv\/blogg\/regeringens-atgarder-kommer-till-avtalsborden\/\"},\"author\":{\"name\":\"Karoliina \u00d6ystil\u00e4\",\"@id\":\"https:\/\/www.selry.fi\/#\/schema\/person\/4fb0b52ed84c524f0beea95625a21678\"},\"headline\":\"Regeringens \u00e5tg\u00e4rder kommer till avtalsborden\",\"datePublished\":\"2024-08-27T19:25:00+00:00\",\"dateModified\":\"2024-08-27T19:25:01+00:00\",\"mainEntityOfPage\":{\"@id\":\"https:\/\/www.selry.fi\/sv\/blogg\/regeringens-atgarder-kommer-till-avtalsborden\/\"},\"wordCount\":567,\"publisher\":{\"@id\":\"https:\/\/www.selry.fi\/#organization\"},\"image\":{\"@id\":\"https:\/\/www.selry.fi\/sv\/blogg\/regeringens-atgarder-kommer-till-avtalsborden\/#primaryimage\"},\"thumbnailUrl\":\"https:\/\/www.selry.fi\/wp-content\/uploads\/2023\/02\/veli-matti-kuntonen-blogi.jpg\",\"articleSection\":[\"Blogg\"],\"inLanguage\":\"sv-SE\"},{\"@type\":\"WebPage\",\"@id\":\"https:\/\/www.selry.fi\/sv\/blogg\/regeringens-atgarder-kommer-till-avtalsborden\/\",\"url\":\"https:\/\/www.selry.fi\/sv\/blogg\/regeringens-atgarder-kommer-till-avtalsborden\/\",\"name\":\"Regeringens \u00e5tg\u00e4rder kommer till avtalsborden\",\"isPartOf\":{\"@id\":\"https:\/\/www.selry.fi\/#website\"},\"primaryImageOfPage\":{\"@id\":\"https:\/\/www.selry.fi\/sv\/blogg\/regeringens-atgarder-kommer-till-avtalsborden\/#primaryimage\"},\"image\":{\"@id\":\"https:\/\/www.selry.fi\/sv\/blogg\/regeringens-atgarder-kommer-till-avtalsborden\/#primaryimage\"},\"thumbnailUrl\":\"https:\/\/www.selry.fi\/wp-content\/uploads\/2023\/02\/veli-matti-kuntonen-blogi.jpg\",\"datePublished\":\"2024-08-27T19:25:00+00:00\",\"dateModified\":\"2024-08-27T19:25:01+00:00\",\"breadcrumb\":{\"@id\":\"https:\/\/www.selry.fi\/sv\/blogg\/regeringens-atgarder-kommer-till-avtalsborden\/#breadcrumb\"},\"inLanguage\":\"sv-SE\",\"potentialAction\":[{\"@type\":\"ReadAction\",\"target\":[\"https:\/\/www.selry.fi\/sv\/blogg\/regeringens-atgarder-kommer-till-avtalsborden\/\"]}]},{\"@type\":\"ImageObject\",\"inLanguage\":\"sv-SE\",\"@id\":\"https:\/\/www.selry.fi\/sv\/blogg\/regeringens-atgarder-kommer-till-avtalsborden\/#primaryimage\",\"url\":\"https:\/\/www.selry.fi\/wp-content\/uploads\/2023\/02\/veli-matti-kuntonen-blogi.jpg\",\"contentUrl\":\"https:\/\/www.selry.fi\/wp-content\/uploads\/2023\/02\/veli-matti-kuntonen-blogi.jpg\",\"width\":1536,\"height\":1148},{\"@type\":\"BreadcrumbList\",\"@id\":\"https:\/\/www.selry.fi\/sv\/blogg\/regeringens-atgarder-kommer-till-avtalsborden\/#breadcrumb\",\"itemListElement\":[{\"@type\":\"ListItem\",\"position\":1,\"name\":\"Home\",\"item\":\"https:\/\/www.selry.fi\/sv\/\"},{\"@type\":\"ListItem\",\"position\":2,\"name\":\"Regeringens \u00e5tg\u00e4rder kommer till avtalsborden\"}]},{\"@type\":\"WebSite\",\"@id\":\"https:\/\/www.selry.fi\/#website\",\"url\":\"https:\/\/www.selry.fi\/\",\"name\":\"Suomen Elintarvikety\u00f6l\u00e4isten Liitto SEL\",\"description\":\"\",\"publisher\":{\"@id\":\"https:\/\/www.selry.fi\/#organization\"},\"inLanguage\":\"sv-SE\"},{\"@type\":\"Organization\",\"@id\":\"https:\/\/www.selry.fi\/#organization\",\"name\":\"Suomen Elintarvikety\u00f6l\u00e4isten Liitto SEL\",\"url\":\"https:\/\/www.selry.fi\/\",\"logo\":{\"@type\":\"ImageObject\",\"inLanguage\":\"sv-SE\",\"@id\":\"https:\/\/www.selry.fi\/#\/schema\/logo\/image\/\",\"url\":\"https:\/\/www.selry.fi\/wp-content\/uploads\/2021\/05\/logo-sel.svg\",\"contentUrl\":\"https:\/\/www.selry.fi\/wp-content\/uploads\/2021\/05\/logo-sel.svg\",\"width\":453,\"height\":135,\"caption\":\"Suomen Elintarvikety\u00f6l\u00e4isten Liitto SEL\"},\"image\":{\"@id\":\"https:\/\/www.selry.fi\/#\/schema\/logo\/image\/\"},\"sameAs\":[\"https:\/\/www.facebook.com\/selry\",\"https:\/\/x.com\/selryfi\"]},{\"@type\":\"Person\",\"@id\":\"https:\/\/www.selry.fi\/#\/schema\/person\/4fb0b52ed84c524f0beea95625a21678\",\"name\":\"Karoliina \u00d6ystil\u00e4\",\"image\":{\"@type\":\"ImageObject\",\"inLanguage\":\"sv-SE\",\"@id\":\"https:\/\/secure.gravatar.com\/avatar\/8dcb857776c4317075ba571fdc81a06a1f240302e468800d69bf316ef82ac4cd?s=96&d=mm&r=g\",\"url\":\"https:\/\/secure.gravatar.com\/avatar\/8dcb857776c4317075ba571fdc81a06a1f240302e468800d69bf316ef82ac4cd?s=96&d=mm&r=g\",\"contentUrl\":\"https:\/\/secure.gravatar.com\/avatar\/8dcb857776c4317075ba571fdc81a06a1f240302e468800d69bf316ef82ac4cd?s=96&d=mm&r=g\",\"caption\":\"Karoliina \u00d6ystil\u00e4\"}}]}<\/script>\n<!-- \/ Yoast SEO plugin. -->","yoast_head_json":{"title":"Regeringens \u00e5tg\u00e4rder kommer till avtalsborden","robots":{"index":"index","follow":"follow","max-snippet":"max-snippet:-1","max-image-preview":"max-image-preview:large","max-video-preview":"max-video-preview:-1"},"canonical":"https:\/\/www.selry.fi\/sv\/blogg\/regeringens-atgarder-kommer-till-avtalsborden\/","og_locale":"sv_SE","og_type":"article","og_title":"Regeringens \u00e5tg\u00e4rder kommer till avtalsborden","og_description":"Vi f\u00f6rbereder oss f\u00f6r n\u00e4rvarande f\u00f6r kollektivavtalsf\u00f6rhandlingar, eftersom nug\u00e4llande kollektivavtal f\u00f6r arbetstagarna i livsmedelsbranschen utg\u00e5r 31.1.2025. Ocks\u00e5 I flera andra [\u2026] Lue lis\u00e4\u00e4 &raquo;","og_url":"https:\/\/www.selry.fi\/sv\/blogg\/regeringens-atgarder-kommer-till-avtalsborden\/","og_site_name":"Suomen Elintarvikety\u00f6l\u00e4isten Liitto SEL","article_publisher":"https:\/\/www.facebook.com\/selry","article_published_time":"2024-08-27T19:25:00+00:00","article_modified_time":"2024-08-27T19:25:01+00:00","og_image":[{"width":1536,"height":1148,"url":"https:\/\/www.selry.fi\/wp-content\/uploads\/2023\/02\/veli-matti-kuntonen-blogi.jpg","type":"image\/jpeg"}],"author":"Karoliina \u00d6ystil\u00e4","twitter_card":"summary_large_image","twitter_creator":"@selryfi","twitter_site":"@selryfi","schema":{"@context":"https:\/\/schema.org","@graph":[{"@type":"Article","@id":"https:\/\/www.selry.fi\/sv\/blogg\/regeringens-atgarder-kommer-till-avtalsborden\/#article","isPartOf":{"@id":"https:\/\/www.selry.fi\/sv\/blogg\/regeringens-atgarder-kommer-till-avtalsborden\/"},"author":{"name":"Karoliina \u00d6ystil\u00e4","@id":"https:\/\/www.selry.fi\/#\/schema\/person\/4fb0b52ed84c524f0beea95625a21678"},"headline":"Regeringens \u00e5tg\u00e4rder kommer till avtalsborden","datePublished":"2024-08-27T19:25:00+00:00","dateModified":"2024-08-27T19:25:01+00:00","mainEntityOfPage":{"@id":"https:\/\/www.selry.fi\/sv\/blogg\/regeringens-atgarder-kommer-till-avtalsborden\/"},"wordCount":567,"publisher":{"@id":"https:\/\/www.selry.fi\/#organization"},"image":{"@id":"https:\/\/www.selry.fi\/sv\/blogg\/regeringens-atgarder-kommer-till-avtalsborden\/#primaryimage"},"thumbnailUrl":"https:\/\/www.selry.fi\/wp-content\/uploads\/2023\/02\/veli-matti-kuntonen-blogi.jpg","articleSection":["Blogg"],"inLanguage":"sv-SE"},{"@type":"WebPage","@id":"https:\/\/www.selry.fi\/sv\/blogg\/regeringens-atgarder-kommer-till-avtalsborden\/","url":"https:\/\/www.selry.fi\/sv\/blogg\/regeringens-atgarder-kommer-till-avtalsborden\/","name":"Regeringens \u00e5tg\u00e4rder kommer till avtalsborden","isPartOf":{"@id":"https:\/\/www.selry.fi\/#website"},"primaryImageOfPage":{"@id":"https:\/\/www.selry.fi\/sv\/blogg\/regeringens-atgarder-kommer-till-avtalsborden\/#primaryimage"},"image":{"@id":"https:\/\/www.selry.fi\/sv\/blogg\/regeringens-atgarder-kommer-till-avtalsborden\/#primaryimage"},"thumbnailUrl":"https:\/\/www.selry.fi\/wp-content\/uploads\/2023\/02\/veli-matti-kuntonen-blogi.jpg","datePublished":"2024-08-27T19:25:00+00:00","dateModified":"2024-08-27T19:25:01+00:00","breadcrumb":{"@id":"https:\/\/www.selry.fi\/sv\/blogg\/regeringens-atgarder-kommer-till-avtalsborden\/#breadcrumb"},"inLanguage":"sv-SE","potentialAction":[{"@type":"ReadAction","target":["https:\/\/www.selry.fi\/sv\/blogg\/regeringens-atgarder-kommer-till-avtalsborden\/"]}]},{"@type":"ImageObject","inLanguage":"sv-SE","@id":"https:\/\/www.selry.fi\/sv\/blogg\/regeringens-atgarder-kommer-till-avtalsborden\/#primaryimage","url":"https:\/\/www.selry.fi\/wp-content\/uploads\/2023\/02\/veli-matti-kuntonen-blogi.jpg","contentUrl":"https:\/\/www.selry.fi\/wp-content\/uploads\/2023\/02\/veli-matti-kuntonen-blogi.jpg","width":1536,"height":1148},{"@type":"BreadcrumbList","@id":"https:\/\/www.selry.fi\/sv\/blogg\/regeringens-atgarder-kommer-till-avtalsborden\/#breadcrumb","itemListElement":[{"@type":"ListItem","position":1,"name":"Home","item":"https:\/\/www.selry.fi\/sv\/"},{"@type":"ListItem","position":2,"name":"Regeringens \u00e5tg\u00e4rder kommer till avtalsborden"}]},{"@type":"WebSite","@id":"https:\/\/www.selry.fi\/#website","url":"https:\/\/www.selry.fi\/","name":"Suomen Elintarvikety\u00f6l\u00e4isten Liitto SEL","description":"","publisher":{"@id":"https:\/\/www.selry.fi\/#organization"},"inLanguage":"sv-SE"},{"@type":"Organization","@id":"https:\/\/www.selry.fi\/#organization","name":"Suomen Elintarvikety\u00f6l\u00e4isten Liitto SEL","url":"https:\/\/www.selry.fi\/","logo":{"@type":"ImageObject","inLanguage":"sv-SE","@id":"https:\/\/www.selry.fi\/#\/schema\/logo\/image\/","url":"https:\/\/www.selry.fi\/wp-content\/uploads\/2021\/05\/logo-sel.svg","contentUrl":"https:\/\/www.selry.fi\/wp-content\/uploads\/2021\/05\/logo-sel.svg","width":453,"height":135,"caption":"Suomen Elintarvikety\u00f6l\u00e4isten Liitto SEL"},"image":{"@id":"https:\/\/www.selry.fi\/#\/schema\/logo\/image\/"},"sameAs":["https:\/\/www.facebook.com\/selry","https:\/\/x.com\/selryfi"]},{"@type":"Person","@id":"https:\/\/www.selry.fi\/#\/schema\/person\/4fb0b52ed84c524f0beea95625a21678","name":"Karoliina \u00d6ystil\u00e4","image":{"@type":"ImageObject","inLanguage":"sv-SE","@id":"https:\/\/secure.gravatar.com\/avatar\/8dcb857776c4317075ba571fdc81a06a1f240302e468800d69bf316ef82ac4cd?s=96&d=mm&r=g","url":"https:\/\/secure.gravatar.com\/avatar\/8dcb857776c4317075ba571fdc81a06a1f240302e468800d69bf316ef82ac4cd?s=96&d=mm&r=g","contentUrl":"https:\/\/secure.gravatar.com\/avatar\/8dcb857776c4317075ba571fdc81a06a1f240302e468800d69bf316ef82ac4cd?s=96&d=mm&r=g","caption":"Karoliina \u00d6ystil\u00e4"}}]}},"_links":{"self":[{"href":"https:\/\/www.selry.fi\/sv\/wp-json\/wp\/v2\/posts\/15753","targetHints":{"allow":["GET"]}}],"collection":[{"href":"https:\/\/www.selry.fi\/sv\/wp-json\/wp\/v2\/posts"}],"about":[{"href":"https:\/\/www.selry.fi\/sv\/wp-json\/wp\/v2\/types\/post"}],"author":[{"embeddable":true,"href":"https:\/\/www.selry.fi\/sv\/wp-json\/wp\/v2\/users\/4"}],"replies":[{"embeddable":true,"href":"https:\/\/www.selry.fi\/sv\/wp-json\/wp\/v2\/comments?post=15753"}],"version-history":[{"count":0,"href":"https:\/\/www.selry.fi\/sv\/wp-json\/wp\/v2\/posts\/15753\/revisions"}],"wp:featuredmedia":[{"embeddable":true,"href":"https:\/\/www.selry.fi\/sv\/wp-json\/wp\/v2\/media\/10997"}],"wp:attachment":[{"href":"https:\/\/www.selry.fi\/sv\/wp-json\/wp\/v2\/media?parent=15753"}],"wp:term":[{"taxonomy":"category","embeddable":true,"href":"https:\/\/www.selry.fi\/sv\/wp-json\/wp\/v2\/categories?post=15753"},{"taxonomy":"post_tag","embeddable":true,"href":"https:\/\/www.selry.fi\/sv\/wp-json\/wp\/v2\/tags?post=15753"}],"curies":[{"name":"wp","href":"https:\/\/api.w.org\/{rel}","templated":true}]}}