{"id":15541,"date":"2024-07-03T23:35:24","date_gmt":"2024-07-03T20:35:24","guid":{"rendered":"https:\/\/www.selry.fi\/?p=15541"},"modified":"2024-07-03T23:43:49","modified_gmt":"2024-07-03T20:43:49","slug":"vad-hander-med-min-semester-om-jag-insjuknar-fore-semester-borjat-eller-under-semestern","status":"publish","type":"post","link":"https:\/\/www.selry.fi\/sv\/nyheter\/vad-hander-med-min-semester-om-jag-insjuknar-fore-semester-borjat-eller-under-semestern\/","title":{"rendered":"Vad h\u00e4nder med min semester om jag insjuknar f\u00f6re semester b\u00f6rjat eller under semestern?"},"content":{"rendered":"\n<p class=\"has-ingressi-font-size\">Om du blir sjuk innan din semester b\u00f6rjar eller under din semester kan du beg\u00e4ra att din ledighet skjuts upp.<\/p>\n\n\n\n<p>Om arbetstagaren vet att hen kommer att beh\u00f6va sjukhusv\u00e5rd eller annan j\u00e4mf\u00f6rbar v\u00e5rd under den planerade semestern, har hen r\u00e4tt att skjuta p\u00e5 sin semester. Beg\u00e4ran om att skjuta p\u00e5 semestern skall ges till arbetsgivaren innan \u00e5rssemesterns b\u00f6rjan.<\/p>\n\n\n\n<p>Om arbetstagaren insjuknar f\u00f6re \u00e5rssemesterns b\u00f6rjan eller under \u00e5rssemestern kan arbetstagaren be om att f\u00e5 ta ut den senare. Den r\u00e4tten g\u00e4ller om du insjuknat, r\u00e5kat ut f\u00f6r ett olycksfall eller p\u00e5 grund av f\u00f6rlossning blivit arbetsof\u00f6rm\u00f6gen n\u00e4r semestern b\u00f6rjar eller under semestern. R\u00e4tten att skjuta upp semestern g\u00e4ller endast den lagstadgade \u00e5rssemestern och inarbetad ledig tid p\u00e5 \u00e5rssemestern, eller exempelvis arbetstidsf\u00f6rkortningsledighet eller pekkasdagar.<\/p>\n\n\n\n<p>Om du insjuknar under \u00e5rssemestern har du r\u00e4tt att skjuta upp ledigheten f\u00f6rst efter eventuella karensdagar. Karensen g\u00e4ller f\u00f6r en \u00e5rssemester p\u00e5 \u00f6ver fyra veckor och karensdagarna \u00e4r h\u00f6gst sex dagar till antalet. Karensdagarna f\u00e5r inte minska arbetstagarens r\u00e4tt till fyra veckors \u00e5rssemester.<\/p>\n\n\n\n<p>Karenstiden g\u00e4ller hela \u00e5ret s\u00e5 det l\u00f6nar sig att ocks\u00e5 meddela om enskilda sjukdagar under ledigheter och skaffa l\u00e4karintyg \u00f6ver dem, eftersom \u00e5rets sjukdagar r\u00e4knas ihop.<\/p>\n\n\n\n<p>Arbetstagaren ska omedelbart f\u00f6rse arbetsgivaren med ett tillf\u00f6rlitligt klarl\u00e4ggande av sin arbetsof\u00f6rm\u00e5ga enligt den praxis som g\u00e4ller p\u00e5 arbetsplatsen. Arbetstagaren ska uttryckligen be arbetsgivaren om att f\u00e5 skjuta p\u00e5 semestern om hen insjuknar f\u00f6re semestern inleds eller under semestern. Att endast meddela att man \u00e4r sjuk eller att l\u00e4mna ett l\u00e4karintyg till arbetsgivaren r\u00e4cker inte f\u00f6r att f\u00e5 skjuta upp semestern. D\u00e5 \u00e5rssemestern har uppskjutits \u00e4r arbetstagaren sjukledig.<\/p>\n\n\n\n<p>Uppskjuten semester p\u00e5 grund av arbetsof\u00f6rm\u00e5ga ska i f\u00f6rsta hand beviljas arbetstagaren f\u00f6re semesterperiodens slut (30.9) och uppskjuten vintersemester f\u00f6re f\u00f6ljande semesterperiods b\u00f6rjan (2.5). Om det inte \u00e4r m\u00f6jligt kan den uppskjutna ledigheten \u00e4nnu beviljas arbetstagaren under det kalender\u00e5r som f\u00f6ljer p\u00e5 den ursprungliga semesterperioden och senast i slutet av det kalender\u00e5ret. Om inte heller det g\u00e5r kan arbetstagaren erh\u00e5lla semesterpengar som ers\u00e4ttning f\u00f6r outtagen semester p\u00e5 grund av arbetsof\u00f6rm\u00e5ga.<\/p>\n","protected":false},"excerpt":{"rendered":"<p>Om du blir sjuk innan din semester b\u00f6rjar eller under din semester kan du beg\u00e4ra att din ledighet skjuts upp. [\u2026] <a href=\"https:\/\/www.selry.fi\/sv\/nyheter\/vad-hander-med-min-semester-om-jag-insjuknar-fore-semester-borjat-eller-under-semestern\/\">Lue lis\u00e4\u00e4 &raquo;<\/a><\/p>\n","protected":false},"author":4,"featured_media":15118,"comment_status":"closed","ping_status":"closed","sticky":false,"template":"","format":"standard","meta":{"_acf_changed":false,"footnotes":""},"categories":[26],"tags":[],"class_list":["post-15541","post","type-post","status-publish","format-standard","has-post-thumbnail","hentry","category-nyheter"],"acf":[],"yoast_head":"<!-- This site is optimized with the Yoast SEO plugin v27.2 - https:\/\/yoast.com\/product\/yoast-seo-wordpress\/ -->\n<title>Vad h\u00e4nder med min semester om jag insjuknar f\u00f6re semester b\u00f6rjat eller under semestern?<\/title>\n<meta name=\"robots\" content=\"index, follow, max-snippet:-1, max-image-preview:large, max-video-preview:-1\" \/>\n<link rel=\"canonical\" href=\"https:\/\/www.selry.fi\/sv\/nyheter\/vad-hander-med-min-semester-om-jag-insjuknar-fore-semester-borjat-eller-under-semestern\/\" \/>\n<meta property=\"og:locale\" content=\"sv_SE\" \/>\n<meta property=\"og:type\" content=\"article\" \/>\n<meta property=\"og:title\" content=\"Vad h\u00e4nder med min semester om jag insjuknar f\u00f6re semester b\u00f6rjat eller under semestern?\" \/>\n<meta property=\"og:description\" content=\"Om du blir sjuk innan din semester b\u00f6rjar eller under din semester kan du beg\u00e4ra att din ledighet skjuts upp. [\u2026] Lue lis\u00e4\u00e4 &raquo;\" \/>\n<meta property=\"og:url\" content=\"https:\/\/www.selry.fi\/sv\/nyheter\/vad-hander-med-min-semester-om-jag-insjuknar-fore-semester-borjat-eller-under-semestern\/\" \/>\n<meta property=\"og:site_name\" content=\"Suomen Elintarvikety\u00f6l\u00e4isten Liitto SEL\" \/>\n<meta property=\"article:publisher\" content=\"https:\/\/www.facebook.com\/selry\" \/>\n<meta property=\"article:published_time\" content=\"2024-07-03T20:35:24+00:00\" \/>\n<meta property=\"article:modified_time\" content=\"2024-07-03T20:43:49+00:00\" \/>\n<meta property=\"og:image\" content=\"https:\/\/www.selry.fi\/wp-content\/uploads\/2024\/05\/dsc-8836-kesafestarit-bibek-bista.jpg\" \/>\n\t<meta property=\"og:image:width\" content=\"1920\" \/>\n\t<meta property=\"og:image:height\" content=\"1079\" \/>\n\t<meta property=\"og:image:type\" content=\"image\/jpeg\" \/>\n<meta name=\"author\" content=\"Karoliina \u00d6ystil\u00e4\" \/>\n<meta name=\"twitter:card\" content=\"summary_large_image\" \/>\n<meta name=\"twitter:creator\" content=\"@selryfi\" \/>\n<meta name=\"twitter:site\" content=\"@selryfi\" \/>\n<script type=\"application\/ld+json\" class=\"yoast-schema-graph\">{\"@context\":\"https:\/\/schema.org\",\"@graph\":[{\"@type\":\"Article\",\"@id\":\"https:\/\/www.selry.fi\/sv\/nyheter\/vad-hander-med-min-semester-om-jag-insjuknar-fore-semester-borjat-eller-under-semestern\/#article\",\"isPartOf\":{\"@id\":\"https:\/\/www.selry.fi\/sv\/nyheter\/vad-hander-med-min-semester-om-jag-insjuknar-fore-semester-borjat-eller-under-semestern\/\"},\"author\":{\"name\":\"Karoliina \u00d6ystil\u00e4\",\"@id\":\"https:\/\/www.selry.fi\/#\/schema\/person\/4fb0b52ed84c524f0beea95625a21678\"},\"headline\":\"Vad h\u00e4nder med min semester om jag insjuknar f\u00f6re semester b\u00f6rjat eller under semestern?\",\"datePublished\":\"2024-07-03T20:35:24+00:00\",\"dateModified\":\"2024-07-03T20:43:49+00:00\",\"mainEntityOfPage\":{\"@id\":\"https:\/\/www.selry.fi\/sv\/nyheter\/vad-hander-med-min-semester-om-jag-insjuknar-fore-semester-borjat-eller-under-semestern\/\"},\"wordCount\":407,\"publisher\":{\"@id\":\"https:\/\/www.selry.fi\/#organization\"},\"image\":{\"@id\":\"https:\/\/www.selry.fi\/sv\/nyheter\/vad-hander-med-min-semester-om-jag-insjuknar-fore-semester-borjat-eller-under-semestern\/#primaryimage\"},\"thumbnailUrl\":\"https:\/\/www.selry.fi\/wp-content\/uploads\/2024\/05\/dsc-8836-kesafestarit-bibek-bista.jpg\",\"articleSection\":[\"Nyheter\"],\"inLanguage\":\"sv-SE\"},{\"@type\":\"WebPage\",\"@id\":\"https:\/\/www.selry.fi\/sv\/nyheter\/vad-hander-med-min-semester-om-jag-insjuknar-fore-semester-borjat-eller-under-semestern\/\",\"url\":\"https:\/\/www.selry.fi\/sv\/nyheter\/vad-hander-med-min-semester-om-jag-insjuknar-fore-semester-borjat-eller-under-semestern\/\",\"name\":\"Vad h\u00e4nder med min semester om jag insjuknar f\u00f6re semester b\u00f6rjat eller under semestern?\",\"isPartOf\":{\"@id\":\"https:\/\/www.selry.fi\/#website\"},\"primaryImageOfPage\":{\"@id\":\"https:\/\/www.selry.fi\/sv\/nyheter\/vad-hander-med-min-semester-om-jag-insjuknar-fore-semester-borjat-eller-under-semestern\/#primaryimage\"},\"image\":{\"@id\":\"https:\/\/www.selry.fi\/sv\/nyheter\/vad-hander-med-min-semester-om-jag-insjuknar-fore-semester-borjat-eller-under-semestern\/#primaryimage\"},\"thumbnailUrl\":\"https:\/\/www.selry.fi\/wp-content\/uploads\/2024\/05\/dsc-8836-kesafestarit-bibek-bista.jpg\",\"datePublished\":\"2024-07-03T20:35:24+00:00\",\"dateModified\":\"2024-07-03T20:43:49+00:00\",\"breadcrumb\":{\"@id\":\"https:\/\/www.selry.fi\/sv\/nyheter\/vad-hander-med-min-semester-om-jag-insjuknar-fore-semester-borjat-eller-under-semestern\/#breadcrumb\"},\"inLanguage\":\"sv-SE\",\"potentialAction\":[{\"@type\":\"ReadAction\",\"target\":[\"https:\/\/www.selry.fi\/sv\/nyheter\/vad-hander-med-min-semester-om-jag-insjuknar-fore-semester-borjat-eller-under-semestern\/\"]}]},{\"@type\":\"ImageObject\",\"inLanguage\":\"sv-SE\",\"@id\":\"https:\/\/www.selry.fi\/sv\/nyheter\/vad-hander-med-min-semester-om-jag-insjuknar-fore-semester-borjat-eller-under-semestern\/#primaryimage\",\"url\":\"https:\/\/www.selry.fi\/wp-content\/uploads\/2024\/05\/dsc-8836-kesafestarit-bibek-bista.jpg\",\"contentUrl\":\"https:\/\/www.selry.fi\/wp-content\/uploads\/2024\/05\/dsc-8836-kesafestarit-bibek-bista.jpg\",\"width\":1920,\"height\":1079},{\"@type\":\"BreadcrumbList\",\"@id\":\"https:\/\/www.selry.fi\/sv\/nyheter\/vad-hander-med-min-semester-om-jag-insjuknar-fore-semester-borjat-eller-under-semestern\/#breadcrumb\",\"itemListElement\":[{\"@type\":\"ListItem\",\"position\":1,\"name\":\"Home\",\"item\":\"https:\/\/www.selry.fi\/sv\/\"},{\"@type\":\"ListItem\",\"position\":2,\"name\":\"Vad h\u00e4nder med min semester om jag insjuknar f\u00f6re semester b\u00f6rjat eller under semestern?\"}]},{\"@type\":\"WebSite\",\"@id\":\"https:\/\/www.selry.fi\/#website\",\"url\":\"https:\/\/www.selry.fi\/\",\"name\":\"Suomen Elintarvikety\u00f6l\u00e4isten Liitto SEL\",\"description\":\"\",\"publisher\":{\"@id\":\"https:\/\/www.selry.fi\/#organization\"},\"inLanguage\":\"sv-SE\"},{\"@type\":\"Organization\",\"@id\":\"https:\/\/www.selry.fi\/#organization\",\"name\":\"Suomen Elintarvikety\u00f6l\u00e4isten Liitto SEL\",\"url\":\"https:\/\/www.selry.fi\/\",\"logo\":{\"@type\":\"ImageObject\",\"inLanguage\":\"sv-SE\",\"@id\":\"https:\/\/www.selry.fi\/#\/schema\/logo\/image\/\",\"url\":\"https:\/\/www.selry.fi\/wp-content\/uploads\/2021\/05\/logo-sel.svg\",\"contentUrl\":\"https:\/\/www.selry.fi\/wp-content\/uploads\/2021\/05\/logo-sel.svg\",\"width\":453,\"height\":135,\"caption\":\"Suomen Elintarvikety\u00f6l\u00e4isten Liitto SEL\"},\"image\":{\"@id\":\"https:\/\/www.selry.fi\/#\/schema\/logo\/image\/\"},\"sameAs\":[\"https:\/\/www.facebook.com\/selry\",\"https:\/\/x.com\/selryfi\"]},{\"@type\":\"Person\",\"@id\":\"https:\/\/www.selry.fi\/#\/schema\/person\/4fb0b52ed84c524f0beea95625a21678\",\"name\":\"Karoliina \u00d6ystil\u00e4\",\"image\":{\"@type\":\"ImageObject\",\"inLanguage\":\"sv-SE\",\"@id\":\"https:\/\/secure.gravatar.com\/avatar\/8dcb857776c4317075ba571fdc81a06a1f240302e468800d69bf316ef82ac4cd?s=96&d=mm&r=g\",\"url\":\"https:\/\/secure.gravatar.com\/avatar\/8dcb857776c4317075ba571fdc81a06a1f240302e468800d69bf316ef82ac4cd?s=96&d=mm&r=g\",\"contentUrl\":\"https:\/\/secure.gravatar.com\/avatar\/8dcb857776c4317075ba571fdc81a06a1f240302e468800d69bf316ef82ac4cd?s=96&d=mm&r=g\",\"caption\":\"Karoliina \u00d6ystil\u00e4\"}}]}<\/script>\n<!-- \/ Yoast SEO plugin. -->","yoast_head_json":{"title":"Vad h\u00e4nder med min semester om jag insjuknar f\u00f6re semester b\u00f6rjat eller under semestern?","robots":{"index":"index","follow":"follow","max-snippet":"max-snippet:-1","max-image-preview":"max-image-preview:large","max-video-preview":"max-video-preview:-1"},"canonical":"https:\/\/www.selry.fi\/sv\/nyheter\/vad-hander-med-min-semester-om-jag-insjuknar-fore-semester-borjat-eller-under-semestern\/","og_locale":"sv_SE","og_type":"article","og_title":"Vad h\u00e4nder med min semester om jag insjuknar f\u00f6re semester b\u00f6rjat eller under semestern?","og_description":"Om du blir sjuk innan din semester b\u00f6rjar eller under din semester kan du beg\u00e4ra att din ledighet skjuts upp. [\u2026] Lue lis\u00e4\u00e4 &raquo;","og_url":"https:\/\/www.selry.fi\/sv\/nyheter\/vad-hander-med-min-semester-om-jag-insjuknar-fore-semester-borjat-eller-under-semestern\/","og_site_name":"Suomen Elintarvikety\u00f6l\u00e4isten Liitto SEL","article_publisher":"https:\/\/www.facebook.com\/selry","article_published_time":"2024-07-03T20:35:24+00:00","article_modified_time":"2024-07-03T20:43:49+00:00","og_image":[{"width":1920,"height":1079,"url":"https:\/\/www.selry.fi\/wp-content\/uploads\/2024\/05\/dsc-8836-kesafestarit-bibek-bista.jpg","type":"image\/jpeg"}],"author":"Karoliina \u00d6ystil\u00e4","twitter_card":"summary_large_image","twitter_creator":"@selryfi","twitter_site":"@selryfi","schema":{"@context":"https:\/\/schema.org","@graph":[{"@type":"Article","@id":"https:\/\/www.selry.fi\/sv\/nyheter\/vad-hander-med-min-semester-om-jag-insjuknar-fore-semester-borjat-eller-under-semestern\/#article","isPartOf":{"@id":"https:\/\/www.selry.fi\/sv\/nyheter\/vad-hander-med-min-semester-om-jag-insjuknar-fore-semester-borjat-eller-under-semestern\/"},"author":{"name":"Karoliina \u00d6ystil\u00e4","@id":"https:\/\/www.selry.fi\/#\/schema\/person\/4fb0b52ed84c524f0beea95625a21678"},"headline":"Vad h\u00e4nder med min semester om jag insjuknar f\u00f6re semester b\u00f6rjat eller under semestern?","datePublished":"2024-07-03T20:35:24+00:00","dateModified":"2024-07-03T20:43:49+00:00","mainEntityOfPage":{"@id":"https:\/\/www.selry.fi\/sv\/nyheter\/vad-hander-med-min-semester-om-jag-insjuknar-fore-semester-borjat-eller-under-semestern\/"},"wordCount":407,"publisher":{"@id":"https:\/\/www.selry.fi\/#organization"},"image":{"@id":"https:\/\/www.selry.fi\/sv\/nyheter\/vad-hander-med-min-semester-om-jag-insjuknar-fore-semester-borjat-eller-under-semestern\/#primaryimage"},"thumbnailUrl":"https:\/\/www.selry.fi\/wp-content\/uploads\/2024\/05\/dsc-8836-kesafestarit-bibek-bista.jpg","articleSection":["Nyheter"],"inLanguage":"sv-SE"},{"@type":"WebPage","@id":"https:\/\/www.selry.fi\/sv\/nyheter\/vad-hander-med-min-semester-om-jag-insjuknar-fore-semester-borjat-eller-under-semestern\/","url":"https:\/\/www.selry.fi\/sv\/nyheter\/vad-hander-med-min-semester-om-jag-insjuknar-fore-semester-borjat-eller-under-semestern\/","name":"Vad h\u00e4nder med min semester om jag insjuknar f\u00f6re semester b\u00f6rjat eller under semestern?","isPartOf":{"@id":"https:\/\/www.selry.fi\/#website"},"primaryImageOfPage":{"@id":"https:\/\/www.selry.fi\/sv\/nyheter\/vad-hander-med-min-semester-om-jag-insjuknar-fore-semester-borjat-eller-under-semestern\/#primaryimage"},"image":{"@id":"https:\/\/www.selry.fi\/sv\/nyheter\/vad-hander-med-min-semester-om-jag-insjuknar-fore-semester-borjat-eller-under-semestern\/#primaryimage"},"thumbnailUrl":"https:\/\/www.selry.fi\/wp-content\/uploads\/2024\/05\/dsc-8836-kesafestarit-bibek-bista.jpg","datePublished":"2024-07-03T20:35:24+00:00","dateModified":"2024-07-03T20:43:49+00:00","breadcrumb":{"@id":"https:\/\/www.selry.fi\/sv\/nyheter\/vad-hander-med-min-semester-om-jag-insjuknar-fore-semester-borjat-eller-under-semestern\/#breadcrumb"},"inLanguage":"sv-SE","potentialAction":[{"@type":"ReadAction","target":["https:\/\/www.selry.fi\/sv\/nyheter\/vad-hander-med-min-semester-om-jag-insjuknar-fore-semester-borjat-eller-under-semestern\/"]}]},{"@type":"ImageObject","inLanguage":"sv-SE","@id":"https:\/\/www.selry.fi\/sv\/nyheter\/vad-hander-med-min-semester-om-jag-insjuknar-fore-semester-borjat-eller-under-semestern\/#primaryimage","url":"https:\/\/www.selry.fi\/wp-content\/uploads\/2024\/05\/dsc-8836-kesafestarit-bibek-bista.jpg","contentUrl":"https:\/\/www.selry.fi\/wp-content\/uploads\/2024\/05\/dsc-8836-kesafestarit-bibek-bista.jpg","width":1920,"height":1079},{"@type":"BreadcrumbList","@id":"https:\/\/www.selry.fi\/sv\/nyheter\/vad-hander-med-min-semester-om-jag-insjuknar-fore-semester-borjat-eller-under-semestern\/#breadcrumb","itemListElement":[{"@type":"ListItem","position":1,"name":"Home","item":"https:\/\/www.selry.fi\/sv\/"},{"@type":"ListItem","position":2,"name":"Vad h\u00e4nder med min semester om jag insjuknar f\u00f6re semester b\u00f6rjat eller under semestern?"}]},{"@type":"WebSite","@id":"https:\/\/www.selry.fi\/#website","url":"https:\/\/www.selry.fi\/","name":"Suomen Elintarvikety\u00f6l\u00e4isten Liitto SEL","description":"","publisher":{"@id":"https:\/\/www.selry.fi\/#organization"},"inLanguage":"sv-SE"},{"@type":"Organization","@id":"https:\/\/www.selry.fi\/#organization","name":"Suomen Elintarvikety\u00f6l\u00e4isten Liitto SEL","url":"https:\/\/www.selry.fi\/","logo":{"@type":"ImageObject","inLanguage":"sv-SE","@id":"https:\/\/www.selry.fi\/#\/schema\/logo\/image\/","url":"https:\/\/www.selry.fi\/wp-content\/uploads\/2021\/05\/logo-sel.svg","contentUrl":"https:\/\/www.selry.fi\/wp-content\/uploads\/2021\/05\/logo-sel.svg","width":453,"height":135,"caption":"Suomen Elintarvikety\u00f6l\u00e4isten Liitto SEL"},"image":{"@id":"https:\/\/www.selry.fi\/#\/schema\/logo\/image\/"},"sameAs":["https:\/\/www.facebook.com\/selry","https:\/\/x.com\/selryfi"]},{"@type":"Person","@id":"https:\/\/www.selry.fi\/#\/schema\/person\/4fb0b52ed84c524f0beea95625a21678","name":"Karoliina \u00d6ystil\u00e4","image":{"@type":"ImageObject","inLanguage":"sv-SE","@id":"https:\/\/secure.gravatar.com\/avatar\/8dcb857776c4317075ba571fdc81a06a1f240302e468800d69bf316ef82ac4cd?s=96&d=mm&r=g","url":"https:\/\/secure.gravatar.com\/avatar\/8dcb857776c4317075ba571fdc81a06a1f240302e468800d69bf316ef82ac4cd?s=96&d=mm&r=g","contentUrl":"https:\/\/secure.gravatar.com\/avatar\/8dcb857776c4317075ba571fdc81a06a1f240302e468800d69bf316ef82ac4cd?s=96&d=mm&r=g","caption":"Karoliina \u00d6ystil\u00e4"}}]}},"_links":{"self":[{"href":"https:\/\/www.selry.fi\/sv\/wp-json\/wp\/v2\/posts\/15541","targetHints":{"allow":["GET"]}}],"collection":[{"href":"https:\/\/www.selry.fi\/sv\/wp-json\/wp\/v2\/posts"}],"about":[{"href":"https:\/\/www.selry.fi\/sv\/wp-json\/wp\/v2\/types\/post"}],"author":[{"embeddable":true,"href":"https:\/\/www.selry.fi\/sv\/wp-json\/wp\/v2\/users\/4"}],"replies":[{"embeddable":true,"href":"https:\/\/www.selry.fi\/sv\/wp-json\/wp\/v2\/comments?post=15541"}],"version-history":[{"count":0,"href":"https:\/\/www.selry.fi\/sv\/wp-json\/wp\/v2\/posts\/15541\/revisions"}],"wp:featuredmedia":[{"embeddable":true,"href":"https:\/\/www.selry.fi\/sv\/wp-json\/wp\/v2\/media\/15118"}],"wp:attachment":[{"href":"https:\/\/www.selry.fi\/sv\/wp-json\/wp\/v2\/media?parent=15541"}],"wp:term":[{"taxonomy":"category","embeddable":true,"href":"https:\/\/www.selry.fi\/sv\/wp-json\/wp\/v2\/categories?post=15541"},{"taxonomy":"post_tag","embeddable":true,"href":"https:\/\/www.selry.fi\/sv\/wp-json\/wp\/v2\/tags?post=15541"}],"curies":[{"name":"wp","href":"https:\/\/api.w.org\/{rel}","templated":true}]}}