{"id":15329,"date":"2024-06-03T15:18:10","date_gmt":"2024-06-03T12:18:10","guid":{"rendered":"https:\/\/www.selry.fi\/?p=15329"},"modified":"2024-06-03T15:18:10","modified_gmt":"2024-06-03T12:18:10","slug":"oss-tystar-ni-inte","status":"publish","type":"post","link":"https:\/\/www.selry.fi\/sv\/blogg\/oss-tystar-ni-inte\/","title":{"rendered":"Oss tystar ni inte"},"content":{"rendered":"\n<p>Riksdagsvalet \u00e4r ocks\u00e5 ett kollektivavtalsval. Riksdagsvalsresultatet p\u00e5verkar arbetsvillkoren och arbetsl\u00f6shetsskyddet f\u00f6r varje finl\u00e4ndsk l\u00f6ntagare. Riksdagens och regeringens sammans\u00e4ttning har en stor betydelse f\u00f6r huruvida regeringen kommer att diktera fr\u00e5gorna som en arbetsmarknadspart sj\u00e4lv eller om en kommande regering utg\u00e5r fr\u00e5n att utveckla arbetslivet genom att i samarbete sluta avtal med arbetsmarknadsorganisationerna p\u00e5 trepartsbas.<\/p>\n\n\n\n<p>Regeringen Sipil\u00e4 gav oss redan en f\u00f6rsmak av hur en regering, om den vill, lagstiftningsv\u00e4gen kan p\u00e5verka arbetsvillkoren. Under Sipil\u00e4s tid kunde m\u00e5nga av de f\u00f6rsvagningsf\u00f6rslag som regeringen drev avv\u00e4rjas, men forts\u00e4ttningsvis betalar vi ett pris f\u00f6r det s\u00e5 kallade konkurrenskraftsavtalet.<\/p>\n\n\n\n<p>Nu har regeringen Orpo bevisat att d\u00e5 regeringen och arbetsgivarna, som formulerat f\u00f6rsvagningarna av arbetslivet i dess regeringsprogram \u00e4r tillr\u00e4ckligt tjurskalliga har de b\u00e5de makt och m\u00f6jlighet att i riksdagen genomdriva ocks\u00e5 radikala f\u00f6rsvagningar trots motst\u00e5nd fr\u00e5n arbetstagarna.<\/p>\n\n\n\n<p>Medlemmarna i de FFC-anslutna fackf\u00f6rbunden har f\u00f6rsvarat arbetstagarnas r\u00e4ttigheter med de omfattande, politiska #V\u00e4gandeSk\u00e4l-strejkerna och Stopp nu! -demonstrationerna. Ett stort tack g\u00e5r till alla arbetstagare som deltagit i strejkerna och speciellt till de 7000 FFC-anslutna arbetstagare som i april strejkade i fyra veckor f\u00f6r att f\u00f6rsvara alla finl\u00e4ndska l\u00f6ntagare. Strejkerna rubbade inte regeringens avsikter. I st\u00e4llet svek regeringen grovt sitt l\u00f6fte och v\u00e4grade att f\u00f6rhandla med arbetstagarna ocks\u00e5 efter att strejkerna hade avbl\u00e5sts.<\/p>\n\n\n\n<p>De h\u00e5rda nedsk\u00e4rningarna i arbetsl\u00f6shetsskyddet samt slopandet av vuxenutbildningsst\u00f6det och alterneringsledigheten har redan klubbats av i riksdagen. Nu, d\u00e5 lagen till\u00e5ter politiska strejker p\u00e5 h\u00f6gst ett dygn \u00e4r det l\u00e4ttare f\u00f6r regeringen att genomdriva sin l\u00e5nga lista med f\u00f6rsvagningar av arbetsvillkoren. Regeringen putsar bordet med avtalssamh\u00e4llet och arbetstagarna f\u00e5r en v\u00e5t trasa sl\u00e4ngd sig i ansiktet av regeringspartierna.<\/p>\n\n\n\n<p>Vi l\u00e5ter oss inte tystas eller avskr\u00e4ckas av regeringen. Vi t\u00e4nker inte st\u00e5 p\u00e5 sidan om och tiga d\u00e5 regeringen s\u00f6ndrar det finl\u00e4ndska arbetslivet. Arbetstagarnas r\u00f6st kommer ocks\u00e5 i forts\u00e4ttningen att h\u00f6ras via facket och genom att vi r\u00f6star i val. Nu om n\u00e5gonsin beh\u00f6vs de organiserade arbetstagarna.<\/p>\n\n\n\n<p><em>Karoliina \u00d6ystil\u00e4<\/em><br><em>SEL:s kommunikationschef, chefredakt\u00f6r<\/em><br><br><em>Texten publiceras som ledare i Elintae 4\/2024 (7.6.2024).<\/em><\/p>\n","protected":false},"excerpt":{"rendered":"<p>Riksdagsvalet \u00e4r ocks\u00e5 ett kollektivavtalsval. Riksdagsvalsresultatet p\u00e5verkar arbetsvillkoren och arbetsl\u00f6shetsskyddet f\u00f6r varje finl\u00e4ndsk l\u00f6ntagare. Riksdagens och regeringens sammans\u00e4ttning har en [\u2026] <a href=\"https:\/\/www.selry.fi\/sv\/blogg\/oss-tystar-ni-inte\/\">Lue lis\u00e4\u00e4 &raquo;<\/a><\/p>\n","protected":false},"author":4,"featured_media":10993,"comment_status":"closed","ping_status":"closed","sticky":false,"template":"","format":"standard","meta":{"_acf_changed":false,"footnotes":""},"categories":[64],"tags":[],"class_list":["post-15329","post","type-post","status-publish","format-standard","has-post-thumbnail","hentry","category-blogg"],"acf":[],"yoast_head":"<!-- This site is optimized with the Yoast SEO plugin v27.2 - https:\/\/yoast.com\/product\/yoast-seo-wordpress\/ -->\n<title>Oss tystar ni inte<\/title>\n<meta name=\"robots\" content=\"index, follow, max-snippet:-1, max-image-preview:large, max-video-preview:-1\" \/>\n<link rel=\"canonical\" href=\"https:\/\/www.selry.fi\/sv\/blogg\/oss-tystar-ni-inte\/\" \/>\n<meta property=\"og:locale\" content=\"sv_SE\" \/>\n<meta property=\"og:type\" content=\"article\" \/>\n<meta property=\"og:title\" content=\"Oss tystar ni inte\" \/>\n<meta property=\"og:description\" content=\"Riksdagsvalet \u00e4r ocks\u00e5 ett kollektivavtalsval. Riksdagsvalsresultatet p\u00e5verkar arbetsvillkoren och arbetsl\u00f6shetsskyddet f\u00f6r varje finl\u00e4ndsk l\u00f6ntagare. Riksdagens och regeringens sammans\u00e4ttning har en [\u2026] Lue lis\u00e4\u00e4 &raquo;\" \/>\n<meta property=\"og:url\" content=\"https:\/\/www.selry.fi\/sv\/blogg\/oss-tystar-ni-inte\/\" \/>\n<meta property=\"og:site_name\" content=\"Suomen Elintarvikety\u00f6l\u00e4isten Liitto SEL\" \/>\n<meta property=\"article:publisher\" content=\"https:\/\/www.facebook.com\/selry\" \/>\n<meta property=\"article:published_time\" content=\"2024-06-03T12:18:10+00:00\" \/>\n<meta property=\"og:image\" content=\"https:\/\/www.selry.fi\/wp-content\/uploads\/2023\/02\/karoliina-oystila-blogi.jpg\" \/>\n\t<meta property=\"og:image:width\" content=\"1536\" \/>\n\t<meta property=\"og:image:height\" content=\"1081\" \/>\n\t<meta property=\"og:image:type\" content=\"image\/jpeg\" \/>\n<meta name=\"author\" content=\"Karoliina \u00d6ystil\u00e4\" \/>\n<meta name=\"twitter:card\" content=\"summary_large_image\" \/>\n<meta name=\"twitter:creator\" content=\"@selryfi\" \/>\n<meta name=\"twitter:site\" content=\"@selryfi\" \/>\n<script type=\"application\/ld+json\" class=\"yoast-schema-graph\">{\"@context\":\"https:\/\/schema.org\",\"@graph\":[{\"@type\":\"Article\",\"@id\":\"https:\/\/www.selry.fi\/sv\/blogg\/oss-tystar-ni-inte\/#article\",\"isPartOf\":{\"@id\":\"https:\/\/www.selry.fi\/sv\/blogg\/oss-tystar-ni-inte\/\"},\"author\":{\"name\":\"Karoliina \u00d6ystil\u00e4\",\"@id\":\"https:\/\/www.selry.fi\/#\/schema\/person\/4fb0b52ed84c524f0beea95625a21678\"},\"headline\":\"Oss tystar ni inte\",\"datePublished\":\"2024-06-03T12:18:10+00:00\",\"mainEntityOfPage\":{\"@id\":\"https:\/\/www.selry.fi\/sv\/blogg\/oss-tystar-ni-inte\/\"},\"wordCount\":395,\"publisher\":{\"@id\":\"https:\/\/www.selry.fi\/#organization\"},\"image\":{\"@id\":\"https:\/\/www.selry.fi\/sv\/blogg\/oss-tystar-ni-inte\/#primaryimage\"},\"thumbnailUrl\":\"https:\/\/www.selry.fi\/wp-content\/uploads\/2023\/02\/karoliina-oystila-blogi.jpg\",\"articleSection\":[\"Blogg\"],\"inLanguage\":\"sv-SE\"},{\"@type\":\"WebPage\",\"@id\":\"https:\/\/www.selry.fi\/sv\/blogg\/oss-tystar-ni-inte\/\",\"url\":\"https:\/\/www.selry.fi\/sv\/blogg\/oss-tystar-ni-inte\/\",\"name\":\"Oss tystar ni inte\",\"isPartOf\":{\"@id\":\"https:\/\/www.selry.fi\/#website\"},\"primaryImageOfPage\":{\"@id\":\"https:\/\/www.selry.fi\/sv\/blogg\/oss-tystar-ni-inte\/#primaryimage\"},\"image\":{\"@id\":\"https:\/\/www.selry.fi\/sv\/blogg\/oss-tystar-ni-inte\/#primaryimage\"},\"thumbnailUrl\":\"https:\/\/www.selry.fi\/wp-content\/uploads\/2023\/02\/karoliina-oystila-blogi.jpg\",\"datePublished\":\"2024-06-03T12:18:10+00:00\",\"breadcrumb\":{\"@id\":\"https:\/\/www.selry.fi\/sv\/blogg\/oss-tystar-ni-inte\/#breadcrumb\"},\"inLanguage\":\"sv-SE\",\"potentialAction\":[{\"@type\":\"ReadAction\",\"target\":[\"https:\/\/www.selry.fi\/sv\/blogg\/oss-tystar-ni-inte\/\"]}]},{\"@type\":\"ImageObject\",\"inLanguage\":\"sv-SE\",\"@id\":\"https:\/\/www.selry.fi\/sv\/blogg\/oss-tystar-ni-inte\/#primaryimage\",\"url\":\"https:\/\/www.selry.fi\/wp-content\/uploads\/2023\/02\/karoliina-oystila-blogi.jpg\",\"contentUrl\":\"https:\/\/www.selry.fi\/wp-content\/uploads\/2023\/02\/karoliina-oystila-blogi.jpg\",\"width\":1536,\"height\":1081},{\"@type\":\"BreadcrumbList\",\"@id\":\"https:\/\/www.selry.fi\/sv\/blogg\/oss-tystar-ni-inte\/#breadcrumb\",\"itemListElement\":[{\"@type\":\"ListItem\",\"position\":1,\"name\":\"Home\",\"item\":\"https:\/\/www.selry.fi\/sv\/\"},{\"@type\":\"ListItem\",\"position\":2,\"name\":\"Oss tystar ni inte\"}]},{\"@type\":\"WebSite\",\"@id\":\"https:\/\/www.selry.fi\/#website\",\"url\":\"https:\/\/www.selry.fi\/\",\"name\":\"Suomen Elintarvikety\u00f6l\u00e4isten Liitto SEL\",\"description\":\"\",\"publisher\":{\"@id\":\"https:\/\/www.selry.fi\/#organization\"},\"inLanguage\":\"sv-SE\"},{\"@type\":\"Organization\",\"@id\":\"https:\/\/www.selry.fi\/#organization\",\"name\":\"Suomen Elintarvikety\u00f6l\u00e4isten Liitto SEL\",\"url\":\"https:\/\/www.selry.fi\/\",\"logo\":{\"@type\":\"ImageObject\",\"inLanguage\":\"sv-SE\",\"@id\":\"https:\/\/www.selry.fi\/#\/schema\/logo\/image\/\",\"url\":\"https:\/\/www.selry.fi\/wp-content\/uploads\/2021\/05\/logo-sel.svg\",\"contentUrl\":\"https:\/\/www.selry.fi\/wp-content\/uploads\/2021\/05\/logo-sel.svg\",\"width\":453,\"height\":135,\"caption\":\"Suomen Elintarvikety\u00f6l\u00e4isten Liitto SEL\"},\"image\":{\"@id\":\"https:\/\/www.selry.fi\/#\/schema\/logo\/image\/\"},\"sameAs\":[\"https:\/\/www.facebook.com\/selry\",\"https:\/\/x.com\/selryfi\"]},{\"@type\":\"Person\",\"@id\":\"https:\/\/www.selry.fi\/#\/schema\/person\/4fb0b52ed84c524f0beea95625a21678\",\"name\":\"Karoliina \u00d6ystil\u00e4\",\"image\":{\"@type\":\"ImageObject\",\"inLanguage\":\"sv-SE\",\"@id\":\"https:\/\/secure.gravatar.com\/avatar\/8dcb857776c4317075ba571fdc81a06a1f240302e468800d69bf316ef82ac4cd?s=96&d=mm&r=g\",\"url\":\"https:\/\/secure.gravatar.com\/avatar\/8dcb857776c4317075ba571fdc81a06a1f240302e468800d69bf316ef82ac4cd?s=96&d=mm&r=g\",\"contentUrl\":\"https:\/\/secure.gravatar.com\/avatar\/8dcb857776c4317075ba571fdc81a06a1f240302e468800d69bf316ef82ac4cd?s=96&d=mm&r=g\",\"caption\":\"Karoliina \u00d6ystil\u00e4\"}}]}<\/script>\n<!-- \/ Yoast SEO plugin. -->","yoast_head_json":{"title":"Oss tystar ni inte","robots":{"index":"index","follow":"follow","max-snippet":"max-snippet:-1","max-image-preview":"max-image-preview:large","max-video-preview":"max-video-preview:-1"},"canonical":"https:\/\/www.selry.fi\/sv\/blogg\/oss-tystar-ni-inte\/","og_locale":"sv_SE","og_type":"article","og_title":"Oss tystar ni inte","og_description":"Riksdagsvalet \u00e4r ocks\u00e5 ett kollektivavtalsval. Riksdagsvalsresultatet p\u00e5verkar arbetsvillkoren och arbetsl\u00f6shetsskyddet f\u00f6r varje finl\u00e4ndsk l\u00f6ntagare. Riksdagens och regeringens sammans\u00e4ttning har en [\u2026] Lue lis\u00e4\u00e4 &raquo;","og_url":"https:\/\/www.selry.fi\/sv\/blogg\/oss-tystar-ni-inte\/","og_site_name":"Suomen Elintarvikety\u00f6l\u00e4isten Liitto SEL","article_publisher":"https:\/\/www.facebook.com\/selry","article_published_time":"2024-06-03T12:18:10+00:00","og_image":[{"width":1536,"height":1081,"url":"https:\/\/www.selry.fi\/wp-content\/uploads\/2023\/02\/karoliina-oystila-blogi.jpg","type":"image\/jpeg"}],"author":"Karoliina \u00d6ystil\u00e4","twitter_card":"summary_large_image","twitter_creator":"@selryfi","twitter_site":"@selryfi","schema":{"@context":"https:\/\/schema.org","@graph":[{"@type":"Article","@id":"https:\/\/www.selry.fi\/sv\/blogg\/oss-tystar-ni-inte\/#article","isPartOf":{"@id":"https:\/\/www.selry.fi\/sv\/blogg\/oss-tystar-ni-inte\/"},"author":{"name":"Karoliina \u00d6ystil\u00e4","@id":"https:\/\/www.selry.fi\/#\/schema\/person\/4fb0b52ed84c524f0beea95625a21678"},"headline":"Oss tystar ni inte","datePublished":"2024-06-03T12:18:10+00:00","mainEntityOfPage":{"@id":"https:\/\/www.selry.fi\/sv\/blogg\/oss-tystar-ni-inte\/"},"wordCount":395,"publisher":{"@id":"https:\/\/www.selry.fi\/#organization"},"image":{"@id":"https:\/\/www.selry.fi\/sv\/blogg\/oss-tystar-ni-inte\/#primaryimage"},"thumbnailUrl":"https:\/\/www.selry.fi\/wp-content\/uploads\/2023\/02\/karoliina-oystila-blogi.jpg","articleSection":["Blogg"],"inLanguage":"sv-SE"},{"@type":"WebPage","@id":"https:\/\/www.selry.fi\/sv\/blogg\/oss-tystar-ni-inte\/","url":"https:\/\/www.selry.fi\/sv\/blogg\/oss-tystar-ni-inte\/","name":"Oss tystar ni inte","isPartOf":{"@id":"https:\/\/www.selry.fi\/#website"},"primaryImageOfPage":{"@id":"https:\/\/www.selry.fi\/sv\/blogg\/oss-tystar-ni-inte\/#primaryimage"},"image":{"@id":"https:\/\/www.selry.fi\/sv\/blogg\/oss-tystar-ni-inte\/#primaryimage"},"thumbnailUrl":"https:\/\/www.selry.fi\/wp-content\/uploads\/2023\/02\/karoliina-oystila-blogi.jpg","datePublished":"2024-06-03T12:18:10+00:00","breadcrumb":{"@id":"https:\/\/www.selry.fi\/sv\/blogg\/oss-tystar-ni-inte\/#breadcrumb"},"inLanguage":"sv-SE","potentialAction":[{"@type":"ReadAction","target":["https:\/\/www.selry.fi\/sv\/blogg\/oss-tystar-ni-inte\/"]}]},{"@type":"ImageObject","inLanguage":"sv-SE","@id":"https:\/\/www.selry.fi\/sv\/blogg\/oss-tystar-ni-inte\/#primaryimage","url":"https:\/\/www.selry.fi\/wp-content\/uploads\/2023\/02\/karoliina-oystila-blogi.jpg","contentUrl":"https:\/\/www.selry.fi\/wp-content\/uploads\/2023\/02\/karoliina-oystila-blogi.jpg","width":1536,"height":1081},{"@type":"BreadcrumbList","@id":"https:\/\/www.selry.fi\/sv\/blogg\/oss-tystar-ni-inte\/#breadcrumb","itemListElement":[{"@type":"ListItem","position":1,"name":"Home","item":"https:\/\/www.selry.fi\/sv\/"},{"@type":"ListItem","position":2,"name":"Oss tystar ni inte"}]},{"@type":"WebSite","@id":"https:\/\/www.selry.fi\/#website","url":"https:\/\/www.selry.fi\/","name":"Suomen Elintarvikety\u00f6l\u00e4isten Liitto SEL","description":"","publisher":{"@id":"https:\/\/www.selry.fi\/#organization"},"inLanguage":"sv-SE"},{"@type":"Organization","@id":"https:\/\/www.selry.fi\/#organization","name":"Suomen Elintarvikety\u00f6l\u00e4isten Liitto SEL","url":"https:\/\/www.selry.fi\/","logo":{"@type":"ImageObject","inLanguage":"sv-SE","@id":"https:\/\/www.selry.fi\/#\/schema\/logo\/image\/","url":"https:\/\/www.selry.fi\/wp-content\/uploads\/2021\/05\/logo-sel.svg","contentUrl":"https:\/\/www.selry.fi\/wp-content\/uploads\/2021\/05\/logo-sel.svg","width":453,"height":135,"caption":"Suomen Elintarvikety\u00f6l\u00e4isten Liitto SEL"},"image":{"@id":"https:\/\/www.selry.fi\/#\/schema\/logo\/image\/"},"sameAs":["https:\/\/www.facebook.com\/selry","https:\/\/x.com\/selryfi"]},{"@type":"Person","@id":"https:\/\/www.selry.fi\/#\/schema\/person\/4fb0b52ed84c524f0beea95625a21678","name":"Karoliina \u00d6ystil\u00e4","image":{"@type":"ImageObject","inLanguage":"sv-SE","@id":"https:\/\/secure.gravatar.com\/avatar\/8dcb857776c4317075ba571fdc81a06a1f240302e468800d69bf316ef82ac4cd?s=96&d=mm&r=g","url":"https:\/\/secure.gravatar.com\/avatar\/8dcb857776c4317075ba571fdc81a06a1f240302e468800d69bf316ef82ac4cd?s=96&d=mm&r=g","contentUrl":"https:\/\/secure.gravatar.com\/avatar\/8dcb857776c4317075ba571fdc81a06a1f240302e468800d69bf316ef82ac4cd?s=96&d=mm&r=g","caption":"Karoliina \u00d6ystil\u00e4"}}]}},"_links":{"self":[{"href":"https:\/\/www.selry.fi\/sv\/wp-json\/wp\/v2\/posts\/15329","targetHints":{"allow":["GET"]}}],"collection":[{"href":"https:\/\/www.selry.fi\/sv\/wp-json\/wp\/v2\/posts"}],"about":[{"href":"https:\/\/www.selry.fi\/sv\/wp-json\/wp\/v2\/types\/post"}],"author":[{"embeddable":true,"href":"https:\/\/www.selry.fi\/sv\/wp-json\/wp\/v2\/users\/4"}],"replies":[{"embeddable":true,"href":"https:\/\/www.selry.fi\/sv\/wp-json\/wp\/v2\/comments?post=15329"}],"version-history":[{"count":0,"href":"https:\/\/www.selry.fi\/sv\/wp-json\/wp\/v2\/posts\/15329\/revisions"}],"wp:featuredmedia":[{"embeddable":true,"href":"https:\/\/www.selry.fi\/sv\/wp-json\/wp\/v2\/media\/10993"}],"wp:attachment":[{"href":"https:\/\/www.selry.fi\/sv\/wp-json\/wp\/v2\/media?parent=15329"}],"wp:term":[{"taxonomy":"category","embeddable":true,"href":"https:\/\/www.selry.fi\/sv\/wp-json\/wp\/v2\/categories?post=15329"},{"taxonomy":"post_tag","embeddable":true,"href":"https:\/\/www.selry.fi\/sv\/wp-json\/wp\/v2\/tags?post=15329"}],"curies":[{"name":"wp","href":"https:\/\/api.w.org\/{rel}","templated":true}]}}