{"id":15291,"date":"2024-05-28T16:00:00","date_gmt":"2024-05-28T13:00:00","guid":{"rendered":"https:\/\/www.selry.fi\/?p=15291"},"modified":"2024-08-27T22:25:21","modified_gmt":"2024-08-27T19:25:21","slug":"livsmedelsarbetets-dragkrafts-och-hallkraftsfaktorer","status":"publish","type":"post","link":"https:\/\/www.selry.fi\/sv\/blogg\/livsmedelsarbetets-dragkrafts-och-hallkraftsfaktorer\/","title":{"rendered":"Livsmedelsarbetets dragkrafts- och h\u00e5llkraftsfaktorer"},"content":{"rendered":"\n<p>Vi har inlett en framtidsdialog med arbetsgivarf\u00f6rbundet ETL och <a href=\"https:\/\/hyvatyo.ttl.fi\/tyo2030\/arbete2030\" target=\"_blank\" rel=\"noreferrer noopener\">programmet ARBETE2030<\/a>. Avsikten \u00e4r att vi ska diskutera det nutida och framtida arbetet i livsmedelsbranschen samt identifierakunskapsbehoven och m\u00f6jligheterna inf\u00f6r framtiden.<\/p>\n\n\n\n<p>Som en del av v\u00e5r framtidsdialog har E2 Tutkimus och N\u00e4ringslivets forskningsanstalt Etla samt l\u00f6ntagarnas forskningsinstitut Labore utrett framtidsutsikterna f\u00f6r arbetet i livsmedelsindustrin. Resultatet av utredningen \u00e4r, med tanke p\u00e5 den finl\u00e4ndska livsmedelsindustrin positivt.<\/p>\n\n\n\n<p>Enligt Etlas och Labores rapport g\u00e5r det, enligt ett flertal m\u00e4tare m\u00e4tt i f\u00f6rh\u00e5llande till v\u00e5ra referensl\u00e4nder bra f\u00f6r livsmedelsbranschen i Finland. Finlands livsmedelsindustri \u00e4r l\u00f6nsam och f\u00f6r\u00e4dlingsgraden ligger p\u00e5 en h\u00f6g niv\u00e5. Ocks\u00e5 arbetets produktivitet ligger i internationell j\u00e4mf\u00f6relse p\u00e5 en god niv\u00e5.<\/p>\n\n\n\n<p>Arbetets produktivitet uppst\u00e5r i m\u00e5nga stycken ur det arbete som utf\u00f6rs av kunniga och lojala arbetstagare. Enligt E2 Tutkimus enk\u00e4tunders\u00f6kning ans\u00e5g livsmedelsbranschens arbetstagare att branschens mest betydande dragkraftsfaktorn best\u00e5r av stadigvarande arbetsf\u00f6rh\u00e5llanden p\u00e5 heltid. Det ska vi inte underskatta. Arbetstagarna bygger sina egna liv och sin framtid p\u00e5 stadigvarande arbetsf\u00f6rh\u00e5llanden och samtidigt utg\u00f6r detta en grundval f\u00f6r engagemanget i arbetsplatsen. Utan lojala arbetstagare \u00e4r det sv\u00e5rt f\u00f6r ett f\u00f6retag att utveckla sin produktivitet och verksamhet.<\/p>\n\n\n\n<p>I maj gick vi p\u00e5 ett gemensamt tillf\u00e4lle f\u00f6r SEL:s och ETL:s styrelser igenom framtidsdialogens utredningsresultat. Avsikten \u00e4r att skapa en grund f\u00f6r \u00f6msesidig dialog om l\u00f6sningar b\u00e5de p\u00e5 dagens och framtidens utmaningar som kan gagna b\u00e5de livsmedelsindustrin och dess personal. M\u00f6tet var ett klart tecken p\u00e5 att det l\u00f6nar sig f\u00f6r oss att delta i utvecklandet och skapandet av m\u00f6jligheter f\u00f6r en fortsatt dialog.<\/p>\n\n\n\n<p>Etlas, Labores och E2 Tutkimus utredningar samt Naturreservcentralens utredning samma vecka om livsmedelsbranschens samh\u00e4lleliga betydelse bef\u00e4ster uppfattningen att vi har alla m\u00f6jligheter att g\u00f6ra livsmedelsbranschen \u00e4nnu mer betydande och dragkraftig \u00e4n f\u00f6r n\u00e4rvarande.<\/p>\n\n\n\n<p>Sommarens v\u00e4rmeb\u00f6ljor har redan kommit. V\u00e4rmen har en positiv effekt b\u00e5de p\u00e5 hum\u00f6ret men ocks\u00e5 p\u00e5 \u00e5tg\u00e5ngen av vissa livsmedel. Jag hoppas att alla ska kunna tillbringa en s\u00e5 avkopplande sommar som m\u00f6jligt. Oberoende av vad vi grillar, s\u00e5 grillar vi inhemskt! Det ger oss alla arbete. En glad sommar!<br><br><em>Veli-Matti Kuntonen<\/em><br><em>SEL:s f\u00f6rbundsordf\u00f6rande<\/em><\/p>\n","protected":false},"excerpt":{"rendered":"<p>Vi har inlett en framtidsdialog med arbetsgivarf\u00f6rbundet ETL och programmet ARBETE2030. Avsikten \u00e4r att vi ska diskutera det nutida och [\u2026] <a href=\"https:\/\/www.selry.fi\/sv\/blogg\/livsmedelsarbetets-dragkrafts-och-hallkraftsfaktorer\/\">Lue lis\u00e4\u00e4 &raquo;<\/a><\/p>\n","protected":false},"author":4,"featured_media":10997,"comment_status":"closed","ping_status":"closed","sticky":false,"template":"","format":"standard","meta":{"_acf_changed":false,"footnotes":""},"categories":[64],"tags":[],"class_list":["post-15291","post","type-post","status-publish","format-standard","has-post-thumbnail","hentry","category-blogg"],"acf":[],"yoast_head":"<!-- This site is optimized with the Yoast SEO plugin v27.2 - https:\/\/yoast.com\/product\/yoast-seo-wordpress\/ -->\n<title>Livsmedelsarbetets dragkrafts- och h\u00e5llkraftsfaktorer<\/title>\n<meta name=\"robots\" content=\"index, follow, max-snippet:-1, max-image-preview:large, max-video-preview:-1\" \/>\n<link rel=\"canonical\" href=\"https:\/\/www.selry.fi\/sv\/blogg\/livsmedelsarbetets-dragkrafts-och-hallkraftsfaktorer\/\" \/>\n<meta property=\"og:locale\" content=\"sv_SE\" \/>\n<meta property=\"og:type\" content=\"article\" \/>\n<meta property=\"og:title\" content=\"Livsmedelsarbetets dragkrafts- och h\u00e5llkraftsfaktorer\" \/>\n<meta property=\"og:description\" content=\"Vi har inlett en framtidsdialog med arbetsgivarf\u00f6rbundet ETL och programmet ARBETE2030. Avsikten \u00e4r att vi ska diskutera det nutida och [\u2026] Lue lis\u00e4\u00e4 &raquo;\" \/>\n<meta property=\"og:url\" content=\"https:\/\/www.selry.fi\/sv\/blogg\/livsmedelsarbetets-dragkrafts-och-hallkraftsfaktorer\/\" \/>\n<meta property=\"og:site_name\" content=\"Suomen Elintarvikety\u00f6l\u00e4isten Liitto SEL\" \/>\n<meta property=\"article:publisher\" content=\"https:\/\/www.facebook.com\/selry\" \/>\n<meta property=\"article:published_time\" content=\"2024-05-28T13:00:00+00:00\" \/>\n<meta property=\"article:modified_time\" content=\"2024-08-27T19:25:21+00:00\" \/>\n<meta property=\"og:image\" content=\"https:\/\/www.selry.fi\/wp-content\/uploads\/2023\/02\/veli-matti-kuntonen-blogi.jpg\" \/>\n\t<meta property=\"og:image:width\" content=\"1536\" \/>\n\t<meta property=\"og:image:height\" content=\"1148\" \/>\n\t<meta property=\"og:image:type\" content=\"image\/jpeg\" \/>\n<meta name=\"author\" content=\"Karoliina \u00d6ystil\u00e4\" \/>\n<meta name=\"twitter:card\" content=\"summary_large_image\" \/>\n<meta name=\"twitter:creator\" content=\"@selryfi\" \/>\n<meta name=\"twitter:site\" content=\"@selryfi\" \/>\n<script type=\"application\/ld+json\" class=\"yoast-schema-graph\">{\"@context\":\"https:\/\/schema.org\",\"@graph\":[{\"@type\":\"Article\",\"@id\":\"https:\/\/www.selry.fi\/sv\/blogg\/livsmedelsarbetets-dragkrafts-och-hallkraftsfaktorer\/#article\",\"isPartOf\":{\"@id\":\"https:\/\/www.selry.fi\/sv\/blogg\/livsmedelsarbetets-dragkrafts-och-hallkraftsfaktorer\/\"},\"author\":{\"name\":\"Karoliina \u00d6ystil\u00e4\",\"@id\":\"https:\/\/www.selry.fi\/#\/schema\/person\/4fb0b52ed84c524f0beea95625a21678\"},\"headline\":\"Livsmedelsarbetets dragkrafts- och h\u00e5llkraftsfaktorer\",\"datePublished\":\"2024-05-28T13:00:00+00:00\",\"dateModified\":\"2024-08-27T19:25:21+00:00\",\"mainEntityOfPage\":{\"@id\":\"https:\/\/www.selry.fi\/sv\/blogg\/livsmedelsarbetets-dragkrafts-och-hallkraftsfaktorer\/\"},\"wordCount\":407,\"publisher\":{\"@id\":\"https:\/\/www.selry.fi\/#organization\"},\"image\":{\"@id\":\"https:\/\/www.selry.fi\/sv\/blogg\/livsmedelsarbetets-dragkrafts-och-hallkraftsfaktorer\/#primaryimage\"},\"thumbnailUrl\":\"https:\/\/www.selry.fi\/wp-content\/uploads\/2023\/02\/veli-matti-kuntonen-blogi.jpg\",\"articleSection\":[\"Blogg\"],\"inLanguage\":\"sv-SE\"},{\"@type\":\"WebPage\",\"@id\":\"https:\/\/www.selry.fi\/sv\/blogg\/livsmedelsarbetets-dragkrafts-och-hallkraftsfaktorer\/\",\"url\":\"https:\/\/www.selry.fi\/sv\/blogg\/livsmedelsarbetets-dragkrafts-och-hallkraftsfaktorer\/\",\"name\":\"Livsmedelsarbetets dragkrafts- och h\u00e5llkraftsfaktorer\",\"isPartOf\":{\"@id\":\"https:\/\/www.selry.fi\/#website\"},\"primaryImageOfPage\":{\"@id\":\"https:\/\/www.selry.fi\/sv\/blogg\/livsmedelsarbetets-dragkrafts-och-hallkraftsfaktorer\/#primaryimage\"},\"image\":{\"@id\":\"https:\/\/www.selry.fi\/sv\/blogg\/livsmedelsarbetets-dragkrafts-och-hallkraftsfaktorer\/#primaryimage\"},\"thumbnailUrl\":\"https:\/\/www.selry.fi\/wp-content\/uploads\/2023\/02\/veli-matti-kuntonen-blogi.jpg\",\"datePublished\":\"2024-05-28T13:00:00+00:00\",\"dateModified\":\"2024-08-27T19:25:21+00:00\",\"breadcrumb\":{\"@id\":\"https:\/\/www.selry.fi\/sv\/blogg\/livsmedelsarbetets-dragkrafts-och-hallkraftsfaktorer\/#breadcrumb\"},\"inLanguage\":\"sv-SE\",\"potentialAction\":[{\"@type\":\"ReadAction\",\"target\":[\"https:\/\/www.selry.fi\/sv\/blogg\/livsmedelsarbetets-dragkrafts-och-hallkraftsfaktorer\/\"]}]},{\"@type\":\"ImageObject\",\"inLanguage\":\"sv-SE\",\"@id\":\"https:\/\/www.selry.fi\/sv\/blogg\/livsmedelsarbetets-dragkrafts-och-hallkraftsfaktorer\/#primaryimage\",\"url\":\"https:\/\/www.selry.fi\/wp-content\/uploads\/2023\/02\/veli-matti-kuntonen-blogi.jpg\",\"contentUrl\":\"https:\/\/www.selry.fi\/wp-content\/uploads\/2023\/02\/veli-matti-kuntonen-blogi.jpg\",\"width\":1536,\"height\":1148},{\"@type\":\"BreadcrumbList\",\"@id\":\"https:\/\/www.selry.fi\/sv\/blogg\/livsmedelsarbetets-dragkrafts-och-hallkraftsfaktorer\/#breadcrumb\",\"itemListElement\":[{\"@type\":\"ListItem\",\"position\":1,\"name\":\"Home\",\"item\":\"https:\/\/www.selry.fi\/sv\/\"},{\"@type\":\"ListItem\",\"position\":2,\"name\":\"Livsmedelsarbetets dragkrafts- och h\u00e5llkraftsfaktorer\"}]},{\"@type\":\"WebSite\",\"@id\":\"https:\/\/www.selry.fi\/#website\",\"url\":\"https:\/\/www.selry.fi\/\",\"name\":\"Suomen Elintarvikety\u00f6l\u00e4isten Liitto SEL\",\"description\":\"\",\"publisher\":{\"@id\":\"https:\/\/www.selry.fi\/#organization\"},\"inLanguage\":\"sv-SE\"},{\"@type\":\"Organization\",\"@id\":\"https:\/\/www.selry.fi\/#organization\",\"name\":\"Suomen Elintarvikety\u00f6l\u00e4isten Liitto SEL\",\"url\":\"https:\/\/www.selry.fi\/\",\"logo\":{\"@type\":\"ImageObject\",\"inLanguage\":\"sv-SE\",\"@id\":\"https:\/\/www.selry.fi\/#\/schema\/logo\/image\/\",\"url\":\"https:\/\/www.selry.fi\/wp-content\/uploads\/2021\/05\/logo-sel.svg\",\"contentUrl\":\"https:\/\/www.selry.fi\/wp-content\/uploads\/2021\/05\/logo-sel.svg\",\"width\":453,\"height\":135,\"caption\":\"Suomen Elintarvikety\u00f6l\u00e4isten Liitto SEL\"},\"image\":{\"@id\":\"https:\/\/www.selry.fi\/#\/schema\/logo\/image\/\"},\"sameAs\":[\"https:\/\/www.facebook.com\/selry\",\"https:\/\/x.com\/selryfi\"]},{\"@type\":\"Person\",\"@id\":\"https:\/\/www.selry.fi\/#\/schema\/person\/4fb0b52ed84c524f0beea95625a21678\",\"name\":\"Karoliina \u00d6ystil\u00e4\",\"image\":{\"@type\":\"ImageObject\",\"inLanguage\":\"sv-SE\",\"@id\":\"https:\/\/secure.gravatar.com\/avatar\/8dcb857776c4317075ba571fdc81a06a1f240302e468800d69bf316ef82ac4cd?s=96&d=mm&r=g\",\"url\":\"https:\/\/secure.gravatar.com\/avatar\/8dcb857776c4317075ba571fdc81a06a1f240302e468800d69bf316ef82ac4cd?s=96&d=mm&r=g\",\"contentUrl\":\"https:\/\/secure.gravatar.com\/avatar\/8dcb857776c4317075ba571fdc81a06a1f240302e468800d69bf316ef82ac4cd?s=96&d=mm&r=g\",\"caption\":\"Karoliina \u00d6ystil\u00e4\"}}]}<\/script>\n<!-- \/ Yoast SEO plugin. -->","yoast_head_json":{"title":"Livsmedelsarbetets dragkrafts- och h\u00e5llkraftsfaktorer","robots":{"index":"index","follow":"follow","max-snippet":"max-snippet:-1","max-image-preview":"max-image-preview:large","max-video-preview":"max-video-preview:-1"},"canonical":"https:\/\/www.selry.fi\/sv\/blogg\/livsmedelsarbetets-dragkrafts-och-hallkraftsfaktorer\/","og_locale":"sv_SE","og_type":"article","og_title":"Livsmedelsarbetets dragkrafts- och h\u00e5llkraftsfaktorer","og_description":"Vi har inlett en framtidsdialog med arbetsgivarf\u00f6rbundet ETL och programmet ARBETE2030. Avsikten \u00e4r att vi ska diskutera det nutida och [\u2026] Lue lis\u00e4\u00e4 &raquo;","og_url":"https:\/\/www.selry.fi\/sv\/blogg\/livsmedelsarbetets-dragkrafts-och-hallkraftsfaktorer\/","og_site_name":"Suomen Elintarvikety\u00f6l\u00e4isten Liitto SEL","article_publisher":"https:\/\/www.facebook.com\/selry","article_published_time":"2024-05-28T13:00:00+00:00","article_modified_time":"2024-08-27T19:25:21+00:00","og_image":[{"width":1536,"height":1148,"url":"https:\/\/www.selry.fi\/wp-content\/uploads\/2023\/02\/veli-matti-kuntonen-blogi.jpg","type":"image\/jpeg"}],"author":"Karoliina \u00d6ystil\u00e4","twitter_card":"summary_large_image","twitter_creator":"@selryfi","twitter_site":"@selryfi","schema":{"@context":"https:\/\/schema.org","@graph":[{"@type":"Article","@id":"https:\/\/www.selry.fi\/sv\/blogg\/livsmedelsarbetets-dragkrafts-och-hallkraftsfaktorer\/#article","isPartOf":{"@id":"https:\/\/www.selry.fi\/sv\/blogg\/livsmedelsarbetets-dragkrafts-och-hallkraftsfaktorer\/"},"author":{"name":"Karoliina \u00d6ystil\u00e4","@id":"https:\/\/www.selry.fi\/#\/schema\/person\/4fb0b52ed84c524f0beea95625a21678"},"headline":"Livsmedelsarbetets dragkrafts- och h\u00e5llkraftsfaktorer","datePublished":"2024-05-28T13:00:00+00:00","dateModified":"2024-08-27T19:25:21+00:00","mainEntityOfPage":{"@id":"https:\/\/www.selry.fi\/sv\/blogg\/livsmedelsarbetets-dragkrafts-och-hallkraftsfaktorer\/"},"wordCount":407,"publisher":{"@id":"https:\/\/www.selry.fi\/#organization"},"image":{"@id":"https:\/\/www.selry.fi\/sv\/blogg\/livsmedelsarbetets-dragkrafts-och-hallkraftsfaktorer\/#primaryimage"},"thumbnailUrl":"https:\/\/www.selry.fi\/wp-content\/uploads\/2023\/02\/veli-matti-kuntonen-blogi.jpg","articleSection":["Blogg"],"inLanguage":"sv-SE"},{"@type":"WebPage","@id":"https:\/\/www.selry.fi\/sv\/blogg\/livsmedelsarbetets-dragkrafts-och-hallkraftsfaktorer\/","url":"https:\/\/www.selry.fi\/sv\/blogg\/livsmedelsarbetets-dragkrafts-och-hallkraftsfaktorer\/","name":"Livsmedelsarbetets dragkrafts- och h\u00e5llkraftsfaktorer","isPartOf":{"@id":"https:\/\/www.selry.fi\/#website"},"primaryImageOfPage":{"@id":"https:\/\/www.selry.fi\/sv\/blogg\/livsmedelsarbetets-dragkrafts-och-hallkraftsfaktorer\/#primaryimage"},"image":{"@id":"https:\/\/www.selry.fi\/sv\/blogg\/livsmedelsarbetets-dragkrafts-och-hallkraftsfaktorer\/#primaryimage"},"thumbnailUrl":"https:\/\/www.selry.fi\/wp-content\/uploads\/2023\/02\/veli-matti-kuntonen-blogi.jpg","datePublished":"2024-05-28T13:00:00+00:00","dateModified":"2024-08-27T19:25:21+00:00","breadcrumb":{"@id":"https:\/\/www.selry.fi\/sv\/blogg\/livsmedelsarbetets-dragkrafts-och-hallkraftsfaktorer\/#breadcrumb"},"inLanguage":"sv-SE","potentialAction":[{"@type":"ReadAction","target":["https:\/\/www.selry.fi\/sv\/blogg\/livsmedelsarbetets-dragkrafts-och-hallkraftsfaktorer\/"]}]},{"@type":"ImageObject","inLanguage":"sv-SE","@id":"https:\/\/www.selry.fi\/sv\/blogg\/livsmedelsarbetets-dragkrafts-och-hallkraftsfaktorer\/#primaryimage","url":"https:\/\/www.selry.fi\/wp-content\/uploads\/2023\/02\/veli-matti-kuntonen-blogi.jpg","contentUrl":"https:\/\/www.selry.fi\/wp-content\/uploads\/2023\/02\/veli-matti-kuntonen-blogi.jpg","width":1536,"height":1148},{"@type":"BreadcrumbList","@id":"https:\/\/www.selry.fi\/sv\/blogg\/livsmedelsarbetets-dragkrafts-och-hallkraftsfaktorer\/#breadcrumb","itemListElement":[{"@type":"ListItem","position":1,"name":"Home","item":"https:\/\/www.selry.fi\/sv\/"},{"@type":"ListItem","position":2,"name":"Livsmedelsarbetets dragkrafts- och h\u00e5llkraftsfaktorer"}]},{"@type":"WebSite","@id":"https:\/\/www.selry.fi\/#website","url":"https:\/\/www.selry.fi\/","name":"Suomen Elintarvikety\u00f6l\u00e4isten Liitto SEL","description":"","publisher":{"@id":"https:\/\/www.selry.fi\/#organization"},"inLanguage":"sv-SE"},{"@type":"Organization","@id":"https:\/\/www.selry.fi\/#organization","name":"Suomen Elintarvikety\u00f6l\u00e4isten Liitto SEL","url":"https:\/\/www.selry.fi\/","logo":{"@type":"ImageObject","inLanguage":"sv-SE","@id":"https:\/\/www.selry.fi\/#\/schema\/logo\/image\/","url":"https:\/\/www.selry.fi\/wp-content\/uploads\/2021\/05\/logo-sel.svg","contentUrl":"https:\/\/www.selry.fi\/wp-content\/uploads\/2021\/05\/logo-sel.svg","width":453,"height":135,"caption":"Suomen Elintarvikety\u00f6l\u00e4isten Liitto SEL"},"image":{"@id":"https:\/\/www.selry.fi\/#\/schema\/logo\/image\/"},"sameAs":["https:\/\/www.facebook.com\/selry","https:\/\/x.com\/selryfi"]},{"@type":"Person","@id":"https:\/\/www.selry.fi\/#\/schema\/person\/4fb0b52ed84c524f0beea95625a21678","name":"Karoliina \u00d6ystil\u00e4","image":{"@type":"ImageObject","inLanguage":"sv-SE","@id":"https:\/\/secure.gravatar.com\/avatar\/8dcb857776c4317075ba571fdc81a06a1f240302e468800d69bf316ef82ac4cd?s=96&d=mm&r=g","url":"https:\/\/secure.gravatar.com\/avatar\/8dcb857776c4317075ba571fdc81a06a1f240302e468800d69bf316ef82ac4cd?s=96&d=mm&r=g","contentUrl":"https:\/\/secure.gravatar.com\/avatar\/8dcb857776c4317075ba571fdc81a06a1f240302e468800d69bf316ef82ac4cd?s=96&d=mm&r=g","caption":"Karoliina \u00d6ystil\u00e4"}}]}},"_links":{"self":[{"href":"https:\/\/www.selry.fi\/sv\/wp-json\/wp\/v2\/posts\/15291","targetHints":{"allow":["GET"]}}],"collection":[{"href":"https:\/\/www.selry.fi\/sv\/wp-json\/wp\/v2\/posts"}],"about":[{"href":"https:\/\/www.selry.fi\/sv\/wp-json\/wp\/v2\/types\/post"}],"author":[{"embeddable":true,"href":"https:\/\/www.selry.fi\/sv\/wp-json\/wp\/v2\/users\/4"}],"replies":[{"embeddable":true,"href":"https:\/\/www.selry.fi\/sv\/wp-json\/wp\/v2\/comments?post=15291"}],"version-history":[{"count":0,"href":"https:\/\/www.selry.fi\/sv\/wp-json\/wp\/v2\/posts\/15291\/revisions"}],"wp:featuredmedia":[{"embeddable":true,"href":"https:\/\/www.selry.fi\/sv\/wp-json\/wp\/v2\/media\/10997"}],"wp:attachment":[{"href":"https:\/\/www.selry.fi\/sv\/wp-json\/wp\/v2\/media?parent=15291"}],"wp:term":[{"taxonomy":"category","embeddable":true,"href":"https:\/\/www.selry.fi\/sv\/wp-json\/wp\/v2\/categories?post=15291"},{"taxonomy":"post_tag","embeddable":true,"href":"https:\/\/www.selry.fi\/sv\/wp-json\/wp\/v2\/tags?post=15291"}],"curies":[{"name":"wp","href":"https:\/\/api.w.org\/{rel}","templated":true}]}}