{"id":15233,"date":"2024-05-22T16:16:00","date_gmt":"2024-05-22T13:16:00","guid":{"rendered":"https:\/\/www.selry.fi\/?p=15233"},"modified":"2024-05-23T14:05:53","modified_gmt":"2024-05-23T11:05:53","slug":"petri-koivisto-blir-sels-regionsekreterare-i-osterbotten","status":"publish","type":"post","link":"https:\/\/www.selry.fi\/sv\/nyheter\/petri-koivisto-blir-sels-regionsekreterare-i-osterbotten\/","title":{"rendered":"Petri Koivisto blir SEL:s regionsekreterare i \u00d6sterbotten"},"content":{"rendered":"\n<p class=\"has-ingressi-font-size\">Petri Koivisto tilltr\u00e4der i augusti som SEL:s regionsekreterare i \u00d6sterbotten, som ers\u00e4ttare f\u00f6r Markus Forslund som utsetts till l\u00f6nesekreterare.<\/p>\n\n\n\n<p>SEL:s f\u00f6rbundsstyrelse har idag utsett <strong>Petri Koivisto<\/strong>, 52, fr\u00e5n Sein\u00e4joki till\u00a0SEL:s regionsekreterare i \u00d6sterbotten. Det \u00e4r fr\u00e5ga om ett tillf\u00e4lligt vikariat som \u00f6ppnade sig d\u00e5 SEL:s l\u00f6nesekreterare <strong>Ari Huuki<\/strong> i b\u00f6rjan av maj gick p\u00e5 en tv\u00e5 \u00e5r l\u00e5ng studieledighet och SEL:s regionsekreterare I \u00d6sterbotten, <strong>Markus Forslund<\/strong> valdes att ers\u00e4tta Huuki som l\u00f6nesekreterare.<\/p>\n\n\n\n<p>Petri Koivisto har en n\u00e4rmare tjugo\u00e5rig erfarenhet av f\u00f6rtroendeuppdrag p\u00e5 arbetsplatsen, i fackavdelningen, regionorganisationen och p\u00e5 f\u00f6rbundsniv\u00e5. F\u00f6r tillf\u00e4llet arbetar han som k\u00f6ttstyckare och kvalitetsman och fungerar som f\u00f6rsta vice arbetarskyddsbefullm\u00e4ktigad p\u00e5 Atrias produktionsenheter i Nurmo. Koivisto tillh\u00f6r SEL:s f\u00f6rbundsstyrelse och \u00e4r ordf\u00f6rande f\u00f6r <a href=\"https:\/\/www.sel52.fi\/\" target=\"_blank\" rel=\"noreferrer noopener\">Livsmedelsarbetarnas fackavdelning nr 52 i Sein\u00e4joki<\/a>.<\/p>\n\n\n\n<p>\u2013 Facklig verksamhet och att hj\u00e4lpa m\u00e4nniskor st\u00e5r mitt hj\u00e4rta n\u00e4ra. Jag \u00e4r glad \u00f6ver att jag nu f\u00e5r ha det som mitt arbete n\u00e4r jag blir SEL:s regionsekreterare i hela \u00d6sterbotten. Jag vill tacka f\u00f6r f\u00f6rtroendet och jag ser fram emot att arbeta tillsammans med f\u00f6rbundets medlemmar och f\u00f6rtroendevalda, s\u00e4ger Petri Koivisto.<\/p>\n\n\n\n<p>SEL:s regionsekretereres uppgifter \u00e4r att fungera som r\u00e5dgivare f\u00f6r medlemmarna I arbetsf\u00f6rh\u00e5llandefr\u00e5gor, f\u00f6rhandla i tvistefr\u00e5gor och bereda eventuella domstols\u00e4renden. Regionsekreteraren utbildar de f\u00f6rtroendevalda p\u00e5 regionens arbetsplatser och fackavdelningar och st\u00f6der deras arbete. Dessutom h\u00f6r det till regionsekreterarens uppgifter att v\u00e4rva medlemmar, informera samt organisera f\u00f6rbundets tillst\u00e4llningar i regionen.<\/p>\n\n\n\n<p>Petri Koivisto inleder sitt arbete som SEL:s regionsekreterare i \u00d6sterbotten i b\u00f6rjan av augusti.<\/p>\n","protected":false},"excerpt":{"rendered":"<p>Petri Koivisto tilltr\u00e4der i augusti som SEL:s regionsekreterare i \u00d6sterbotten, som ers\u00e4ttare f\u00f6r Markus Forslund som utsetts till l\u00f6nesekreterare. SEL:s [\u2026] <a href=\"https:\/\/www.selry.fi\/sv\/nyheter\/petri-koivisto-blir-sels-regionsekreterare-i-osterbotten\/\">Lue lis\u00e4\u00e4 &raquo;<\/a><\/p>\n","protected":false},"author":4,"featured_media":9745,"comment_status":"closed","ping_status":"closed","sticky":false,"template":"","format":"standard","meta":{"_acf_changed":false,"footnotes":""},"categories":[26],"tags":[],"class_list":["post-15233","post","type-post","status-publish","format-standard","has-post-thumbnail","hentry","category-nyheter"],"acf":[],"yoast_head":"<!-- This site is optimized with the Yoast SEO plugin v27.2 - https:\/\/yoast.com\/product\/yoast-seo-wordpress\/ -->\n<title>Petri Koivisto blir SEL:s regionsekreterare i \u00d6sterbotten<\/title>\n<meta name=\"robots\" content=\"index, follow, max-snippet:-1, max-image-preview:large, max-video-preview:-1\" \/>\n<link rel=\"canonical\" href=\"https:\/\/www.selry.fi\/sv\/nyheter\/petri-koivisto-blir-sels-regionsekreterare-i-osterbotten\/\" \/>\n<meta property=\"og:locale\" content=\"sv_SE\" \/>\n<meta property=\"og:type\" content=\"article\" \/>\n<meta property=\"og:title\" content=\"Petri Koivisto blir SEL:s regionsekreterare i \u00d6sterbotten\" \/>\n<meta property=\"og:description\" content=\"Petri Koivisto tilltr\u00e4der i augusti som SEL:s regionsekreterare i \u00d6sterbotten, som ers\u00e4ttare f\u00f6r Markus Forslund som utsetts till l\u00f6nesekreterare. SEL:s [\u2026] Lue lis\u00e4\u00e4 &raquo;\" \/>\n<meta property=\"og:url\" content=\"https:\/\/www.selry.fi\/sv\/nyheter\/petri-koivisto-blir-sels-regionsekreterare-i-osterbotten\/\" \/>\n<meta property=\"og:site_name\" content=\"Suomen Elintarvikety\u00f6l\u00e4isten Liitto SEL\" \/>\n<meta property=\"article:publisher\" content=\"https:\/\/www.facebook.com\/selry\" \/>\n<meta property=\"article:published_time\" content=\"2024-05-22T13:16:00+00:00\" \/>\n<meta property=\"article:modified_time\" content=\"2024-05-23T11:05:53+00:00\" \/>\n<meta property=\"og:image\" content=\"https:\/\/www.selry.fi\/wp-content\/uploads\/2022\/10\/koivisto-petri-kuva-taru-salovaara.jpg\" \/>\n\t<meta property=\"og:image:width\" content=\"1772\" \/>\n\t<meta property=\"og:image:height\" content=\"1285\" \/>\n\t<meta property=\"og:image:type\" content=\"image\/jpeg\" \/>\n<meta name=\"author\" content=\"Karoliina \u00d6ystil\u00e4\" \/>\n<meta name=\"twitter:card\" content=\"summary_large_image\" \/>\n<meta name=\"twitter:creator\" content=\"@selryfi\" \/>\n<meta name=\"twitter:site\" content=\"@selryfi\" \/>\n<script type=\"application\/ld+json\" class=\"yoast-schema-graph\">{\"@context\":\"https:\/\/schema.org\",\"@graph\":[{\"@type\":\"Article\",\"@id\":\"https:\/\/www.selry.fi\/sv\/nyheter\/petri-koivisto-blir-sels-regionsekreterare-i-osterbotten\/#article\",\"isPartOf\":{\"@id\":\"https:\/\/www.selry.fi\/sv\/nyheter\/petri-koivisto-blir-sels-regionsekreterare-i-osterbotten\/\"},\"author\":{\"name\":\"Karoliina \u00d6ystil\u00e4\",\"@id\":\"https:\/\/www.selry.fi\/#\/schema\/person\/4fb0b52ed84c524f0beea95625a21678\"},\"headline\":\"Petri Koivisto blir SEL:s regionsekreterare i \u00d6sterbotten\",\"datePublished\":\"2024-05-22T13:16:00+00:00\",\"dateModified\":\"2024-05-23T11:05:53+00:00\",\"mainEntityOfPage\":{\"@id\":\"https:\/\/www.selry.fi\/sv\/nyheter\/petri-koivisto-blir-sels-regionsekreterare-i-osterbotten\/\"},\"wordCount\":307,\"publisher\":{\"@id\":\"https:\/\/www.selry.fi\/#organization\"},\"image\":{\"@id\":\"https:\/\/www.selry.fi\/sv\/nyheter\/petri-koivisto-blir-sels-regionsekreterare-i-osterbotten\/#primaryimage\"},\"thumbnailUrl\":\"https:\/\/www.selry.fi\/wp-content\/uploads\/2022\/10\/koivisto-petri-kuva-taru-salovaara.jpg\",\"articleSection\":[\"Nyheter\"],\"inLanguage\":\"sv-SE\"},{\"@type\":\"WebPage\",\"@id\":\"https:\/\/www.selry.fi\/sv\/nyheter\/petri-koivisto-blir-sels-regionsekreterare-i-osterbotten\/\",\"url\":\"https:\/\/www.selry.fi\/sv\/nyheter\/petri-koivisto-blir-sels-regionsekreterare-i-osterbotten\/\",\"name\":\"Petri Koivisto blir SEL:s regionsekreterare i \u00d6sterbotten\",\"isPartOf\":{\"@id\":\"https:\/\/www.selry.fi\/#website\"},\"primaryImageOfPage\":{\"@id\":\"https:\/\/www.selry.fi\/sv\/nyheter\/petri-koivisto-blir-sels-regionsekreterare-i-osterbotten\/#primaryimage\"},\"image\":{\"@id\":\"https:\/\/www.selry.fi\/sv\/nyheter\/petri-koivisto-blir-sels-regionsekreterare-i-osterbotten\/#primaryimage\"},\"thumbnailUrl\":\"https:\/\/www.selry.fi\/wp-content\/uploads\/2022\/10\/koivisto-petri-kuva-taru-salovaara.jpg\",\"datePublished\":\"2024-05-22T13:16:00+00:00\",\"dateModified\":\"2024-05-23T11:05:53+00:00\",\"breadcrumb\":{\"@id\":\"https:\/\/www.selry.fi\/sv\/nyheter\/petri-koivisto-blir-sels-regionsekreterare-i-osterbotten\/#breadcrumb\"},\"inLanguage\":\"sv-SE\",\"potentialAction\":[{\"@type\":\"ReadAction\",\"target\":[\"https:\/\/www.selry.fi\/sv\/nyheter\/petri-koivisto-blir-sels-regionsekreterare-i-osterbotten\/\"]}]},{\"@type\":\"ImageObject\",\"inLanguage\":\"sv-SE\",\"@id\":\"https:\/\/www.selry.fi\/sv\/nyheter\/petri-koivisto-blir-sels-regionsekreterare-i-osterbotten\/#primaryimage\",\"url\":\"https:\/\/www.selry.fi\/wp-content\/uploads\/2022\/10\/koivisto-petri-kuva-taru-salovaara.jpg\",\"contentUrl\":\"https:\/\/www.selry.fi\/wp-content\/uploads\/2022\/10\/koivisto-petri-kuva-taru-salovaara.jpg\",\"width\":1772,\"height\":1285},{\"@type\":\"BreadcrumbList\",\"@id\":\"https:\/\/www.selry.fi\/sv\/nyheter\/petri-koivisto-blir-sels-regionsekreterare-i-osterbotten\/#breadcrumb\",\"itemListElement\":[{\"@type\":\"ListItem\",\"position\":1,\"name\":\"Home\",\"item\":\"https:\/\/www.selry.fi\/sv\/\"},{\"@type\":\"ListItem\",\"position\":2,\"name\":\"Petri Koivisto blir SEL:s regionsekreterare i \u00d6sterbotten\"}]},{\"@type\":\"WebSite\",\"@id\":\"https:\/\/www.selry.fi\/#website\",\"url\":\"https:\/\/www.selry.fi\/\",\"name\":\"Suomen Elintarvikety\u00f6l\u00e4isten Liitto SEL\",\"description\":\"\",\"publisher\":{\"@id\":\"https:\/\/www.selry.fi\/#organization\"},\"inLanguage\":\"sv-SE\"},{\"@type\":\"Organization\",\"@id\":\"https:\/\/www.selry.fi\/#organization\",\"name\":\"Suomen Elintarvikety\u00f6l\u00e4isten Liitto SEL\",\"url\":\"https:\/\/www.selry.fi\/\",\"logo\":{\"@type\":\"ImageObject\",\"inLanguage\":\"sv-SE\",\"@id\":\"https:\/\/www.selry.fi\/#\/schema\/logo\/image\/\",\"url\":\"https:\/\/www.selry.fi\/wp-content\/uploads\/2021\/05\/logo-sel.svg\",\"contentUrl\":\"https:\/\/www.selry.fi\/wp-content\/uploads\/2021\/05\/logo-sel.svg\",\"width\":453,\"height\":135,\"caption\":\"Suomen Elintarvikety\u00f6l\u00e4isten Liitto SEL\"},\"image\":{\"@id\":\"https:\/\/www.selry.fi\/#\/schema\/logo\/image\/\"},\"sameAs\":[\"https:\/\/www.facebook.com\/selry\",\"https:\/\/x.com\/selryfi\"]},{\"@type\":\"Person\",\"@id\":\"https:\/\/www.selry.fi\/#\/schema\/person\/4fb0b52ed84c524f0beea95625a21678\",\"name\":\"Karoliina \u00d6ystil\u00e4\",\"image\":{\"@type\":\"ImageObject\",\"inLanguage\":\"sv-SE\",\"@id\":\"https:\/\/secure.gravatar.com\/avatar\/8dcb857776c4317075ba571fdc81a06a1f240302e468800d69bf316ef82ac4cd?s=96&d=mm&r=g\",\"url\":\"https:\/\/secure.gravatar.com\/avatar\/8dcb857776c4317075ba571fdc81a06a1f240302e468800d69bf316ef82ac4cd?s=96&d=mm&r=g\",\"contentUrl\":\"https:\/\/secure.gravatar.com\/avatar\/8dcb857776c4317075ba571fdc81a06a1f240302e468800d69bf316ef82ac4cd?s=96&d=mm&r=g\",\"caption\":\"Karoliina \u00d6ystil\u00e4\"}}]}<\/script>\n<!-- \/ Yoast SEO plugin. -->","yoast_head_json":{"title":"Petri Koivisto blir SEL:s regionsekreterare i \u00d6sterbotten","robots":{"index":"index","follow":"follow","max-snippet":"max-snippet:-1","max-image-preview":"max-image-preview:large","max-video-preview":"max-video-preview:-1"},"canonical":"https:\/\/www.selry.fi\/sv\/nyheter\/petri-koivisto-blir-sels-regionsekreterare-i-osterbotten\/","og_locale":"sv_SE","og_type":"article","og_title":"Petri Koivisto blir SEL:s regionsekreterare i \u00d6sterbotten","og_description":"Petri Koivisto tilltr\u00e4der i augusti som SEL:s regionsekreterare i \u00d6sterbotten, som ers\u00e4ttare f\u00f6r Markus Forslund som utsetts till l\u00f6nesekreterare. SEL:s [\u2026] Lue lis\u00e4\u00e4 &raquo;","og_url":"https:\/\/www.selry.fi\/sv\/nyheter\/petri-koivisto-blir-sels-regionsekreterare-i-osterbotten\/","og_site_name":"Suomen Elintarvikety\u00f6l\u00e4isten Liitto SEL","article_publisher":"https:\/\/www.facebook.com\/selry","article_published_time":"2024-05-22T13:16:00+00:00","article_modified_time":"2024-05-23T11:05:53+00:00","og_image":[{"width":1772,"height":1285,"url":"https:\/\/www.selry.fi\/wp-content\/uploads\/2022\/10\/koivisto-petri-kuva-taru-salovaara.jpg","type":"image\/jpeg"}],"author":"Karoliina \u00d6ystil\u00e4","twitter_card":"summary_large_image","twitter_creator":"@selryfi","twitter_site":"@selryfi","schema":{"@context":"https:\/\/schema.org","@graph":[{"@type":"Article","@id":"https:\/\/www.selry.fi\/sv\/nyheter\/petri-koivisto-blir-sels-regionsekreterare-i-osterbotten\/#article","isPartOf":{"@id":"https:\/\/www.selry.fi\/sv\/nyheter\/petri-koivisto-blir-sels-regionsekreterare-i-osterbotten\/"},"author":{"name":"Karoliina \u00d6ystil\u00e4","@id":"https:\/\/www.selry.fi\/#\/schema\/person\/4fb0b52ed84c524f0beea95625a21678"},"headline":"Petri Koivisto blir SEL:s regionsekreterare i \u00d6sterbotten","datePublished":"2024-05-22T13:16:00+00:00","dateModified":"2024-05-23T11:05:53+00:00","mainEntityOfPage":{"@id":"https:\/\/www.selry.fi\/sv\/nyheter\/petri-koivisto-blir-sels-regionsekreterare-i-osterbotten\/"},"wordCount":307,"publisher":{"@id":"https:\/\/www.selry.fi\/#organization"},"image":{"@id":"https:\/\/www.selry.fi\/sv\/nyheter\/petri-koivisto-blir-sels-regionsekreterare-i-osterbotten\/#primaryimage"},"thumbnailUrl":"https:\/\/www.selry.fi\/wp-content\/uploads\/2022\/10\/koivisto-petri-kuva-taru-salovaara.jpg","articleSection":["Nyheter"],"inLanguage":"sv-SE"},{"@type":"WebPage","@id":"https:\/\/www.selry.fi\/sv\/nyheter\/petri-koivisto-blir-sels-regionsekreterare-i-osterbotten\/","url":"https:\/\/www.selry.fi\/sv\/nyheter\/petri-koivisto-blir-sels-regionsekreterare-i-osterbotten\/","name":"Petri Koivisto blir SEL:s regionsekreterare i \u00d6sterbotten","isPartOf":{"@id":"https:\/\/www.selry.fi\/#website"},"primaryImageOfPage":{"@id":"https:\/\/www.selry.fi\/sv\/nyheter\/petri-koivisto-blir-sels-regionsekreterare-i-osterbotten\/#primaryimage"},"image":{"@id":"https:\/\/www.selry.fi\/sv\/nyheter\/petri-koivisto-blir-sels-regionsekreterare-i-osterbotten\/#primaryimage"},"thumbnailUrl":"https:\/\/www.selry.fi\/wp-content\/uploads\/2022\/10\/koivisto-petri-kuva-taru-salovaara.jpg","datePublished":"2024-05-22T13:16:00+00:00","dateModified":"2024-05-23T11:05:53+00:00","breadcrumb":{"@id":"https:\/\/www.selry.fi\/sv\/nyheter\/petri-koivisto-blir-sels-regionsekreterare-i-osterbotten\/#breadcrumb"},"inLanguage":"sv-SE","potentialAction":[{"@type":"ReadAction","target":["https:\/\/www.selry.fi\/sv\/nyheter\/petri-koivisto-blir-sels-regionsekreterare-i-osterbotten\/"]}]},{"@type":"ImageObject","inLanguage":"sv-SE","@id":"https:\/\/www.selry.fi\/sv\/nyheter\/petri-koivisto-blir-sels-regionsekreterare-i-osterbotten\/#primaryimage","url":"https:\/\/www.selry.fi\/wp-content\/uploads\/2022\/10\/koivisto-petri-kuva-taru-salovaara.jpg","contentUrl":"https:\/\/www.selry.fi\/wp-content\/uploads\/2022\/10\/koivisto-petri-kuva-taru-salovaara.jpg","width":1772,"height":1285},{"@type":"BreadcrumbList","@id":"https:\/\/www.selry.fi\/sv\/nyheter\/petri-koivisto-blir-sels-regionsekreterare-i-osterbotten\/#breadcrumb","itemListElement":[{"@type":"ListItem","position":1,"name":"Home","item":"https:\/\/www.selry.fi\/sv\/"},{"@type":"ListItem","position":2,"name":"Petri Koivisto blir SEL:s regionsekreterare i \u00d6sterbotten"}]},{"@type":"WebSite","@id":"https:\/\/www.selry.fi\/#website","url":"https:\/\/www.selry.fi\/","name":"Suomen Elintarvikety\u00f6l\u00e4isten Liitto SEL","description":"","publisher":{"@id":"https:\/\/www.selry.fi\/#organization"},"inLanguage":"sv-SE"},{"@type":"Organization","@id":"https:\/\/www.selry.fi\/#organization","name":"Suomen Elintarvikety\u00f6l\u00e4isten Liitto SEL","url":"https:\/\/www.selry.fi\/","logo":{"@type":"ImageObject","inLanguage":"sv-SE","@id":"https:\/\/www.selry.fi\/#\/schema\/logo\/image\/","url":"https:\/\/www.selry.fi\/wp-content\/uploads\/2021\/05\/logo-sel.svg","contentUrl":"https:\/\/www.selry.fi\/wp-content\/uploads\/2021\/05\/logo-sel.svg","width":453,"height":135,"caption":"Suomen Elintarvikety\u00f6l\u00e4isten Liitto SEL"},"image":{"@id":"https:\/\/www.selry.fi\/#\/schema\/logo\/image\/"},"sameAs":["https:\/\/www.facebook.com\/selry","https:\/\/x.com\/selryfi"]},{"@type":"Person","@id":"https:\/\/www.selry.fi\/#\/schema\/person\/4fb0b52ed84c524f0beea95625a21678","name":"Karoliina \u00d6ystil\u00e4","image":{"@type":"ImageObject","inLanguage":"sv-SE","@id":"https:\/\/secure.gravatar.com\/avatar\/8dcb857776c4317075ba571fdc81a06a1f240302e468800d69bf316ef82ac4cd?s=96&d=mm&r=g","url":"https:\/\/secure.gravatar.com\/avatar\/8dcb857776c4317075ba571fdc81a06a1f240302e468800d69bf316ef82ac4cd?s=96&d=mm&r=g","contentUrl":"https:\/\/secure.gravatar.com\/avatar\/8dcb857776c4317075ba571fdc81a06a1f240302e468800d69bf316ef82ac4cd?s=96&d=mm&r=g","caption":"Karoliina \u00d6ystil\u00e4"}}]}},"_links":{"self":[{"href":"https:\/\/www.selry.fi\/sv\/wp-json\/wp\/v2\/posts\/15233","targetHints":{"allow":["GET"]}}],"collection":[{"href":"https:\/\/www.selry.fi\/sv\/wp-json\/wp\/v2\/posts"}],"about":[{"href":"https:\/\/www.selry.fi\/sv\/wp-json\/wp\/v2\/types\/post"}],"author":[{"embeddable":true,"href":"https:\/\/www.selry.fi\/sv\/wp-json\/wp\/v2\/users\/4"}],"replies":[{"embeddable":true,"href":"https:\/\/www.selry.fi\/sv\/wp-json\/wp\/v2\/comments?post=15233"}],"version-history":[{"count":0,"href":"https:\/\/www.selry.fi\/sv\/wp-json\/wp\/v2\/posts\/15233\/revisions"}],"wp:featuredmedia":[{"embeddable":true,"href":"https:\/\/www.selry.fi\/sv\/wp-json\/wp\/v2\/media\/9745"}],"wp:attachment":[{"href":"https:\/\/www.selry.fi\/sv\/wp-json\/wp\/v2\/media?parent=15233"}],"wp:term":[{"taxonomy":"category","embeddable":true,"href":"https:\/\/www.selry.fi\/sv\/wp-json\/wp\/v2\/categories?post=15233"},{"taxonomy":"post_tag","embeddable":true,"href":"https:\/\/www.selry.fi\/sv\/wp-json\/wp\/v2\/tags?post=15233"}],"curies":[{"name":"wp","href":"https:\/\/api.w.org\/{rel}","templated":true}]}}