{"id":14992,"date":"2024-04-18T14:53:55","date_gmt":"2024-04-18T11:53:55","guid":{"rendered":"https:\/\/www.selry.fi\/?p=14992"},"modified":"2024-04-18T14:53:55","modified_gmt":"2024-04-18T11:53:55","slug":"regeringen-svek-ocksa-livsmedelsbranschens-arbetsgivare","status":"publish","type":"post","link":"https:\/\/www.selry.fi\/sv\/blogg\/regeringen-svek-ocksa-livsmedelsbranschens-arbetsgivare\/","title":{"rendered":"Regeringen svek ocks\u00e5 livsmedelsbranschens arbetsgivare"},"content":{"rendered":"\n<p>\u201dVi \u00e4r mycket \u00f6verraskade \u00f6ver det h\u00e4r f\u00f6rslaget fr\u00e5n regeringen. En ober\u00e4knelighet och of\u00f6ruts\u00e4gbarhet i den politiska verksamhetsmilj\u00f6n i Finland samt en reglering som behandlar akt\u00f6rerna oj\u00e4mlikt \u00e4r en mycket bekymmersam situation\u201d, konstateras <a href=\"https:\/\/www.fazergroup.com\/fi\/medialle\/uutiset2\/?id=4798083\" target=\"_blank\" rel=\"noreferrer noopener\">i ett uttalande fr\u00e5n Fazer<\/a>.<\/p>\n\n\n\n<p>I uttalandet kommenteras inte regeringen Orpos planerade f\u00f6rsvagningar av arbetslivet, trots att det ocks\u00e5 skulle ha l\u00e4mpat sig, utan <a href=\"https:\/\/valtioneuvosto.fi\/sv\/ramforhandlingar-2024\" target=\"_blank\" rel=\"noreferrer noopener\">besluten i regeringens ramf\u00f6rhandlingar om budgeten<\/a>. Regeringen h\u00f6jer merv\u00e4rdesskatten p\u00e5 s\u00f6tsaker och choklad fr\u00e5n nuvarande nedsatta 14 procentiga skattesats till 25,5 procent i enlighet med den nya allm\u00e4nna merv\u00e4rdesskattesatsen. Dessutom h\u00f6jer regeringen beskattningen av l\u00e4skedrycker.<\/p>\n\n\n\n<p>\u201dDe positiva f\u00f6rv\u00e4ntningarna p\u00e5 en snabbare tillv\u00e4xt i livsmedelsbranschen och uppbyggandet av en f\u00f6ruts\u00e4gbar investeringsmilj\u00f6 dunstade p\u00e5 under ett \u00e5r\u201d, dundrar Livsmedelsindustrif\u00f6rbundet, som representerar arbetsgivarna i livsmedelsbranschen och sk\u00e4ller p\u00e5 Orpos regering, som <a href=\"https:\/\/www.etl.fi\/uutishuone\/hallitus-tarjoaa-ruoka-alalle-vain-veropiiskaa\/\" target=\"_blank\" rel=\"noreferrer noopener\">\u201dendast erbjuder livsmedelsbranschen skattesmisk\u201d<\/a>.<\/p>\n\n\n\n<p>Arbetstagarna blev besvikna p\u00e5 Orpos regering redan f\u00f6r ett \u00e5r sedan i juni, d\u00e5 regeringen offentliggjorde sitt program, d\u00e4r man hade \u00f6verenskommit om drastiska f\u00f6rsvagningar av arbetstagarnas strejkr\u00e4tt, arbetsvillkor och arbetsl\u00f6shetsskydd. Nu svek regeringen ocks\u00e5 arbetsgivarna i livsmedelsbranschen.<\/p>\n\n\n\n<p>\u201dBeslutet f\u00f6rsvagar investeringsben\u00e4genheten bland den inhemska livsmedelsindustrins f\u00f6retag och kan till och med stoppa enskilda investeringar. F\u00f6r de finl\u00e4ndska f\u00f6retagen \u00e4r en f\u00f6ruts\u00e4gbar hemmamarknad livsviktig\u201d, p\u00e5minner ETL.<\/p>\n\n\n\n<p>Arbetstagarna har redan l\u00e4nge varnat och sagt att vi ska v\u00e4rna om den finl\u00e4ndska k\u00f6pkraften s\u00e5 att den s\u00e5 viktiga hemmamarknaden drar. L\u00f6nef\u00f6rh\u00f6jningar som understiger inflationen i kombination med regeringens f\u00f6rsvagningar av arbetsl\u00f6shetsskyddet och andra f\u00f6rm\u00e5ner fryser hemmamarknaden.<\/p>\n\n\n\n<p>Besluten i regeringens ramf\u00f6rhandlingar om budgeten \u00e4r inte en stor besvikelse enbart p\u00e5 grund av beskattningen av s\u00f6tsaker. Utbildningen st\u00e5r, enligt regeringens retorik&nbsp;under dess \u201ds\u00e4rskilda beskydd\u201d, men nu sviker regeringen det l\u00f6ftet och g\u00f6r nedsk\u00e4rningar i yrkesutbildningen. Det h\u00e4r \u00e4r verkligen kortsynt politik. Utbildningen har en nyckelroll d\u00e5 vi bygger Finlands framtid, v\u00e4lf\u00e4rd och tillv\u00e4xt. Utbildningen har vi inte r\u00e5d att sk\u00e4ra ned i alls.<\/p>\n\n\n\n<p><em>Karoliina \u00d6ystil\u00e4<\/em><br><em>SEL:s kommunikationschef, chefredakt\u00f6r<\/em><\/p>\n\n\n\n<p><em>Texten publiceras som ledare i Elintae 3\/2024 (26.4.2024).<\/em><\/p>\n","protected":false},"excerpt":{"rendered":"<p>\u201dVi \u00e4r mycket \u00f6verraskade \u00f6ver det h\u00e4r f\u00f6rslaget fr\u00e5n regeringen. En ober\u00e4knelighet och of\u00f6ruts\u00e4gbarhet i den politiska verksamhetsmilj\u00f6n i Finland [\u2026] <a href=\"https:\/\/www.selry.fi\/sv\/blogg\/regeringen-svek-ocksa-livsmedelsbranschens-arbetsgivare\/\">Lue lis\u00e4\u00e4 &raquo;<\/a><\/p>\n","protected":false},"author":4,"featured_media":10993,"comment_status":"closed","ping_status":"closed","sticky":false,"template":"","format":"standard","meta":{"_acf_changed":false,"footnotes":""},"categories":[64],"tags":[],"class_list":["post-14992","post","type-post","status-publish","format-standard","has-post-thumbnail","hentry","category-blogg"],"acf":[],"yoast_head":"<!-- This site is optimized with the Yoast SEO plugin v27.2 - https:\/\/yoast.com\/product\/yoast-seo-wordpress\/ -->\n<title>Regeringen svek ocks\u00e5 livsmedelsbranschens arbetsgivare<\/title>\n<meta name=\"robots\" content=\"index, follow, max-snippet:-1, max-image-preview:large, max-video-preview:-1\" \/>\n<link rel=\"canonical\" href=\"https:\/\/www.selry.fi\/sv\/blogg\/regeringen-svek-ocksa-livsmedelsbranschens-arbetsgivare\/\" \/>\n<meta property=\"og:locale\" content=\"sv_SE\" \/>\n<meta property=\"og:type\" content=\"article\" \/>\n<meta property=\"og:title\" content=\"Regeringen svek ocks\u00e5 livsmedelsbranschens arbetsgivare\" \/>\n<meta property=\"og:description\" content=\"\u201dVi \u00e4r mycket \u00f6verraskade \u00f6ver det h\u00e4r f\u00f6rslaget fr\u00e5n regeringen. En ober\u00e4knelighet och of\u00f6ruts\u00e4gbarhet i den politiska verksamhetsmilj\u00f6n i Finland [\u2026] Lue lis\u00e4\u00e4 &raquo;\" \/>\n<meta property=\"og:url\" content=\"https:\/\/www.selry.fi\/sv\/blogg\/regeringen-svek-ocksa-livsmedelsbranschens-arbetsgivare\/\" \/>\n<meta property=\"og:site_name\" content=\"Suomen Elintarvikety\u00f6l\u00e4isten Liitto SEL\" \/>\n<meta property=\"article:publisher\" content=\"https:\/\/www.facebook.com\/selry\" \/>\n<meta property=\"article:published_time\" content=\"2024-04-18T11:53:55+00:00\" \/>\n<meta property=\"og:image\" content=\"https:\/\/www.selry.fi\/wp-content\/uploads\/2023\/02\/karoliina-oystila-blogi.jpg\" \/>\n\t<meta property=\"og:image:width\" content=\"1536\" \/>\n\t<meta property=\"og:image:height\" content=\"1081\" \/>\n\t<meta property=\"og:image:type\" content=\"image\/jpeg\" \/>\n<meta name=\"author\" content=\"Karoliina \u00d6ystil\u00e4\" \/>\n<meta name=\"twitter:card\" content=\"summary_large_image\" \/>\n<meta name=\"twitter:creator\" content=\"@selryfi\" \/>\n<meta name=\"twitter:site\" content=\"@selryfi\" \/>\n<script type=\"application\/ld+json\" class=\"yoast-schema-graph\">{\"@context\":\"https:\/\/schema.org\",\"@graph\":[{\"@type\":\"Article\",\"@id\":\"https:\/\/www.selry.fi\/sv\/blogg\/regeringen-svek-ocksa-livsmedelsbranschens-arbetsgivare\/#article\",\"isPartOf\":{\"@id\":\"https:\/\/www.selry.fi\/sv\/blogg\/regeringen-svek-ocksa-livsmedelsbranschens-arbetsgivare\/\"},\"author\":{\"name\":\"Karoliina \u00d6ystil\u00e4\",\"@id\":\"https:\/\/www.selry.fi\/#\/schema\/person\/4fb0b52ed84c524f0beea95625a21678\"},\"headline\":\"Regeringen svek ocks\u00e5 livsmedelsbranschens arbetsgivare\",\"datePublished\":\"2024-04-18T11:53:55+00:00\",\"mainEntityOfPage\":{\"@id\":\"https:\/\/www.selry.fi\/sv\/blogg\/regeringen-svek-ocksa-livsmedelsbranschens-arbetsgivare\/\"},\"wordCount\":381,\"publisher\":{\"@id\":\"https:\/\/www.selry.fi\/#organization\"},\"image\":{\"@id\":\"https:\/\/www.selry.fi\/sv\/blogg\/regeringen-svek-ocksa-livsmedelsbranschens-arbetsgivare\/#primaryimage\"},\"thumbnailUrl\":\"https:\/\/www.selry.fi\/wp-content\/uploads\/2023\/02\/karoliina-oystila-blogi.jpg\",\"articleSection\":[\"Blogg\"],\"inLanguage\":\"sv-SE\"},{\"@type\":\"WebPage\",\"@id\":\"https:\/\/www.selry.fi\/sv\/blogg\/regeringen-svek-ocksa-livsmedelsbranschens-arbetsgivare\/\",\"url\":\"https:\/\/www.selry.fi\/sv\/blogg\/regeringen-svek-ocksa-livsmedelsbranschens-arbetsgivare\/\",\"name\":\"Regeringen svek ocks\u00e5 livsmedelsbranschens arbetsgivare\",\"isPartOf\":{\"@id\":\"https:\/\/www.selry.fi\/#website\"},\"primaryImageOfPage\":{\"@id\":\"https:\/\/www.selry.fi\/sv\/blogg\/regeringen-svek-ocksa-livsmedelsbranschens-arbetsgivare\/#primaryimage\"},\"image\":{\"@id\":\"https:\/\/www.selry.fi\/sv\/blogg\/regeringen-svek-ocksa-livsmedelsbranschens-arbetsgivare\/#primaryimage\"},\"thumbnailUrl\":\"https:\/\/www.selry.fi\/wp-content\/uploads\/2023\/02\/karoliina-oystila-blogi.jpg\",\"datePublished\":\"2024-04-18T11:53:55+00:00\",\"breadcrumb\":{\"@id\":\"https:\/\/www.selry.fi\/sv\/blogg\/regeringen-svek-ocksa-livsmedelsbranschens-arbetsgivare\/#breadcrumb\"},\"inLanguage\":\"sv-SE\",\"potentialAction\":[{\"@type\":\"ReadAction\",\"target\":[\"https:\/\/www.selry.fi\/sv\/blogg\/regeringen-svek-ocksa-livsmedelsbranschens-arbetsgivare\/\"]}]},{\"@type\":\"ImageObject\",\"inLanguage\":\"sv-SE\",\"@id\":\"https:\/\/www.selry.fi\/sv\/blogg\/regeringen-svek-ocksa-livsmedelsbranschens-arbetsgivare\/#primaryimage\",\"url\":\"https:\/\/www.selry.fi\/wp-content\/uploads\/2023\/02\/karoliina-oystila-blogi.jpg\",\"contentUrl\":\"https:\/\/www.selry.fi\/wp-content\/uploads\/2023\/02\/karoliina-oystila-blogi.jpg\",\"width\":1536,\"height\":1081},{\"@type\":\"BreadcrumbList\",\"@id\":\"https:\/\/www.selry.fi\/sv\/blogg\/regeringen-svek-ocksa-livsmedelsbranschens-arbetsgivare\/#breadcrumb\",\"itemListElement\":[{\"@type\":\"ListItem\",\"position\":1,\"name\":\"Home\",\"item\":\"https:\/\/www.selry.fi\/sv\/\"},{\"@type\":\"ListItem\",\"position\":2,\"name\":\"Regeringen svek ocks\u00e5 livsmedelsbranschens arbetsgivare\"}]},{\"@type\":\"WebSite\",\"@id\":\"https:\/\/www.selry.fi\/#website\",\"url\":\"https:\/\/www.selry.fi\/\",\"name\":\"Suomen Elintarvikety\u00f6l\u00e4isten Liitto SEL\",\"description\":\"\",\"publisher\":{\"@id\":\"https:\/\/www.selry.fi\/#organization\"},\"inLanguage\":\"sv-SE\"},{\"@type\":\"Organization\",\"@id\":\"https:\/\/www.selry.fi\/#organization\",\"name\":\"Suomen Elintarvikety\u00f6l\u00e4isten Liitto SEL\",\"url\":\"https:\/\/www.selry.fi\/\",\"logo\":{\"@type\":\"ImageObject\",\"inLanguage\":\"sv-SE\",\"@id\":\"https:\/\/www.selry.fi\/#\/schema\/logo\/image\/\",\"url\":\"https:\/\/www.selry.fi\/wp-content\/uploads\/2021\/05\/logo-sel.svg\",\"contentUrl\":\"https:\/\/www.selry.fi\/wp-content\/uploads\/2021\/05\/logo-sel.svg\",\"width\":453,\"height\":135,\"caption\":\"Suomen Elintarvikety\u00f6l\u00e4isten Liitto SEL\"},\"image\":{\"@id\":\"https:\/\/www.selry.fi\/#\/schema\/logo\/image\/\"},\"sameAs\":[\"https:\/\/www.facebook.com\/selry\",\"https:\/\/x.com\/selryfi\"]},{\"@type\":\"Person\",\"@id\":\"https:\/\/www.selry.fi\/#\/schema\/person\/4fb0b52ed84c524f0beea95625a21678\",\"name\":\"Karoliina \u00d6ystil\u00e4\",\"image\":{\"@type\":\"ImageObject\",\"inLanguage\":\"sv-SE\",\"@id\":\"https:\/\/secure.gravatar.com\/avatar\/8dcb857776c4317075ba571fdc81a06a1f240302e468800d69bf316ef82ac4cd?s=96&d=mm&r=g\",\"url\":\"https:\/\/secure.gravatar.com\/avatar\/8dcb857776c4317075ba571fdc81a06a1f240302e468800d69bf316ef82ac4cd?s=96&d=mm&r=g\",\"contentUrl\":\"https:\/\/secure.gravatar.com\/avatar\/8dcb857776c4317075ba571fdc81a06a1f240302e468800d69bf316ef82ac4cd?s=96&d=mm&r=g\",\"caption\":\"Karoliina \u00d6ystil\u00e4\"}}]}<\/script>\n<!-- \/ Yoast SEO plugin. -->","yoast_head_json":{"title":"Regeringen svek ocks\u00e5 livsmedelsbranschens arbetsgivare","robots":{"index":"index","follow":"follow","max-snippet":"max-snippet:-1","max-image-preview":"max-image-preview:large","max-video-preview":"max-video-preview:-1"},"canonical":"https:\/\/www.selry.fi\/sv\/blogg\/regeringen-svek-ocksa-livsmedelsbranschens-arbetsgivare\/","og_locale":"sv_SE","og_type":"article","og_title":"Regeringen svek ocks\u00e5 livsmedelsbranschens arbetsgivare","og_description":"\u201dVi \u00e4r mycket \u00f6verraskade \u00f6ver det h\u00e4r f\u00f6rslaget fr\u00e5n regeringen. En ober\u00e4knelighet och of\u00f6ruts\u00e4gbarhet i den politiska verksamhetsmilj\u00f6n i Finland [\u2026] Lue lis\u00e4\u00e4 &raquo;","og_url":"https:\/\/www.selry.fi\/sv\/blogg\/regeringen-svek-ocksa-livsmedelsbranschens-arbetsgivare\/","og_site_name":"Suomen Elintarvikety\u00f6l\u00e4isten Liitto SEL","article_publisher":"https:\/\/www.facebook.com\/selry","article_published_time":"2024-04-18T11:53:55+00:00","og_image":[{"width":1536,"height":1081,"url":"https:\/\/www.selry.fi\/wp-content\/uploads\/2023\/02\/karoliina-oystila-blogi.jpg","type":"image\/jpeg"}],"author":"Karoliina \u00d6ystil\u00e4","twitter_card":"summary_large_image","twitter_creator":"@selryfi","twitter_site":"@selryfi","schema":{"@context":"https:\/\/schema.org","@graph":[{"@type":"Article","@id":"https:\/\/www.selry.fi\/sv\/blogg\/regeringen-svek-ocksa-livsmedelsbranschens-arbetsgivare\/#article","isPartOf":{"@id":"https:\/\/www.selry.fi\/sv\/blogg\/regeringen-svek-ocksa-livsmedelsbranschens-arbetsgivare\/"},"author":{"name":"Karoliina \u00d6ystil\u00e4","@id":"https:\/\/www.selry.fi\/#\/schema\/person\/4fb0b52ed84c524f0beea95625a21678"},"headline":"Regeringen svek ocks\u00e5 livsmedelsbranschens arbetsgivare","datePublished":"2024-04-18T11:53:55+00:00","mainEntityOfPage":{"@id":"https:\/\/www.selry.fi\/sv\/blogg\/regeringen-svek-ocksa-livsmedelsbranschens-arbetsgivare\/"},"wordCount":381,"publisher":{"@id":"https:\/\/www.selry.fi\/#organization"},"image":{"@id":"https:\/\/www.selry.fi\/sv\/blogg\/regeringen-svek-ocksa-livsmedelsbranschens-arbetsgivare\/#primaryimage"},"thumbnailUrl":"https:\/\/www.selry.fi\/wp-content\/uploads\/2023\/02\/karoliina-oystila-blogi.jpg","articleSection":["Blogg"],"inLanguage":"sv-SE"},{"@type":"WebPage","@id":"https:\/\/www.selry.fi\/sv\/blogg\/regeringen-svek-ocksa-livsmedelsbranschens-arbetsgivare\/","url":"https:\/\/www.selry.fi\/sv\/blogg\/regeringen-svek-ocksa-livsmedelsbranschens-arbetsgivare\/","name":"Regeringen svek ocks\u00e5 livsmedelsbranschens arbetsgivare","isPartOf":{"@id":"https:\/\/www.selry.fi\/#website"},"primaryImageOfPage":{"@id":"https:\/\/www.selry.fi\/sv\/blogg\/regeringen-svek-ocksa-livsmedelsbranschens-arbetsgivare\/#primaryimage"},"image":{"@id":"https:\/\/www.selry.fi\/sv\/blogg\/regeringen-svek-ocksa-livsmedelsbranschens-arbetsgivare\/#primaryimage"},"thumbnailUrl":"https:\/\/www.selry.fi\/wp-content\/uploads\/2023\/02\/karoliina-oystila-blogi.jpg","datePublished":"2024-04-18T11:53:55+00:00","breadcrumb":{"@id":"https:\/\/www.selry.fi\/sv\/blogg\/regeringen-svek-ocksa-livsmedelsbranschens-arbetsgivare\/#breadcrumb"},"inLanguage":"sv-SE","potentialAction":[{"@type":"ReadAction","target":["https:\/\/www.selry.fi\/sv\/blogg\/regeringen-svek-ocksa-livsmedelsbranschens-arbetsgivare\/"]}]},{"@type":"ImageObject","inLanguage":"sv-SE","@id":"https:\/\/www.selry.fi\/sv\/blogg\/regeringen-svek-ocksa-livsmedelsbranschens-arbetsgivare\/#primaryimage","url":"https:\/\/www.selry.fi\/wp-content\/uploads\/2023\/02\/karoliina-oystila-blogi.jpg","contentUrl":"https:\/\/www.selry.fi\/wp-content\/uploads\/2023\/02\/karoliina-oystila-blogi.jpg","width":1536,"height":1081},{"@type":"BreadcrumbList","@id":"https:\/\/www.selry.fi\/sv\/blogg\/regeringen-svek-ocksa-livsmedelsbranschens-arbetsgivare\/#breadcrumb","itemListElement":[{"@type":"ListItem","position":1,"name":"Home","item":"https:\/\/www.selry.fi\/sv\/"},{"@type":"ListItem","position":2,"name":"Regeringen svek ocks\u00e5 livsmedelsbranschens arbetsgivare"}]},{"@type":"WebSite","@id":"https:\/\/www.selry.fi\/#website","url":"https:\/\/www.selry.fi\/","name":"Suomen Elintarvikety\u00f6l\u00e4isten Liitto SEL","description":"","publisher":{"@id":"https:\/\/www.selry.fi\/#organization"},"inLanguage":"sv-SE"},{"@type":"Organization","@id":"https:\/\/www.selry.fi\/#organization","name":"Suomen Elintarvikety\u00f6l\u00e4isten Liitto SEL","url":"https:\/\/www.selry.fi\/","logo":{"@type":"ImageObject","inLanguage":"sv-SE","@id":"https:\/\/www.selry.fi\/#\/schema\/logo\/image\/","url":"https:\/\/www.selry.fi\/wp-content\/uploads\/2021\/05\/logo-sel.svg","contentUrl":"https:\/\/www.selry.fi\/wp-content\/uploads\/2021\/05\/logo-sel.svg","width":453,"height":135,"caption":"Suomen Elintarvikety\u00f6l\u00e4isten Liitto SEL"},"image":{"@id":"https:\/\/www.selry.fi\/#\/schema\/logo\/image\/"},"sameAs":["https:\/\/www.facebook.com\/selry","https:\/\/x.com\/selryfi"]},{"@type":"Person","@id":"https:\/\/www.selry.fi\/#\/schema\/person\/4fb0b52ed84c524f0beea95625a21678","name":"Karoliina \u00d6ystil\u00e4","image":{"@type":"ImageObject","inLanguage":"sv-SE","@id":"https:\/\/secure.gravatar.com\/avatar\/8dcb857776c4317075ba571fdc81a06a1f240302e468800d69bf316ef82ac4cd?s=96&d=mm&r=g","url":"https:\/\/secure.gravatar.com\/avatar\/8dcb857776c4317075ba571fdc81a06a1f240302e468800d69bf316ef82ac4cd?s=96&d=mm&r=g","contentUrl":"https:\/\/secure.gravatar.com\/avatar\/8dcb857776c4317075ba571fdc81a06a1f240302e468800d69bf316ef82ac4cd?s=96&d=mm&r=g","caption":"Karoliina \u00d6ystil\u00e4"}}]}},"_links":{"self":[{"href":"https:\/\/www.selry.fi\/sv\/wp-json\/wp\/v2\/posts\/14992","targetHints":{"allow":["GET"]}}],"collection":[{"href":"https:\/\/www.selry.fi\/sv\/wp-json\/wp\/v2\/posts"}],"about":[{"href":"https:\/\/www.selry.fi\/sv\/wp-json\/wp\/v2\/types\/post"}],"author":[{"embeddable":true,"href":"https:\/\/www.selry.fi\/sv\/wp-json\/wp\/v2\/users\/4"}],"replies":[{"embeddable":true,"href":"https:\/\/www.selry.fi\/sv\/wp-json\/wp\/v2\/comments?post=14992"}],"version-history":[{"count":0,"href":"https:\/\/www.selry.fi\/sv\/wp-json\/wp\/v2\/posts\/14992\/revisions"}],"wp:featuredmedia":[{"embeddable":true,"href":"https:\/\/www.selry.fi\/sv\/wp-json\/wp\/v2\/media\/10993"}],"wp:attachment":[{"href":"https:\/\/www.selry.fi\/sv\/wp-json\/wp\/v2\/media?parent=14992"}],"wp:term":[{"taxonomy":"category","embeddable":true,"href":"https:\/\/www.selry.fi\/sv\/wp-json\/wp\/v2\/categories?post=14992"},{"taxonomy":"post_tag","embeddable":true,"href":"https:\/\/www.selry.fi\/sv\/wp-json\/wp\/v2\/tags?post=14992"}],"curies":[{"name":"wp","href":"https:\/\/api.w.org\/{rel}","templated":true}]}}