{"id":14990,"date":"2024-04-15T14:22:00","date_gmt":"2024-04-15T11:22:00","guid":{"rendered":"https:\/\/www.selry.fi\/?p=14990"},"modified":"2024-04-18T14:23:46","modified_gmt":"2024-04-18T11:23:46","slug":"regeringens-patagna-arbetsmarknadsroll-skapar-spanningar-infor-avtalsforhandlingarna","status":"publish","type":"post","link":"https:\/\/www.selry.fi\/sv\/blogg\/regeringens-patagna-arbetsmarknadsroll-skapar-spanningar-infor-avtalsforhandlingarna\/","title":{"rendered":"Regeringens p\u00e5tagna arbetsmarknadsroll skapar sp\u00e4nningar inf\u00f6r avtalsf\u00f6rhandlingarna"},"content":{"rendered":"\n<p>Det finns inga l\u00e4tta kollektivavtalsrundor. Ett eget kapitel \u00e4r vilket slag av tryck som kommer till f\u00f6rhandlingsbordet utifr\u00e5n. Redan nu st\u00e5r det klart, att regeringen Orpos och arbetsgivarsidan samarbete f\u00f6r att genomdriva ideologiska f\u00f6rsvagningar av arbetslivet kommer att l\u00e4mna avtryck vid de branschvisa avtalsf\u00f6rhandlingsborden.<\/p>\n\n\n\n<p>Efter att Finlands N\u00e4ringsliv EK meddelade att de inte l\u00e4ngre f\u00f6rhandlar om avtalsfr\u00e5gor med l\u00f6ntagarcentralorganisationerna gavs strama centraliserade arbetsmarknadsdirektiv i f\u00f6rh\u00e5llande till enskilda arbetsgivarf\u00f6rbund. Arbetsgivarf\u00f6rbunden fick i avtalsf\u00f6rhandlingarna inte f\u00f6rhandla om en rad i avtalen utan godk\u00e4nnande fr\u00e5n EK. I en s\u00e5dan situation kan inte behov i enskilda branscher beaktas.<\/p>\n\n\n\n<p>Fackf\u00f6rbundens medlemmar har med politiska strejker motsatt sig de ensidiga f\u00f6rsvagningar som regeringen vill driva igenom. Alla har sett att fackets medlemmar \u00e4r redo att agera och f\u00f6rsvara sina r\u00e4ttigheter. V\u00e5r styrka kommer att v\u00e4xa d\u00e5 allt fler arbetstagare m\u00e4rker att arbetsvillkoren, vare sig de \u00e4r fastslagna i avtal eller lagstiftning inte \u00e4r hugga i sten. Det h\u00e4r f\u00f6rs\u00f6ker man nu med v\u00e5ld l\u00e4ra oss.<\/p>\n\n\n\n<p>De f\u00f6rsvagningar av arbetslivet som formulerats av EK och ing\u00e5r i regeringsprogrammet skapar tryck inf\u00f6r f\u00f6rbundens kommande kollektivavtalsf\u00f6rhandlingar. Sjukdomsb\u00f6terna, eller slopad l\u00f6n f\u00f6r f\u00f6rsta sjukdomsdagen, slopandet av det 100-procentiga nattarbetstill\u00e4gget i bageribranschen och annan lagstiftning som ur arbetstagarnas synvinkel f\u00f6rs\u00e4mrats kommer med all s\u00e4kerhet att tas upp som krav fr\u00e5n arbetsgivarsidan vi avtalsf\u00f6rhandlingsborden.<\/p>\n\n\n\n<p>Ocks\u00e5 begr\u00e4nsningarna av strejkr\u00e4tten och \u201dtaxireformeringen\u201d av arbetsmarknaden, d\u00e4r regeringen vill \u00f6ka det lokala avtalandet kommer att \u00f6ka sp\u00e4nningen vid avtalsf\u00f6rhandlingsborden. Om regeringens lag\u00e4ndringar f\u00f6rverkligas \u00e4r det helt klart att vi inte kommer att l\u00e5ta det passera obem\u00e4rkt vid f\u00f6rhandlingsbordet.&nbsp;<\/p>\n\n\n\n<p>Med satir kan man ibland uttrycka sig k\u00e4rnfullt. I en seriestrip i tidningen Helsingin Sanomats m\u00e5nadsbilaga tar Jyri H\u00e4k\u00e4mies med sig Riikka Purra, ur vars ficka en liten Petteri Orpo tittar fram till EK:s kontor med konstaterandet: \u201dVi kom \u00e4nnu p\u00e5 n\u00e5gra till\u00e4gg till v\u00e5rt regeringsprogram\u201d. N\u00e5, vi f\u00e5r se vad man har hittat p\u00e5, d\u00e5 regeringen har haft sin budgetmangling.<\/p>\n\n\n\n<p>Regeringen Orpos fr\u00e4msta m\u00e5l \u00e4r att f\u00f6rsvaga arbetstagarens st\u00e4llning p\u00e5 arbetsplatsen och fackf\u00f6rbundens st\u00e4llning i samh\u00e4llet. Vi har sk\u00e4l att komma ih\u00e5g det h\u00e4r. Politiken har betydelse ocks\u00e5 n\u00e4r det g\u00e4ller arbetsvillkoren.<\/p>\n\n\n\n<p><em>Veli-Matti Kuntonen<\/em><br><em>SEL:s f\u00f6rbundsordf\u00f6rande<\/em><\/p>\n","protected":false},"excerpt":{"rendered":"<p>Det finns inga l\u00e4tta kollektivavtalsrundor. Ett eget kapitel \u00e4r vilket slag av tryck som kommer till f\u00f6rhandlingsbordet utifr\u00e5n. Redan nu [\u2026] <a href=\"https:\/\/www.selry.fi\/sv\/blogg\/regeringens-patagna-arbetsmarknadsroll-skapar-spanningar-infor-avtalsforhandlingarna\/\">Lue lis\u00e4\u00e4 &raquo;<\/a><\/p>\n","protected":false},"author":4,"featured_media":10997,"comment_status":"closed","ping_status":"closed","sticky":false,"template":"","format":"standard","meta":{"_acf_changed":false,"footnotes":""},"categories":[64],"tags":[],"class_list":["post-14990","post","type-post","status-publish","format-standard","has-post-thumbnail","hentry","category-blogg"],"acf":[],"yoast_head":"<!-- This site is optimized with the Yoast SEO plugin v27.2 - https:\/\/yoast.com\/product\/yoast-seo-wordpress\/ -->\n<title>Regeringens p\u00e5tagna arbetsmarknadsroll skapar sp\u00e4nningar inf\u00f6r avtalsf\u00f6rhandlingarna<\/title>\n<meta name=\"robots\" content=\"index, follow, max-snippet:-1, max-image-preview:large, max-video-preview:-1\" \/>\n<link rel=\"canonical\" href=\"https:\/\/www.selry.fi\/sv\/blogg\/regeringens-patagna-arbetsmarknadsroll-skapar-spanningar-infor-avtalsforhandlingarna\/\" \/>\n<meta property=\"og:locale\" content=\"sv_SE\" \/>\n<meta property=\"og:type\" content=\"article\" \/>\n<meta property=\"og:title\" content=\"Regeringens p\u00e5tagna arbetsmarknadsroll skapar sp\u00e4nningar inf\u00f6r avtalsf\u00f6rhandlingarna\" \/>\n<meta property=\"og:description\" content=\"Det finns inga l\u00e4tta kollektivavtalsrundor. Ett eget kapitel \u00e4r vilket slag av tryck som kommer till f\u00f6rhandlingsbordet utifr\u00e5n. Redan nu [\u2026] Lue lis\u00e4\u00e4 &raquo;\" \/>\n<meta property=\"og:url\" content=\"https:\/\/www.selry.fi\/sv\/blogg\/regeringens-patagna-arbetsmarknadsroll-skapar-spanningar-infor-avtalsforhandlingarna\/\" \/>\n<meta property=\"og:site_name\" content=\"Suomen Elintarvikety\u00f6l\u00e4isten Liitto SEL\" \/>\n<meta property=\"article:publisher\" content=\"https:\/\/www.facebook.com\/selry\" \/>\n<meta property=\"article:published_time\" content=\"2024-04-15T11:22:00+00:00\" \/>\n<meta property=\"article:modified_time\" content=\"2024-04-18T11:23:46+00:00\" \/>\n<meta property=\"og:image\" content=\"https:\/\/www.selry.fi\/wp-content\/uploads\/2023\/02\/veli-matti-kuntonen-blogi.jpg\" \/>\n\t<meta property=\"og:image:width\" content=\"1536\" \/>\n\t<meta property=\"og:image:height\" content=\"1148\" \/>\n\t<meta property=\"og:image:type\" content=\"image\/jpeg\" \/>\n<meta name=\"author\" content=\"Karoliina \u00d6ystil\u00e4\" \/>\n<meta name=\"twitter:card\" content=\"summary_large_image\" \/>\n<meta name=\"twitter:creator\" content=\"@selryfi\" \/>\n<meta name=\"twitter:site\" content=\"@selryfi\" \/>\n<script type=\"application\/ld+json\" class=\"yoast-schema-graph\">{\"@context\":\"https:\/\/schema.org\",\"@graph\":[{\"@type\":\"Article\",\"@id\":\"https:\/\/www.selry.fi\/sv\/blogg\/regeringens-patagna-arbetsmarknadsroll-skapar-spanningar-infor-avtalsforhandlingarna\/#article\",\"isPartOf\":{\"@id\":\"https:\/\/www.selry.fi\/sv\/blogg\/regeringens-patagna-arbetsmarknadsroll-skapar-spanningar-infor-avtalsforhandlingarna\/\"},\"author\":{\"name\":\"Karoliina \u00d6ystil\u00e4\",\"@id\":\"https:\/\/www.selry.fi\/#\/schema\/person\/4fb0b52ed84c524f0beea95625a21678\"},\"headline\":\"Regeringens p\u00e5tagna arbetsmarknadsroll skapar sp\u00e4nningar inf\u00f6r avtalsf\u00f6rhandlingarna\",\"datePublished\":\"2024-04-15T11:22:00+00:00\",\"dateModified\":\"2024-04-18T11:23:46+00:00\",\"mainEntityOfPage\":{\"@id\":\"https:\/\/www.selry.fi\/sv\/blogg\/regeringens-patagna-arbetsmarknadsroll-skapar-spanningar-infor-avtalsforhandlingarna\/\"},\"wordCount\":444,\"publisher\":{\"@id\":\"https:\/\/www.selry.fi\/#organization\"},\"image\":{\"@id\":\"https:\/\/www.selry.fi\/sv\/blogg\/regeringens-patagna-arbetsmarknadsroll-skapar-spanningar-infor-avtalsforhandlingarna\/#primaryimage\"},\"thumbnailUrl\":\"https:\/\/www.selry.fi\/wp-content\/uploads\/2023\/02\/veli-matti-kuntonen-blogi.jpg\",\"articleSection\":[\"Blogg\"],\"inLanguage\":\"sv-SE\"},{\"@type\":\"WebPage\",\"@id\":\"https:\/\/www.selry.fi\/sv\/blogg\/regeringens-patagna-arbetsmarknadsroll-skapar-spanningar-infor-avtalsforhandlingarna\/\",\"url\":\"https:\/\/www.selry.fi\/sv\/blogg\/regeringens-patagna-arbetsmarknadsroll-skapar-spanningar-infor-avtalsforhandlingarna\/\",\"name\":\"Regeringens p\u00e5tagna arbetsmarknadsroll skapar sp\u00e4nningar inf\u00f6r avtalsf\u00f6rhandlingarna\",\"isPartOf\":{\"@id\":\"https:\/\/www.selry.fi\/#website\"},\"primaryImageOfPage\":{\"@id\":\"https:\/\/www.selry.fi\/sv\/blogg\/regeringens-patagna-arbetsmarknadsroll-skapar-spanningar-infor-avtalsforhandlingarna\/#primaryimage\"},\"image\":{\"@id\":\"https:\/\/www.selry.fi\/sv\/blogg\/regeringens-patagna-arbetsmarknadsroll-skapar-spanningar-infor-avtalsforhandlingarna\/#primaryimage\"},\"thumbnailUrl\":\"https:\/\/www.selry.fi\/wp-content\/uploads\/2023\/02\/veli-matti-kuntonen-blogi.jpg\",\"datePublished\":\"2024-04-15T11:22:00+00:00\",\"dateModified\":\"2024-04-18T11:23:46+00:00\",\"breadcrumb\":{\"@id\":\"https:\/\/www.selry.fi\/sv\/blogg\/regeringens-patagna-arbetsmarknadsroll-skapar-spanningar-infor-avtalsforhandlingarna\/#breadcrumb\"},\"inLanguage\":\"sv-SE\",\"potentialAction\":[{\"@type\":\"ReadAction\",\"target\":[\"https:\/\/www.selry.fi\/sv\/blogg\/regeringens-patagna-arbetsmarknadsroll-skapar-spanningar-infor-avtalsforhandlingarna\/\"]}]},{\"@type\":\"ImageObject\",\"inLanguage\":\"sv-SE\",\"@id\":\"https:\/\/www.selry.fi\/sv\/blogg\/regeringens-patagna-arbetsmarknadsroll-skapar-spanningar-infor-avtalsforhandlingarna\/#primaryimage\",\"url\":\"https:\/\/www.selry.fi\/wp-content\/uploads\/2023\/02\/veli-matti-kuntonen-blogi.jpg\",\"contentUrl\":\"https:\/\/www.selry.fi\/wp-content\/uploads\/2023\/02\/veli-matti-kuntonen-blogi.jpg\",\"width\":1536,\"height\":1148},{\"@type\":\"BreadcrumbList\",\"@id\":\"https:\/\/www.selry.fi\/sv\/blogg\/regeringens-patagna-arbetsmarknadsroll-skapar-spanningar-infor-avtalsforhandlingarna\/#breadcrumb\",\"itemListElement\":[{\"@type\":\"ListItem\",\"position\":1,\"name\":\"Home\",\"item\":\"https:\/\/www.selry.fi\/sv\/\"},{\"@type\":\"ListItem\",\"position\":2,\"name\":\"Regeringens p\u00e5tagna arbetsmarknadsroll skapar sp\u00e4nningar inf\u00f6r avtalsf\u00f6rhandlingarna\"}]},{\"@type\":\"WebSite\",\"@id\":\"https:\/\/www.selry.fi\/#website\",\"url\":\"https:\/\/www.selry.fi\/\",\"name\":\"Suomen Elintarvikety\u00f6l\u00e4isten Liitto SEL\",\"description\":\"\",\"publisher\":{\"@id\":\"https:\/\/www.selry.fi\/#organization\"},\"inLanguage\":\"sv-SE\"},{\"@type\":\"Organization\",\"@id\":\"https:\/\/www.selry.fi\/#organization\",\"name\":\"Suomen Elintarvikety\u00f6l\u00e4isten Liitto SEL\",\"url\":\"https:\/\/www.selry.fi\/\",\"logo\":{\"@type\":\"ImageObject\",\"inLanguage\":\"sv-SE\",\"@id\":\"https:\/\/www.selry.fi\/#\/schema\/logo\/image\/\",\"url\":\"https:\/\/www.selry.fi\/wp-content\/uploads\/2021\/05\/logo-sel.svg\",\"contentUrl\":\"https:\/\/www.selry.fi\/wp-content\/uploads\/2021\/05\/logo-sel.svg\",\"width\":453,\"height\":135,\"caption\":\"Suomen Elintarvikety\u00f6l\u00e4isten Liitto SEL\"},\"image\":{\"@id\":\"https:\/\/www.selry.fi\/#\/schema\/logo\/image\/\"},\"sameAs\":[\"https:\/\/www.facebook.com\/selry\",\"https:\/\/x.com\/selryfi\"]},{\"@type\":\"Person\",\"@id\":\"https:\/\/www.selry.fi\/#\/schema\/person\/4fb0b52ed84c524f0beea95625a21678\",\"name\":\"Karoliina \u00d6ystil\u00e4\",\"image\":{\"@type\":\"ImageObject\",\"inLanguage\":\"sv-SE\",\"@id\":\"https:\/\/secure.gravatar.com\/avatar\/8dcb857776c4317075ba571fdc81a06a1f240302e468800d69bf316ef82ac4cd?s=96&d=mm&r=g\",\"url\":\"https:\/\/secure.gravatar.com\/avatar\/8dcb857776c4317075ba571fdc81a06a1f240302e468800d69bf316ef82ac4cd?s=96&d=mm&r=g\",\"contentUrl\":\"https:\/\/secure.gravatar.com\/avatar\/8dcb857776c4317075ba571fdc81a06a1f240302e468800d69bf316ef82ac4cd?s=96&d=mm&r=g\",\"caption\":\"Karoliina \u00d6ystil\u00e4\"}}]}<\/script>\n<!-- \/ Yoast SEO plugin. -->","yoast_head_json":{"title":"Regeringens p\u00e5tagna arbetsmarknadsroll skapar sp\u00e4nningar inf\u00f6r avtalsf\u00f6rhandlingarna","robots":{"index":"index","follow":"follow","max-snippet":"max-snippet:-1","max-image-preview":"max-image-preview:large","max-video-preview":"max-video-preview:-1"},"canonical":"https:\/\/www.selry.fi\/sv\/blogg\/regeringens-patagna-arbetsmarknadsroll-skapar-spanningar-infor-avtalsforhandlingarna\/","og_locale":"sv_SE","og_type":"article","og_title":"Regeringens p\u00e5tagna arbetsmarknadsroll skapar sp\u00e4nningar inf\u00f6r avtalsf\u00f6rhandlingarna","og_description":"Det finns inga l\u00e4tta kollektivavtalsrundor. Ett eget kapitel \u00e4r vilket slag av tryck som kommer till f\u00f6rhandlingsbordet utifr\u00e5n. Redan nu [\u2026] Lue lis\u00e4\u00e4 &raquo;","og_url":"https:\/\/www.selry.fi\/sv\/blogg\/regeringens-patagna-arbetsmarknadsroll-skapar-spanningar-infor-avtalsforhandlingarna\/","og_site_name":"Suomen Elintarvikety\u00f6l\u00e4isten Liitto SEL","article_publisher":"https:\/\/www.facebook.com\/selry","article_published_time":"2024-04-15T11:22:00+00:00","article_modified_time":"2024-04-18T11:23:46+00:00","og_image":[{"width":1536,"height":1148,"url":"https:\/\/www.selry.fi\/wp-content\/uploads\/2023\/02\/veli-matti-kuntonen-blogi.jpg","type":"image\/jpeg"}],"author":"Karoliina \u00d6ystil\u00e4","twitter_card":"summary_large_image","twitter_creator":"@selryfi","twitter_site":"@selryfi","schema":{"@context":"https:\/\/schema.org","@graph":[{"@type":"Article","@id":"https:\/\/www.selry.fi\/sv\/blogg\/regeringens-patagna-arbetsmarknadsroll-skapar-spanningar-infor-avtalsforhandlingarna\/#article","isPartOf":{"@id":"https:\/\/www.selry.fi\/sv\/blogg\/regeringens-patagna-arbetsmarknadsroll-skapar-spanningar-infor-avtalsforhandlingarna\/"},"author":{"name":"Karoliina \u00d6ystil\u00e4","@id":"https:\/\/www.selry.fi\/#\/schema\/person\/4fb0b52ed84c524f0beea95625a21678"},"headline":"Regeringens p\u00e5tagna arbetsmarknadsroll skapar sp\u00e4nningar inf\u00f6r avtalsf\u00f6rhandlingarna","datePublished":"2024-04-15T11:22:00+00:00","dateModified":"2024-04-18T11:23:46+00:00","mainEntityOfPage":{"@id":"https:\/\/www.selry.fi\/sv\/blogg\/regeringens-patagna-arbetsmarknadsroll-skapar-spanningar-infor-avtalsforhandlingarna\/"},"wordCount":444,"publisher":{"@id":"https:\/\/www.selry.fi\/#organization"},"image":{"@id":"https:\/\/www.selry.fi\/sv\/blogg\/regeringens-patagna-arbetsmarknadsroll-skapar-spanningar-infor-avtalsforhandlingarna\/#primaryimage"},"thumbnailUrl":"https:\/\/www.selry.fi\/wp-content\/uploads\/2023\/02\/veli-matti-kuntonen-blogi.jpg","articleSection":["Blogg"],"inLanguage":"sv-SE"},{"@type":"WebPage","@id":"https:\/\/www.selry.fi\/sv\/blogg\/regeringens-patagna-arbetsmarknadsroll-skapar-spanningar-infor-avtalsforhandlingarna\/","url":"https:\/\/www.selry.fi\/sv\/blogg\/regeringens-patagna-arbetsmarknadsroll-skapar-spanningar-infor-avtalsforhandlingarna\/","name":"Regeringens p\u00e5tagna arbetsmarknadsroll skapar sp\u00e4nningar inf\u00f6r avtalsf\u00f6rhandlingarna","isPartOf":{"@id":"https:\/\/www.selry.fi\/#website"},"primaryImageOfPage":{"@id":"https:\/\/www.selry.fi\/sv\/blogg\/regeringens-patagna-arbetsmarknadsroll-skapar-spanningar-infor-avtalsforhandlingarna\/#primaryimage"},"image":{"@id":"https:\/\/www.selry.fi\/sv\/blogg\/regeringens-patagna-arbetsmarknadsroll-skapar-spanningar-infor-avtalsforhandlingarna\/#primaryimage"},"thumbnailUrl":"https:\/\/www.selry.fi\/wp-content\/uploads\/2023\/02\/veli-matti-kuntonen-blogi.jpg","datePublished":"2024-04-15T11:22:00+00:00","dateModified":"2024-04-18T11:23:46+00:00","breadcrumb":{"@id":"https:\/\/www.selry.fi\/sv\/blogg\/regeringens-patagna-arbetsmarknadsroll-skapar-spanningar-infor-avtalsforhandlingarna\/#breadcrumb"},"inLanguage":"sv-SE","potentialAction":[{"@type":"ReadAction","target":["https:\/\/www.selry.fi\/sv\/blogg\/regeringens-patagna-arbetsmarknadsroll-skapar-spanningar-infor-avtalsforhandlingarna\/"]}]},{"@type":"ImageObject","inLanguage":"sv-SE","@id":"https:\/\/www.selry.fi\/sv\/blogg\/regeringens-patagna-arbetsmarknadsroll-skapar-spanningar-infor-avtalsforhandlingarna\/#primaryimage","url":"https:\/\/www.selry.fi\/wp-content\/uploads\/2023\/02\/veli-matti-kuntonen-blogi.jpg","contentUrl":"https:\/\/www.selry.fi\/wp-content\/uploads\/2023\/02\/veli-matti-kuntonen-blogi.jpg","width":1536,"height":1148},{"@type":"BreadcrumbList","@id":"https:\/\/www.selry.fi\/sv\/blogg\/regeringens-patagna-arbetsmarknadsroll-skapar-spanningar-infor-avtalsforhandlingarna\/#breadcrumb","itemListElement":[{"@type":"ListItem","position":1,"name":"Home","item":"https:\/\/www.selry.fi\/sv\/"},{"@type":"ListItem","position":2,"name":"Regeringens p\u00e5tagna arbetsmarknadsroll skapar sp\u00e4nningar inf\u00f6r avtalsf\u00f6rhandlingarna"}]},{"@type":"WebSite","@id":"https:\/\/www.selry.fi\/#website","url":"https:\/\/www.selry.fi\/","name":"Suomen Elintarvikety\u00f6l\u00e4isten Liitto SEL","description":"","publisher":{"@id":"https:\/\/www.selry.fi\/#organization"},"inLanguage":"sv-SE"},{"@type":"Organization","@id":"https:\/\/www.selry.fi\/#organization","name":"Suomen Elintarvikety\u00f6l\u00e4isten Liitto SEL","url":"https:\/\/www.selry.fi\/","logo":{"@type":"ImageObject","inLanguage":"sv-SE","@id":"https:\/\/www.selry.fi\/#\/schema\/logo\/image\/","url":"https:\/\/www.selry.fi\/wp-content\/uploads\/2021\/05\/logo-sel.svg","contentUrl":"https:\/\/www.selry.fi\/wp-content\/uploads\/2021\/05\/logo-sel.svg","width":453,"height":135,"caption":"Suomen Elintarvikety\u00f6l\u00e4isten Liitto SEL"},"image":{"@id":"https:\/\/www.selry.fi\/#\/schema\/logo\/image\/"},"sameAs":["https:\/\/www.facebook.com\/selry","https:\/\/x.com\/selryfi"]},{"@type":"Person","@id":"https:\/\/www.selry.fi\/#\/schema\/person\/4fb0b52ed84c524f0beea95625a21678","name":"Karoliina \u00d6ystil\u00e4","image":{"@type":"ImageObject","inLanguage":"sv-SE","@id":"https:\/\/secure.gravatar.com\/avatar\/8dcb857776c4317075ba571fdc81a06a1f240302e468800d69bf316ef82ac4cd?s=96&d=mm&r=g","url":"https:\/\/secure.gravatar.com\/avatar\/8dcb857776c4317075ba571fdc81a06a1f240302e468800d69bf316ef82ac4cd?s=96&d=mm&r=g","contentUrl":"https:\/\/secure.gravatar.com\/avatar\/8dcb857776c4317075ba571fdc81a06a1f240302e468800d69bf316ef82ac4cd?s=96&d=mm&r=g","caption":"Karoliina \u00d6ystil\u00e4"}}]}},"_links":{"self":[{"href":"https:\/\/www.selry.fi\/sv\/wp-json\/wp\/v2\/posts\/14990","targetHints":{"allow":["GET"]}}],"collection":[{"href":"https:\/\/www.selry.fi\/sv\/wp-json\/wp\/v2\/posts"}],"about":[{"href":"https:\/\/www.selry.fi\/sv\/wp-json\/wp\/v2\/types\/post"}],"author":[{"embeddable":true,"href":"https:\/\/www.selry.fi\/sv\/wp-json\/wp\/v2\/users\/4"}],"replies":[{"embeddable":true,"href":"https:\/\/www.selry.fi\/sv\/wp-json\/wp\/v2\/comments?post=14990"}],"version-history":[{"count":0,"href":"https:\/\/www.selry.fi\/sv\/wp-json\/wp\/v2\/posts\/14990\/revisions"}],"wp:featuredmedia":[{"embeddable":true,"href":"https:\/\/www.selry.fi\/sv\/wp-json\/wp\/v2\/media\/10997"}],"wp:attachment":[{"href":"https:\/\/www.selry.fi\/sv\/wp-json\/wp\/v2\/media?parent=14990"}],"wp:term":[{"taxonomy":"category","embeddable":true,"href":"https:\/\/www.selry.fi\/sv\/wp-json\/wp\/v2\/categories?post=14990"},{"taxonomy":"post_tag","embeddable":true,"href":"https:\/\/www.selry.fi\/sv\/wp-json\/wp\/v2\/tags?post=14990"}],"curies":[{"name":"wp","href":"https:\/\/api.w.org\/{rel}","templated":true}]}}