{"id":14800,"date":"2024-03-19T13:43:52","date_gmt":"2024-03-19T11:43:52","guid":{"rendered":"https:\/\/www.selry.fi\/?p=14800"},"modified":"2024-03-19T13:44:17","modified_gmt":"2024-03-19T11:44:17","slug":"regeringen-har-nycklarna-till-en-losning","status":"publish","type":"post","link":"https:\/\/www.selry.fi\/sv\/blogg\/regeringen-har-nycklarna-till-en-losning\/","title":{"rendered":"Regeringen har nycklarna till en l\u00f6sning"},"content":{"rendered":"\n<p>Regeringen Orpos arbetsminister <strong>Arto Satonen<\/strong> har ett uppdrag. Han driver p\u00e5 de i regeringsprogrammet \u00f6verenskomna lag\u00e4ndringarna om f\u00f6rsvagningar av arbetstagarnas arbetsvillkor, strejkr\u00e4tt och arbetsl\u00f6shetsskydd, trots kritiken fr\u00e5n fackf\u00f6reningsr\u00f6relsen och forskare.<\/p>\n\n\n\n<p>Regeringen v\u00e4rderar inte arbetstagarna s\u00e5 h\u00f6gt att den skulle ta deras \u00e5sikter i beaktande. F\u00f6r regeringen r\u00e4cker det att den har Finlands N\u00e4ringsliv EK:s st\u00f6d bakom sig.<\/p>\n\n\n\n<p>Naturligtvis motiverar regeringen sina \u00e5tg\u00e4rder med enbart positiva saker, nu \u00e4r det ju fr\u00e5ga om \u201den reform av arbetslivet\u201d och \u201den modern nordisk modell\u201d. Lag\u00e4ndringarna p\u00e5verkar, enligt <strong>Petteri Orpo<\/strong> inte ens arbetstagarna, de f\u00f6rb\u00e4ttrar enbart syssels\u00e4ttningen och statsfinanserna i Finland.<\/p>\n\n\n\n<p>Regeringen l\u00e5ter sig inte st\u00f6ras av n\u00e5gra fakta. Upprepade g\u00e5nger har vi exempelvis tvingats ta upp det faktum f\u00f6r regeringen att, i motsats till vad regeringen p\u00e5st\u00e5r, s\u00e5 har man inte i Sverige begr\u00e4nsat de politiska strejkerna till 2 \u2013 3 timmar. Regeringspartierna h\u00e4vdar ocks\u00e5 forts\u00e4ttningsvis att f\u00f6rsvagningarna kommer att f\u00f6rb\u00e4ttra syssels\u00e4ttningen, trots att regeringens f\u00f6rsvagnings\u00e5tg\u00e4rder inte ens enligt finansministeriets ber\u00e4kningar kommer att f\u00e5 n\u00e5gra betydande effekter f\u00f6r en f\u00f6rb\u00e4ttrad syssels\u00e4ttning eller f\u00f6rb\u00e4ttrade statsfinanser.<\/p>\n\n\n\n<p>N\u00e4ringsminister <strong>Wille Rydman<\/strong> har inte dolt sina k\u00e4nslor n\u00e4r det g\u00e4ller de organiserade arbetstagarna. Ministern har talat om \u201dfackmaffian i Hagn\u00e4s\u201d som inte \u00e4r intresserad av \u201dfosterlandets eller arbetstagarnas intressen\u201d. F\u00f6r Rydman och hela regeringen verkar det vara ytterst sv\u00e5rt att inse att fackf\u00f6reningsr\u00f6relsen inte \u00e4r detsamma som \u201dherrarna i Hagn\u00e4s i sina palats\u201d, utan best\u00e5r av 1,5 miljoner finl\u00e4ndska l\u00f6ntagare som tillh\u00f6r facket. De och en majoritet av finl\u00e4ndarna vill ocks\u00e5 i forts\u00e4ttningen ha ett r\u00e4ttvist och tryggt arbetsliv.<\/p>\n\n\n\n<p>Enligt Orpo \u00e4r det inte nu <a href=\"https:\/\/yle.fi\/a\/74-20078324\" target=\"_blank\" rel=\"noreferrer noopener\">\u201dr\u00e4tt tidpunkt att g\u00e5 i strejk\u201d<\/a>. V\u00e5r h\u00e4lsning till statsministern \u00e4r att nu, om n\u00e5gonsin \u00e4r det dags att strejka. Regeringen t\u00e4nker krossa spelreglerna i det finl\u00e4ndska arbetslivet p\u00e5 ett s\u00e5 brutalt s\u00e4tt att arbetstagarna inte har n\u00e5gra andra m\u00f6jligheter \u00e4n att med politiska strejker kr\u00e4va att regeringen kommer till f\u00f6rhandlingsbordet. Regeringen har nycklarna till en l\u00f6sning.<\/p>\n\n\n\n<p><em>Karoliina \u00d6ystil\u00e4<\/em><br><em>SEL:s kommunikationschef, chefredakt\u00f6r<\/em><\/p>\n\n\n\n<p><em>Texten publiceras som ledare i Elintae 2\/2024 (22.3.2024).<\/em><\/p>\n","protected":false},"excerpt":{"rendered":"<p>Regeringen Orpos arbetsminister Arto Satonen har ett uppdrag. Han driver p\u00e5 de i regeringsprogrammet \u00f6verenskomna lag\u00e4ndringarna om f\u00f6rsvagningar av arbetstagarnas [\u2026] <a href=\"https:\/\/www.selry.fi\/sv\/blogg\/regeringen-har-nycklarna-till-en-losning\/\">Lue lis\u00e4\u00e4 &raquo;<\/a><\/p>\n","protected":false},"author":4,"featured_media":10993,"comment_status":"closed","ping_status":"closed","sticky":false,"template":"","format":"standard","meta":{"_acf_changed":false,"footnotes":""},"categories":[64],"tags":[],"class_list":["post-14800","post","type-post","status-publish","format-standard","has-post-thumbnail","hentry","category-blogg"],"acf":[],"yoast_head":"<!-- This site is optimized with the Yoast SEO plugin v27.2 - https:\/\/yoast.com\/product\/yoast-seo-wordpress\/ -->\n<title>Regeringen har nycklarna till en l\u00f6sning<\/title>\n<meta name=\"robots\" content=\"index, follow, max-snippet:-1, max-image-preview:large, max-video-preview:-1\" \/>\n<link rel=\"canonical\" href=\"https:\/\/www.selry.fi\/sv\/blogg\/regeringen-har-nycklarna-till-en-losning\/\" \/>\n<meta property=\"og:locale\" content=\"sv_SE\" \/>\n<meta property=\"og:type\" content=\"article\" \/>\n<meta property=\"og:title\" content=\"Regeringen har nycklarna till en l\u00f6sning\" \/>\n<meta property=\"og:description\" content=\"Regeringen Orpos arbetsminister Arto Satonen har ett uppdrag. Han driver p\u00e5 de i regeringsprogrammet \u00f6verenskomna lag\u00e4ndringarna om f\u00f6rsvagningar av arbetstagarnas [\u2026] Lue lis\u00e4\u00e4 &raquo;\" \/>\n<meta property=\"og:url\" content=\"https:\/\/www.selry.fi\/sv\/blogg\/regeringen-har-nycklarna-till-en-losning\/\" \/>\n<meta property=\"og:site_name\" content=\"Suomen Elintarvikety\u00f6l\u00e4isten Liitto SEL\" \/>\n<meta property=\"article:publisher\" content=\"https:\/\/www.facebook.com\/selry\" \/>\n<meta property=\"article:published_time\" content=\"2024-03-19T11:43:52+00:00\" \/>\n<meta property=\"article:modified_time\" content=\"2024-03-19T11:44:17+00:00\" \/>\n<meta property=\"og:image\" content=\"https:\/\/www.selry.fi\/wp-content\/uploads\/2023\/02\/karoliina-oystila-blogi.jpg\" \/>\n\t<meta property=\"og:image:width\" content=\"1536\" \/>\n\t<meta property=\"og:image:height\" content=\"1081\" \/>\n\t<meta property=\"og:image:type\" content=\"image\/jpeg\" \/>\n<meta name=\"author\" content=\"Karoliina \u00d6ystil\u00e4\" \/>\n<meta name=\"twitter:card\" content=\"summary_large_image\" \/>\n<meta name=\"twitter:creator\" content=\"@selryfi\" \/>\n<meta name=\"twitter:site\" content=\"@selryfi\" \/>\n<script type=\"application\/ld+json\" class=\"yoast-schema-graph\">{\"@context\":\"https:\/\/schema.org\",\"@graph\":[{\"@type\":\"Article\",\"@id\":\"https:\/\/www.selry.fi\/sv\/blogg\/regeringen-har-nycklarna-till-en-losning\/#article\",\"isPartOf\":{\"@id\":\"https:\/\/www.selry.fi\/sv\/blogg\/regeringen-har-nycklarna-till-en-losning\/\"},\"author\":{\"name\":\"Karoliina \u00d6ystil\u00e4\",\"@id\":\"https:\/\/www.selry.fi\/#\/schema\/person\/4fb0b52ed84c524f0beea95625a21678\"},\"headline\":\"Regeringen har nycklarna till en l\u00f6sning\",\"datePublished\":\"2024-03-19T11:43:52+00:00\",\"dateModified\":\"2024-03-19T11:44:17+00:00\",\"mainEntityOfPage\":{\"@id\":\"https:\/\/www.selry.fi\/sv\/blogg\/regeringen-har-nycklarna-till-en-losning\/\"},\"wordCount\":405,\"publisher\":{\"@id\":\"https:\/\/www.selry.fi\/#organization\"},\"image\":{\"@id\":\"https:\/\/www.selry.fi\/sv\/blogg\/regeringen-har-nycklarna-till-en-losning\/#primaryimage\"},\"thumbnailUrl\":\"https:\/\/www.selry.fi\/wp-content\/uploads\/2023\/02\/karoliina-oystila-blogi.jpg\",\"articleSection\":[\"Blogg\"],\"inLanguage\":\"sv-SE\"},{\"@type\":\"WebPage\",\"@id\":\"https:\/\/www.selry.fi\/sv\/blogg\/regeringen-har-nycklarna-till-en-losning\/\",\"url\":\"https:\/\/www.selry.fi\/sv\/blogg\/regeringen-har-nycklarna-till-en-losning\/\",\"name\":\"Regeringen har nycklarna till en l\u00f6sning\",\"isPartOf\":{\"@id\":\"https:\/\/www.selry.fi\/#website\"},\"primaryImageOfPage\":{\"@id\":\"https:\/\/www.selry.fi\/sv\/blogg\/regeringen-har-nycklarna-till-en-losning\/#primaryimage\"},\"image\":{\"@id\":\"https:\/\/www.selry.fi\/sv\/blogg\/regeringen-har-nycklarna-till-en-losning\/#primaryimage\"},\"thumbnailUrl\":\"https:\/\/www.selry.fi\/wp-content\/uploads\/2023\/02\/karoliina-oystila-blogi.jpg\",\"datePublished\":\"2024-03-19T11:43:52+00:00\",\"dateModified\":\"2024-03-19T11:44:17+00:00\",\"breadcrumb\":{\"@id\":\"https:\/\/www.selry.fi\/sv\/blogg\/regeringen-har-nycklarna-till-en-losning\/#breadcrumb\"},\"inLanguage\":\"sv-SE\",\"potentialAction\":[{\"@type\":\"ReadAction\",\"target\":[\"https:\/\/www.selry.fi\/sv\/blogg\/regeringen-har-nycklarna-till-en-losning\/\"]}]},{\"@type\":\"ImageObject\",\"inLanguage\":\"sv-SE\",\"@id\":\"https:\/\/www.selry.fi\/sv\/blogg\/regeringen-har-nycklarna-till-en-losning\/#primaryimage\",\"url\":\"https:\/\/www.selry.fi\/wp-content\/uploads\/2023\/02\/karoliina-oystila-blogi.jpg\",\"contentUrl\":\"https:\/\/www.selry.fi\/wp-content\/uploads\/2023\/02\/karoliina-oystila-blogi.jpg\",\"width\":1536,\"height\":1081},{\"@type\":\"BreadcrumbList\",\"@id\":\"https:\/\/www.selry.fi\/sv\/blogg\/regeringen-har-nycklarna-till-en-losning\/#breadcrumb\",\"itemListElement\":[{\"@type\":\"ListItem\",\"position\":1,\"name\":\"Home\",\"item\":\"https:\/\/www.selry.fi\/sv\/\"},{\"@type\":\"ListItem\",\"position\":2,\"name\":\"Regeringen har nycklarna till en l\u00f6sning\"}]},{\"@type\":\"WebSite\",\"@id\":\"https:\/\/www.selry.fi\/#website\",\"url\":\"https:\/\/www.selry.fi\/\",\"name\":\"Suomen Elintarvikety\u00f6l\u00e4isten Liitto SEL\",\"description\":\"\",\"publisher\":{\"@id\":\"https:\/\/www.selry.fi\/#organization\"},\"inLanguage\":\"sv-SE\"},{\"@type\":\"Organization\",\"@id\":\"https:\/\/www.selry.fi\/#organization\",\"name\":\"Suomen Elintarvikety\u00f6l\u00e4isten Liitto SEL\",\"url\":\"https:\/\/www.selry.fi\/\",\"logo\":{\"@type\":\"ImageObject\",\"inLanguage\":\"sv-SE\",\"@id\":\"https:\/\/www.selry.fi\/#\/schema\/logo\/image\/\",\"url\":\"https:\/\/www.selry.fi\/wp-content\/uploads\/2021\/05\/logo-sel.svg\",\"contentUrl\":\"https:\/\/www.selry.fi\/wp-content\/uploads\/2021\/05\/logo-sel.svg\",\"width\":453,\"height\":135,\"caption\":\"Suomen Elintarvikety\u00f6l\u00e4isten Liitto SEL\"},\"image\":{\"@id\":\"https:\/\/www.selry.fi\/#\/schema\/logo\/image\/\"},\"sameAs\":[\"https:\/\/www.facebook.com\/selry\",\"https:\/\/x.com\/selryfi\"]},{\"@type\":\"Person\",\"@id\":\"https:\/\/www.selry.fi\/#\/schema\/person\/4fb0b52ed84c524f0beea95625a21678\",\"name\":\"Karoliina \u00d6ystil\u00e4\",\"image\":{\"@type\":\"ImageObject\",\"inLanguage\":\"sv-SE\",\"@id\":\"https:\/\/secure.gravatar.com\/avatar\/8dcb857776c4317075ba571fdc81a06a1f240302e468800d69bf316ef82ac4cd?s=96&d=mm&r=g\",\"url\":\"https:\/\/secure.gravatar.com\/avatar\/8dcb857776c4317075ba571fdc81a06a1f240302e468800d69bf316ef82ac4cd?s=96&d=mm&r=g\",\"contentUrl\":\"https:\/\/secure.gravatar.com\/avatar\/8dcb857776c4317075ba571fdc81a06a1f240302e468800d69bf316ef82ac4cd?s=96&d=mm&r=g\",\"caption\":\"Karoliina \u00d6ystil\u00e4\"}}]}<\/script>\n<!-- \/ Yoast SEO plugin. -->","yoast_head_json":{"title":"Regeringen har nycklarna till en l\u00f6sning","robots":{"index":"index","follow":"follow","max-snippet":"max-snippet:-1","max-image-preview":"max-image-preview:large","max-video-preview":"max-video-preview:-1"},"canonical":"https:\/\/www.selry.fi\/sv\/blogg\/regeringen-har-nycklarna-till-en-losning\/","og_locale":"sv_SE","og_type":"article","og_title":"Regeringen har nycklarna till en l\u00f6sning","og_description":"Regeringen Orpos arbetsminister Arto Satonen har ett uppdrag. Han driver p\u00e5 de i regeringsprogrammet \u00f6verenskomna lag\u00e4ndringarna om f\u00f6rsvagningar av arbetstagarnas [\u2026] Lue lis\u00e4\u00e4 &raquo;","og_url":"https:\/\/www.selry.fi\/sv\/blogg\/regeringen-har-nycklarna-till-en-losning\/","og_site_name":"Suomen Elintarvikety\u00f6l\u00e4isten Liitto SEL","article_publisher":"https:\/\/www.facebook.com\/selry","article_published_time":"2024-03-19T11:43:52+00:00","article_modified_time":"2024-03-19T11:44:17+00:00","og_image":[{"width":1536,"height":1081,"url":"https:\/\/www.selry.fi\/wp-content\/uploads\/2023\/02\/karoliina-oystila-blogi.jpg","type":"image\/jpeg"}],"author":"Karoliina \u00d6ystil\u00e4","twitter_card":"summary_large_image","twitter_creator":"@selryfi","twitter_site":"@selryfi","schema":{"@context":"https:\/\/schema.org","@graph":[{"@type":"Article","@id":"https:\/\/www.selry.fi\/sv\/blogg\/regeringen-har-nycklarna-till-en-losning\/#article","isPartOf":{"@id":"https:\/\/www.selry.fi\/sv\/blogg\/regeringen-har-nycklarna-till-en-losning\/"},"author":{"name":"Karoliina \u00d6ystil\u00e4","@id":"https:\/\/www.selry.fi\/#\/schema\/person\/4fb0b52ed84c524f0beea95625a21678"},"headline":"Regeringen har nycklarna till en l\u00f6sning","datePublished":"2024-03-19T11:43:52+00:00","dateModified":"2024-03-19T11:44:17+00:00","mainEntityOfPage":{"@id":"https:\/\/www.selry.fi\/sv\/blogg\/regeringen-har-nycklarna-till-en-losning\/"},"wordCount":405,"publisher":{"@id":"https:\/\/www.selry.fi\/#organization"},"image":{"@id":"https:\/\/www.selry.fi\/sv\/blogg\/regeringen-har-nycklarna-till-en-losning\/#primaryimage"},"thumbnailUrl":"https:\/\/www.selry.fi\/wp-content\/uploads\/2023\/02\/karoliina-oystila-blogi.jpg","articleSection":["Blogg"],"inLanguage":"sv-SE"},{"@type":"WebPage","@id":"https:\/\/www.selry.fi\/sv\/blogg\/regeringen-har-nycklarna-till-en-losning\/","url":"https:\/\/www.selry.fi\/sv\/blogg\/regeringen-har-nycklarna-till-en-losning\/","name":"Regeringen har nycklarna till en l\u00f6sning","isPartOf":{"@id":"https:\/\/www.selry.fi\/#website"},"primaryImageOfPage":{"@id":"https:\/\/www.selry.fi\/sv\/blogg\/regeringen-har-nycklarna-till-en-losning\/#primaryimage"},"image":{"@id":"https:\/\/www.selry.fi\/sv\/blogg\/regeringen-har-nycklarna-till-en-losning\/#primaryimage"},"thumbnailUrl":"https:\/\/www.selry.fi\/wp-content\/uploads\/2023\/02\/karoliina-oystila-blogi.jpg","datePublished":"2024-03-19T11:43:52+00:00","dateModified":"2024-03-19T11:44:17+00:00","breadcrumb":{"@id":"https:\/\/www.selry.fi\/sv\/blogg\/regeringen-har-nycklarna-till-en-losning\/#breadcrumb"},"inLanguage":"sv-SE","potentialAction":[{"@type":"ReadAction","target":["https:\/\/www.selry.fi\/sv\/blogg\/regeringen-har-nycklarna-till-en-losning\/"]}]},{"@type":"ImageObject","inLanguage":"sv-SE","@id":"https:\/\/www.selry.fi\/sv\/blogg\/regeringen-har-nycklarna-till-en-losning\/#primaryimage","url":"https:\/\/www.selry.fi\/wp-content\/uploads\/2023\/02\/karoliina-oystila-blogi.jpg","contentUrl":"https:\/\/www.selry.fi\/wp-content\/uploads\/2023\/02\/karoliina-oystila-blogi.jpg","width":1536,"height":1081},{"@type":"BreadcrumbList","@id":"https:\/\/www.selry.fi\/sv\/blogg\/regeringen-har-nycklarna-till-en-losning\/#breadcrumb","itemListElement":[{"@type":"ListItem","position":1,"name":"Home","item":"https:\/\/www.selry.fi\/sv\/"},{"@type":"ListItem","position":2,"name":"Regeringen har nycklarna till en l\u00f6sning"}]},{"@type":"WebSite","@id":"https:\/\/www.selry.fi\/#website","url":"https:\/\/www.selry.fi\/","name":"Suomen Elintarvikety\u00f6l\u00e4isten Liitto SEL","description":"","publisher":{"@id":"https:\/\/www.selry.fi\/#organization"},"inLanguage":"sv-SE"},{"@type":"Organization","@id":"https:\/\/www.selry.fi\/#organization","name":"Suomen Elintarvikety\u00f6l\u00e4isten Liitto SEL","url":"https:\/\/www.selry.fi\/","logo":{"@type":"ImageObject","inLanguage":"sv-SE","@id":"https:\/\/www.selry.fi\/#\/schema\/logo\/image\/","url":"https:\/\/www.selry.fi\/wp-content\/uploads\/2021\/05\/logo-sel.svg","contentUrl":"https:\/\/www.selry.fi\/wp-content\/uploads\/2021\/05\/logo-sel.svg","width":453,"height":135,"caption":"Suomen Elintarvikety\u00f6l\u00e4isten Liitto SEL"},"image":{"@id":"https:\/\/www.selry.fi\/#\/schema\/logo\/image\/"},"sameAs":["https:\/\/www.facebook.com\/selry","https:\/\/x.com\/selryfi"]},{"@type":"Person","@id":"https:\/\/www.selry.fi\/#\/schema\/person\/4fb0b52ed84c524f0beea95625a21678","name":"Karoliina \u00d6ystil\u00e4","image":{"@type":"ImageObject","inLanguage":"sv-SE","@id":"https:\/\/secure.gravatar.com\/avatar\/8dcb857776c4317075ba571fdc81a06a1f240302e468800d69bf316ef82ac4cd?s=96&d=mm&r=g","url":"https:\/\/secure.gravatar.com\/avatar\/8dcb857776c4317075ba571fdc81a06a1f240302e468800d69bf316ef82ac4cd?s=96&d=mm&r=g","contentUrl":"https:\/\/secure.gravatar.com\/avatar\/8dcb857776c4317075ba571fdc81a06a1f240302e468800d69bf316ef82ac4cd?s=96&d=mm&r=g","caption":"Karoliina \u00d6ystil\u00e4"}}]}},"_links":{"self":[{"href":"https:\/\/www.selry.fi\/sv\/wp-json\/wp\/v2\/posts\/14800","targetHints":{"allow":["GET"]}}],"collection":[{"href":"https:\/\/www.selry.fi\/sv\/wp-json\/wp\/v2\/posts"}],"about":[{"href":"https:\/\/www.selry.fi\/sv\/wp-json\/wp\/v2\/types\/post"}],"author":[{"embeddable":true,"href":"https:\/\/www.selry.fi\/sv\/wp-json\/wp\/v2\/users\/4"}],"replies":[{"embeddable":true,"href":"https:\/\/www.selry.fi\/sv\/wp-json\/wp\/v2\/comments?post=14800"}],"version-history":[{"count":0,"href":"https:\/\/www.selry.fi\/sv\/wp-json\/wp\/v2\/posts\/14800\/revisions"}],"wp:featuredmedia":[{"embeddable":true,"href":"https:\/\/www.selry.fi\/sv\/wp-json\/wp\/v2\/media\/10993"}],"wp:attachment":[{"href":"https:\/\/www.selry.fi\/sv\/wp-json\/wp\/v2\/media?parent=14800"}],"wp:term":[{"taxonomy":"category","embeddable":true,"href":"https:\/\/www.selry.fi\/sv\/wp-json\/wp\/v2\/categories?post=14800"},{"taxonomy":"post_tag","embeddable":true,"href":"https:\/\/www.selry.fi\/sv\/wp-json\/wp\/v2\/tags?post=14800"}],"curies":[{"name":"wp","href":"https:\/\/api.w.org\/{rel}","templated":true}]}}