{"id":14698,"date":"2024-03-12T22:59:00","date_gmt":"2024-03-12T20:59:00","guid":{"rendered":"https:\/\/www.selry.fi\/?p=14698"},"modified":"2024-03-13T23:02:52","modified_gmt":"2024-03-13T21:02:52","slug":"vi-forsvarar-vara-rattigheter","status":"publish","type":"post","link":"https:\/\/www.selry.fi\/sv\/blogg\/vi-forsvarar-vara-rattigheter\/","title":{"rendered":"Vi f\u00f6rsvarar v\u00e5ra r\u00e4ttigheter"},"content":{"rendered":"\n<p>Efter att regeringen Orpo n\u00e4stan ord f\u00f6r ord i sitt regeringsprogram skrivit in arbetsgivarnas Finlands N\u00e4ringsliv EK:s m\u00e5ls\u00e4ttningar f\u00f6r hur arbetstagarnas r\u00e4ttigheter och st\u00e4llning ska f\u00f6rsvagas har det st\u00e5tt klart varifr\u00e5n regeringen f\u00e5r sina order och vem den lyssnar till.<\/p>\n\n\n\n<p>Arbetstagarna i Finland har inte p\u00e5 l\u00e4nge tvingats f\u00f6rsvara sina r\u00e4ttigheter i en situation som varit s\u00e5 tr\u00e4ngd som nu. Regeringens tal om arbetstagarnas p\u00e5verkningsm\u00f6jligheter och om f\u00f6rhandlingar har vi tvingats kvittera som l\u00f6ften utan t\u00e4ckning. Det \u00e4r inte att f\u00f6rhandla att arbetstagarnas representanter i arbetsgrupper som bereder lag\u00e4ndringar f\u00e5r presentera sina synpunkter utan att de f\u00e5r n\u00e5gra som helst effekter p\u00e5 regeringens f\u00f6rslag.<\/p>\n\n\n\n<p>Betecknande \u00e4r, att regeringens \u00e5tg\u00e4rder inte har n\u00e5gra positiva effekter p\u00e5 syssels\u00e4ttningen eller f\u00f6rb\u00e4ttrandet av den finl\u00e4ndska arbetarens k\u00f6pkraft, allts\u00e5 p\u00e5 vilka summor vi har f\u00f6r att f\u00e5 vardagen att g\u00e5 ihop.<\/p>\n\n\n\n<p>Att sk\u00e4ra i arbetsl\u00f6shetsskyddet eller slopa vuxenutbildningen skapar inte en enda ny arbetsplats. Nya arbetsplatser skapas inte heller med att man i forts\u00e4ttningen skulle avtala om l\u00f6ner och andra arbetsvillkor enbart med beslut fr\u00e5n arbetsgivarna, utan en f\u00f6rtroendeman vald av fackets medlemmar.<\/p>\n\n\n\n<p>Vi har sk\u00e4l att st\u00e4lla fr\u00e5gan vilket slag av samh\u00e4lle EK, F\u00f6retagarna I Finland och skapa i Orpos regering vill skapa i Finland? I vilka l\u00e4nder vill man p\u00e5 ett s\u00e5 h\u00e4r grovt s\u00e4tt upph\u00e4va arbetstagarnas r\u00e4ttigheter? Och vill vi verkligen identifiera oss med den gruppen?<\/p>\n\n\n\n<p>Vi i SEL har, tillsammans med andra branschers arbetstagare med politiska strejker varit med om att f\u00f6rsvara ett tryggt arbetsliv, r\u00e4ttigheter och arbetsl\u00f6shetsskydd f\u00f6r arbetstagarna. Ocks\u00e5 i forts\u00e4ttningen kommer vi att tillsammans tvingas f\u00f6rsvara v\u00e5ra r\u00e4ttigheter.<\/p>\n\n\n\n<p>Arbetstagarna som deltar i den p\u00e5g\u00e5ende, tv\u00e5 veckor l\u00e5nga politiska strejk som stoppar Finlands export och import strejkar f\u00f6r alla finl\u00e4ndska arbetstagare. Vi st\u00f6der strejken och de strejkande arbetstagarna fullt ut och \u00e4ven ekonomiskt. Det h\u00e4r \u00e4r v\u00e5r gemensamma kamp f\u00f6r ett r\u00e4ttvist arbetsliv.<\/p>\n\n\n\n<p>Eftersom regeringen inte g\u00e5r med p\u00e5 att f\u00f6rhandla \u00e4r politiska strejker arbetstagarnas enda m\u00f6jlighet att f\u00f6rs\u00f6ka p\u00e5verka de f\u00f6rsvagningar av arbetstagarnas r\u00e4ttigheter som arbetsgivarsidan har dikterar f\u00f6r regeringen. Vad som \u00e4n h\u00e4nder m\u00e5ste vi rikta blicken mot framtiden. I skuggan av hela den h\u00e4r kampen har SEL och arbetsgivarf\u00f6rbundet ETL inlett en dialog om framtiden f\u00f6r arbetet i livsmedelsbranschen. Som ett steg utreder vi arbetstagarnas syn p\u00e5 branschen. Det \u00e4r ytterst viktigt att s\u00e5 m\u00e5nga SEL-medlemmar som m\u00f6jligt svarar p\u00e5 enk\u00e4ten. P\u00e5 s\u00e5 s\u00e4tt f\u00e5r vi information och kan p\u00e5verka arbetet i livsmedelsbranschen och utveckla arbetsvillkoren.<br><br><em>Veli-Matti Kuntonen<\/em><br><em>SEL:s f\u00f6rbundsordf\u00f6rande<\/em><\/p>\n","protected":false},"excerpt":{"rendered":"<p>Efter att regeringen Orpo n\u00e4stan ord f\u00f6r ord i sitt regeringsprogram skrivit in arbetsgivarnas Finlands N\u00e4ringsliv EK:s m\u00e5ls\u00e4ttningar f\u00f6r hur [\u2026] <a href=\"https:\/\/www.selry.fi\/sv\/blogg\/vi-forsvarar-vara-rattigheter\/\">Lue lis\u00e4\u00e4 &raquo;<\/a><\/p>\n","protected":false},"author":4,"featured_media":10997,"comment_status":"closed","ping_status":"closed","sticky":false,"template":"","format":"standard","meta":{"_acf_changed":false,"footnotes":""},"categories":[64],"tags":[],"class_list":["post-14698","post","type-post","status-publish","format-standard","has-post-thumbnail","hentry","category-blogg"],"acf":[],"yoast_head":"<!-- This site is optimized with the Yoast SEO plugin v27.2 - https:\/\/yoast.com\/product\/yoast-seo-wordpress\/ -->\n<title>Vi f\u00f6rsvarar v\u00e5ra r\u00e4ttigheter<\/title>\n<meta name=\"robots\" content=\"index, follow, max-snippet:-1, max-image-preview:large, max-video-preview:-1\" \/>\n<link rel=\"canonical\" href=\"https:\/\/www.selry.fi\/sv\/blogg\/vi-forsvarar-vara-rattigheter\/\" \/>\n<meta property=\"og:locale\" content=\"sv_SE\" \/>\n<meta property=\"og:type\" content=\"article\" \/>\n<meta property=\"og:title\" content=\"Vi f\u00f6rsvarar v\u00e5ra r\u00e4ttigheter\" \/>\n<meta property=\"og:description\" content=\"Efter att regeringen Orpo n\u00e4stan ord f\u00f6r ord i sitt regeringsprogram skrivit in arbetsgivarnas Finlands N\u00e4ringsliv EK:s m\u00e5ls\u00e4ttningar f\u00f6r hur [\u2026] Lue lis\u00e4\u00e4 &raquo;\" \/>\n<meta property=\"og:url\" content=\"https:\/\/www.selry.fi\/sv\/blogg\/vi-forsvarar-vara-rattigheter\/\" \/>\n<meta property=\"og:site_name\" content=\"Suomen Elintarvikety\u00f6l\u00e4isten Liitto SEL\" \/>\n<meta property=\"article:publisher\" content=\"https:\/\/www.facebook.com\/selry\" \/>\n<meta property=\"article:published_time\" content=\"2024-03-12T20:59:00+00:00\" \/>\n<meta property=\"article:modified_time\" content=\"2024-03-13T21:02:52+00:00\" \/>\n<meta property=\"og:image\" content=\"https:\/\/www.selry.fi\/wp-content\/uploads\/2023\/02\/veli-matti-kuntonen-blogi.jpg\" \/>\n\t<meta property=\"og:image:width\" content=\"1536\" \/>\n\t<meta property=\"og:image:height\" content=\"1148\" \/>\n\t<meta property=\"og:image:type\" content=\"image\/jpeg\" \/>\n<meta name=\"author\" content=\"Karoliina \u00d6ystil\u00e4\" \/>\n<meta name=\"twitter:card\" content=\"summary_large_image\" \/>\n<meta name=\"twitter:creator\" content=\"@selryfi\" \/>\n<meta name=\"twitter:site\" content=\"@selryfi\" \/>\n<script type=\"application\/ld+json\" class=\"yoast-schema-graph\">{\"@context\":\"https:\/\/schema.org\",\"@graph\":[{\"@type\":\"Article\",\"@id\":\"https:\/\/www.selry.fi\/sv\/blogg\/vi-forsvarar-vara-rattigheter\/#article\",\"isPartOf\":{\"@id\":\"https:\/\/www.selry.fi\/sv\/blogg\/vi-forsvarar-vara-rattigheter\/\"},\"author\":{\"name\":\"Karoliina \u00d6ystil\u00e4\",\"@id\":\"https:\/\/www.selry.fi\/#\/schema\/person\/4fb0b52ed84c524f0beea95625a21678\"},\"headline\":\"Vi f\u00f6rsvarar v\u00e5ra r\u00e4ttigheter\",\"datePublished\":\"2024-03-12T20:59:00+00:00\",\"dateModified\":\"2024-03-13T21:02:52+00:00\",\"mainEntityOfPage\":{\"@id\":\"https:\/\/www.selry.fi\/sv\/blogg\/vi-forsvarar-vara-rattigheter\/\"},\"wordCount\":504,\"publisher\":{\"@id\":\"https:\/\/www.selry.fi\/#organization\"},\"image\":{\"@id\":\"https:\/\/www.selry.fi\/sv\/blogg\/vi-forsvarar-vara-rattigheter\/#primaryimage\"},\"thumbnailUrl\":\"https:\/\/www.selry.fi\/wp-content\/uploads\/2023\/02\/veli-matti-kuntonen-blogi.jpg\",\"articleSection\":[\"Blogg\"],\"inLanguage\":\"sv-SE\"},{\"@type\":\"WebPage\",\"@id\":\"https:\/\/www.selry.fi\/sv\/blogg\/vi-forsvarar-vara-rattigheter\/\",\"url\":\"https:\/\/www.selry.fi\/sv\/blogg\/vi-forsvarar-vara-rattigheter\/\",\"name\":\"Vi f\u00f6rsvarar v\u00e5ra r\u00e4ttigheter\",\"isPartOf\":{\"@id\":\"https:\/\/www.selry.fi\/#website\"},\"primaryImageOfPage\":{\"@id\":\"https:\/\/www.selry.fi\/sv\/blogg\/vi-forsvarar-vara-rattigheter\/#primaryimage\"},\"image\":{\"@id\":\"https:\/\/www.selry.fi\/sv\/blogg\/vi-forsvarar-vara-rattigheter\/#primaryimage\"},\"thumbnailUrl\":\"https:\/\/www.selry.fi\/wp-content\/uploads\/2023\/02\/veli-matti-kuntonen-blogi.jpg\",\"datePublished\":\"2024-03-12T20:59:00+00:00\",\"dateModified\":\"2024-03-13T21:02:52+00:00\",\"breadcrumb\":{\"@id\":\"https:\/\/www.selry.fi\/sv\/blogg\/vi-forsvarar-vara-rattigheter\/#breadcrumb\"},\"inLanguage\":\"sv-SE\",\"potentialAction\":[{\"@type\":\"ReadAction\",\"target\":[\"https:\/\/www.selry.fi\/sv\/blogg\/vi-forsvarar-vara-rattigheter\/\"]}]},{\"@type\":\"ImageObject\",\"inLanguage\":\"sv-SE\",\"@id\":\"https:\/\/www.selry.fi\/sv\/blogg\/vi-forsvarar-vara-rattigheter\/#primaryimage\",\"url\":\"https:\/\/www.selry.fi\/wp-content\/uploads\/2023\/02\/veli-matti-kuntonen-blogi.jpg\",\"contentUrl\":\"https:\/\/www.selry.fi\/wp-content\/uploads\/2023\/02\/veli-matti-kuntonen-blogi.jpg\",\"width\":1536,\"height\":1148},{\"@type\":\"BreadcrumbList\",\"@id\":\"https:\/\/www.selry.fi\/sv\/blogg\/vi-forsvarar-vara-rattigheter\/#breadcrumb\",\"itemListElement\":[{\"@type\":\"ListItem\",\"position\":1,\"name\":\"Home\",\"item\":\"https:\/\/www.selry.fi\/sv\/\"},{\"@type\":\"ListItem\",\"position\":2,\"name\":\"Vi f\u00f6rsvarar v\u00e5ra r\u00e4ttigheter\"}]},{\"@type\":\"WebSite\",\"@id\":\"https:\/\/www.selry.fi\/#website\",\"url\":\"https:\/\/www.selry.fi\/\",\"name\":\"Suomen Elintarvikety\u00f6l\u00e4isten Liitto SEL\",\"description\":\"\",\"publisher\":{\"@id\":\"https:\/\/www.selry.fi\/#organization\"},\"inLanguage\":\"sv-SE\"},{\"@type\":\"Organization\",\"@id\":\"https:\/\/www.selry.fi\/#organization\",\"name\":\"Suomen Elintarvikety\u00f6l\u00e4isten Liitto SEL\",\"url\":\"https:\/\/www.selry.fi\/\",\"logo\":{\"@type\":\"ImageObject\",\"inLanguage\":\"sv-SE\",\"@id\":\"https:\/\/www.selry.fi\/#\/schema\/logo\/image\/\",\"url\":\"https:\/\/www.selry.fi\/wp-content\/uploads\/2021\/05\/logo-sel.svg\",\"contentUrl\":\"https:\/\/www.selry.fi\/wp-content\/uploads\/2021\/05\/logo-sel.svg\",\"width\":453,\"height\":135,\"caption\":\"Suomen Elintarvikety\u00f6l\u00e4isten Liitto SEL\"},\"image\":{\"@id\":\"https:\/\/www.selry.fi\/#\/schema\/logo\/image\/\"},\"sameAs\":[\"https:\/\/www.facebook.com\/selry\",\"https:\/\/x.com\/selryfi\"]},{\"@type\":\"Person\",\"@id\":\"https:\/\/www.selry.fi\/#\/schema\/person\/4fb0b52ed84c524f0beea95625a21678\",\"name\":\"Karoliina \u00d6ystil\u00e4\",\"image\":{\"@type\":\"ImageObject\",\"inLanguage\":\"sv-SE\",\"@id\":\"https:\/\/secure.gravatar.com\/avatar\/8dcb857776c4317075ba571fdc81a06a1f240302e468800d69bf316ef82ac4cd?s=96&d=mm&r=g\",\"url\":\"https:\/\/secure.gravatar.com\/avatar\/8dcb857776c4317075ba571fdc81a06a1f240302e468800d69bf316ef82ac4cd?s=96&d=mm&r=g\",\"contentUrl\":\"https:\/\/secure.gravatar.com\/avatar\/8dcb857776c4317075ba571fdc81a06a1f240302e468800d69bf316ef82ac4cd?s=96&d=mm&r=g\",\"caption\":\"Karoliina \u00d6ystil\u00e4\"}}]}<\/script>\n<!-- \/ Yoast SEO plugin. -->","yoast_head_json":{"title":"Vi f\u00f6rsvarar v\u00e5ra r\u00e4ttigheter","robots":{"index":"index","follow":"follow","max-snippet":"max-snippet:-1","max-image-preview":"max-image-preview:large","max-video-preview":"max-video-preview:-1"},"canonical":"https:\/\/www.selry.fi\/sv\/blogg\/vi-forsvarar-vara-rattigheter\/","og_locale":"sv_SE","og_type":"article","og_title":"Vi f\u00f6rsvarar v\u00e5ra r\u00e4ttigheter","og_description":"Efter att regeringen Orpo n\u00e4stan ord f\u00f6r ord i sitt regeringsprogram skrivit in arbetsgivarnas Finlands N\u00e4ringsliv EK:s m\u00e5ls\u00e4ttningar f\u00f6r hur [\u2026] Lue lis\u00e4\u00e4 &raquo;","og_url":"https:\/\/www.selry.fi\/sv\/blogg\/vi-forsvarar-vara-rattigheter\/","og_site_name":"Suomen Elintarvikety\u00f6l\u00e4isten Liitto SEL","article_publisher":"https:\/\/www.facebook.com\/selry","article_published_time":"2024-03-12T20:59:00+00:00","article_modified_time":"2024-03-13T21:02:52+00:00","og_image":[{"width":1536,"height":1148,"url":"https:\/\/www.selry.fi\/wp-content\/uploads\/2023\/02\/veli-matti-kuntonen-blogi.jpg","type":"image\/jpeg"}],"author":"Karoliina \u00d6ystil\u00e4","twitter_card":"summary_large_image","twitter_creator":"@selryfi","twitter_site":"@selryfi","schema":{"@context":"https:\/\/schema.org","@graph":[{"@type":"Article","@id":"https:\/\/www.selry.fi\/sv\/blogg\/vi-forsvarar-vara-rattigheter\/#article","isPartOf":{"@id":"https:\/\/www.selry.fi\/sv\/blogg\/vi-forsvarar-vara-rattigheter\/"},"author":{"name":"Karoliina \u00d6ystil\u00e4","@id":"https:\/\/www.selry.fi\/#\/schema\/person\/4fb0b52ed84c524f0beea95625a21678"},"headline":"Vi f\u00f6rsvarar v\u00e5ra r\u00e4ttigheter","datePublished":"2024-03-12T20:59:00+00:00","dateModified":"2024-03-13T21:02:52+00:00","mainEntityOfPage":{"@id":"https:\/\/www.selry.fi\/sv\/blogg\/vi-forsvarar-vara-rattigheter\/"},"wordCount":504,"publisher":{"@id":"https:\/\/www.selry.fi\/#organization"},"image":{"@id":"https:\/\/www.selry.fi\/sv\/blogg\/vi-forsvarar-vara-rattigheter\/#primaryimage"},"thumbnailUrl":"https:\/\/www.selry.fi\/wp-content\/uploads\/2023\/02\/veli-matti-kuntonen-blogi.jpg","articleSection":["Blogg"],"inLanguage":"sv-SE"},{"@type":"WebPage","@id":"https:\/\/www.selry.fi\/sv\/blogg\/vi-forsvarar-vara-rattigheter\/","url":"https:\/\/www.selry.fi\/sv\/blogg\/vi-forsvarar-vara-rattigheter\/","name":"Vi f\u00f6rsvarar v\u00e5ra r\u00e4ttigheter","isPartOf":{"@id":"https:\/\/www.selry.fi\/#website"},"primaryImageOfPage":{"@id":"https:\/\/www.selry.fi\/sv\/blogg\/vi-forsvarar-vara-rattigheter\/#primaryimage"},"image":{"@id":"https:\/\/www.selry.fi\/sv\/blogg\/vi-forsvarar-vara-rattigheter\/#primaryimage"},"thumbnailUrl":"https:\/\/www.selry.fi\/wp-content\/uploads\/2023\/02\/veli-matti-kuntonen-blogi.jpg","datePublished":"2024-03-12T20:59:00+00:00","dateModified":"2024-03-13T21:02:52+00:00","breadcrumb":{"@id":"https:\/\/www.selry.fi\/sv\/blogg\/vi-forsvarar-vara-rattigheter\/#breadcrumb"},"inLanguage":"sv-SE","potentialAction":[{"@type":"ReadAction","target":["https:\/\/www.selry.fi\/sv\/blogg\/vi-forsvarar-vara-rattigheter\/"]}]},{"@type":"ImageObject","inLanguage":"sv-SE","@id":"https:\/\/www.selry.fi\/sv\/blogg\/vi-forsvarar-vara-rattigheter\/#primaryimage","url":"https:\/\/www.selry.fi\/wp-content\/uploads\/2023\/02\/veli-matti-kuntonen-blogi.jpg","contentUrl":"https:\/\/www.selry.fi\/wp-content\/uploads\/2023\/02\/veli-matti-kuntonen-blogi.jpg","width":1536,"height":1148},{"@type":"BreadcrumbList","@id":"https:\/\/www.selry.fi\/sv\/blogg\/vi-forsvarar-vara-rattigheter\/#breadcrumb","itemListElement":[{"@type":"ListItem","position":1,"name":"Home","item":"https:\/\/www.selry.fi\/sv\/"},{"@type":"ListItem","position":2,"name":"Vi f\u00f6rsvarar v\u00e5ra r\u00e4ttigheter"}]},{"@type":"WebSite","@id":"https:\/\/www.selry.fi\/#website","url":"https:\/\/www.selry.fi\/","name":"Suomen Elintarvikety\u00f6l\u00e4isten Liitto SEL","description":"","publisher":{"@id":"https:\/\/www.selry.fi\/#organization"},"inLanguage":"sv-SE"},{"@type":"Organization","@id":"https:\/\/www.selry.fi\/#organization","name":"Suomen Elintarvikety\u00f6l\u00e4isten Liitto SEL","url":"https:\/\/www.selry.fi\/","logo":{"@type":"ImageObject","inLanguage":"sv-SE","@id":"https:\/\/www.selry.fi\/#\/schema\/logo\/image\/","url":"https:\/\/www.selry.fi\/wp-content\/uploads\/2021\/05\/logo-sel.svg","contentUrl":"https:\/\/www.selry.fi\/wp-content\/uploads\/2021\/05\/logo-sel.svg","width":453,"height":135,"caption":"Suomen Elintarvikety\u00f6l\u00e4isten Liitto SEL"},"image":{"@id":"https:\/\/www.selry.fi\/#\/schema\/logo\/image\/"},"sameAs":["https:\/\/www.facebook.com\/selry","https:\/\/x.com\/selryfi"]},{"@type":"Person","@id":"https:\/\/www.selry.fi\/#\/schema\/person\/4fb0b52ed84c524f0beea95625a21678","name":"Karoliina \u00d6ystil\u00e4","image":{"@type":"ImageObject","inLanguage":"sv-SE","@id":"https:\/\/secure.gravatar.com\/avatar\/8dcb857776c4317075ba571fdc81a06a1f240302e468800d69bf316ef82ac4cd?s=96&d=mm&r=g","url":"https:\/\/secure.gravatar.com\/avatar\/8dcb857776c4317075ba571fdc81a06a1f240302e468800d69bf316ef82ac4cd?s=96&d=mm&r=g","contentUrl":"https:\/\/secure.gravatar.com\/avatar\/8dcb857776c4317075ba571fdc81a06a1f240302e468800d69bf316ef82ac4cd?s=96&d=mm&r=g","caption":"Karoliina \u00d6ystil\u00e4"}}]}},"_links":{"self":[{"href":"https:\/\/www.selry.fi\/sv\/wp-json\/wp\/v2\/posts\/14698","targetHints":{"allow":["GET"]}}],"collection":[{"href":"https:\/\/www.selry.fi\/sv\/wp-json\/wp\/v2\/posts"}],"about":[{"href":"https:\/\/www.selry.fi\/sv\/wp-json\/wp\/v2\/types\/post"}],"author":[{"embeddable":true,"href":"https:\/\/www.selry.fi\/sv\/wp-json\/wp\/v2\/users\/4"}],"replies":[{"embeddable":true,"href":"https:\/\/www.selry.fi\/sv\/wp-json\/wp\/v2\/comments?post=14698"}],"version-history":[{"count":0,"href":"https:\/\/www.selry.fi\/sv\/wp-json\/wp\/v2\/posts\/14698\/revisions"}],"wp:featuredmedia":[{"embeddable":true,"href":"https:\/\/www.selry.fi\/sv\/wp-json\/wp\/v2\/media\/10997"}],"wp:attachment":[{"href":"https:\/\/www.selry.fi\/sv\/wp-json\/wp\/v2\/media?parent=14698"}],"wp:term":[{"taxonomy":"category","embeddable":true,"href":"https:\/\/www.selry.fi\/sv\/wp-json\/wp\/v2\/categories?post=14698"},{"taxonomy":"post_tag","embeddable":true,"href":"https:\/\/www.selry.fi\/sv\/wp-json\/wp\/v2\/tags?post=14698"}],"curies":[{"name":"wp","href":"https:\/\/api.w.org\/{rel}","templated":true}]}}