{"id":14391,"date":"2024-02-09T00:37:30","date_gmt":"2024-02-08T22:37:30","guid":{"rendered":"https:\/\/www.selry.fi\/?p=14391"},"modified":"2024-03-19T13:44:49","modified_gmt":"2024-03-19T11:44:49","slug":"vems-sanger-sjunger-ni-i-regeringen","status":"publish","type":"post","link":"https:\/\/www.selry.fi\/sv\/blogg\/vems-sanger-sjunger-ni-i-regeringen\/","title":{"rendered":"Vems s\u00e5nger sjunger ni i regeringen?"},"content":{"rendered":"\n<p><em>\u201dDen som st\u00e5r f\u00f6r fiolerna f\u00e5r best\u00e4mma melodin\u201d<\/em>, s\u00e4gs det i ett gammalt tales\u00e4tt. <em>\u201dVems s\u00e5nger sjunger ni i regeringen?\u201d<\/em>, var fr\u00e5gan p\u00e5 en SEL-medlems demonstrationsplakat under stordemonstrationen STOP nu! p\u00e5 Senatstorget 1.2.2024.<\/p>\n\n\n\n<p>Fr\u00e5gan \u00e4r retorisk. Det \u00e4r s\u00e4kert inte oklart f\u00f6r n\u00e5gon vems s\u00e5nger statsminister <strong>Petteri Orpos<\/strong> (saml) regering sjunger. Exempelvis avsl\u00f6jar <a href=\"https:\/\/www.jhl.fi\/sv\/nyheter\/regeringens-arbetslivsforsamringar-ar-kopierade-fran-naringslivets-malsattningar\/\" target=\"_blank\" rel=\"noreferrer noopener\">den j\u00e4mf\u00f6relse som F\u00f6rbundet f\u00f6r den offentliga sektorn och v\u00e4lf\u00e4rdsomr\u00e5dena JHL utf\u00f6rt<\/a> att de f\u00f6rsvagningar som Orpos regeringsprogram driver p\u00e5 \u00e4r n\u00e4stan ordagrant kopierade fr\u00e5n de m\u00e5ls\u00e4ttningar inf\u00f6r riksdagsvalet som n\u00e4ringslivet och arbetsgivarna publicerat.<\/p>\n\n\n\n<p>Det kom knappast som n\u00e5gon \u00f6verraskning eftersom f\u00f6reningen Pro Markkinatalous (Pro Marknadsekonomi), som finansieras av arbetsgivarna i senaste riksdagsval st\u00f6dde kandidater och partier med 1,6 miljoner euro. Ocks\u00e5 andra \u00e4n de nuvarande regeringspartierna fick st\u00f6d, men en stor del av st\u00f6det gick till dem.<\/p>\n\n\n\n<p>Arbetsgivarsidan har ocks\u00e5 varit mycket n\u00f6jd med regeringen. Men p\u00e5 arbetstagarsidan har man varit chockade. Regeringsprogrammets f\u00f6rsvagningar \u00e4r ensidiga, nedsk\u00e4rningarna drabbar enbart arbetstagare och l\u00e5ginkomsttagare. Regeringens \u00e5tg\u00e4rder \u00e4r ocks\u00e5 rent ideologiska. Inte ens enligt finansministeriets ber\u00e4kningar har f\u00f6rsvagningarna n\u00e5gra betydande effekter f\u00f6r en f\u00f6rb\u00e4ttrad syssels\u00e4ttning och d\u00e4rigenom f\u00f6r en f\u00f6rb\u00e4ttrad statsekonomi.<\/p>\n\n\n\n<p>Och jo, \u00e4ven fackf\u00f6rbunden finansierar kandidater i riksdagsvalet, kandidater som har samma m\u00e5l som f\u00f6rbunden. Valfinansiering \u00e4r lagligt och en intresseorganisations uppgift \u00e4r att bevaka sina medlemmars intressen och \u00e4ven f\u00f6rs\u00f6ka p\u00e5verka lagstiftningen.<\/p>\n\n\n\n<p>Det finl\u00e4ndska arbetslivet har byggts upp i samarbete och genom att avtala. Nu vill regeringen och arbetsgivarna skrota avtalssamh\u00e4llet och s\u00f6ndra arbetslivet. <a href=\"https:\/\/yle.fi\/a\/74-20072486?\" target=\"_blank\" rel=\"noreferrer noopener\">Orpos p\u00e5st\u00e5ende<\/a> att \u201dreformerna inte f\u00f6r\u00e4ndrar l\u00f6ntagarnas liv\u201d \u00e4r helt enkelt inte sant.<\/p>\n\n\n\n<p>Om regeringen genomdriver f\u00f6rsvagningarna blir arbetslivet och utkomsten f\u00f6r arbetstagarna allt os\u00e4krare och det blir fritt fram f\u00f6r arbetsgivarnas diktat p\u00e5 arbetsplatserna. Detta m\u00e5ste vi tillsammans motarbeta.<\/p>\n\n\n\n<p><em>Karoliina \u00d6ystil\u00e4<\/em><br><em>SEL:s kommunikationschef, chefredakt\u00f6r<\/em><\/p>\n\n\n\n<p><em>Texten publiceras som ledare i Elintae 1\/2024 (9.2.2024).<\/em><\/p>\n","protected":false},"excerpt":{"rendered":"<p>\u201dDen som st\u00e5r f\u00f6r fiolerna f\u00e5r best\u00e4mma melodin\u201d, s\u00e4gs det i ett gammalt tales\u00e4tt. \u201dVems s\u00e5nger sjunger ni i regeringen?\u201d, [\u2026] <a href=\"https:\/\/www.selry.fi\/sv\/blogg\/vems-sanger-sjunger-ni-i-regeringen\/\">Lue lis\u00e4\u00e4 &raquo;<\/a><\/p>\n","protected":false},"author":4,"featured_media":10993,"comment_status":"closed","ping_status":"closed","sticky":false,"template":"","format":"standard","meta":{"_acf_changed":false,"footnotes":""},"categories":[64],"tags":[],"class_list":["post-14391","post","type-post","status-publish","format-standard","has-post-thumbnail","hentry","category-blogg"],"acf":[],"yoast_head":"<!-- This site is optimized with the Yoast SEO plugin v27.2 - https:\/\/yoast.com\/product\/yoast-seo-wordpress\/ -->\n<title>Vems s\u00e5nger sjunger ni i regeringen?<\/title>\n<meta name=\"robots\" content=\"index, follow, max-snippet:-1, max-image-preview:large, max-video-preview:-1\" \/>\n<link rel=\"canonical\" href=\"https:\/\/www.selry.fi\/sv\/blogg\/vems-sanger-sjunger-ni-i-regeringen\/\" \/>\n<meta property=\"og:locale\" content=\"sv_SE\" \/>\n<meta property=\"og:type\" content=\"article\" \/>\n<meta property=\"og:title\" content=\"Vems s\u00e5nger sjunger ni i regeringen?\" \/>\n<meta property=\"og:description\" content=\"\u201dDen som st\u00e5r f\u00f6r fiolerna f\u00e5r best\u00e4mma melodin\u201d, s\u00e4gs det i ett gammalt tales\u00e4tt. \u201dVems s\u00e5nger sjunger ni i regeringen?\u201d, [\u2026] Lue lis\u00e4\u00e4 &raquo;\" \/>\n<meta property=\"og:url\" content=\"https:\/\/www.selry.fi\/sv\/blogg\/vems-sanger-sjunger-ni-i-regeringen\/\" \/>\n<meta property=\"og:site_name\" content=\"Suomen Elintarvikety\u00f6l\u00e4isten Liitto SEL\" \/>\n<meta property=\"article:publisher\" content=\"https:\/\/www.facebook.com\/selry\" \/>\n<meta property=\"article:published_time\" content=\"2024-02-08T22:37:30+00:00\" \/>\n<meta property=\"article:modified_time\" content=\"2024-03-19T11:44:49+00:00\" \/>\n<meta property=\"og:image\" content=\"https:\/\/www.selry.fi\/wp-content\/uploads\/2023\/02\/karoliina-oystila-blogi.jpg\" \/>\n\t<meta property=\"og:image:width\" content=\"1536\" \/>\n\t<meta property=\"og:image:height\" content=\"1081\" \/>\n\t<meta property=\"og:image:type\" content=\"image\/jpeg\" \/>\n<meta name=\"author\" content=\"Karoliina \u00d6ystil\u00e4\" \/>\n<meta name=\"twitter:card\" content=\"summary_large_image\" \/>\n<meta name=\"twitter:creator\" content=\"@selryfi\" \/>\n<meta name=\"twitter:site\" content=\"@selryfi\" \/>\n<script type=\"application\/ld+json\" class=\"yoast-schema-graph\">{\"@context\":\"https:\/\/schema.org\",\"@graph\":[{\"@type\":\"Article\",\"@id\":\"https:\/\/www.selry.fi\/sv\/blogg\/vems-sanger-sjunger-ni-i-regeringen\/#article\",\"isPartOf\":{\"@id\":\"https:\/\/www.selry.fi\/sv\/blogg\/vems-sanger-sjunger-ni-i-regeringen\/\"},\"author\":{\"name\":\"Karoliina \u00d6ystil\u00e4\",\"@id\":\"https:\/\/www.selry.fi\/#\/schema\/person\/4fb0b52ed84c524f0beea95625a21678\"},\"headline\":\"Vems s\u00e5nger sjunger ni i regeringen?\",\"datePublished\":\"2024-02-08T22:37:30+00:00\",\"dateModified\":\"2024-03-19T11:44:49+00:00\",\"mainEntityOfPage\":{\"@id\":\"https:\/\/www.selry.fi\/sv\/blogg\/vems-sanger-sjunger-ni-i-regeringen\/\"},\"wordCount\":364,\"publisher\":{\"@id\":\"https:\/\/www.selry.fi\/#organization\"},\"image\":{\"@id\":\"https:\/\/www.selry.fi\/sv\/blogg\/vems-sanger-sjunger-ni-i-regeringen\/#primaryimage\"},\"thumbnailUrl\":\"https:\/\/www.selry.fi\/wp-content\/uploads\/2023\/02\/karoliina-oystila-blogi.jpg\",\"articleSection\":[\"Blogg\"],\"inLanguage\":\"sv-SE\"},{\"@type\":\"WebPage\",\"@id\":\"https:\/\/www.selry.fi\/sv\/blogg\/vems-sanger-sjunger-ni-i-regeringen\/\",\"url\":\"https:\/\/www.selry.fi\/sv\/blogg\/vems-sanger-sjunger-ni-i-regeringen\/\",\"name\":\"Vems s\u00e5nger sjunger ni i regeringen?\",\"isPartOf\":{\"@id\":\"https:\/\/www.selry.fi\/#website\"},\"primaryImageOfPage\":{\"@id\":\"https:\/\/www.selry.fi\/sv\/blogg\/vems-sanger-sjunger-ni-i-regeringen\/#primaryimage\"},\"image\":{\"@id\":\"https:\/\/www.selry.fi\/sv\/blogg\/vems-sanger-sjunger-ni-i-regeringen\/#primaryimage\"},\"thumbnailUrl\":\"https:\/\/www.selry.fi\/wp-content\/uploads\/2023\/02\/karoliina-oystila-blogi.jpg\",\"datePublished\":\"2024-02-08T22:37:30+00:00\",\"dateModified\":\"2024-03-19T11:44:49+00:00\",\"breadcrumb\":{\"@id\":\"https:\/\/www.selry.fi\/sv\/blogg\/vems-sanger-sjunger-ni-i-regeringen\/#breadcrumb\"},\"inLanguage\":\"sv-SE\",\"potentialAction\":[{\"@type\":\"ReadAction\",\"target\":[\"https:\/\/www.selry.fi\/sv\/blogg\/vems-sanger-sjunger-ni-i-regeringen\/\"]}]},{\"@type\":\"ImageObject\",\"inLanguage\":\"sv-SE\",\"@id\":\"https:\/\/www.selry.fi\/sv\/blogg\/vems-sanger-sjunger-ni-i-regeringen\/#primaryimage\",\"url\":\"https:\/\/www.selry.fi\/wp-content\/uploads\/2023\/02\/karoliina-oystila-blogi.jpg\",\"contentUrl\":\"https:\/\/www.selry.fi\/wp-content\/uploads\/2023\/02\/karoliina-oystila-blogi.jpg\",\"width\":1536,\"height\":1081},{\"@type\":\"BreadcrumbList\",\"@id\":\"https:\/\/www.selry.fi\/sv\/blogg\/vems-sanger-sjunger-ni-i-regeringen\/#breadcrumb\",\"itemListElement\":[{\"@type\":\"ListItem\",\"position\":1,\"name\":\"Home\",\"item\":\"https:\/\/www.selry.fi\/sv\/\"},{\"@type\":\"ListItem\",\"position\":2,\"name\":\"Vems s\u00e5nger sjunger ni i regeringen?\"}]},{\"@type\":\"WebSite\",\"@id\":\"https:\/\/www.selry.fi\/#website\",\"url\":\"https:\/\/www.selry.fi\/\",\"name\":\"Suomen Elintarvikety\u00f6l\u00e4isten Liitto SEL\",\"description\":\"\",\"publisher\":{\"@id\":\"https:\/\/www.selry.fi\/#organization\"},\"inLanguage\":\"sv-SE\"},{\"@type\":\"Organization\",\"@id\":\"https:\/\/www.selry.fi\/#organization\",\"name\":\"Suomen Elintarvikety\u00f6l\u00e4isten Liitto SEL\",\"url\":\"https:\/\/www.selry.fi\/\",\"logo\":{\"@type\":\"ImageObject\",\"inLanguage\":\"sv-SE\",\"@id\":\"https:\/\/www.selry.fi\/#\/schema\/logo\/image\/\",\"url\":\"https:\/\/www.selry.fi\/wp-content\/uploads\/2021\/05\/logo-sel.svg\",\"contentUrl\":\"https:\/\/www.selry.fi\/wp-content\/uploads\/2021\/05\/logo-sel.svg\",\"width\":453,\"height\":135,\"caption\":\"Suomen Elintarvikety\u00f6l\u00e4isten Liitto SEL\"},\"image\":{\"@id\":\"https:\/\/www.selry.fi\/#\/schema\/logo\/image\/\"},\"sameAs\":[\"https:\/\/www.facebook.com\/selry\",\"https:\/\/x.com\/selryfi\"]},{\"@type\":\"Person\",\"@id\":\"https:\/\/www.selry.fi\/#\/schema\/person\/4fb0b52ed84c524f0beea95625a21678\",\"name\":\"Karoliina \u00d6ystil\u00e4\",\"image\":{\"@type\":\"ImageObject\",\"inLanguage\":\"sv-SE\",\"@id\":\"https:\/\/secure.gravatar.com\/avatar\/8dcb857776c4317075ba571fdc81a06a1f240302e468800d69bf316ef82ac4cd?s=96&d=mm&r=g\",\"url\":\"https:\/\/secure.gravatar.com\/avatar\/8dcb857776c4317075ba571fdc81a06a1f240302e468800d69bf316ef82ac4cd?s=96&d=mm&r=g\",\"contentUrl\":\"https:\/\/secure.gravatar.com\/avatar\/8dcb857776c4317075ba571fdc81a06a1f240302e468800d69bf316ef82ac4cd?s=96&d=mm&r=g\",\"caption\":\"Karoliina \u00d6ystil\u00e4\"}}]}<\/script>\n<!-- \/ Yoast SEO plugin. -->","yoast_head_json":{"title":"Vems s\u00e5nger sjunger ni i regeringen?","robots":{"index":"index","follow":"follow","max-snippet":"max-snippet:-1","max-image-preview":"max-image-preview:large","max-video-preview":"max-video-preview:-1"},"canonical":"https:\/\/www.selry.fi\/sv\/blogg\/vems-sanger-sjunger-ni-i-regeringen\/","og_locale":"sv_SE","og_type":"article","og_title":"Vems s\u00e5nger sjunger ni i regeringen?","og_description":"\u201dDen som st\u00e5r f\u00f6r fiolerna f\u00e5r best\u00e4mma melodin\u201d, s\u00e4gs det i ett gammalt tales\u00e4tt. \u201dVems s\u00e5nger sjunger ni i regeringen?\u201d, [\u2026] Lue lis\u00e4\u00e4 &raquo;","og_url":"https:\/\/www.selry.fi\/sv\/blogg\/vems-sanger-sjunger-ni-i-regeringen\/","og_site_name":"Suomen Elintarvikety\u00f6l\u00e4isten Liitto SEL","article_publisher":"https:\/\/www.facebook.com\/selry","article_published_time":"2024-02-08T22:37:30+00:00","article_modified_time":"2024-03-19T11:44:49+00:00","og_image":[{"width":1536,"height":1081,"url":"https:\/\/www.selry.fi\/wp-content\/uploads\/2023\/02\/karoliina-oystila-blogi.jpg","type":"image\/jpeg"}],"author":"Karoliina \u00d6ystil\u00e4","twitter_card":"summary_large_image","twitter_creator":"@selryfi","twitter_site":"@selryfi","schema":{"@context":"https:\/\/schema.org","@graph":[{"@type":"Article","@id":"https:\/\/www.selry.fi\/sv\/blogg\/vems-sanger-sjunger-ni-i-regeringen\/#article","isPartOf":{"@id":"https:\/\/www.selry.fi\/sv\/blogg\/vems-sanger-sjunger-ni-i-regeringen\/"},"author":{"name":"Karoliina \u00d6ystil\u00e4","@id":"https:\/\/www.selry.fi\/#\/schema\/person\/4fb0b52ed84c524f0beea95625a21678"},"headline":"Vems s\u00e5nger sjunger ni i regeringen?","datePublished":"2024-02-08T22:37:30+00:00","dateModified":"2024-03-19T11:44:49+00:00","mainEntityOfPage":{"@id":"https:\/\/www.selry.fi\/sv\/blogg\/vems-sanger-sjunger-ni-i-regeringen\/"},"wordCount":364,"publisher":{"@id":"https:\/\/www.selry.fi\/#organization"},"image":{"@id":"https:\/\/www.selry.fi\/sv\/blogg\/vems-sanger-sjunger-ni-i-regeringen\/#primaryimage"},"thumbnailUrl":"https:\/\/www.selry.fi\/wp-content\/uploads\/2023\/02\/karoliina-oystila-blogi.jpg","articleSection":["Blogg"],"inLanguage":"sv-SE"},{"@type":"WebPage","@id":"https:\/\/www.selry.fi\/sv\/blogg\/vems-sanger-sjunger-ni-i-regeringen\/","url":"https:\/\/www.selry.fi\/sv\/blogg\/vems-sanger-sjunger-ni-i-regeringen\/","name":"Vems s\u00e5nger sjunger ni i regeringen?","isPartOf":{"@id":"https:\/\/www.selry.fi\/#website"},"primaryImageOfPage":{"@id":"https:\/\/www.selry.fi\/sv\/blogg\/vems-sanger-sjunger-ni-i-regeringen\/#primaryimage"},"image":{"@id":"https:\/\/www.selry.fi\/sv\/blogg\/vems-sanger-sjunger-ni-i-regeringen\/#primaryimage"},"thumbnailUrl":"https:\/\/www.selry.fi\/wp-content\/uploads\/2023\/02\/karoliina-oystila-blogi.jpg","datePublished":"2024-02-08T22:37:30+00:00","dateModified":"2024-03-19T11:44:49+00:00","breadcrumb":{"@id":"https:\/\/www.selry.fi\/sv\/blogg\/vems-sanger-sjunger-ni-i-regeringen\/#breadcrumb"},"inLanguage":"sv-SE","potentialAction":[{"@type":"ReadAction","target":["https:\/\/www.selry.fi\/sv\/blogg\/vems-sanger-sjunger-ni-i-regeringen\/"]}]},{"@type":"ImageObject","inLanguage":"sv-SE","@id":"https:\/\/www.selry.fi\/sv\/blogg\/vems-sanger-sjunger-ni-i-regeringen\/#primaryimage","url":"https:\/\/www.selry.fi\/wp-content\/uploads\/2023\/02\/karoliina-oystila-blogi.jpg","contentUrl":"https:\/\/www.selry.fi\/wp-content\/uploads\/2023\/02\/karoliina-oystila-blogi.jpg","width":1536,"height":1081},{"@type":"BreadcrumbList","@id":"https:\/\/www.selry.fi\/sv\/blogg\/vems-sanger-sjunger-ni-i-regeringen\/#breadcrumb","itemListElement":[{"@type":"ListItem","position":1,"name":"Home","item":"https:\/\/www.selry.fi\/sv\/"},{"@type":"ListItem","position":2,"name":"Vems s\u00e5nger sjunger ni i regeringen?"}]},{"@type":"WebSite","@id":"https:\/\/www.selry.fi\/#website","url":"https:\/\/www.selry.fi\/","name":"Suomen Elintarvikety\u00f6l\u00e4isten Liitto SEL","description":"","publisher":{"@id":"https:\/\/www.selry.fi\/#organization"},"inLanguage":"sv-SE"},{"@type":"Organization","@id":"https:\/\/www.selry.fi\/#organization","name":"Suomen Elintarvikety\u00f6l\u00e4isten Liitto SEL","url":"https:\/\/www.selry.fi\/","logo":{"@type":"ImageObject","inLanguage":"sv-SE","@id":"https:\/\/www.selry.fi\/#\/schema\/logo\/image\/","url":"https:\/\/www.selry.fi\/wp-content\/uploads\/2021\/05\/logo-sel.svg","contentUrl":"https:\/\/www.selry.fi\/wp-content\/uploads\/2021\/05\/logo-sel.svg","width":453,"height":135,"caption":"Suomen Elintarvikety\u00f6l\u00e4isten Liitto SEL"},"image":{"@id":"https:\/\/www.selry.fi\/#\/schema\/logo\/image\/"},"sameAs":["https:\/\/www.facebook.com\/selry","https:\/\/x.com\/selryfi"]},{"@type":"Person","@id":"https:\/\/www.selry.fi\/#\/schema\/person\/4fb0b52ed84c524f0beea95625a21678","name":"Karoliina \u00d6ystil\u00e4","image":{"@type":"ImageObject","inLanguage":"sv-SE","@id":"https:\/\/secure.gravatar.com\/avatar\/8dcb857776c4317075ba571fdc81a06a1f240302e468800d69bf316ef82ac4cd?s=96&d=mm&r=g","url":"https:\/\/secure.gravatar.com\/avatar\/8dcb857776c4317075ba571fdc81a06a1f240302e468800d69bf316ef82ac4cd?s=96&d=mm&r=g","contentUrl":"https:\/\/secure.gravatar.com\/avatar\/8dcb857776c4317075ba571fdc81a06a1f240302e468800d69bf316ef82ac4cd?s=96&d=mm&r=g","caption":"Karoliina \u00d6ystil\u00e4"}}]}},"_links":{"self":[{"href":"https:\/\/www.selry.fi\/sv\/wp-json\/wp\/v2\/posts\/14391","targetHints":{"allow":["GET"]}}],"collection":[{"href":"https:\/\/www.selry.fi\/sv\/wp-json\/wp\/v2\/posts"}],"about":[{"href":"https:\/\/www.selry.fi\/sv\/wp-json\/wp\/v2\/types\/post"}],"author":[{"embeddable":true,"href":"https:\/\/www.selry.fi\/sv\/wp-json\/wp\/v2\/users\/4"}],"replies":[{"embeddable":true,"href":"https:\/\/www.selry.fi\/sv\/wp-json\/wp\/v2\/comments?post=14391"}],"version-history":[{"count":0,"href":"https:\/\/www.selry.fi\/sv\/wp-json\/wp\/v2\/posts\/14391\/revisions"}],"wp:featuredmedia":[{"embeddable":true,"href":"https:\/\/www.selry.fi\/sv\/wp-json\/wp\/v2\/media\/10993"}],"wp:attachment":[{"href":"https:\/\/www.selry.fi\/sv\/wp-json\/wp\/v2\/media?parent=14391"}],"wp:term":[{"taxonomy":"category","embeddable":true,"href":"https:\/\/www.selry.fi\/sv\/wp-json\/wp\/v2\/categories?post=14391"},{"taxonomy":"post_tag","embeddable":true,"href":"https:\/\/www.selry.fi\/sv\/wp-json\/wp\/v2\/tags?post=14391"}],"curies":[{"name":"wp","href":"https:\/\/api.w.org\/{rel}","templated":true}]}}