{"id":14259,"date":"2024-01-31T18:00:00","date_gmt":"2024-01-31T16:00:00","guid":{"rendered":"https:\/\/www.selry.fi\/?p=14259"},"modified":"2024-03-13T23:01:22","modified_gmt":"2024-03-13T21:01:22","slug":"kampen-fortsatter","status":"publish","type":"post","link":"https:\/\/www.selry.fi\/sv\/blogg\/kampen-fortsatter\/","title":{"rendered":"Kampen forts\u00e4tter"},"content":{"rendered":"\n<p>De politiska strejkerna f\u00f6r att f\u00f6rhindra de f\u00f6rsvagningar av arbetslivet som regeringen Orpo driver forts\u00e4tter. Regeringens fr\u00e4msta m\u00e5l att f\u00f6rsvaga arbetstagarens st\u00e4llning p\u00e5 arbetsplatsen och deras fackf\u00f6rbunds st\u00e4llning i samh\u00e4llet har blivit mycket tydliga f\u00f6r oss.<\/p>\n\n\n\n<p>Att f\u00e5 ekonomin i skick och bryta statens skulds\u00e4ttning \u00e4r inte regeringens fr\u00e4msta m\u00e5ls\u00e4ttningar, de utg\u00f6r endast motiveringar f\u00f6r de ideologiska f\u00f6rsvagningarna av arbetstagarnas st\u00e4llning. Om m\u00e5let vore att stoppa statens skulds\u00e4ttning kan det inte vara s\u00e5, att man samtidigt som man sk\u00e4r mycket drastiskt i socialskyddet inf\u00f6r skattel\u00e4ttnader f\u00f6r de v\u00e4lbest\u00e4llda.<\/p>\n\n\n\n<p>Regeringens verksamhet verkar ocks\u00e5 vara ett m\u00e5lmedvetet f\u00f6rs\u00f6k att \u00f6ka oj\u00e4mlikheten i arbetslivet och i samh\u00e4llet. Jag p\u00e5minner mig det bibelord som prydde v\u00e4ggen i salen d\u00e4r arbetsminister Arto Satonen h\u00f6ll arbetsmarknadsseminarium: \u201dGudsfruktan \u00e4r visdomens begynnelse\u201d. \u00c4r det \u00f6dmjukhet vi skall l\u00e4ra oss h\u00e4r?<\/p>\n\n\n\n<p>Arbetarna har i tiderna grundat sina fackf\u00f6rbund f\u00f6r att tillsammans kunna kr\u00e4va, medan du m\u00e5ste be om du \u00e4r ensam. V\u00e5ra nuvarande arbetsvillkor, det f\u00f6rtj\u00e4nstbundna arbetsl\u00f6shetsskyddet och det \u00f6vriga socialskyddet har vi inte f\u00e5tt genom att be om dem. De har inf\u00f6rts d\u00e4rf\u00f6r att vi tillsammans har st\u00e4llt krav och drivit p\u00e5 dem, och \u00e4ven tvingats genomg\u00e5 tunga perioder av strejk.<\/p>\n\n\n\n<p>Det \u00e4r kanske naturligt att det man inte f\u00e5tt gratis, avst\u00e5r man inte heller ifr\u00e5n gratis. Det h\u00e4r \u00e4r det mycket l\u00e5ngt fr\u00e5ga om i de politiska strejker vi nu tvingas f\u00f6rverkliga. F\u00f6r oss \u00e4r det lika v\u00e4sentligt nu att f\u00f6rsvara viktiga fr\u00e5gor som det i tiderna har varit att uppn\u00e5 dem.<\/p>\n\n\n\n<p>Vi befinner oss nu vid en vattendelare i fr\u00e5ga om vilka v\u00e5ra m\u00f6jligheter blir att f\u00f6rhandla om v\u00e5ra arbetsvillkor. Regeringen f\u00f6rs\u00f6ker genom att begr\u00e4nsa strejkr\u00e4tten f\u00f6rsvaga v\u00e5ra m\u00f6jligheter, men de lag\u00e4ndringar om lokala avtal som regeringen planerar skulle f\u00e5 l\u00e5ngt v\u00e4rre f\u00f6ljder. De skulle inneb\u00e4ra att v\u00e5rt kollektivavtalssystem urholkas och att m\u00f6jligheterna f\u00f6r f\u00f6retagen att konkurrera med f\u00f6rsvagade arbetsvillkor \u00f6ppnas.<\/p>\n\n\n\n<p>Jag vill ocks\u00e5 h\u00e4vda att med tanke p\u00e5 v\u00e5ra arbetsvillkor \u00e4r regeringens farligaste f\u00f6rslag just det om att \u00f6ka det lokala avtalandet. Det \u00e4r obegripligt att organiserade och sk\u00f6tsamma f\u00f6retag underst\u00f6djer f\u00f6rslag som gynnar de oorganiserade f\u00f6retag som \u00e4r redo att konkurrera sinsemellan med f\u00f6rsvagade arbetsvillkor.<\/p>\n\n\n\n<p>Samtidigt som regeringens str\u00e4van \u00e4r att begr\u00e4nsa invandringen driver den igenom en lagstiftning som p\u00e5 v\u00e4sentliga punkter \u00f6ppnar f\u00f6r m\u00f6jligheter att utnyttja utl\u00e4ndsk arbetskraft.<\/p>\n\n\n\n<p>Regeringens verksamheten b\u00f6rjar likna en arbetsmarknadens taxireform, det \u00e4r ideologin som driver, f\u00f6ljderna spelar ingen roll.<br><br><em>Veli-Matti Kuntonen<\/em><br><em>SEL:s f\u00f6rbundsordf\u00f6rande<\/em><\/p>\n","protected":false},"excerpt":{"rendered":"<p>De politiska strejkerna f\u00f6r att f\u00f6rhindra de f\u00f6rsvagningar av arbetslivet som regeringen Orpo driver forts\u00e4tter. Regeringens fr\u00e4msta m\u00e5l att f\u00f6rsvaga [\u2026] <a href=\"https:\/\/www.selry.fi\/sv\/blogg\/kampen-fortsatter\/\">Lue lis\u00e4\u00e4 &raquo;<\/a><\/p>\n","protected":false},"author":4,"featured_media":10997,"comment_status":"closed","ping_status":"closed","sticky":false,"template":"","format":"standard","meta":{"_acf_changed":false,"footnotes":""},"categories":[64],"tags":[],"class_list":["post-14259","post","type-post","status-publish","format-standard","has-post-thumbnail","hentry","category-blogg"],"acf":[],"yoast_head":"<!-- This site is optimized with the Yoast SEO plugin v27.2 - https:\/\/yoast.com\/product\/yoast-seo-wordpress\/ -->\n<title>Kampen forts\u00e4tter<\/title>\n<meta name=\"robots\" content=\"index, follow, max-snippet:-1, max-image-preview:large, max-video-preview:-1\" \/>\n<link rel=\"canonical\" href=\"https:\/\/www.selry.fi\/sv\/blogg\/kampen-fortsatter\/\" \/>\n<meta property=\"og:locale\" content=\"sv_SE\" \/>\n<meta property=\"og:type\" content=\"article\" \/>\n<meta property=\"og:title\" content=\"Kampen forts\u00e4tter\" \/>\n<meta property=\"og:description\" content=\"De politiska strejkerna f\u00f6r att f\u00f6rhindra de f\u00f6rsvagningar av arbetslivet som regeringen Orpo driver forts\u00e4tter. Regeringens fr\u00e4msta m\u00e5l att f\u00f6rsvaga [\u2026] Lue lis\u00e4\u00e4 &raquo;\" \/>\n<meta property=\"og:url\" content=\"https:\/\/www.selry.fi\/sv\/blogg\/kampen-fortsatter\/\" \/>\n<meta property=\"og:site_name\" content=\"Suomen Elintarvikety\u00f6l\u00e4isten Liitto SEL\" \/>\n<meta property=\"article:publisher\" content=\"https:\/\/www.facebook.com\/selry\" \/>\n<meta property=\"article:published_time\" content=\"2024-01-31T16:00:00+00:00\" \/>\n<meta property=\"article:modified_time\" content=\"2024-03-13T21:01:22+00:00\" \/>\n<meta property=\"og:image\" content=\"https:\/\/www.selry.fi\/wp-content\/uploads\/2023\/02\/veli-matti-kuntonen-blogi.jpg\" \/>\n\t<meta property=\"og:image:width\" content=\"1536\" \/>\n\t<meta property=\"og:image:height\" content=\"1148\" \/>\n\t<meta property=\"og:image:type\" content=\"image\/jpeg\" \/>\n<meta name=\"author\" content=\"Karoliina \u00d6ystil\u00e4\" \/>\n<meta name=\"twitter:card\" content=\"summary_large_image\" \/>\n<meta name=\"twitter:creator\" content=\"@selryfi\" \/>\n<meta name=\"twitter:site\" content=\"@selryfi\" \/>\n<script type=\"application\/ld+json\" class=\"yoast-schema-graph\">{\"@context\":\"https:\/\/schema.org\",\"@graph\":[{\"@type\":\"Article\",\"@id\":\"https:\/\/www.selry.fi\/sv\/blogg\/kampen-fortsatter\/#article\",\"isPartOf\":{\"@id\":\"https:\/\/www.selry.fi\/sv\/blogg\/kampen-fortsatter\/\"},\"author\":{\"name\":\"Karoliina \u00d6ystil\u00e4\",\"@id\":\"https:\/\/www.selry.fi\/#\/schema\/person\/4fb0b52ed84c524f0beea95625a21678\"},\"headline\":\"Kampen forts\u00e4tter\",\"datePublished\":\"2024-01-31T16:00:00+00:00\",\"dateModified\":\"2024-03-13T21:01:22+00:00\",\"mainEntityOfPage\":{\"@id\":\"https:\/\/www.selry.fi\/sv\/blogg\/kampen-fortsatter\/\"},\"wordCount\":503,\"publisher\":{\"@id\":\"https:\/\/www.selry.fi\/#organization\"},\"image\":{\"@id\":\"https:\/\/www.selry.fi\/sv\/blogg\/kampen-fortsatter\/#primaryimage\"},\"thumbnailUrl\":\"https:\/\/www.selry.fi\/wp-content\/uploads\/2023\/02\/veli-matti-kuntonen-blogi.jpg\",\"articleSection\":[\"Blogg\"],\"inLanguage\":\"sv-SE\"},{\"@type\":\"WebPage\",\"@id\":\"https:\/\/www.selry.fi\/sv\/blogg\/kampen-fortsatter\/\",\"url\":\"https:\/\/www.selry.fi\/sv\/blogg\/kampen-fortsatter\/\",\"name\":\"Kampen forts\u00e4tter\",\"isPartOf\":{\"@id\":\"https:\/\/www.selry.fi\/#website\"},\"primaryImageOfPage\":{\"@id\":\"https:\/\/www.selry.fi\/sv\/blogg\/kampen-fortsatter\/#primaryimage\"},\"image\":{\"@id\":\"https:\/\/www.selry.fi\/sv\/blogg\/kampen-fortsatter\/#primaryimage\"},\"thumbnailUrl\":\"https:\/\/www.selry.fi\/wp-content\/uploads\/2023\/02\/veli-matti-kuntonen-blogi.jpg\",\"datePublished\":\"2024-01-31T16:00:00+00:00\",\"dateModified\":\"2024-03-13T21:01:22+00:00\",\"breadcrumb\":{\"@id\":\"https:\/\/www.selry.fi\/sv\/blogg\/kampen-fortsatter\/#breadcrumb\"},\"inLanguage\":\"sv-SE\",\"potentialAction\":[{\"@type\":\"ReadAction\",\"target\":[\"https:\/\/www.selry.fi\/sv\/blogg\/kampen-fortsatter\/\"]}]},{\"@type\":\"ImageObject\",\"inLanguage\":\"sv-SE\",\"@id\":\"https:\/\/www.selry.fi\/sv\/blogg\/kampen-fortsatter\/#primaryimage\",\"url\":\"https:\/\/www.selry.fi\/wp-content\/uploads\/2023\/02\/veli-matti-kuntonen-blogi.jpg\",\"contentUrl\":\"https:\/\/www.selry.fi\/wp-content\/uploads\/2023\/02\/veli-matti-kuntonen-blogi.jpg\",\"width\":1536,\"height\":1148},{\"@type\":\"BreadcrumbList\",\"@id\":\"https:\/\/www.selry.fi\/sv\/blogg\/kampen-fortsatter\/#breadcrumb\",\"itemListElement\":[{\"@type\":\"ListItem\",\"position\":1,\"name\":\"Home\",\"item\":\"https:\/\/www.selry.fi\/sv\/\"},{\"@type\":\"ListItem\",\"position\":2,\"name\":\"Kampen forts\u00e4tter\"}]},{\"@type\":\"WebSite\",\"@id\":\"https:\/\/www.selry.fi\/#website\",\"url\":\"https:\/\/www.selry.fi\/\",\"name\":\"Suomen Elintarvikety\u00f6l\u00e4isten Liitto SEL\",\"description\":\"\",\"publisher\":{\"@id\":\"https:\/\/www.selry.fi\/#organization\"},\"inLanguage\":\"sv-SE\"},{\"@type\":\"Organization\",\"@id\":\"https:\/\/www.selry.fi\/#organization\",\"name\":\"Suomen Elintarvikety\u00f6l\u00e4isten Liitto SEL\",\"url\":\"https:\/\/www.selry.fi\/\",\"logo\":{\"@type\":\"ImageObject\",\"inLanguage\":\"sv-SE\",\"@id\":\"https:\/\/www.selry.fi\/#\/schema\/logo\/image\/\",\"url\":\"https:\/\/www.selry.fi\/wp-content\/uploads\/2021\/05\/logo-sel.svg\",\"contentUrl\":\"https:\/\/www.selry.fi\/wp-content\/uploads\/2021\/05\/logo-sel.svg\",\"width\":453,\"height\":135,\"caption\":\"Suomen Elintarvikety\u00f6l\u00e4isten Liitto SEL\"},\"image\":{\"@id\":\"https:\/\/www.selry.fi\/#\/schema\/logo\/image\/\"},\"sameAs\":[\"https:\/\/www.facebook.com\/selry\",\"https:\/\/x.com\/selryfi\"]},{\"@type\":\"Person\",\"@id\":\"https:\/\/www.selry.fi\/#\/schema\/person\/4fb0b52ed84c524f0beea95625a21678\",\"name\":\"Karoliina \u00d6ystil\u00e4\",\"image\":{\"@type\":\"ImageObject\",\"inLanguage\":\"sv-SE\",\"@id\":\"https:\/\/secure.gravatar.com\/avatar\/8dcb857776c4317075ba571fdc81a06a1f240302e468800d69bf316ef82ac4cd?s=96&d=mm&r=g\",\"url\":\"https:\/\/secure.gravatar.com\/avatar\/8dcb857776c4317075ba571fdc81a06a1f240302e468800d69bf316ef82ac4cd?s=96&d=mm&r=g\",\"contentUrl\":\"https:\/\/secure.gravatar.com\/avatar\/8dcb857776c4317075ba571fdc81a06a1f240302e468800d69bf316ef82ac4cd?s=96&d=mm&r=g\",\"caption\":\"Karoliina \u00d6ystil\u00e4\"}}]}<\/script>\n<!-- \/ Yoast SEO plugin. -->","yoast_head_json":{"title":"Kampen forts\u00e4tter","robots":{"index":"index","follow":"follow","max-snippet":"max-snippet:-1","max-image-preview":"max-image-preview:large","max-video-preview":"max-video-preview:-1"},"canonical":"https:\/\/www.selry.fi\/sv\/blogg\/kampen-fortsatter\/","og_locale":"sv_SE","og_type":"article","og_title":"Kampen forts\u00e4tter","og_description":"De politiska strejkerna f\u00f6r att f\u00f6rhindra de f\u00f6rsvagningar av arbetslivet som regeringen Orpo driver forts\u00e4tter. Regeringens fr\u00e4msta m\u00e5l att f\u00f6rsvaga [\u2026] Lue lis\u00e4\u00e4 &raquo;","og_url":"https:\/\/www.selry.fi\/sv\/blogg\/kampen-fortsatter\/","og_site_name":"Suomen Elintarvikety\u00f6l\u00e4isten Liitto SEL","article_publisher":"https:\/\/www.facebook.com\/selry","article_published_time":"2024-01-31T16:00:00+00:00","article_modified_time":"2024-03-13T21:01:22+00:00","og_image":[{"width":1536,"height":1148,"url":"https:\/\/www.selry.fi\/wp-content\/uploads\/2023\/02\/veli-matti-kuntonen-blogi.jpg","type":"image\/jpeg"}],"author":"Karoliina \u00d6ystil\u00e4","twitter_card":"summary_large_image","twitter_creator":"@selryfi","twitter_site":"@selryfi","schema":{"@context":"https:\/\/schema.org","@graph":[{"@type":"Article","@id":"https:\/\/www.selry.fi\/sv\/blogg\/kampen-fortsatter\/#article","isPartOf":{"@id":"https:\/\/www.selry.fi\/sv\/blogg\/kampen-fortsatter\/"},"author":{"name":"Karoliina \u00d6ystil\u00e4","@id":"https:\/\/www.selry.fi\/#\/schema\/person\/4fb0b52ed84c524f0beea95625a21678"},"headline":"Kampen forts\u00e4tter","datePublished":"2024-01-31T16:00:00+00:00","dateModified":"2024-03-13T21:01:22+00:00","mainEntityOfPage":{"@id":"https:\/\/www.selry.fi\/sv\/blogg\/kampen-fortsatter\/"},"wordCount":503,"publisher":{"@id":"https:\/\/www.selry.fi\/#organization"},"image":{"@id":"https:\/\/www.selry.fi\/sv\/blogg\/kampen-fortsatter\/#primaryimage"},"thumbnailUrl":"https:\/\/www.selry.fi\/wp-content\/uploads\/2023\/02\/veli-matti-kuntonen-blogi.jpg","articleSection":["Blogg"],"inLanguage":"sv-SE"},{"@type":"WebPage","@id":"https:\/\/www.selry.fi\/sv\/blogg\/kampen-fortsatter\/","url":"https:\/\/www.selry.fi\/sv\/blogg\/kampen-fortsatter\/","name":"Kampen forts\u00e4tter","isPartOf":{"@id":"https:\/\/www.selry.fi\/#website"},"primaryImageOfPage":{"@id":"https:\/\/www.selry.fi\/sv\/blogg\/kampen-fortsatter\/#primaryimage"},"image":{"@id":"https:\/\/www.selry.fi\/sv\/blogg\/kampen-fortsatter\/#primaryimage"},"thumbnailUrl":"https:\/\/www.selry.fi\/wp-content\/uploads\/2023\/02\/veli-matti-kuntonen-blogi.jpg","datePublished":"2024-01-31T16:00:00+00:00","dateModified":"2024-03-13T21:01:22+00:00","breadcrumb":{"@id":"https:\/\/www.selry.fi\/sv\/blogg\/kampen-fortsatter\/#breadcrumb"},"inLanguage":"sv-SE","potentialAction":[{"@type":"ReadAction","target":["https:\/\/www.selry.fi\/sv\/blogg\/kampen-fortsatter\/"]}]},{"@type":"ImageObject","inLanguage":"sv-SE","@id":"https:\/\/www.selry.fi\/sv\/blogg\/kampen-fortsatter\/#primaryimage","url":"https:\/\/www.selry.fi\/wp-content\/uploads\/2023\/02\/veli-matti-kuntonen-blogi.jpg","contentUrl":"https:\/\/www.selry.fi\/wp-content\/uploads\/2023\/02\/veli-matti-kuntonen-blogi.jpg","width":1536,"height":1148},{"@type":"BreadcrumbList","@id":"https:\/\/www.selry.fi\/sv\/blogg\/kampen-fortsatter\/#breadcrumb","itemListElement":[{"@type":"ListItem","position":1,"name":"Home","item":"https:\/\/www.selry.fi\/sv\/"},{"@type":"ListItem","position":2,"name":"Kampen forts\u00e4tter"}]},{"@type":"WebSite","@id":"https:\/\/www.selry.fi\/#website","url":"https:\/\/www.selry.fi\/","name":"Suomen Elintarvikety\u00f6l\u00e4isten Liitto SEL","description":"","publisher":{"@id":"https:\/\/www.selry.fi\/#organization"},"inLanguage":"sv-SE"},{"@type":"Organization","@id":"https:\/\/www.selry.fi\/#organization","name":"Suomen Elintarvikety\u00f6l\u00e4isten Liitto SEL","url":"https:\/\/www.selry.fi\/","logo":{"@type":"ImageObject","inLanguage":"sv-SE","@id":"https:\/\/www.selry.fi\/#\/schema\/logo\/image\/","url":"https:\/\/www.selry.fi\/wp-content\/uploads\/2021\/05\/logo-sel.svg","contentUrl":"https:\/\/www.selry.fi\/wp-content\/uploads\/2021\/05\/logo-sel.svg","width":453,"height":135,"caption":"Suomen Elintarvikety\u00f6l\u00e4isten Liitto SEL"},"image":{"@id":"https:\/\/www.selry.fi\/#\/schema\/logo\/image\/"},"sameAs":["https:\/\/www.facebook.com\/selry","https:\/\/x.com\/selryfi"]},{"@type":"Person","@id":"https:\/\/www.selry.fi\/#\/schema\/person\/4fb0b52ed84c524f0beea95625a21678","name":"Karoliina \u00d6ystil\u00e4","image":{"@type":"ImageObject","inLanguage":"sv-SE","@id":"https:\/\/secure.gravatar.com\/avatar\/8dcb857776c4317075ba571fdc81a06a1f240302e468800d69bf316ef82ac4cd?s=96&d=mm&r=g","url":"https:\/\/secure.gravatar.com\/avatar\/8dcb857776c4317075ba571fdc81a06a1f240302e468800d69bf316ef82ac4cd?s=96&d=mm&r=g","contentUrl":"https:\/\/secure.gravatar.com\/avatar\/8dcb857776c4317075ba571fdc81a06a1f240302e468800d69bf316ef82ac4cd?s=96&d=mm&r=g","caption":"Karoliina \u00d6ystil\u00e4"}}]}},"_links":{"self":[{"href":"https:\/\/www.selry.fi\/sv\/wp-json\/wp\/v2\/posts\/14259","targetHints":{"allow":["GET"]}}],"collection":[{"href":"https:\/\/www.selry.fi\/sv\/wp-json\/wp\/v2\/posts"}],"about":[{"href":"https:\/\/www.selry.fi\/sv\/wp-json\/wp\/v2\/types\/post"}],"author":[{"embeddable":true,"href":"https:\/\/www.selry.fi\/sv\/wp-json\/wp\/v2\/users\/4"}],"replies":[{"embeddable":true,"href":"https:\/\/www.selry.fi\/sv\/wp-json\/wp\/v2\/comments?post=14259"}],"version-history":[{"count":0,"href":"https:\/\/www.selry.fi\/sv\/wp-json\/wp\/v2\/posts\/14259\/revisions"}],"wp:featuredmedia":[{"embeddable":true,"href":"https:\/\/www.selry.fi\/sv\/wp-json\/wp\/v2\/media\/10997"}],"wp:attachment":[{"href":"https:\/\/www.selry.fi\/sv\/wp-json\/wp\/v2\/media?parent=14259"}],"wp:term":[{"taxonomy":"category","embeddable":true,"href":"https:\/\/www.selry.fi\/sv\/wp-json\/wp\/v2\/categories?post=14259"},{"taxonomy":"post_tag","embeddable":true,"href":"https:\/\/www.selry.fi\/sv\/wp-json\/wp\/v2\/tags?post=14259"}],"curies":[{"name":"wp","href":"https:\/\/api.w.org\/{rel}","templated":true}]}}