{"id":13675,"date":"2023-12-15T22:17:09","date_gmt":"2023-12-15T20:17:09","guid":{"rendered":"https:\/\/www.selry.fi\/?p=13675"},"modified":"2023-12-15T22:17:10","modified_gmt":"2023-12-15T20:17:10","slug":"arbetstagarna-behover-sina-representanter","status":"publish","type":"post","link":"https:\/\/www.selry.fi\/sv\/blogg\/arbetstagarna-behover-sina-representanter\/","title":{"rendered":"Arbetstagarna beh\u00f6ver sina representanter"},"content":{"rendered":"\n<p>Fackf\u00f6rbundens politiska <a href=\"https:\/\/www.sak.fi\/vagandeskal\" target=\"_blank\" rel=\"noreferrer noopener\">#V\u00e4gandeSk\u00e4l-strejker<\/a> har f\u00e5tt \u00e5tminstone en av arbetsgivarnas representanter att t.o.m ifr\u00e5gas\u00e4tta det meningsfulla med f\u00f6rtroendemannasystemet. Men s\u00e5dant tal understryker enbart vikten av att arbetstagarna p\u00e5 varje arbetsplats organiserar sig i branschens fackf\u00f6rbund och v\u00e4ljer f\u00f6rtroendem\u00e4n att sk\u00f6ta deras \u00e4renden.<\/p>\n\n\n\n<p>Denna h\u00f6st har arbetstagarnas representanter med arbetsskyddsuppdrag f\u00f6r den kommande tv\u00e5\u00e5rsperioden valts p\u00e5 livsmedelsbranschens arbetsplatser. N\u00e4sta h\u00f6st \u00e4r det dags f\u00f6r val av f\u00f6rtroendem\u00e4n. B\u00e5da f\u00f6rtroendeuppdragen \u00e4r viktiga och de personer som v\u00e4ljs har en betydande roll p\u00e5 arbetsplatsen som representanter f\u00f6r arbetskamraterna och som intressebevakare. Arbetstagarna beh\u00f6ver sina representanter.<\/p>\n\n\n\n<p>Den f\u00f6rtroendevalda sk\u00f6ter fackmedlemmarnas intressebevakning och \u00f6vervakar att kollektivavtal, lagar och andra avtal f\u00f6ljs p\u00e5 arbetsplatsen. Den f\u00f6rtroendevaldas uppgifter \u00e4r allt viktigare nu, d\u00e5 regeringen Orpo t\u00e4nker \u00f6ka arbetsgivarnas beslutander\u00e4tt och f\u00f6rsvaga arbetstagarnas r\u00e4ttigheter.<\/p>\n\n\n\n<p>Arbetsgivaren ansvarar alltid f\u00f6r arbetsskyddet men en arbetsskyddsbefullm\u00e4ktigad kr\u00e4vs som talesman f\u00f6r arbetstagarna och f\u00f6r att v\u00e4rna om att arbetet utf\u00f6rs under trygga och h\u00e4lsosamma omst\u00e4ndigheter p\u00e5 arbetsplatsen.<\/p>\n\n\n\n<p>En huvudf\u00f6rtroendeman, arbetsskyddsbefullm\u00e4ktigad, EWC-representant och avdelningens f\u00f6rtroendevalda deltar alla i utvecklandet av arbetsplatsen och valet av dem gynnar vid sidan om arbetstagarna ocks\u00e5 arbetsgivaren. En smart arbetsgivare drar nytta av det kunnande som personalens representanter har i utvecklandet av arbetsgemenskapen.<\/p>\n\n\n\n<p>Varje f\u00f6rtroendevalda pr\u00e4glar sj\u00e4lv sitt f\u00f6rtroendeuppdrag. Genom att komma ih\u00e5g ett par saker kommer man redan l\u00e5ngt. Skaffa dig tillr\u00e4cklig bakgrundskunskap och utbildning inf\u00f6r sk\u00f6tseln av ditt viktiga uppdrag. Var aktiv, skaffa dig information, n\u00e4tverka och be om hj\u00e4lp och st\u00f6d. Lyssna p\u00e5 de m\u00e4nniskorna du representerar. V\u00e4rna om att du sj\u00e4lv orkar och ta emot st\u00f6d. Det kan ta pl\u00e5gsamt l\u00e4nge f\u00f6r \u00e4renden att g\u00e5 fram\u00e5t, men ge inte upp.<\/p>\n\n\n\n<p>Tack f\u00f6r att du utf\u00f6r ett v\u00e4ldigt viktigt arbete till nytta f\u00f6r dina arbetskamrater!<\/p>\n\n\n\n<p><em>Karoliina \u00d6ystil\u00e4<\/em><br><em>SEL:s kommunikationschef, chefredakt\u00f6r<\/em><\/p>\n\n\n\n<p><em>Texten publiceras f\u00f6rst som ledare i Elintae 8\/2023, 15.12.2023.<\/em><\/p>\n","protected":false},"excerpt":{"rendered":"<p>Fackf\u00f6rbundens politiska #V\u00e4gandeSk\u00e4l-strejker har f\u00e5tt \u00e5tminstone en av arbetsgivarnas representanter att t.o.m ifr\u00e5gas\u00e4tta det meningsfulla med f\u00f6rtroendemannasystemet. Men s\u00e5dant tal [\u2026] <a href=\"https:\/\/www.selry.fi\/sv\/blogg\/arbetstagarna-behover-sina-representanter\/\">Lue lis\u00e4\u00e4 &raquo;<\/a><\/p>\n","protected":false},"author":4,"featured_media":10993,"comment_status":"closed","ping_status":"closed","sticky":false,"template":"","format":"standard","meta":{"_acf_changed":false,"footnotes":""},"categories":[64],"tags":[],"class_list":["post-13675","post","type-post","status-publish","format-standard","has-post-thumbnail","hentry","category-blogg"],"acf":[],"yoast_head":"<!-- This site is optimized with the Yoast SEO plugin v27.2 - https:\/\/yoast.com\/product\/yoast-seo-wordpress\/ -->\n<title>Arbetstagarna beh\u00f6ver sina representanter<\/title>\n<meta name=\"robots\" content=\"index, follow, max-snippet:-1, max-image-preview:large, max-video-preview:-1\" \/>\n<link rel=\"canonical\" href=\"https:\/\/www.selry.fi\/sv\/blogg\/arbetstagarna-behover-sina-representanter\/\" \/>\n<meta property=\"og:locale\" content=\"sv_SE\" \/>\n<meta property=\"og:type\" content=\"article\" \/>\n<meta property=\"og:title\" content=\"Arbetstagarna beh\u00f6ver sina representanter\" \/>\n<meta property=\"og:description\" content=\"Fackf\u00f6rbundens politiska #V\u00e4gandeSk\u00e4l-strejker har f\u00e5tt \u00e5tminstone en av arbetsgivarnas representanter att t.o.m ifr\u00e5gas\u00e4tta det meningsfulla med f\u00f6rtroendemannasystemet. Men s\u00e5dant tal [\u2026] Lue lis\u00e4\u00e4 &raquo;\" \/>\n<meta property=\"og:url\" content=\"https:\/\/www.selry.fi\/sv\/blogg\/arbetstagarna-behover-sina-representanter\/\" \/>\n<meta property=\"og:site_name\" content=\"Suomen Elintarvikety\u00f6l\u00e4isten Liitto SEL\" \/>\n<meta property=\"article:publisher\" content=\"https:\/\/www.facebook.com\/selry\" \/>\n<meta property=\"article:published_time\" content=\"2023-12-15T20:17:09+00:00\" \/>\n<meta property=\"article:modified_time\" content=\"2023-12-15T20:17:10+00:00\" \/>\n<meta property=\"og:image\" content=\"https:\/\/www.selry.fi\/wp-content\/uploads\/2023\/02\/karoliina-oystila-blogi.jpg\" \/>\n\t<meta property=\"og:image:width\" content=\"1536\" \/>\n\t<meta property=\"og:image:height\" content=\"1081\" \/>\n\t<meta property=\"og:image:type\" content=\"image\/jpeg\" \/>\n<meta name=\"author\" content=\"Karoliina \u00d6ystil\u00e4\" \/>\n<meta name=\"twitter:card\" content=\"summary_large_image\" \/>\n<meta name=\"twitter:creator\" content=\"@selryfi\" \/>\n<meta name=\"twitter:site\" content=\"@selryfi\" \/>\n<script type=\"application\/ld+json\" class=\"yoast-schema-graph\">{\"@context\":\"https:\/\/schema.org\",\"@graph\":[{\"@type\":\"Article\",\"@id\":\"https:\/\/www.selry.fi\/sv\/blogg\/arbetstagarna-behover-sina-representanter\/#article\",\"isPartOf\":{\"@id\":\"https:\/\/www.selry.fi\/sv\/blogg\/arbetstagarna-behover-sina-representanter\/\"},\"author\":{\"name\":\"Karoliina \u00d6ystil\u00e4\",\"@id\":\"https:\/\/www.selry.fi\/#\/schema\/person\/4fb0b52ed84c524f0beea95625a21678\"},\"headline\":\"Arbetstagarna beh\u00f6ver sina representanter\",\"datePublished\":\"2023-12-15T20:17:09+00:00\",\"dateModified\":\"2023-12-15T20:17:10+00:00\",\"mainEntityOfPage\":{\"@id\":\"https:\/\/www.selry.fi\/sv\/blogg\/arbetstagarna-behover-sina-representanter\/\"},\"wordCount\":370,\"publisher\":{\"@id\":\"https:\/\/www.selry.fi\/#organization\"},\"image\":{\"@id\":\"https:\/\/www.selry.fi\/sv\/blogg\/arbetstagarna-behover-sina-representanter\/#primaryimage\"},\"thumbnailUrl\":\"https:\/\/www.selry.fi\/wp-content\/uploads\/2023\/02\/karoliina-oystila-blogi.jpg\",\"articleSection\":[\"Blogg\"],\"inLanguage\":\"sv-SE\"},{\"@type\":\"WebPage\",\"@id\":\"https:\/\/www.selry.fi\/sv\/blogg\/arbetstagarna-behover-sina-representanter\/\",\"url\":\"https:\/\/www.selry.fi\/sv\/blogg\/arbetstagarna-behover-sina-representanter\/\",\"name\":\"Arbetstagarna beh\u00f6ver sina representanter\",\"isPartOf\":{\"@id\":\"https:\/\/www.selry.fi\/#website\"},\"primaryImageOfPage\":{\"@id\":\"https:\/\/www.selry.fi\/sv\/blogg\/arbetstagarna-behover-sina-representanter\/#primaryimage\"},\"image\":{\"@id\":\"https:\/\/www.selry.fi\/sv\/blogg\/arbetstagarna-behover-sina-representanter\/#primaryimage\"},\"thumbnailUrl\":\"https:\/\/www.selry.fi\/wp-content\/uploads\/2023\/02\/karoliina-oystila-blogi.jpg\",\"datePublished\":\"2023-12-15T20:17:09+00:00\",\"dateModified\":\"2023-12-15T20:17:10+00:00\",\"breadcrumb\":{\"@id\":\"https:\/\/www.selry.fi\/sv\/blogg\/arbetstagarna-behover-sina-representanter\/#breadcrumb\"},\"inLanguage\":\"sv-SE\",\"potentialAction\":[{\"@type\":\"ReadAction\",\"target\":[\"https:\/\/www.selry.fi\/sv\/blogg\/arbetstagarna-behover-sina-representanter\/\"]}]},{\"@type\":\"ImageObject\",\"inLanguage\":\"sv-SE\",\"@id\":\"https:\/\/www.selry.fi\/sv\/blogg\/arbetstagarna-behover-sina-representanter\/#primaryimage\",\"url\":\"https:\/\/www.selry.fi\/wp-content\/uploads\/2023\/02\/karoliina-oystila-blogi.jpg\",\"contentUrl\":\"https:\/\/www.selry.fi\/wp-content\/uploads\/2023\/02\/karoliina-oystila-blogi.jpg\",\"width\":1536,\"height\":1081},{\"@type\":\"BreadcrumbList\",\"@id\":\"https:\/\/www.selry.fi\/sv\/blogg\/arbetstagarna-behover-sina-representanter\/#breadcrumb\",\"itemListElement\":[{\"@type\":\"ListItem\",\"position\":1,\"name\":\"Home\",\"item\":\"https:\/\/www.selry.fi\/sv\/\"},{\"@type\":\"ListItem\",\"position\":2,\"name\":\"Arbetstagarna beh\u00f6ver sina representanter\"}]},{\"@type\":\"WebSite\",\"@id\":\"https:\/\/www.selry.fi\/#website\",\"url\":\"https:\/\/www.selry.fi\/\",\"name\":\"Suomen Elintarvikety\u00f6l\u00e4isten Liitto SEL\",\"description\":\"\",\"publisher\":{\"@id\":\"https:\/\/www.selry.fi\/#organization\"},\"inLanguage\":\"sv-SE\"},{\"@type\":\"Organization\",\"@id\":\"https:\/\/www.selry.fi\/#organization\",\"name\":\"Suomen Elintarvikety\u00f6l\u00e4isten Liitto SEL\",\"url\":\"https:\/\/www.selry.fi\/\",\"logo\":{\"@type\":\"ImageObject\",\"inLanguage\":\"sv-SE\",\"@id\":\"https:\/\/www.selry.fi\/#\/schema\/logo\/image\/\",\"url\":\"https:\/\/www.selry.fi\/wp-content\/uploads\/2021\/05\/logo-sel.svg\",\"contentUrl\":\"https:\/\/www.selry.fi\/wp-content\/uploads\/2021\/05\/logo-sel.svg\",\"width\":453,\"height\":135,\"caption\":\"Suomen Elintarvikety\u00f6l\u00e4isten Liitto SEL\"},\"image\":{\"@id\":\"https:\/\/www.selry.fi\/#\/schema\/logo\/image\/\"},\"sameAs\":[\"https:\/\/www.facebook.com\/selry\",\"https:\/\/x.com\/selryfi\"]},{\"@type\":\"Person\",\"@id\":\"https:\/\/www.selry.fi\/#\/schema\/person\/4fb0b52ed84c524f0beea95625a21678\",\"name\":\"Karoliina \u00d6ystil\u00e4\",\"image\":{\"@type\":\"ImageObject\",\"inLanguage\":\"sv-SE\",\"@id\":\"https:\/\/secure.gravatar.com\/avatar\/8dcb857776c4317075ba571fdc81a06a1f240302e468800d69bf316ef82ac4cd?s=96&d=mm&r=g\",\"url\":\"https:\/\/secure.gravatar.com\/avatar\/8dcb857776c4317075ba571fdc81a06a1f240302e468800d69bf316ef82ac4cd?s=96&d=mm&r=g\",\"contentUrl\":\"https:\/\/secure.gravatar.com\/avatar\/8dcb857776c4317075ba571fdc81a06a1f240302e468800d69bf316ef82ac4cd?s=96&d=mm&r=g\",\"caption\":\"Karoliina \u00d6ystil\u00e4\"}}]}<\/script>\n<!-- \/ Yoast SEO plugin. -->","yoast_head_json":{"title":"Arbetstagarna beh\u00f6ver sina representanter","robots":{"index":"index","follow":"follow","max-snippet":"max-snippet:-1","max-image-preview":"max-image-preview:large","max-video-preview":"max-video-preview:-1"},"canonical":"https:\/\/www.selry.fi\/sv\/blogg\/arbetstagarna-behover-sina-representanter\/","og_locale":"sv_SE","og_type":"article","og_title":"Arbetstagarna beh\u00f6ver sina representanter","og_description":"Fackf\u00f6rbundens politiska #V\u00e4gandeSk\u00e4l-strejker har f\u00e5tt \u00e5tminstone en av arbetsgivarnas representanter att t.o.m ifr\u00e5gas\u00e4tta det meningsfulla med f\u00f6rtroendemannasystemet. Men s\u00e5dant tal [\u2026] Lue lis\u00e4\u00e4 &raquo;","og_url":"https:\/\/www.selry.fi\/sv\/blogg\/arbetstagarna-behover-sina-representanter\/","og_site_name":"Suomen Elintarvikety\u00f6l\u00e4isten Liitto SEL","article_publisher":"https:\/\/www.facebook.com\/selry","article_published_time":"2023-12-15T20:17:09+00:00","article_modified_time":"2023-12-15T20:17:10+00:00","og_image":[{"width":1536,"height":1081,"url":"https:\/\/www.selry.fi\/wp-content\/uploads\/2023\/02\/karoliina-oystila-blogi.jpg","type":"image\/jpeg"}],"author":"Karoliina \u00d6ystil\u00e4","twitter_card":"summary_large_image","twitter_creator":"@selryfi","twitter_site":"@selryfi","schema":{"@context":"https:\/\/schema.org","@graph":[{"@type":"Article","@id":"https:\/\/www.selry.fi\/sv\/blogg\/arbetstagarna-behover-sina-representanter\/#article","isPartOf":{"@id":"https:\/\/www.selry.fi\/sv\/blogg\/arbetstagarna-behover-sina-representanter\/"},"author":{"name":"Karoliina \u00d6ystil\u00e4","@id":"https:\/\/www.selry.fi\/#\/schema\/person\/4fb0b52ed84c524f0beea95625a21678"},"headline":"Arbetstagarna beh\u00f6ver sina representanter","datePublished":"2023-12-15T20:17:09+00:00","dateModified":"2023-12-15T20:17:10+00:00","mainEntityOfPage":{"@id":"https:\/\/www.selry.fi\/sv\/blogg\/arbetstagarna-behover-sina-representanter\/"},"wordCount":370,"publisher":{"@id":"https:\/\/www.selry.fi\/#organization"},"image":{"@id":"https:\/\/www.selry.fi\/sv\/blogg\/arbetstagarna-behover-sina-representanter\/#primaryimage"},"thumbnailUrl":"https:\/\/www.selry.fi\/wp-content\/uploads\/2023\/02\/karoliina-oystila-blogi.jpg","articleSection":["Blogg"],"inLanguage":"sv-SE"},{"@type":"WebPage","@id":"https:\/\/www.selry.fi\/sv\/blogg\/arbetstagarna-behover-sina-representanter\/","url":"https:\/\/www.selry.fi\/sv\/blogg\/arbetstagarna-behover-sina-representanter\/","name":"Arbetstagarna beh\u00f6ver sina representanter","isPartOf":{"@id":"https:\/\/www.selry.fi\/#website"},"primaryImageOfPage":{"@id":"https:\/\/www.selry.fi\/sv\/blogg\/arbetstagarna-behover-sina-representanter\/#primaryimage"},"image":{"@id":"https:\/\/www.selry.fi\/sv\/blogg\/arbetstagarna-behover-sina-representanter\/#primaryimage"},"thumbnailUrl":"https:\/\/www.selry.fi\/wp-content\/uploads\/2023\/02\/karoliina-oystila-blogi.jpg","datePublished":"2023-12-15T20:17:09+00:00","dateModified":"2023-12-15T20:17:10+00:00","breadcrumb":{"@id":"https:\/\/www.selry.fi\/sv\/blogg\/arbetstagarna-behover-sina-representanter\/#breadcrumb"},"inLanguage":"sv-SE","potentialAction":[{"@type":"ReadAction","target":["https:\/\/www.selry.fi\/sv\/blogg\/arbetstagarna-behover-sina-representanter\/"]}]},{"@type":"ImageObject","inLanguage":"sv-SE","@id":"https:\/\/www.selry.fi\/sv\/blogg\/arbetstagarna-behover-sina-representanter\/#primaryimage","url":"https:\/\/www.selry.fi\/wp-content\/uploads\/2023\/02\/karoliina-oystila-blogi.jpg","contentUrl":"https:\/\/www.selry.fi\/wp-content\/uploads\/2023\/02\/karoliina-oystila-blogi.jpg","width":1536,"height":1081},{"@type":"BreadcrumbList","@id":"https:\/\/www.selry.fi\/sv\/blogg\/arbetstagarna-behover-sina-representanter\/#breadcrumb","itemListElement":[{"@type":"ListItem","position":1,"name":"Home","item":"https:\/\/www.selry.fi\/sv\/"},{"@type":"ListItem","position":2,"name":"Arbetstagarna beh\u00f6ver sina representanter"}]},{"@type":"WebSite","@id":"https:\/\/www.selry.fi\/#website","url":"https:\/\/www.selry.fi\/","name":"Suomen Elintarvikety\u00f6l\u00e4isten Liitto SEL","description":"","publisher":{"@id":"https:\/\/www.selry.fi\/#organization"},"inLanguage":"sv-SE"},{"@type":"Organization","@id":"https:\/\/www.selry.fi\/#organization","name":"Suomen Elintarvikety\u00f6l\u00e4isten Liitto SEL","url":"https:\/\/www.selry.fi\/","logo":{"@type":"ImageObject","inLanguage":"sv-SE","@id":"https:\/\/www.selry.fi\/#\/schema\/logo\/image\/","url":"https:\/\/www.selry.fi\/wp-content\/uploads\/2021\/05\/logo-sel.svg","contentUrl":"https:\/\/www.selry.fi\/wp-content\/uploads\/2021\/05\/logo-sel.svg","width":453,"height":135,"caption":"Suomen Elintarvikety\u00f6l\u00e4isten Liitto SEL"},"image":{"@id":"https:\/\/www.selry.fi\/#\/schema\/logo\/image\/"},"sameAs":["https:\/\/www.facebook.com\/selry","https:\/\/x.com\/selryfi"]},{"@type":"Person","@id":"https:\/\/www.selry.fi\/#\/schema\/person\/4fb0b52ed84c524f0beea95625a21678","name":"Karoliina \u00d6ystil\u00e4","image":{"@type":"ImageObject","inLanguage":"sv-SE","@id":"https:\/\/secure.gravatar.com\/avatar\/8dcb857776c4317075ba571fdc81a06a1f240302e468800d69bf316ef82ac4cd?s=96&d=mm&r=g","url":"https:\/\/secure.gravatar.com\/avatar\/8dcb857776c4317075ba571fdc81a06a1f240302e468800d69bf316ef82ac4cd?s=96&d=mm&r=g","contentUrl":"https:\/\/secure.gravatar.com\/avatar\/8dcb857776c4317075ba571fdc81a06a1f240302e468800d69bf316ef82ac4cd?s=96&d=mm&r=g","caption":"Karoliina \u00d6ystil\u00e4"}}]}},"_links":{"self":[{"href":"https:\/\/www.selry.fi\/sv\/wp-json\/wp\/v2\/posts\/13675","targetHints":{"allow":["GET"]}}],"collection":[{"href":"https:\/\/www.selry.fi\/sv\/wp-json\/wp\/v2\/posts"}],"about":[{"href":"https:\/\/www.selry.fi\/sv\/wp-json\/wp\/v2\/types\/post"}],"author":[{"embeddable":true,"href":"https:\/\/www.selry.fi\/sv\/wp-json\/wp\/v2\/users\/4"}],"replies":[{"embeddable":true,"href":"https:\/\/www.selry.fi\/sv\/wp-json\/wp\/v2\/comments?post=13675"}],"version-history":[{"count":0,"href":"https:\/\/www.selry.fi\/sv\/wp-json\/wp\/v2\/posts\/13675\/revisions"}],"wp:featuredmedia":[{"embeddable":true,"href":"https:\/\/www.selry.fi\/sv\/wp-json\/wp\/v2\/media\/10993"}],"wp:attachment":[{"href":"https:\/\/www.selry.fi\/sv\/wp-json\/wp\/v2\/media?parent=13675"}],"wp:term":[{"taxonomy":"category","embeddable":true,"href":"https:\/\/www.selry.fi\/sv\/wp-json\/wp\/v2\/categories?post=13675"},{"taxonomy":"post_tag","embeddable":true,"href":"https:\/\/www.selry.fi\/sv\/wp-json\/wp\/v2\/tags?post=13675"}],"curies":[{"name":"wp","href":"https:\/\/api.w.org\/{rel}","templated":true}]}}