{"id":13589,"date":"2023-12-13T23:42:32","date_gmt":"2023-12-13T21:42:32","guid":{"rendered":"https:\/\/www.selry.fi\/?p=13589"},"modified":"2023-12-14T12:39:25","modified_gmt":"2023-12-14T10:39:25","slug":"varfor-deltar-vi-i-den-politiska-vagandeskal-strejken","status":"publish","type":"post","link":"https:\/\/www.selry.fi\/sv\/nyheter\/varfor-deltar-vi-i-den-politiska-vagandeskal-strejken\/","title":{"rendered":"Varf\u00f6r deltar vi i den politiska #V\u00e4gandeSk\u00e4l-strejken?"},"content":{"rendered":"\n<p class=\"has-ingressi-font-size\">Fackf\u00f6rbunden har #V\u00e4gandeSk\u00e4l att f\u00f6rsvara arbetstagarnas r\u00e4ttigheter och mots\u00e4tta sig regeringen Orpos f\u00f6rslag.<\/p>\n\n\n\n<p><strong>1. Varf\u00f6r deltar vi i den politiska #V\u00e4gandeSk\u00e4l-strejken?<\/strong><\/p>\n\n\n\n<p><a href=\"https:\/\/www.sak.fi\/sv\/vagande-skal\" target=\"_blank\" rel=\"noreferrer noopener\">#V\u00e4gandeSk\u00e4l<\/a> \u00e4r FFC:s och fackf\u00f6rbundens kampanj, vars m\u00e5l \u00e4r att motverka statsminister Petteri Orpos regerings f\u00f6rslag, som f\u00f6rsvagar arbetstagarnas strejkr\u00e4tt, arbetsvillkor och arbetsl\u00f6shetsskydd. Eftersom regeringen inte lyssnar till oss \u00e4r vi tvungna att f\u00f6rsvara arbetstagarnas r\u00e4ttigheter med politiska strejker.<\/p>\n\n\n\n<p>L\u00e4s mera och kolla regeringens nedsk\u00e4rningslista p\u00e5 adress <a href=\"http:\/\/www.selry.fi\/painavasyy\">www.selry.fi\/painavasyy<\/a>.<\/p>\n\n\n\n<p><strong>2. Vad \u00e4r en politisk strejk?<\/strong><\/p>\n\n\n\n<p>En politisk strejk riktar sig inte mot arbetsgivarna utan mot de politiska beslutsfattarna eller med andra ord Finlands regering.<\/p>\n\n\n\n<p>En politisk strejk \u00e4r en laglig strejk. Strejken kan inte f\u00f6ranleda n\u00e5gra f\u00f6ljder f\u00f6r de enskilda arbetstagarna. Arbetsgivaren kan inte s\u00e4ga upp eller avsluta arbetstagarens arbetsf\u00f6rh\u00e5llande p\u00e5 grund av deltagande i strejken.<\/p>\n\n\n\n<p>Den politiska strejken omfattar p\u00e5 de arbetsplatser d\u00e4r strejk utlysts allt strejkbelagt arbete och de arbetstagare som utf\u00f6r arbetet. Strejken omfattar ocks\u00e5 arbetstagare som inte tillh\u00f6r n\u00e5got fackf\u00f6rbund och exempelvis inhyrda arbetstagare.<\/p>\n\n\n\n<p>Arbetsgivaren betalar inte ut n\u00e5gon l\u00f6n under strejken. SEL betalar strejkbidrag till sina medlemmar.<\/p>\n\n\n\n<p><strong>3. Varf\u00f6r drabbas arbetsgivare som \u00e4r oskyldiga av strejken?<\/strong><\/p>\n\n\n\n<p>Om regeringen Orpos f\u00f6rslag g\u00e5r igenom \u00f6kar de arbetsgivarnas makt och f\u00f6rsvagar arbetstagarnas r\u00e4ttigheter. Arbetsgivarna \u00e4r inte \u201doskyldiga\u201d till regeringens f\u00f6rslag. Arbetsgivarnas organisationer har sj\u00e4lva kr\u00e4vt att just de h\u00e4r f\u00f6rsvagningarna av arbetstagarnas r\u00e4ttigheter genomf\u00f6rs i sina egna m\u00e5ls\u00e4ttningar inf\u00f6r riksdagsvalet.<\/p>\n\n\n\n<p><strong>4. Vilka \u00e4r v\u00e5ra krav i de politiska strejkerna?<\/strong><\/p>\n\n\n\n<p>Vi vill inte att regeringen Orpo \u00f6kar os\u00e4kerheten i det finl\u00e4ndska arbetslivet. V\u00e5rt m\u00e5l \u00e4r att regeringen avst\u00e5r fr\u00e5n de f\u00f6rslag som f\u00f6rsvagar arbetstagarnas strejkr\u00e4tt, arbetsvillkor och arbetsl\u00f6shetsskydd.<\/p>\n\n\n\n<figure class=\"wp-block-image size-large\"><img decoding=\"async\" width=\"1280\" height=\"1811\" src=\"https:\/\/www.selry.fi\/wp-content\/uploads\/2023\/09\/painava-syy-leikkauslista-someen-sv-1280x1811.png\" alt=\"\" class=\"wp-image-12527\" srcset=\"https:\/\/www.selry.fi\/wp-content\/uploads\/2023\/09\/painava-syy-leikkauslista-someen-sv-1280x1811.png 1280w, https:\/\/www.selry.fi\/wp-content\/uploads\/2023\/09\/painava-syy-leikkauslista-someen-sv-350x495.png 350w, https:\/\/www.selry.fi\/wp-content\/uploads\/2023\/09\/painava-syy-leikkauslista-someen-sv-768x1087.png 768w, https:\/\/www.selry.fi\/wp-content\/uploads\/2023\/09\/painava-syy-leikkauslista-someen-sv-1086x1536.png 1086w, https:\/\/www.selry.fi\/wp-content\/uploads\/2023\/09\/painava-syy-leikkauslista-someen-sv-500x707.png 500w, https:\/\/www.selry.fi\/wp-content\/uploads\/2023\/09\/painava-syy-leikkauslista-someen-sv-830x1174.png 830w, https:\/\/www.selry.fi\/wp-content\/uploads\/2023\/09\/painava-syy-leikkauslista-someen-sv.png 1357w\" sizes=\"(max-width: 1280px) 100vw, 1280px\" \/><\/figure>\n","protected":false},"excerpt":{"rendered":"<p>Fackf\u00f6rbunden har #V\u00e4gandeSk\u00e4l att f\u00f6rsvara arbetstagarnas r\u00e4ttigheter och mots\u00e4tta sig regeringen Orpos f\u00f6rslag. 1. Varf\u00f6r deltar vi i den politiska [\u2026] <a href=\"https:\/\/www.selry.fi\/sv\/nyheter\/varfor-deltar-vi-i-den-politiska-vagandeskal-strejken\/\">Lue lis\u00e4\u00e4 &raquo;<\/a><\/p>\n","protected":false},"author":4,"featured_media":13253,"comment_status":"closed","ping_status":"closed","sticky":false,"template":"","format":"standard","meta":{"_acf_changed":false,"footnotes":""},"categories":[26],"tags":[],"class_list":["post-13589","post","type-post","status-publish","format-standard","has-post-thumbnail","hentry","category-nyheter"],"acf":[],"yoast_head":"<!-- This site is optimized with the Yoast SEO plugin v27.2 - https:\/\/yoast.com\/product\/yoast-seo-wordpress\/ -->\n<title>Varf\u00f6r deltar vi i den politiska #V\u00e4gandeSk\u00e4l-strejken?<\/title>\n<meta name=\"robots\" content=\"index, follow, max-snippet:-1, max-image-preview:large, max-video-preview:-1\" \/>\n<link rel=\"canonical\" href=\"https:\/\/www.selry.fi\/sv\/nyheter\/varfor-deltar-vi-i-den-politiska-vagandeskal-strejken\/\" \/>\n<meta property=\"og:locale\" content=\"sv_SE\" \/>\n<meta property=\"og:type\" content=\"article\" \/>\n<meta property=\"og:title\" content=\"Varf\u00f6r deltar vi i den politiska #V\u00e4gandeSk\u00e4l-strejken?\" \/>\n<meta property=\"og:description\" content=\"Fackf\u00f6rbunden har #V\u00e4gandeSk\u00e4l att f\u00f6rsvara arbetstagarnas r\u00e4ttigheter och mots\u00e4tta sig regeringen Orpos f\u00f6rslag. 1. Varf\u00f6r deltar vi i den politiska [\u2026] Lue lis\u00e4\u00e4 &raquo;\" \/>\n<meta property=\"og:url\" content=\"https:\/\/www.selry.fi\/sv\/nyheter\/varfor-deltar-vi-i-den-politiska-vagandeskal-strejken\/\" \/>\n<meta property=\"og:site_name\" content=\"Suomen Elintarvikety\u00f6l\u00e4isten Liitto SEL\" \/>\n<meta property=\"article:publisher\" content=\"https:\/\/www.facebook.com\/selry\" \/>\n<meta property=\"article:published_time\" content=\"2023-12-13T21:42:32+00:00\" \/>\n<meta property=\"article:modified_time\" content=\"2023-12-14T10:39:25+00:00\" \/>\n<meta property=\"og:image\" content=\"https:\/\/www.selry.fi\/wp-content\/uploads\/2023\/11\/painava-syy-logo-musta-tausta-vagande-skal-svenska.png\" \/>\n\t<meta property=\"og:image:width\" content=\"1920\" \/>\n\t<meta property=\"og:image:height\" content=\"1080\" \/>\n\t<meta property=\"og:image:type\" content=\"image\/png\" \/>\n<meta name=\"author\" content=\"Karoliina \u00d6ystil\u00e4\" \/>\n<meta name=\"twitter:card\" content=\"summary_large_image\" \/>\n<meta name=\"twitter:creator\" content=\"@selryfi\" \/>\n<meta name=\"twitter:site\" content=\"@selryfi\" \/>\n<script type=\"application\/ld+json\" class=\"yoast-schema-graph\">{\"@context\":\"https:\/\/schema.org\",\"@graph\":[{\"@type\":\"Article\",\"@id\":\"https:\/\/www.selry.fi\/sv\/nyheter\/varfor-deltar-vi-i-den-politiska-vagandeskal-strejken\/#article\",\"isPartOf\":{\"@id\":\"https:\/\/www.selry.fi\/sv\/nyheter\/varfor-deltar-vi-i-den-politiska-vagandeskal-strejken\/\"},\"author\":{\"name\":\"Karoliina \u00d6ystil\u00e4\",\"@id\":\"https:\/\/www.selry.fi\/#\/schema\/person\/4fb0b52ed84c524f0beea95625a21678\"},\"headline\":\"Varf\u00f6r deltar vi i den politiska #V\u00e4gandeSk\u00e4l-strejken?\",\"datePublished\":\"2023-12-13T21:42:32+00:00\",\"dateModified\":\"2023-12-14T10:39:25+00:00\",\"mainEntityOfPage\":{\"@id\":\"https:\/\/www.selry.fi\/sv\/nyheter\/varfor-deltar-vi-i-den-politiska-vagandeskal-strejken\/\"},\"wordCount\":331,\"publisher\":{\"@id\":\"https:\/\/www.selry.fi\/#organization\"},\"image\":{\"@id\":\"https:\/\/www.selry.fi\/sv\/nyheter\/varfor-deltar-vi-i-den-politiska-vagandeskal-strejken\/#primaryimage\"},\"thumbnailUrl\":\"https:\/\/www.selry.fi\/wp-content\/uploads\/2023\/11\/painava-syy-logo-musta-tausta-vagande-skal-svenska.png\",\"articleSection\":[\"Nyheter\"],\"inLanguage\":\"sv-SE\"},{\"@type\":\"WebPage\",\"@id\":\"https:\/\/www.selry.fi\/sv\/nyheter\/varfor-deltar-vi-i-den-politiska-vagandeskal-strejken\/\",\"url\":\"https:\/\/www.selry.fi\/sv\/nyheter\/varfor-deltar-vi-i-den-politiska-vagandeskal-strejken\/\",\"name\":\"Varf\u00f6r deltar vi i den politiska #V\u00e4gandeSk\u00e4l-strejken?\",\"isPartOf\":{\"@id\":\"https:\/\/www.selry.fi\/#website\"},\"primaryImageOfPage\":{\"@id\":\"https:\/\/www.selry.fi\/sv\/nyheter\/varfor-deltar-vi-i-den-politiska-vagandeskal-strejken\/#primaryimage\"},\"image\":{\"@id\":\"https:\/\/www.selry.fi\/sv\/nyheter\/varfor-deltar-vi-i-den-politiska-vagandeskal-strejken\/#primaryimage\"},\"thumbnailUrl\":\"https:\/\/www.selry.fi\/wp-content\/uploads\/2023\/11\/painava-syy-logo-musta-tausta-vagande-skal-svenska.png\",\"datePublished\":\"2023-12-13T21:42:32+00:00\",\"dateModified\":\"2023-12-14T10:39:25+00:00\",\"breadcrumb\":{\"@id\":\"https:\/\/www.selry.fi\/sv\/nyheter\/varfor-deltar-vi-i-den-politiska-vagandeskal-strejken\/#breadcrumb\"},\"inLanguage\":\"sv-SE\",\"potentialAction\":[{\"@type\":\"ReadAction\",\"target\":[\"https:\/\/www.selry.fi\/sv\/nyheter\/varfor-deltar-vi-i-den-politiska-vagandeskal-strejken\/\"]}]},{\"@type\":\"ImageObject\",\"inLanguage\":\"sv-SE\",\"@id\":\"https:\/\/www.selry.fi\/sv\/nyheter\/varfor-deltar-vi-i-den-politiska-vagandeskal-strejken\/#primaryimage\",\"url\":\"https:\/\/www.selry.fi\/wp-content\/uploads\/2023\/11\/painava-syy-logo-musta-tausta-vagande-skal-svenska.png\",\"contentUrl\":\"https:\/\/www.selry.fi\/wp-content\/uploads\/2023\/11\/painava-syy-logo-musta-tausta-vagande-skal-svenska.png\",\"width\":1920,\"height\":1080},{\"@type\":\"BreadcrumbList\",\"@id\":\"https:\/\/www.selry.fi\/sv\/nyheter\/varfor-deltar-vi-i-den-politiska-vagandeskal-strejken\/#breadcrumb\",\"itemListElement\":[{\"@type\":\"ListItem\",\"position\":1,\"name\":\"Home\",\"item\":\"https:\/\/www.selry.fi\/sv\/\"},{\"@type\":\"ListItem\",\"position\":2,\"name\":\"Varf\u00f6r deltar vi i den politiska #V\u00e4gandeSk\u00e4l-strejken?\"}]},{\"@type\":\"WebSite\",\"@id\":\"https:\/\/www.selry.fi\/#website\",\"url\":\"https:\/\/www.selry.fi\/\",\"name\":\"Suomen Elintarvikety\u00f6l\u00e4isten Liitto SEL\",\"description\":\"\",\"publisher\":{\"@id\":\"https:\/\/www.selry.fi\/#organization\"},\"inLanguage\":\"sv-SE\"},{\"@type\":\"Organization\",\"@id\":\"https:\/\/www.selry.fi\/#organization\",\"name\":\"Suomen Elintarvikety\u00f6l\u00e4isten Liitto SEL\",\"url\":\"https:\/\/www.selry.fi\/\",\"logo\":{\"@type\":\"ImageObject\",\"inLanguage\":\"sv-SE\",\"@id\":\"https:\/\/www.selry.fi\/#\/schema\/logo\/image\/\",\"url\":\"https:\/\/www.selry.fi\/wp-content\/uploads\/2021\/05\/logo-sel.svg\",\"contentUrl\":\"https:\/\/www.selry.fi\/wp-content\/uploads\/2021\/05\/logo-sel.svg\",\"width\":453,\"height\":135,\"caption\":\"Suomen Elintarvikety\u00f6l\u00e4isten Liitto SEL\"},\"image\":{\"@id\":\"https:\/\/www.selry.fi\/#\/schema\/logo\/image\/\"},\"sameAs\":[\"https:\/\/www.facebook.com\/selry\",\"https:\/\/x.com\/selryfi\"]},{\"@type\":\"Person\",\"@id\":\"https:\/\/www.selry.fi\/#\/schema\/person\/4fb0b52ed84c524f0beea95625a21678\",\"name\":\"Karoliina \u00d6ystil\u00e4\",\"image\":{\"@type\":\"ImageObject\",\"inLanguage\":\"sv-SE\",\"@id\":\"https:\/\/secure.gravatar.com\/avatar\/8dcb857776c4317075ba571fdc81a06a1f240302e468800d69bf316ef82ac4cd?s=96&d=mm&r=g\",\"url\":\"https:\/\/secure.gravatar.com\/avatar\/8dcb857776c4317075ba571fdc81a06a1f240302e468800d69bf316ef82ac4cd?s=96&d=mm&r=g\",\"contentUrl\":\"https:\/\/secure.gravatar.com\/avatar\/8dcb857776c4317075ba571fdc81a06a1f240302e468800d69bf316ef82ac4cd?s=96&d=mm&r=g\",\"caption\":\"Karoliina \u00d6ystil\u00e4\"}}]}<\/script>\n<!-- \/ Yoast SEO plugin. -->","yoast_head_json":{"title":"Varf\u00f6r deltar vi i den politiska #V\u00e4gandeSk\u00e4l-strejken?","robots":{"index":"index","follow":"follow","max-snippet":"max-snippet:-1","max-image-preview":"max-image-preview:large","max-video-preview":"max-video-preview:-1"},"canonical":"https:\/\/www.selry.fi\/sv\/nyheter\/varfor-deltar-vi-i-den-politiska-vagandeskal-strejken\/","og_locale":"sv_SE","og_type":"article","og_title":"Varf\u00f6r deltar vi i den politiska #V\u00e4gandeSk\u00e4l-strejken?","og_description":"Fackf\u00f6rbunden har #V\u00e4gandeSk\u00e4l att f\u00f6rsvara arbetstagarnas r\u00e4ttigheter och mots\u00e4tta sig regeringen Orpos f\u00f6rslag. 1. Varf\u00f6r deltar vi i den politiska [\u2026] Lue lis\u00e4\u00e4 &raquo;","og_url":"https:\/\/www.selry.fi\/sv\/nyheter\/varfor-deltar-vi-i-den-politiska-vagandeskal-strejken\/","og_site_name":"Suomen Elintarvikety\u00f6l\u00e4isten Liitto SEL","article_publisher":"https:\/\/www.facebook.com\/selry","article_published_time":"2023-12-13T21:42:32+00:00","article_modified_time":"2023-12-14T10:39:25+00:00","og_image":[{"width":1920,"height":1080,"url":"https:\/\/www.selry.fi\/wp-content\/uploads\/2023\/11\/painava-syy-logo-musta-tausta-vagande-skal-svenska.png","type":"image\/png"}],"author":"Karoliina \u00d6ystil\u00e4","twitter_card":"summary_large_image","twitter_creator":"@selryfi","twitter_site":"@selryfi","schema":{"@context":"https:\/\/schema.org","@graph":[{"@type":"Article","@id":"https:\/\/www.selry.fi\/sv\/nyheter\/varfor-deltar-vi-i-den-politiska-vagandeskal-strejken\/#article","isPartOf":{"@id":"https:\/\/www.selry.fi\/sv\/nyheter\/varfor-deltar-vi-i-den-politiska-vagandeskal-strejken\/"},"author":{"name":"Karoliina \u00d6ystil\u00e4","@id":"https:\/\/www.selry.fi\/#\/schema\/person\/4fb0b52ed84c524f0beea95625a21678"},"headline":"Varf\u00f6r deltar vi i den politiska #V\u00e4gandeSk\u00e4l-strejken?","datePublished":"2023-12-13T21:42:32+00:00","dateModified":"2023-12-14T10:39:25+00:00","mainEntityOfPage":{"@id":"https:\/\/www.selry.fi\/sv\/nyheter\/varfor-deltar-vi-i-den-politiska-vagandeskal-strejken\/"},"wordCount":331,"publisher":{"@id":"https:\/\/www.selry.fi\/#organization"},"image":{"@id":"https:\/\/www.selry.fi\/sv\/nyheter\/varfor-deltar-vi-i-den-politiska-vagandeskal-strejken\/#primaryimage"},"thumbnailUrl":"https:\/\/www.selry.fi\/wp-content\/uploads\/2023\/11\/painava-syy-logo-musta-tausta-vagande-skal-svenska.png","articleSection":["Nyheter"],"inLanguage":"sv-SE"},{"@type":"WebPage","@id":"https:\/\/www.selry.fi\/sv\/nyheter\/varfor-deltar-vi-i-den-politiska-vagandeskal-strejken\/","url":"https:\/\/www.selry.fi\/sv\/nyheter\/varfor-deltar-vi-i-den-politiska-vagandeskal-strejken\/","name":"Varf\u00f6r deltar vi i den politiska #V\u00e4gandeSk\u00e4l-strejken?","isPartOf":{"@id":"https:\/\/www.selry.fi\/#website"},"primaryImageOfPage":{"@id":"https:\/\/www.selry.fi\/sv\/nyheter\/varfor-deltar-vi-i-den-politiska-vagandeskal-strejken\/#primaryimage"},"image":{"@id":"https:\/\/www.selry.fi\/sv\/nyheter\/varfor-deltar-vi-i-den-politiska-vagandeskal-strejken\/#primaryimage"},"thumbnailUrl":"https:\/\/www.selry.fi\/wp-content\/uploads\/2023\/11\/painava-syy-logo-musta-tausta-vagande-skal-svenska.png","datePublished":"2023-12-13T21:42:32+00:00","dateModified":"2023-12-14T10:39:25+00:00","breadcrumb":{"@id":"https:\/\/www.selry.fi\/sv\/nyheter\/varfor-deltar-vi-i-den-politiska-vagandeskal-strejken\/#breadcrumb"},"inLanguage":"sv-SE","potentialAction":[{"@type":"ReadAction","target":["https:\/\/www.selry.fi\/sv\/nyheter\/varfor-deltar-vi-i-den-politiska-vagandeskal-strejken\/"]}]},{"@type":"ImageObject","inLanguage":"sv-SE","@id":"https:\/\/www.selry.fi\/sv\/nyheter\/varfor-deltar-vi-i-den-politiska-vagandeskal-strejken\/#primaryimage","url":"https:\/\/www.selry.fi\/wp-content\/uploads\/2023\/11\/painava-syy-logo-musta-tausta-vagande-skal-svenska.png","contentUrl":"https:\/\/www.selry.fi\/wp-content\/uploads\/2023\/11\/painava-syy-logo-musta-tausta-vagande-skal-svenska.png","width":1920,"height":1080},{"@type":"BreadcrumbList","@id":"https:\/\/www.selry.fi\/sv\/nyheter\/varfor-deltar-vi-i-den-politiska-vagandeskal-strejken\/#breadcrumb","itemListElement":[{"@type":"ListItem","position":1,"name":"Home","item":"https:\/\/www.selry.fi\/sv\/"},{"@type":"ListItem","position":2,"name":"Varf\u00f6r deltar vi i den politiska #V\u00e4gandeSk\u00e4l-strejken?"}]},{"@type":"WebSite","@id":"https:\/\/www.selry.fi\/#website","url":"https:\/\/www.selry.fi\/","name":"Suomen Elintarvikety\u00f6l\u00e4isten Liitto SEL","description":"","publisher":{"@id":"https:\/\/www.selry.fi\/#organization"},"inLanguage":"sv-SE"},{"@type":"Organization","@id":"https:\/\/www.selry.fi\/#organization","name":"Suomen Elintarvikety\u00f6l\u00e4isten Liitto SEL","url":"https:\/\/www.selry.fi\/","logo":{"@type":"ImageObject","inLanguage":"sv-SE","@id":"https:\/\/www.selry.fi\/#\/schema\/logo\/image\/","url":"https:\/\/www.selry.fi\/wp-content\/uploads\/2021\/05\/logo-sel.svg","contentUrl":"https:\/\/www.selry.fi\/wp-content\/uploads\/2021\/05\/logo-sel.svg","width":453,"height":135,"caption":"Suomen Elintarvikety\u00f6l\u00e4isten Liitto SEL"},"image":{"@id":"https:\/\/www.selry.fi\/#\/schema\/logo\/image\/"},"sameAs":["https:\/\/www.facebook.com\/selry","https:\/\/x.com\/selryfi"]},{"@type":"Person","@id":"https:\/\/www.selry.fi\/#\/schema\/person\/4fb0b52ed84c524f0beea95625a21678","name":"Karoliina \u00d6ystil\u00e4","image":{"@type":"ImageObject","inLanguage":"sv-SE","@id":"https:\/\/secure.gravatar.com\/avatar\/8dcb857776c4317075ba571fdc81a06a1f240302e468800d69bf316ef82ac4cd?s=96&d=mm&r=g","url":"https:\/\/secure.gravatar.com\/avatar\/8dcb857776c4317075ba571fdc81a06a1f240302e468800d69bf316ef82ac4cd?s=96&d=mm&r=g","contentUrl":"https:\/\/secure.gravatar.com\/avatar\/8dcb857776c4317075ba571fdc81a06a1f240302e468800d69bf316ef82ac4cd?s=96&d=mm&r=g","caption":"Karoliina \u00d6ystil\u00e4"}}]}},"_links":{"self":[{"href":"https:\/\/www.selry.fi\/sv\/wp-json\/wp\/v2\/posts\/13589","targetHints":{"allow":["GET"]}}],"collection":[{"href":"https:\/\/www.selry.fi\/sv\/wp-json\/wp\/v2\/posts"}],"about":[{"href":"https:\/\/www.selry.fi\/sv\/wp-json\/wp\/v2\/types\/post"}],"author":[{"embeddable":true,"href":"https:\/\/www.selry.fi\/sv\/wp-json\/wp\/v2\/users\/4"}],"replies":[{"embeddable":true,"href":"https:\/\/www.selry.fi\/sv\/wp-json\/wp\/v2\/comments?post=13589"}],"version-history":[{"count":0,"href":"https:\/\/www.selry.fi\/sv\/wp-json\/wp\/v2\/posts\/13589\/revisions"}],"wp:featuredmedia":[{"embeddable":true,"href":"https:\/\/www.selry.fi\/sv\/wp-json\/wp\/v2\/media\/13253"}],"wp:attachment":[{"href":"https:\/\/www.selry.fi\/sv\/wp-json\/wp\/v2\/media?parent=13589"}],"wp:term":[{"taxonomy":"category","embeddable":true,"href":"https:\/\/www.selry.fi\/sv\/wp-json\/wp\/v2\/categories?post=13589"},{"taxonomy":"post_tag","embeddable":true,"href":"https:\/\/www.selry.fi\/sv\/wp-json\/wp\/v2\/tags?post=13589"}],"curies":[{"name":"wp","href":"https:\/\/api.w.org\/{rel}","templated":true}]}}