{"id":13503,"date":"2023-12-05T20:22:02","date_gmt":"2023-12-05T18:22:02","guid":{"rendered":"https:\/\/www.selry.fi\/?p=13503"},"modified":"2023-12-05T20:24:31","modified_gmt":"2023-12-05T18:24:31","slug":"vi-fortsatter-forsvara-arbetsvillkoren-och-arbetsloshetsskyddet","status":"publish","type":"post","link":"https:\/\/www.selry.fi\/sv\/blogg\/vi-fortsatter-forsvara-arbetsvillkoren-och-arbetsloshetsskyddet\/","title":{"rendered":"Vi forts\u00e4tter f\u00f6rsvara arbetsvillkoren och arbetsl\u00f6shetsskyddet"},"content":{"rendered":"\n<p>Finlands N\u00e4ringsliv EK:s deklarerar i sin <a href=\"https:\/\/ek.fi\/uudistusvelka\/\" target=\"_blank\" rel=\"noreferrer noopener\">reklamkampanj<\/a> att det \u00e4r dags f\u00f6r \u201dFinland att hinna ikapp de \u00f6vriga nordiska l\u00e4nderna\u201d och skryter \u00f6ver EK:s egna skrivningar i <a href=\"https:\/\/valtioneuvosto.fi\/sv\/regeringar\/regeringsprogrammet#\/\" target=\"_blank\" rel=\"noreferrer noopener\">Orpos regeringsprogram<\/a> om nedsk\u00e4rningar i strejkr\u00e4tten, arbetsvillkoren och arbetsl\u00f6shetsskyddet.<\/p>\n\n\n\n<p>Men faktum \u00e4r trots allt att med de metoder som f\u00f6reskrivs i regeringsprogrammet kommer vi att tappa mark i f\u00f6rh\u00e5llande till de \u00f6vriga nordiska l\u00e4nderna. Regeringsprogrammet inneh\u00e5ller inga balanserande faktorer s\u00e5som \u00e4r fallet i \u00f6vriga nordiska l\u00e4nder, utan endast och enbart \u00e5tg\u00e4rder som st\u00e4rker arbetsgivarnas ensidiga beslutander\u00e4tt och som f\u00f6rsvagar arbetstagarnas st\u00e4llning.<\/p>\n\n\n\n<p>I exempelvis Sverige har arbetstagarna och fackf\u00f6rbunden st\u00f6rre p\u00e5verkningsm\u00f6jligheter p\u00e5 arbetsplatserna \u00e4n vi har i Finland. Om vi sl\u00e4par efter Sverige \u00e4r inte orsaken arbetstagarens \u201df\u00f6r starka\u201d st\u00e4llning p\u00e5 arbetsplatserna i Finland och inte heller fackf\u00f6rbundens \u201df\u00f6r starka\u201d st\u00e4llning i samh\u00e4llet. Inte heller \u00e4r v\u00e5r niv\u00e5 p\u00e5 arbetsl\u00f6shetsskyddet h\u00f6gre \u00e4n i det \u00f6vriga Norden, och de drastiska nedsk\u00e4rningarna av det kan inte motiveras med att vi m\u00e5ste \u201dhinna ifatt\u201d de \u00f6vriga nordiska l\u00e4nderna.<\/p>\n\n\n\n<p>SEL och \u00f6vriga FFC-anslutna f\u00f6rbund har organiserat politiska strejker f\u00f6r att mots\u00e4tta sig regeringen Orpos f\u00f6rsvagningar av strejkr\u00e4tten, arbetsvillkoren och arbetsl\u00f6shetsskyddet. Det \u00e4r groteskt att arbetsgivarorganisationerna, vars valm\u00e5ls\u00e4ttningar om arbetslivet resulterat i direkta skrivningar i regeringsprogrammet nu anklagar oss f\u00f6r att rikta v\u00e5ra strejker mot \u201doskyldiga\u201d f\u00f6retag.<\/p>\n\n\n\n<p>Ocks\u00e5 Livsmedelsindustrif\u00f6rbundet ETL hade i sina m\u00e5l inf\u00f6r valet s\u00e5dana ideologiska krav som ing\u00e5r i regeringsprogrammet om f\u00f6rsvagningar av arbetstagarnas och fackf\u00f6rbundens st\u00e4llning och d\u00e4rf\u00f6r \u00e4r det on\u00f6digt att h\u00e4vda att strejkerna riktas mot oskyldiga f\u00f6retag. Det \u00e4r inte trov\u00e4rdigt att f\u00f6retagsledarna i ETL:s styrelse inte skulle ha underst\u00f6tt sin organisations m\u00e5ls\u00e4ttningar inf\u00f6r riksdagsvalet.<\/p>\n\n\n\n<p>Vi har inga andra m\u00f6jligheter att f\u00f6rs\u00f6ka motverka de f\u00f6rsvagningar som regeringen Orpo driver p\u00e5 \u00e4n att ta till politiska strejker. D\u00e4rf\u00f6r blir vi tvungna att genomf\u00f6ra dem.&nbsp; Till dem, som beskyller oss f\u00f6r att f\u00f6rst\u00f6ra julen om n\u00e5gon enskild produkt r\u00e5kar fattas i butikshyllan kan vi bara konstatera att regeringen med sina nedsk\u00e4rningar av arbetsl\u00f6shetsskyddet och annat socialskydd f\u00f6rst\u00f6r julen f\u00f6r m\u00e5nga finl\u00e4ndare.<\/p>\n\n\n\n<p>I december firades F\u00f6rbundet f\u00f6r Finl\u00e4ndskt Arbete <em><a href=\"https:\/\/suomalainentyo.fi\/teemat\/osta-tyota-suomeen-paiva\/\" target=\"_blank\" rel=\"noreferrer noopener\">K\u00f6p mera jobb \u00e5t finl\u00e4ndarna -dagen<\/a><\/em>, en viktig dag f\u00f6r oss som producerar i hemsk mat. Det \u00e4r oerh\u00f6rt viktigt att p\u00e5minna om hur mycket v\u00e5ra egna val vid butikshyllorna betyder f\u00f6r arbetsplatserna i Finland. L\u00e5t oss allts\u00e5 v\u00e4lja inhemskt ocks\u00e5 till julbordet.<\/p>\n\n\n\n<p>Under julen \u00e4r det sk\u00e4l att gl\u00f6mma vardagens bekymmer f\u00f6r en stund och i st\u00e4llet njuta av julefriden. En God jul och ett b\u00e4ttre nytt \u00e5r till\u00f6nskas alla!<\/p>\n\n\n\n<p><em>Veli-Matti Kuntonen<\/em><br><em>SEL:s f\u00f6rbundsordf\u00f6rande<\/em><\/p>\n","protected":false},"excerpt":{"rendered":"<p>Finlands N\u00e4ringsliv EK:s deklarerar i sin reklamkampanj att det \u00e4r dags f\u00f6r \u201dFinland att hinna ikapp de \u00f6vriga nordiska l\u00e4nderna\u201d [\u2026] <a href=\"https:\/\/www.selry.fi\/sv\/blogg\/vi-fortsatter-forsvara-arbetsvillkoren-och-arbetsloshetsskyddet\/\">Lue lis\u00e4\u00e4 &raquo;<\/a><\/p>\n","protected":false},"author":4,"featured_media":10997,"comment_status":"closed","ping_status":"closed","sticky":false,"template":"","format":"standard","meta":{"_acf_changed":false,"footnotes":""},"categories":[64],"tags":[],"class_list":["post-13503","post","type-post","status-publish","format-standard","has-post-thumbnail","hentry","category-blogg"],"acf":[],"yoast_head":"<!-- This site is optimized with the Yoast SEO plugin v27.2 - https:\/\/yoast.com\/product\/yoast-seo-wordpress\/ -->\n<title>Vi forts\u00e4tter f\u00f6rsvara arbetsvillkoren och arbetsl\u00f6shetsskyddet<\/title>\n<meta name=\"robots\" content=\"index, follow, max-snippet:-1, max-image-preview:large, max-video-preview:-1\" \/>\n<link rel=\"canonical\" href=\"https:\/\/www.selry.fi\/sv\/blogg\/vi-fortsatter-forsvara-arbetsvillkoren-och-arbetsloshetsskyddet\/\" \/>\n<meta property=\"og:locale\" content=\"sv_SE\" \/>\n<meta property=\"og:type\" content=\"article\" \/>\n<meta property=\"og:title\" content=\"Vi forts\u00e4tter f\u00f6rsvara arbetsvillkoren och arbetsl\u00f6shetsskyddet\" \/>\n<meta property=\"og:description\" content=\"Finlands N\u00e4ringsliv EK:s deklarerar i sin reklamkampanj att det \u00e4r dags f\u00f6r \u201dFinland att hinna ikapp de \u00f6vriga nordiska l\u00e4nderna\u201d [\u2026] Lue lis\u00e4\u00e4 &raquo;\" \/>\n<meta property=\"og:url\" content=\"https:\/\/www.selry.fi\/sv\/blogg\/vi-fortsatter-forsvara-arbetsvillkoren-och-arbetsloshetsskyddet\/\" \/>\n<meta property=\"og:site_name\" content=\"Suomen Elintarvikety\u00f6l\u00e4isten Liitto SEL\" \/>\n<meta property=\"article:publisher\" content=\"https:\/\/www.facebook.com\/selry\" \/>\n<meta property=\"article:published_time\" content=\"2023-12-05T18:22:02+00:00\" \/>\n<meta property=\"article:modified_time\" content=\"2023-12-05T18:24:31+00:00\" \/>\n<meta property=\"og:image\" content=\"https:\/\/www.selry.fi\/wp-content\/uploads\/2023\/02\/veli-matti-kuntonen-blogi.jpg\" \/>\n\t<meta property=\"og:image:width\" content=\"1536\" \/>\n\t<meta property=\"og:image:height\" content=\"1148\" \/>\n\t<meta property=\"og:image:type\" content=\"image\/jpeg\" \/>\n<meta name=\"author\" content=\"Karoliina \u00d6ystil\u00e4\" \/>\n<meta name=\"twitter:card\" content=\"summary_large_image\" \/>\n<meta name=\"twitter:creator\" content=\"@selryfi\" \/>\n<meta name=\"twitter:site\" content=\"@selryfi\" \/>\n<script type=\"application\/ld+json\" class=\"yoast-schema-graph\">{\"@context\":\"https:\/\/schema.org\",\"@graph\":[{\"@type\":\"Article\",\"@id\":\"https:\/\/www.selry.fi\/sv\/blogg\/vi-fortsatter-forsvara-arbetsvillkoren-och-arbetsloshetsskyddet\/#article\",\"isPartOf\":{\"@id\":\"https:\/\/www.selry.fi\/sv\/blogg\/vi-fortsatter-forsvara-arbetsvillkoren-och-arbetsloshetsskyddet\/\"},\"author\":{\"name\":\"Karoliina \u00d6ystil\u00e4\",\"@id\":\"https:\/\/www.selry.fi\/#\/schema\/person\/4fb0b52ed84c524f0beea95625a21678\"},\"headline\":\"Vi forts\u00e4tter f\u00f6rsvara arbetsvillkoren och arbetsl\u00f6shetsskyddet\",\"datePublished\":\"2023-12-05T18:22:02+00:00\",\"dateModified\":\"2023-12-05T18:24:31+00:00\",\"mainEntityOfPage\":{\"@id\":\"https:\/\/www.selry.fi\/sv\/blogg\/vi-fortsatter-forsvara-arbetsvillkoren-och-arbetsloshetsskyddet\/\"},\"wordCount\":526,\"publisher\":{\"@id\":\"https:\/\/www.selry.fi\/#organization\"},\"image\":{\"@id\":\"https:\/\/www.selry.fi\/sv\/blogg\/vi-fortsatter-forsvara-arbetsvillkoren-och-arbetsloshetsskyddet\/#primaryimage\"},\"thumbnailUrl\":\"https:\/\/www.selry.fi\/wp-content\/uploads\/2023\/02\/veli-matti-kuntonen-blogi.jpg\",\"articleSection\":[\"Blogg\"],\"inLanguage\":\"sv-SE\"},{\"@type\":\"WebPage\",\"@id\":\"https:\/\/www.selry.fi\/sv\/blogg\/vi-fortsatter-forsvara-arbetsvillkoren-och-arbetsloshetsskyddet\/\",\"url\":\"https:\/\/www.selry.fi\/sv\/blogg\/vi-fortsatter-forsvara-arbetsvillkoren-och-arbetsloshetsskyddet\/\",\"name\":\"Vi forts\u00e4tter f\u00f6rsvara arbetsvillkoren och arbetsl\u00f6shetsskyddet\",\"isPartOf\":{\"@id\":\"https:\/\/www.selry.fi\/#website\"},\"primaryImageOfPage\":{\"@id\":\"https:\/\/www.selry.fi\/sv\/blogg\/vi-fortsatter-forsvara-arbetsvillkoren-och-arbetsloshetsskyddet\/#primaryimage\"},\"image\":{\"@id\":\"https:\/\/www.selry.fi\/sv\/blogg\/vi-fortsatter-forsvara-arbetsvillkoren-och-arbetsloshetsskyddet\/#primaryimage\"},\"thumbnailUrl\":\"https:\/\/www.selry.fi\/wp-content\/uploads\/2023\/02\/veli-matti-kuntonen-blogi.jpg\",\"datePublished\":\"2023-12-05T18:22:02+00:00\",\"dateModified\":\"2023-12-05T18:24:31+00:00\",\"breadcrumb\":{\"@id\":\"https:\/\/www.selry.fi\/sv\/blogg\/vi-fortsatter-forsvara-arbetsvillkoren-och-arbetsloshetsskyddet\/#breadcrumb\"},\"inLanguage\":\"sv-SE\",\"potentialAction\":[{\"@type\":\"ReadAction\",\"target\":[\"https:\/\/www.selry.fi\/sv\/blogg\/vi-fortsatter-forsvara-arbetsvillkoren-och-arbetsloshetsskyddet\/\"]}]},{\"@type\":\"ImageObject\",\"inLanguage\":\"sv-SE\",\"@id\":\"https:\/\/www.selry.fi\/sv\/blogg\/vi-fortsatter-forsvara-arbetsvillkoren-och-arbetsloshetsskyddet\/#primaryimage\",\"url\":\"https:\/\/www.selry.fi\/wp-content\/uploads\/2023\/02\/veli-matti-kuntonen-blogi.jpg\",\"contentUrl\":\"https:\/\/www.selry.fi\/wp-content\/uploads\/2023\/02\/veli-matti-kuntonen-blogi.jpg\",\"width\":1536,\"height\":1148},{\"@type\":\"BreadcrumbList\",\"@id\":\"https:\/\/www.selry.fi\/sv\/blogg\/vi-fortsatter-forsvara-arbetsvillkoren-och-arbetsloshetsskyddet\/#breadcrumb\",\"itemListElement\":[{\"@type\":\"ListItem\",\"position\":1,\"name\":\"Home\",\"item\":\"https:\/\/www.selry.fi\/sv\/\"},{\"@type\":\"ListItem\",\"position\":2,\"name\":\"Vi forts\u00e4tter f\u00f6rsvara arbetsvillkoren och arbetsl\u00f6shetsskyddet\"}]},{\"@type\":\"WebSite\",\"@id\":\"https:\/\/www.selry.fi\/#website\",\"url\":\"https:\/\/www.selry.fi\/\",\"name\":\"Suomen Elintarvikety\u00f6l\u00e4isten Liitto SEL\",\"description\":\"\",\"publisher\":{\"@id\":\"https:\/\/www.selry.fi\/#organization\"},\"inLanguage\":\"sv-SE\"},{\"@type\":\"Organization\",\"@id\":\"https:\/\/www.selry.fi\/#organization\",\"name\":\"Suomen Elintarvikety\u00f6l\u00e4isten Liitto SEL\",\"url\":\"https:\/\/www.selry.fi\/\",\"logo\":{\"@type\":\"ImageObject\",\"inLanguage\":\"sv-SE\",\"@id\":\"https:\/\/www.selry.fi\/#\/schema\/logo\/image\/\",\"url\":\"https:\/\/www.selry.fi\/wp-content\/uploads\/2021\/05\/logo-sel.svg\",\"contentUrl\":\"https:\/\/www.selry.fi\/wp-content\/uploads\/2021\/05\/logo-sel.svg\",\"width\":453,\"height\":135,\"caption\":\"Suomen Elintarvikety\u00f6l\u00e4isten Liitto SEL\"},\"image\":{\"@id\":\"https:\/\/www.selry.fi\/#\/schema\/logo\/image\/\"},\"sameAs\":[\"https:\/\/www.facebook.com\/selry\",\"https:\/\/x.com\/selryfi\"]},{\"@type\":\"Person\",\"@id\":\"https:\/\/www.selry.fi\/#\/schema\/person\/4fb0b52ed84c524f0beea95625a21678\",\"name\":\"Karoliina \u00d6ystil\u00e4\",\"image\":{\"@type\":\"ImageObject\",\"inLanguage\":\"sv-SE\",\"@id\":\"https:\/\/secure.gravatar.com\/avatar\/8dcb857776c4317075ba571fdc81a06a1f240302e468800d69bf316ef82ac4cd?s=96&d=mm&r=g\",\"url\":\"https:\/\/secure.gravatar.com\/avatar\/8dcb857776c4317075ba571fdc81a06a1f240302e468800d69bf316ef82ac4cd?s=96&d=mm&r=g\",\"contentUrl\":\"https:\/\/secure.gravatar.com\/avatar\/8dcb857776c4317075ba571fdc81a06a1f240302e468800d69bf316ef82ac4cd?s=96&d=mm&r=g\",\"caption\":\"Karoliina \u00d6ystil\u00e4\"}}]}<\/script>\n<!-- \/ Yoast SEO plugin. -->","yoast_head_json":{"title":"Vi forts\u00e4tter f\u00f6rsvara arbetsvillkoren och arbetsl\u00f6shetsskyddet","robots":{"index":"index","follow":"follow","max-snippet":"max-snippet:-1","max-image-preview":"max-image-preview:large","max-video-preview":"max-video-preview:-1"},"canonical":"https:\/\/www.selry.fi\/sv\/blogg\/vi-fortsatter-forsvara-arbetsvillkoren-och-arbetsloshetsskyddet\/","og_locale":"sv_SE","og_type":"article","og_title":"Vi forts\u00e4tter f\u00f6rsvara arbetsvillkoren och arbetsl\u00f6shetsskyddet","og_description":"Finlands N\u00e4ringsliv EK:s deklarerar i sin reklamkampanj att det \u00e4r dags f\u00f6r \u201dFinland att hinna ikapp de \u00f6vriga nordiska l\u00e4nderna\u201d [\u2026] Lue lis\u00e4\u00e4 &raquo;","og_url":"https:\/\/www.selry.fi\/sv\/blogg\/vi-fortsatter-forsvara-arbetsvillkoren-och-arbetsloshetsskyddet\/","og_site_name":"Suomen Elintarvikety\u00f6l\u00e4isten Liitto SEL","article_publisher":"https:\/\/www.facebook.com\/selry","article_published_time":"2023-12-05T18:22:02+00:00","article_modified_time":"2023-12-05T18:24:31+00:00","og_image":[{"width":1536,"height":1148,"url":"https:\/\/www.selry.fi\/wp-content\/uploads\/2023\/02\/veli-matti-kuntonen-blogi.jpg","type":"image\/jpeg"}],"author":"Karoliina \u00d6ystil\u00e4","twitter_card":"summary_large_image","twitter_creator":"@selryfi","twitter_site":"@selryfi","schema":{"@context":"https:\/\/schema.org","@graph":[{"@type":"Article","@id":"https:\/\/www.selry.fi\/sv\/blogg\/vi-fortsatter-forsvara-arbetsvillkoren-och-arbetsloshetsskyddet\/#article","isPartOf":{"@id":"https:\/\/www.selry.fi\/sv\/blogg\/vi-fortsatter-forsvara-arbetsvillkoren-och-arbetsloshetsskyddet\/"},"author":{"name":"Karoliina \u00d6ystil\u00e4","@id":"https:\/\/www.selry.fi\/#\/schema\/person\/4fb0b52ed84c524f0beea95625a21678"},"headline":"Vi forts\u00e4tter f\u00f6rsvara arbetsvillkoren och arbetsl\u00f6shetsskyddet","datePublished":"2023-12-05T18:22:02+00:00","dateModified":"2023-12-05T18:24:31+00:00","mainEntityOfPage":{"@id":"https:\/\/www.selry.fi\/sv\/blogg\/vi-fortsatter-forsvara-arbetsvillkoren-och-arbetsloshetsskyddet\/"},"wordCount":526,"publisher":{"@id":"https:\/\/www.selry.fi\/#organization"},"image":{"@id":"https:\/\/www.selry.fi\/sv\/blogg\/vi-fortsatter-forsvara-arbetsvillkoren-och-arbetsloshetsskyddet\/#primaryimage"},"thumbnailUrl":"https:\/\/www.selry.fi\/wp-content\/uploads\/2023\/02\/veli-matti-kuntonen-blogi.jpg","articleSection":["Blogg"],"inLanguage":"sv-SE"},{"@type":"WebPage","@id":"https:\/\/www.selry.fi\/sv\/blogg\/vi-fortsatter-forsvara-arbetsvillkoren-och-arbetsloshetsskyddet\/","url":"https:\/\/www.selry.fi\/sv\/blogg\/vi-fortsatter-forsvara-arbetsvillkoren-och-arbetsloshetsskyddet\/","name":"Vi forts\u00e4tter f\u00f6rsvara arbetsvillkoren och arbetsl\u00f6shetsskyddet","isPartOf":{"@id":"https:\/\/www.selry.fi\/#website"},"primaryImageOfPage":{"@id":"https:\/\/www.selry.fi\/sv\/blogg\/vi-fortsatter-forsvara-arbetsvillkoren-och-arbetsloshetsskyddet\/#primaryimage"},"image":{"@id":"https:\/\/www.selry.fi\/sv\/blogg\/vi-fortsatter-forsvara-arbetsvillkoren-och-arbetsloshetsskyddet\/#primaryimage"},"thumbnailUrl":"https:\/\/www.selry.fi\/wp-content\/uploads\/2023\/02\/veli-matti-kuntonen-blogi.jpg","datePublished":"2023-12-05T18:22:02+00:00","dateModified":"2023-12-05T18:24:31+00:00","breadcrumb":{"@id":"https:\/\/www.selry.fi\/sv\/blogg\/vi-fortsatter-forsvara-arbetsvillkoren-och-arbetsloshetsskyddet\/#breadcrumb"},"inLanguage":"sv-SE","potentialAction":[{"@type":"ReadAction","target":["https:\/\/www.selry.fi\/sv\/blogg\/vi-fortsatter-forsvara-arbetsvillkoren-och-arbetsloshetsskyddet\/"]}]},{"@type":"ImageObject","inLanguage":"sv-SE","@id":"https:\/\/www.selry.fi\/sv\/blogg\/vi-fortsatter-forsvara-arbetsvillkoren-och-arbetsloshetsskyddet\/#primaryimage","url":"https:\/\/www.selry.fi\/wp-content\/uploads\/2023\/02\/veli-matti-kuntonen-blogi.jpg","contentUrl":"https:\/\/www.selry.fi\/wp-content\/uploads\/2023\/02\/veli-matti-kuntonen-blogi.jpg","width":1536,"height":1148},{"@type":"BreadcrumbList","@id":"https:\/\/www.selry.fi\/sv\/blogg\/vi-fortsatter-forsvara-arbetsvillkoren-och-arbetsloshetsskyddet\/#breadcrumb","itemListElement":[{"@type":"ListItem","position":1,"name":"Home","item":"https:\/\/www.selry.fi\/sv\/"},{"@type":"ListItem","position":2,"name":"Vi forts\u00e4tter f\u00f6rsvara arbetsvillkoren och arbetsl\u00f6shetsskyddet"}]},{"@type":"WebSite","@id":"https:\/\/www.selry.fi\/#website","url":"https:\/\/www.selry.fi\/","name":"Suomen Elintarvikety\u00f6l\u00e4isten Liitto SEL","description":"","publisher":{"@id":"https:\/\/www.selry.fi\/#organization"},"inLanguage":"sv-SE"},{"@type":"Organization","@id":"https:\/\/www.selry.fi\/#organization","name":"Suomen Elintarvikety\u00f6l\u00e4isten Liitto SEL","url":"https:\/\/www.selry.fi\/","logo":{"@type":"ImageObject","inLanguage":"sv-SE","@id":"https:\/\/www.selry.fi\/#\/schema\/logo\/image\/","url":"https:\/\/www.selry.fi\/wp-content\/uploads\/2021\/05\/logo-sel.svg","contentUrl":"https:\/\/www.selry.fi\/wp-content\/uploads\/2021\/05\/logo-sel.svg","width":453,"height":135,"caption":"Suomen Elintarvikety\u00f6l\u00e4isten Liitto SEL"},"image":{"@id":"https:\/\/www.selry.fi\/#\/schema\/logo\/image\/"},"sameAs":["https:\/\/www.facebook.com\/selry","https:\/\/x.com\/selryfi"]},{"@type":"Person","@id":"https:\/\/www.selry.fi\/#\/schema\/person\/4fb0b52ed84c524f0beea95625a21678","name":"Karoliina \u00d6ystil\u00e4","image":{"@type":"ImageObject","inLanguage":"sv-SE","@id":"https:\/\/secure.gravatar.com\/avatar\/8dcb857776c4317075ba571fdc81a06a1f240302e468800d69bf316ef82ac4cd?s=96&d=mm&r=g","url":"https:\/\/secure.gravatar.com\/avatar\/8dcb857776c4317075ba571fdc81a06a1f240302e468800d69bf316ef82ac4cd?s=96&d=mm&r=g","contentUrl":"https:\/\/secure.gravatar.com\/avatar\/8dcb857776c4317075ba571fdc81a06a1f240302e468800d69bf316ef82ac4cd?s=96&d=mm&r=g","caption":"Karoliina \u00d6ystil\u00e4"}}]}},"_links":{"self":[{"href":"https:\/\/www.selry.fi\/sv\/wp-json\/wp\/v2\/posts\/13503","targetHints":{"allow":["GET"]}}],"collection":[{"href":"https:\/\/www.selry.fi\/sv\/wp-json\/wp\/v2\/posts"}],"about":[{"href":"https:\/\/www.selry.fi\/sv\/wp-json\/wp\/v2\/types\/post"}],"author":[{"embeddable":true,"href":"https:\/\/www.selry.fi\/sv\/wp-json\/wp\/v2\/users\/4"}],"replies":[{"embeddable":true,"href":"https:\/\/www.selry.fi\/sv\/wp-json\/wp\/v2\/comments?post=13503"}],"version-history":[{"count":0,"href":"https:\/\/www.selry.fi\/sv\/wp-json\/wp\/v2\/posts\/13503\/revisions"}],"wp:featuredmedia":[{"embeddable":true,"href":"https:\/\/www.selry.fi\/sv\/wp-json\/wp\/v2\/media\/10997"}],"wp:attachment":[{"href":"https:\/\/www.selry.fi\/sv\/wp-json\/wp\/v2\/media?parent=13503"}],"wp:term":[{"taxonomy":"category","embeddable":true,"href":"https:\/\/www.selry.fi\/sv\/wp-json\/wp\/v2\/categories?post=13503"},{"taxonomy":"post_tag","embeddable":true,"href":"https:\/\/www.selry.fi\/sv\/wp-json\/wp\/v2\/tags?post=13503"}],"curies":[{"name":"wp","href":"https:\/\/api.w.org\/{rel}","templated":true}]}}