{"id":13257,"date":"2023-11-08T18:39:00","date_gmt":"2023-11-08T16:39:00","guid":{"rendered":"https:\/\/www.selry.fi\/?p=13257"},"modified":"2023-11-13T21:43:58","modified_gmt":"2023-11-13T19:43:58","slug":"narmare-6000-arbetstagare-i-livsmedelsbranschen-forsvarar-med-en-politisk-strejk-arbetsvillkoren-strejkratten-och-arbetsloshetsskyddet","status":"publish","type":"post","link":"https:\/\/www.selry.fi\/sv\/nyheter\/narmare-6000-arbetstagare-i-livsmedelsbranschen-forsvarar-med-en-politisk-strejk-arbetsvillkoren-strejkratten-och-arbetsloshetsskyddet\/","title":{"rendered":"N\u00e4rmare 6000 arbetstagare i livsmedelsbranschen f\u00f6rsvarar med en politisk strejk arbetsvillkoren, strejkr\u00e4tten och arbetsl\u00f6shetsskyddet"},"content":{"rendered":"\n<p class=\"has-ingressi-font-size\">Livsmedelsbranschens arbetstagare mots\u00e4tter sig med sin politiska strejk de f\u00f6rsvagningar av arbetstagarnas arbetsvillkor och strejkr\u00e4tt samt nedsk\u00e4rningar i arbetsl\u00f6shetsskyddet som regeringen Orpo driver p\u00e5.<\/p>\n\n\n\n<p>Finlands Livsmedelsarbetaref\u00f6rbund SEL inleder politiska strejker p\u00e5 livsmedelsbranschens arbetsplatser f\u00f6r att uppmana regeringen <strong>Petteri Orpo<\/strong> att avst\u00e5 fr\u00e5n sina f\u00f6rsvagningsf\u00f6rslag riktade mot arbetstagarna. Under de en eller tv\u00e5 dygn l\u00e5nga politiska strejkerna i n\u00e4sta vecka deltar 15 av livsmedelsbranschens arbetsplatser och cirka 4000 arbetstagare. Senare i november ansluter sig fler arbetsplatser i livsmedelsbranschen och cirka 2000 arbetstagare till strejken, vilket inneb\u00e4r att sammantaget n\u00e4rmare 6000 arbetstagare i livsmedelsbranschen deltar i strejken under november.<\/p>\n\n\n\n<p>Livsmedelsbranschens arbetstagare mots\u00e4tter sig med sin politiska strejk de f\u00f6rsvagningar av arbetstagarnas arbetsvillkor och strejkr\u00e4tt samt nedsk\u00e4rningar i arbetsl\u00f6shetsskyddet som regeringen Orpo driver p\u00e5 och kr\u00e4ver att regeringen avst\u00e5r fr\u00e5n sina f\u00f6rsvagningsf\u00f6rslag.<\/p>\n\n\n\n<p>\u2013 Regeringen Orpos str\u00e4van \u00e4r att f\u00f6rsvaga arbetstagarens st\u00e4llning p\u00e5 arbetsplatsen och arbetstagarnas fackf\u00f6rbunds st\u00e4llning i samh\u00e4llet. Regeringens m\u00e5l \u00e4r inte att p\u00e5 n\u00e5got plan, inte lokalt, inte p\u00e5 f\u00f6rbundsniv\u00e5 \u00f6ka avtalandet. Avsikten \u00e4r entydigt att \u00f6ka arbetsgivarnas ensidiga beslutander\u00e4tt p\u00e5 arbetsplatsen. Det h\u00e4r kan vi inte acceptera. Eftersom regeringen inte lyssnar till vad vi s\u00e4ger \u00e4r vi tvungna att f\u00f6rsvara arbetstagarnas r\u00e4ttigheter med politiska strejker, s\u00e4ger SEL:s ordf\u00f6rande <strong>Veli-Matti Kuntonen<\/strong>.<\/p>\n\n\n\n<p>I den politiska strejken under november deltar n\u00e4rmare var fj\u00e4rde arbetstagare i livsmedelsbranschens f\u00f6retag som omfattas av SEL:s kollektivavtal. Strejken g\u00e4ller allt arbete p\u00e5 arbetsplatsen underst\u00e4llt SEL:s kollektivavtal, f\u00f6rutom eventuellt n\u00f6darbete.<\/p>\n\n\n\n<p>SEL:s politiska strejker ing\u00e5r som en del av de FFC-anslutna fackf\u00f6rbundens gemensamma <a href=\"https:\/\/www.sak.fi\/sv\/vagande-skal\" target=\"_blank\" rel=\"noreferrer noopener\">#V\u00e4gandeSk\u00e4l-kampanj<\/a> till f\u00f6rsvar f\u00f6r arbetstagarna mot regeringens ensidiga f\u00f6rsvagningsf\u00f6rslag. SEL \u00e4r redo att, tillsammans med andra fackf\u00f6rbund forts\u00e4tta och utvidga de politiska strejkerna om regeringen inte avst\u00e5r fr\u00e5n sina f\u00f6rsvagningsf\u00f6rslag.<\/p>\n\n\n\n<p>\u2013 Den betydande begr\u00e4nsning av strejkr\u00e4tten som regeringen driver p\u00e5 \u00e4r nyckeln till att komma \u00e5t att f\u00f6rsvaga v\u00e5ra arbetsvillkor och skrota v\u00e5rt arbetsl\u00f6shetsskydd, d\u00e4rf\u00f6r m\u00e5ste vi med alla medel f\u00f6rs\u00f6ka motarbeta detta, konstaterar Kuntonen.<\/p>\n\n\n\n<p><em>L\u00e4s mer: <a href=\"http:\/\/www.selry.fi\/lakko\">www.selry.fi\/lakko<\/a><\/em><\/p>\n","protected":false},"excerpt":{"rendered":"<p>Livsmedelsbranschens arbetstagare mots\u00e4tter sig med sin politiska strejk de f\u00f6rsvagningar av arbetstagarnas arbetsvillkor och strejkr\u00e4tt samt nedsk\u00e4rningar i arbetsl\u00f6shetsskyddet som [\u2026] <a href=\"https:\/\/www.selry.fi\/sv\/nyheter\/narmare-6000-arbetstagare-i-livsmedelsbranschen-forsvarar-med-en-politisk-strejk-arbetsvillkoren-strejkratten-och-arbetsloshetsskyddet\/\">Lue lis\u00e4\u00e4 &raquo;<\/a><\/p>\n","protected":false},"author":4,"featured_media":13253,"comment_status":"closed","ping_status":"closed","sticky":false,"template":"","format":"standard","meta":{"_acf_changed":false,"footnotes":""},"categories":[26],"tags":[],"class_list":["post-13257","post","type-post","status-publish","format-standard","has-post-thumbnail","hentry","category-nyheter"],"acf":[],"yoast_head":"<!-- This site is optimized with the Yoast SEO plugin v27.2 - https:\/\/yoast.com\/product\/yoast-seo-wordpress\/ -->\n<title>N\u00e4rmare 6000 arbetstagare i livsmedelsbranschen f\u00f6rsvarar med en politisk strejk arbetsvillkoren, strejkr\u00e4tten och arbetsl\u00f6shetsskyddet<\/title>\n<meta name=\"robots\" content=\"index, follow, max-snippet:-1, max-image-preview:large, max-video-preview:-1\" \/>\n<link rel=\"canonical\" href=\"https:\/\/www.selry.fi\/sv\/nyheter\/narmare-6000-arbetstagare-i-livsmedelsbranschen-forsvarar-med-en-politisk-strejk-arbetsvillkoren-strejkratten-och-arbetsloshetsskyddet\/\" \/>\n<meta property=\"og:locale\" content=\"sv_SE\" \/>\n<meta property=\"og:type\" content=\"article\" \/>\n<meta property=\"og:title\" content=\"N\u00e4rmare 6000 arbetstagare i livsmedelsbranschen f\u00f6rsvarar med en politisk strejk arbetsvillkoren, strejkr\u00e4tten och arbetsl\u00f6shetsskyddet\" \/>\n<meta property=\"og:description\" content=\"Livsmedelsbranschens arbetstagare mots\u00e4tter sig med sin politiska strejk de f\u00f6rsvagningar av arbetstagarnas arbetsvillkor och strejkr\u00e4tt samt nedsk\u00e4rningar i arbetsl\u00f6shetsskyddet som [\u2026] Lue lis\u00e4\u00e4 &raquo;\" \/>\n<meta property=\"og:url\" content=\"https:\/\/www.selry.fi\/sv\/nyheter\/narmare-6000-arbetstagare-i-livsmedelsbranschen-forsvarar-med-en-politisk-strejk-arbetsvillkoren-strejkratten-och-arbetsloshetsskyddet\/\" \/>\n<meta property=\"og:site_name\" content=\"Suomen Elintarvikety\u00f6l\u00e4isten Liitto SEL\" \/>\n<meta property=\"article:publisher\" content=\"https:\/\/www.facebook.com\/selry\" \/>\n<meta property=\"article:published_time\" content=\"2023-11-08T16:39:00+00:00\" \/>\n<meta property=\"article:modified_time\" content=\"2023-11-13T19:43:58+00:00\" \/>\n<meta property=\"og:image\" content=\"https:\/\/www.selry.fi\/wp-content\/uploads\/2023\/11\/painava-syy-logo-musta-tausta-vagande-skal-svenska.png\" \/>\n\t<meta property=\"og:image:width\" content=\"1920\" \/>\n\t<meta property=\"og:image:height\" content=\"1080\" \/>\n\t<meta property=\"og:image:type\" content=\"image\/png\" \/>\n<meta name=\"author\" content=\"Karoliina \u00d6ystil\u00e4\" \/>\n<meta name=\"twitter:card\" content=\"summary_large_image\" \/>\n<meta name=\"twitter:creator\" content=\"@selryfi\" \/>\n<meta name=\"twitter:site\" content=\"@selryfi\" \/>\n<script type=\"application\/ld+json\" class=\"yoast-schema-graph\">{\"@context\":\"https:\/\/schema.org\",\"@graph\":[{\"@type\":\"Article\",\"@id\":\"https:\/\/www.selry.fi\/sv\/nyheter\/narmare-6000-arbetstagare-i-livsmedelsbranschen-forsvarar-med-en-politisk-strejk-arbetsvillkoren-strejkratten-och-arbetsloshetsskyddet\/#article\",\"isPartOf\":{\"@id\":\"https:\/\/www.selry.fi\/sv\/nyheter\/narmare-6000-arbetstagare-i-livsmedelsbranschen-forsvarar-med-en-politisk-strejk-arbetsvillkoren-strejkratten-och-arbetsloshetsskyddet\/\"},\"author\":{\"name\":\"Karoliina \u00d6ystil\u00e4\",\"@id\":\"https:\/\/www.selry.fi\/#\/schema\/person\/4fb0b52ed84c524f0beea95625a21678\"},\"headline\":\"N\u00e4rmare 6000 arbetstagare i livsmedelsbranschen f\u00f6rsvarar med en politisk strejk arbetsvillkoren, strejkr\u00e4tten och arbetsl\u00f6shetsskyddet\",\"datePublished\":\"2023-11-08T16:39:00+00:00\",\"dateModified\":\"2023-11-13T19:43:58+00:00\",\"mainEntityOfPage\":{\"@id\":\"https:\/\/www.selry.fi\/sv\/nyheter\/narmare-6000-arbetstagare-i-livsmedelsbranschen-forsvarar-med-en-politisk-strejk-arbetsvillkoren-strejkratten-och-arbetsloshetsskyddet\/\"},\"wordCount\":402,\"publisher\":{\"@id\":\"https:\/\/www.selry.fi\/#organization\"},\"image\":{\"@id\":\"https:\/\/www.selry.fi\/sv\/nyheter\/narmare-6000-arbetstagare-i-livsmedelsbranschen-forsvarar-med-en-politisk-strejk-arbetsvillkoren-strejkratten-och-arbetsloshetsskyddet\/#primaryimage\"},\"thumbnailUrl\":\"https:\/\/www.selry.fi\/wp-content\/uploads\/2023\/11\/painava-syy-logo-musta-tausta-vagande-skal-svenska.png\",\"articleSection\":[\"Nyheter\"],\"inLanguage\":\"sv-SE\"},{\"@type\":\"WebPage\",\"@id\":\"https:\/\/www.selry.fi\/sv\/nyheter\/narmare-6000-arbetstagare-i-livsmedelsbranschen-forsvarar-med-en-politisk-strejk-arbetsvillkoren-strejkratten-och-arbetsloshetsskyddet\/\",\"url\":\"https:\/\/www.selry.fi\/sv\/nyheter\/narmare-6000-arbetstagare-i-livsmedelsbranschen-forsvarar-med-en-politisk-strejk-arbetsvillkoren-strejkratten-och-arbetsloshetsskyddet\/\",\"name\":\"N\u00e4rmare 6000 arbetstagare i livsmedelsbranschen f\u00f6rsvarar med en politisk strejk arbetsvillkoren, strejkr\u00e4tten och arbetsl\u00f6shetsskyddet\",\"isPartOf\":{\"@id\":\"https:\/\/www.selry.fi\/#website\"},\"primaryImageOfPage\":{\"@id\":\"https:\/\/www.selry.fi\/sv\/nyheter\/narmare-6000-arbetstagare-i-livsmedelsbranschen-forsvarar-med-en-politisk-strejk-arbetsvillkoren-strejkratten-och-arbetsloshetsskyddet\/#primaryimage\"},\"image\":{\"@id\":\"https:\/\/www.selry.fi\/sv\/nyheter\/narmare-6000-arbetstagare-i-livsmedelsbranschen-forsvarar-med-en-politisk-strejk-arbetsvillkoren-strejkratten-och-arbetsloshetsskyddet\/#primaryimage\"},\"thumbnailUrl\":\"https:\/\/www.selry.fi\/wp-content\/uploads\/2023\/11\/painava-syy-logo-musta-tausta-vagande-skal-svenska.png\",\"datePublished\":\"2023-11-08T16:39:00+00:00\",\"dateModified\":\"2023-11-13T19:43:58+00:00\",\"breadcrumb\":{\"@id\":\"https:\/\/www.selry.fi\/sv\/nyheter\/narmare-6000-arbetstagare-i-livsmedelsbranschen-forsvarar-med-en-politisk-strejk-arbetsvillkoren-strejkratten-och-arbetsloshetsskyddet\/#breadcrumb\"},\"inLanguage\":\"sv-SE\",\"potentialAction\":[{\"@type\":\"ReadAction\",\"target\":[\"https:\/\/www.selry.fi\/sv\/nyheter\/narmare-6000-arbetstagare-i-livsmedelsbranschen-forsvarar-med-en-politisk-strejk-arbetsvillkoren-strejkratten-och-arbetsloshetsskyddet\/\"]}]},{\"@type\":\"ImageObject\",\"inLanguage\":\"sv-SE\",\"@id\":\"https:\/\/www.selry.fi\/sv\/nyheter\/narmare-6000-arbetstagare-i-livsmedelsbranschen-forsvarar-med-en-politisk-strejk-arbetsvillkoren-strejkratten-och-arbetsloshetsskyddet\/#primaryimage\",\"url\":\"https:\/\/www.selry.fi\/wp-content\/uploads\/2023\/11\/painava-syy-logo-musta-tausta-vagande-skal-svenska.png\",\"contentUrl\":\"https:\/\/www.selry.fi\/wp-content\/uploads\/2023\/11\/painava-syy-logo-musta-tausta-vagande-skal-svenska.png\",\"width\":1920,\"height\":1080},{\"@type\":\"BreadcrumbList\",\"@id\":\"https:\/\/www.selry.fi\/sv\/nyheter\/narmare-6000-arbetstagare-i-livsmedelsbranschen-forsvarar-med-en-politisk-strejk-arbetsvillkoren-strejkratten-och-arbetsloshetsskyddet\/#breadcrumb\",\"itemListElement\":[{\"@type\":\"ListItem\",\"position\":1,\"name\":\"Home\",\"item\":\"https:\/\/www.selry.fi\/sv\/\"},{\"@type\":\"ListItem\",\"position\":2,\"name\":\"N\u00e4rmare 6000 arbetstagare i livsmedelsbranschen f\u00f6rsvarar med en politisk strejk arbetsvillkoren, strejkr\u00e4tten och arbetsl\u00f6shetsskyddet\"}]},{\"@type\":\"WebSite\",\"@id\":\"https:\/\/www.selry.fi\/#website\",\"url\":\"https:\/\/www.selry.fi\/\",\"name\":\"Suomen Elintarvikety\u00f6l\u00e4isten Liitto SEL\",\"description\":\"\",\"publisher\":{\"@id\":\"https:\/\/www.selry.fi\/#organization\"},\"inLanguage\":\"sv-SE\"},{\"@type\":\"Organization\",\"@id\":\"https:\/\/www.selry.fi\/#organization\",\"name\":\"Suomen Elintarvikety\u00f6l\u00e4isten Liitto SEL\",\"url\":\"https:\/\/www.selry.fi\/\",\"logo\":{\"@type\":\"ImageObject\",\"inLanguage\":\"sv-SE\",\"@id\":\"https:\/\/www.selry.fi\/#\/schema\/logo\/image\/\",\"url\":\"https:\/\/www.selry.fi\/wp-content\/uploads\/2021\/05\/logo-sel.svg\",\"contentUrl\":\"https:\/\/www.selry.fi\/wp-content\/uploads\/2021\/05\/logo-sel.svg\",\"width\":453,\"height\":135,\"caption\":\"Suomen Elintarvikety\u00f6l\u00e4isten Liitto SEL\"},\"image\":{\"@id\":\"https:\/\/www.selry.fi\/#\/schema\/logo\/image\/\"},\"sameAs\":[\"https:\/\/www.facebook.com\/selry\",\"https:\/\/x.com\/selryfi\"]},{\"@type\":\"Person\",\"@id\":\"https:\/\/www.selry.fi\/#\/schema\/person\/4fb0b52ed84c524f0beea95625a21678\",\"name\":\"Karoliina \u00d6ystil\u00e4\",\"image\":{\"@type\":\"ImageObject\",\"inLanguage\":\"sv-SE\",\"@id\":\"https:\/\/secure.gravatar.com\/avatar\/8dcb857776c4317075ba571fdc81a06a1f240302e468800d69bf316ef82ac4cd?s=96&d=mm&r=g\",\"url\":\"https:\/\/secure.gravatar.com\/avatar\/8dcb857776c4317075ba571fdc81a06a1f240302e468800d69bf316ef82ac4cd?s=96&d=mm&r=g\",\"contentUrl\":\"https:\/\/secure.gravatar.com\/avatar\/8dcb857776c4317075ba571fdc81a06a1f240302e468800d69bf316ef82ac4cd?s=96&d=mm&r=g\",\"caption\":\"Karoliina \u00d6ystil\u00e4\"}}]}<\/script>\n<!-- \/ Yoast SEO plugin. -->","yoast_head_json":{"title":"N\u00e4rmare 6000 arbetstagare i livsmedelsbranschen f\u00f6rsvarar med en politisk strejk arbetsvillkoren, strejkr\u00e4tten och arbetsl\u00f6shetsskyddet","robots":{"index":"index","follow":"follow","max-snippet":"max-snippet:-1","max-image-preview":"max-image-preview:large","max-video-preview":"max-video-preview:-1"},"canonical":"https:\/\/www.selry.fi\/sv\/nyheter\/narmare-6000-arbetstagare-i-livsmedelsbranschen-forsvarar-med-en-politisk-strejk-arbetsvillkoren-strejkratten-och-arbetsloshetsskyddet\/","og_locale":"sv_SE","og_type":"article","og_title":"N\u00e4rmare 6000 arbetstagare i livsmedelsbranschen f\u00f6rsvarar med en politisk strejk arbetsvillkoren, strejkr\u00e4tten och arbetsl\u00f6shetsskyddet","og_description":"Livsmedelsbranschens arbetstagare mots\u00e4tter sig med sin politiska strejk de f\u00f6rsvagningar av arbetstagarnas arbetsvillkor och strejkr\u00e4tt samt nedsk\u00e4rningar i arbetsl\u00f6shetsskyddet som [\u2026] Lue lis\u00e4\u00e4 &raquo;","og_url":"https:\/\/www.selry.fi\/sv\/nyheter\/narmare-6000-arbetstagare-i-livsmedelsbranschen-forsvarar-med-en-politisk-strejk-arbetsvillkoren-strejkratten-och-arbetsloshetsskyddet\/","og_site_name":"Suomen Elintarvikety\u00f6l\u00e4isten Liitto SEL","article_publisher":"https:\/\/www.facebook.com\/selry","article_published_time":"2023-11-08T16:39:00+00:00","article_modified_time":"2023-11-13T19:43:58+00:00","og_image":[{"width":1920,"height":1080,"url":"https:\/\/www.selry.fi\/wp-content\/uploads\/2023\/11\/painava-syy-logo-musta-tausta-vagande-skal-svenska.png","type":"image\/png"}],"author":"Karoliina \u00d6ystil\u00e4","twitter_card":"summary_large_image","twitter_creator":"@selryfi","twitter_site":"@selryfi","schema":{"@context":"https:\/\/schema.org","@graph":[{"@type":"Article","@id":"https:\/\/www.selry.fi\/sv\/nyheter\/narmare-6000-arbetstagare-i-livsmedelsbranschen-forsvarar-med-en-politisk-strejk-arbetsvillkoren-strejkratten-och-arbetsloshetsskyddet\/#article","isPartOf":{"@id":"https:\/\/www.selry.fi\/sv\/nyheter\/narmare-6000-arbetstagare-i-livsmedelsbranschen-forsvarar-med-en-politisk-strejk-arbetsvillkoren-strejkratten-och-arbetsloshetsskyddet\/"},"author":{"name":"Karoliina \u00d6ystil\u00e4","@id":"https:\/\/www.selry.fi\/#\/schema\/person\/4fb0b52ed84c524f0beea95625a21678"},"headline":"N\u00e4rmare 6000 arbetstagare i livsmedelsbranschen f\u00f6rsvarar med en politisk strejk arbetsvillkoren, strejkr\u00e4tten och arbetsl\u00f6shetsskyddet","datePublished":"2023-11-08T16:39:00+00:00","dateModified":"2023-11-13T19:43:58+00:00","mainEntityOfPage":{"@id":"https:\/\/www.selry.fi\/sv\/nyheter\/narmare-6000-arbetstagare-i-livsmedelsbranschen-forsvarar-med-en-politisk-strejk-arbetsvillkoren-strejkratten-och-arbetsloshetsskyddet\/"},"wordCount":402,"publisher":{"@id":"https:\/\/www.selry.fi\/#organization"},"image":{"@id":"https:\/\/www.selry.fi\/sv\/nyheter\/narmare-6000-arbetstagare-i-livsmedelsbranschen-forsvarar-med-en-politisk-strejk-arbetsvillkoren-strejkratten-och-arbetsloshetsskyddet\/#primaryimage"},"thumbnailUrl":"https:\/\/www.selry.fi\/wp-content\/uploads\/2023\/11\/painava-syy-logo-musta-tausta-vagande-skal-svenska.png","articleSection":["Nyheter"],"inLanguage":"sv-SE"},{"@type":"WebPage","@id":"https:\/\/www.selry.fi\/sv\/nyheter\/narmare-6000-arbetstagare-i-livsmedelsbranschen-forsvarar-med-en-politisk-strejk-arbetsvillkoren-strejkratten-och-arbetsloshetsskyddet\/","url":"https:\/\/www.selry.fi\/sv\/nyheter\/narmare-6000-arbetstagare-i-livsmedelsbranschen-forsvarar-med-en-politisk-strejk-arbetsvillkoren-strejkratten-och-arbetsloshetsskyddet\/","name":"N\u00e4rmare 6000 arbetstagare i livsmedelsbranschen f\u00f6rsvarar med en politisk strejk arbetsvillkoren, strejkr\u00e4tten och arbetsl\u00f6shetsskyddet","isPartOf":{"@id":"https:\/\/www.selry.fi\/#website"},"primaryImageOfPage":{"@id":"https:\/\/www.selry.fi\/sv\/nyheter\/narmare-6000-arbetstagare-i-livsmedelsbranschen-forsvarar-med-en-politisk-strejk-arbetsvillkoren-strejkratten-och-arbetsloshetsskyddet\/#primaryimage"},"image":{"@id":"https:\/\/www.selry.fi\/sv\/nyheter\/narmare-6000-arbetstagare-i-livsmedelsbranschen-forsvarar-med-en-politisk-strejk-arbetsvillkoren-strejkratten-och-arbetsloshetsskyddet\/#primaryimage"},"thumbnailUrl":"https:\/\/www.selry.fi\/wp-content\/uploads\/2023\/11\/painava-syy-logo-musta-tausta-vagande-skal-svenska.png","datePublished":"2023-11-08T16:39:00+00:00","dateModified":"2023-11-13T19:43:58+00:00","breadcrumb":{"@id":"https:\/\/www.selry.fi\/sv\/nyheter\/narmare-6000-arbetstagare-i-livsmedelsbranschen-forsvarar-med-en-politisk-strejk-arbetsvillkoren-strejkratten-och-arbetsloshetsskyddet\/#breadcrumb"},"inLanguage":"sv-SE","potentialAction":[{"@type":"ReadAction","target":["https:\/\/www.selry.fi\/sv\/nyheter\/narmare-6000-arbetstagare-i-livsmedelsbranschen-forsvarar-med-en-politisk-strejk-arbetsvillkoren-strejkratten-och-arbetsloshetsskyddet\/"]}]},{"@type":"ImageObject","inLanguage":"sv-SE","@id":"https:\/\/www.selry.fi\/sv\/nyheter\/narmare-6000-arbetstagare-i-livsmedelsbranschen-forsvarar-med-en-politisk-strejk-arbetsvillkoren-strejkratten-och-arbetsloshetsskyddet\/#primaryimage","url":"https:\/\/www.selry.fi\/wp-content\/uploads\/2023\/11\/painava-syy-logo-musta-tausta-vagande-skal-svenska.png","contentUrl":"https:\/\/www.selry.fi\/wp-content\/uploads\/2023\/11\/painava-syy-logo-musta-tausta-vagande-skal-svenska.png","width":1920,"height":1080},{"@type":"BreadcrumbList","@id":"https:\/\/www.selry.fi\/sv\/nyheter\/narmare-6000-arbetstagare-i-livsmedelsbranschen-forsvarar-med-en-politisk-strejk-arbetsvillkoren-strejkratten-och-arbetsloshetsskyddet\/#breadcrumb","itemListElement":[{"@type":"ListItem","position":1,"name":"Home","item":"https:\/\/www.selry.fi\/sv\/"},{"@type":"ListItem","position":2,"name":"N\u00e4rmare 6000 arbetstagare i livsmedelsbranschen f\u00f6rsvarar med en politisk strejk arbetsvillkoren, strejkr\u00e4tten och arbetsl\u00f6shetsskyddet"}]},{"@type":"WebSite","@id":"https:\/\/www.selry.fi\/#website","url":"https:\/\/www.selry.fi\/","name":"Suomen Elintarvikety\u00f6l\u00e4isten Liitto SEL","description":"","publisher":{"@id":"https:\/\/www.selry.fi\/#organization"},"inLanguage":"sv-SE"},{"@type":"Organization","@id":"https:\/\/www.selry.fi\/#organization","name":"Suomen Elintarvikety\u00f6l\u00e4isten Liitto SEL","url":"https:\/\/www.selry.fi\/","logo":{"@type":"ImageObject","inLanguage":"sv-SE","@id":"https:\/\/www.selry.fi\/#\/schema\/logo\/image\/","url":"https:\/\/www.selry.fi\/wp-content\/uploads\/2021\/05\/logo-sel.svg","contentUrl":"https:\/\/www.selry.fi\/wp-content\/uploads\/2021\/05\/logo-sel.svg","width":453,"height":135,"caption":"Suomen Elintarvikety\u00f6l\u00e4isten Liitto SEL"},"image":{"@id":"https:\/\/www.selry.fi\/#\/schema\/logo\/image\/"},"sameAs":["https:\/\/www.facebook.com\/selry","https:\/\/x.com\/selryfi"]},{"@type":"Person","@id":"https:\/\/www.selry.fi\/#\/schema\/person\/4fb0b52ed84c524f0beea95625a21678","name":"Karoliina \u00d6ystil\u00e4","image":{"@type":"ImageObject","inLanguage":"sv-SE","@id":"https:\/\/secure.gravatar.com\/avatar\/8dcb857776c4317075ba571fdc81a06a1f240302e468800d69bf316ef82ac4cd?s=96&d=mm&r=g","url":"https:\/\/secure.gravatar.com\/avatar\/8dcb857776c4317075ba571fdc81a06a1f240302e468800d69bf316ef82ac4cd?s=96&d=mm&r=g","contentUrl":"https:\/\/secure.gravatar.com\/avatar\/8dcb857776c4317075ba571fdc81a06a1f240302e468800d69bf316ef82ac4cd?s=96&d=mm&r=g","caption":"Karoliina \u00d6ystil\u00e4"}}]}},"_links":{"self":[{"href":"https:\/\/www.selry.fi\/sv\/wp-json\/wp\/v2\/posts\/13257","targetHints":{"allow":["GET"]}}],"collection":[{"href":"https:\/\/www.selry.fi\/sv\/wp-json\/wp\/v2\/posts"}],"about":[{"href":"https:\/\/www.selry.fi\/sv\/wp-json\/wp\/v2\/types\/post"}],"author":[{"embeddable":true,"href":"https:\/\/www.selry.fi\/sv\/wp-json\/wp\/v2\/users\/4"}],"replies":[{"embeddable":true,"href":"https:\/\/www.selry.fi\/sv\/wp-json\/wp\/v2\/comments?post=13257"}],"version-history":[{"count":0,"href":"https:\/\/www.selry.fi\/sv\/wp-json\/wp\/v2\/posts\/13257\/revisions"}],"wp:featuredmedia":[{"embeddable":true,"href":"https:\/\/www.selry.fi\/sv\/wp-json\/wp\/v2\/media\/13253"}],"wp:attachment":[{"href":"https:\/\/www.selry.fi\/sv\/wp-json\/wp\/v2\/media?parent=13257"}],"wp:term":[{"taxonomy":"category","embeddable":true,"href":"https:\/\/www.selry.fi\/sv\/wp-json\/wp\/v2\/categories?post=13257"},{"taxonomy":"post_tag","embeddable":true,"href":"https:\/\/www.selry.fi\/sv\/wp-json\/wp\/v2\/tags?post=13257"}],"curies":[{"name":"wp","href":"https:\/\/api.w.org\/{rel}","templated":true}]}}