{"id":13247,"date":"2023-11-07T16:27:00","date_gmt":"2023-11-07T14:27:00","guid":{"rendered":"https:\/\/www.selry.fi\/?p=13247"},"modified":"2023-11-13T18:42:10","modified_gmt":"2023-11-13T16:42:10","slug":"vagande-skal-for-politiska-strejker","status":"publish","type":"post","link":"https:\/\/www.selry.fi\/sv\/blogg\/vagande-skal-for-politiska-strejker\/","title":{"rendered":"V\u00e4gande sk\u00e4l f\u00f6r politiska strejker"},"content":{"rendered":"\n<p>De f\u00f6rsvagningar av arbetslivet och nedsk\u00e4rningar i arbetsl\u00f6shetsskyddet som regeringen Orpo driver p\u00e5 inneb\u00e4r s\u00e5 stora f\u00f6r\u00e4ndringar att de m\u00e5ste bek\u00e4mpas med politiska strejker. Regeringens m\u00e5l \u00e4r entydigt att f\u00f6rsvaga arbetstagarens st\u00e4llning p\u00e5 arbetsplatsen och fackets st\u00e4llning i samh\u00e4llet. Det \u00e4r klart att vi som f\u00f6rbund skulle agera p\u00e5 samma s\u00e4tt, oberoende av vilka partier som sitter i regeringen, s\u00e5vida regeringen arbetar f\u00f6r motsvarande m\u00e5l.<\/p>\n\n\n\n<p>Regeringen fungerar nu som Finlands N\u00e4ringsliv EK:s arbetshandske. Arbetslinjen i regeringsprogrammet har kopierats direkt ur arbetsgivarorganisationernas m\u00e5l inf\u00f6r riksdagsvalet. Detta framkom tydligt d\u00e5 Yle i juni gjorde en textanalys av regeringsprogrammet. Man fann att i stort sett alla betydande f\u00f6rsvagningar av arbetslivet var kopierade.<\/p>\n\n\n\n<p>Om n\u00e5gon arbetsmarknadsorganisation kraftigt har politiserats och drivit en ideologisk agenda under de senaste tio \u00e5ren s\u00e5 \u00e4r det EK. Jag vill h\u00e4vda att kontakten mellan EK och statsministerpartiet Samlingspartiet idag \u00e4r betydligt t\u00e4tare \u00e4n FFC:s kontakter till SDP, som ofta framh\u00e5lls i offentligheten.<\/p>\n\n\n\n<p>Nuvarande situation ger en bild av hur viktig den politiska strejkr\u00e4tten \u00e4r, en r\u00e4tt som regeringen nu vill begr\u00e4nsa. Helt naturligt riktar sig politiska strejker mot f\u00f6retagen, vars intresseorganisationer nu har formulerat skrivningarna om arbetslivet i regeringsprogrammet.<\/p>\n\n\n\n<p>Regeringen Orpo str\u00e4var inte efter att inf\u00f6ra en svensk eller nordisk arbetsmarknadsmodell i Finland. Om vi tar ut enskilda bitar som duger f\u00f6r arbetsgivarsidan ur den svenska arbetsmarknaden, men samtidigt gl\u00f6mmer alla de regler som tryggar och st\u00e4rker arbetstagarnas st\u00e4llning s\u00e5 \u00e4r det inte fr\u00e5ga om m\u00e5l enligt den svenska modellen.<\/p>\n\n\n\n<p>Arbetstagarna i Finland kan mycket v\u00e4l acceptera tolkningsf\u00f6retr\u00e4de f\u00f6r arbetstagarsidan, det vill s\u00e4ga att en fr\u00e5ga i en konfliktsituation skall tolkas i enlighet med arbetstagarens intresse tills \u00e4rendet har l\u00f6sts i domstol. Likas\u00e5 skulle vi acceptera regler om medbest\u00e4mmander\u00e4tt, det vill s\u00e4ga personalrepresentation i styrelser f\u00f6r f\u00f6retag med \u00f6ver 25 sysselsatta samt utvidgade r\u00e4ttigheter f\u00f6r de anst\u00e4llda att f\u00e5 information.<\/p>\n\n\n\n<p>Regeringens \u00e5tg\u00e4rder driver v\u00e5r arbetsmarknad i en helt motsatt riktning \u00e4n den svenska modellen. Nu vill man h\u00e4r i st\u00e4llet st\u00e4rka diktatkulturen framom att st\u00e4rka f\u00f6rhandlings- och avtalskulturen. Regeringen f\u00f6reg\u00e5r sj\u00e4lv med exempel genom att till fackf\u00f6reningsr\u00f6relsen meddela att vi kan visserligen lyssna till er, men ert budskap betyder ingenting, eftersom saken redan \u00e4r avgjord.<\/p>\n\n\n\n<p>D\u00e5 det inte hj\u00e4lper att prata m\u00e5ste vi agera med alla de metoder vi har till handa. Vi har v\u00e4gande sk\u00e4l f\u00f6r v\u00e5ra aktioner. <\/p>\n\n\n\n<p><em>Veli-Matti Kuntonen<\/em><br><em>SEL:s f\u00f6rbundsordf\u00f6rande<\/em><\/p>\n","protected":false},"excerpt":{"rendered":"<p>De f\u00f6rsvagningar av arbetslivet och nedsk\u00e4rningar i arbetsl\u00f6shetsskyddet som regeringen Orpo driver p\u00e5 inneb\u00e4r s\u00e5 stora f\u00f6r\u00e4ndringar att de m\u00e5ste [\u2026] <a href=\"https:\/\/www.selry.fi\/sv\/blogg\/vagande-skal-for-politiska-strejker\/\">Lue lis\u00e4\u00e4 &raquo;<\/a><\/p>\n","protected":false},"author":4,"featured_media":10997,"comment_status":"closed","ping_status":"closed","sticky":false,"template":"","format":"standard","meta":{"_acf_changed":false,"footnotes":""},"categories":[64],"tags":[],"class_list":["post-13247","post","type-post","status-publish","format-standard","has-post-thumbnail","hentry","category-blogg"],"acf":[],"yoast_head":"<!-- This site is optimized with the Yoast SEO plugin v27.2 - https:\/\/yoast.com\/product\/yoast-seo-wordpress\/ -->\n<title>V\u00e4gande sk\u00e4l f\u00f6r politiska strejker<\/title>\n<meta name=\"robots\" content=\"index, follow, max-snippet:-1, max-image-preview:large, max-video-preview:-1\" \/>\n<link rel=\"canonical\" href=\"https:\/\/www.selry.fi\/sv\/blogg\/vagande-skal-for-politiska-strejker\/\" \/>\n<meta property=\"og:locale\" content=\"sv_SE\" \/>\n<meta property=\"og:type\" content=\"article\" \/>\n<meta property=\"og:title\" content=\"V\u00e4gande sk\u00e4l f\u00f6r politiska strejker\" \/>\n<meta property=\"og:description\" content=\"De f\u00f6rsvagningar av arbetslivet och nedsk\u00e4rningar i arbetsl\u00f6shetsskyddet som regeringen Orpo driver p\u00e5 inneb\u00e4r s\u00e5 stora f\u00f6r\u00e4ndringar att de m\u00e5ste [\u2026] Lue lis\u00e4\u00e4 &raquo;\" \/>\n<meta property=\"og:url\" content=\"https:\/\/www.selry.fi\/sv\/blogg\/vagande-skal-for-politiska-strejker\/\" \/>\n<meta property=\"og:site_name\" content=\"Suomen Elintarvikety\u00f6l\u00e4isten Liitto SEL\" \/>\n<meta property=\"article:publisher\" content=\"https:\/\/www.facebook.com\/selry\" \/>\n<meta property=\"article:published_time\" content=\"2023-11-07T14:27:00+00:00\" \/>\n<meta property=\"article:modified_time\" content=\"2023-11-13T16:42:10+00:00\" \/>\n<meta property=\"og:image\" content=\"https:\/\/www.selry.fi\/wp-content\/uploads\/2023\/02\/veli-matti-kuntonen-blogi.jpg\" \/>\n\t<meta property=\"og:image:width\" content=\"1536\" \/>\n\t<meta property=\"og:image:height\" content=\"1148\" \/>\n\t<meta property=\"og:image:type\" content=\"image\/jpeg\" \/>\n<meta name=\"author\" content=\"Karoliina \u00d6ystil\u00e4\" \/>\n<meta name=\"twitter:card\" content=\"summary_large_image\" \/>\n<meta name=\"twitter:creator\" content=\"@selryfi\" \/>\n<meta name=\"twitter:site\" content=\"@selryfi\" \/>\n<script type=\"application\/ld+json\" class=\"yoast-schema-graph\">{\"@context\":\"https:\/\/schema.org\",\"@graph\":[{\"@type\":\"Article\",\"@id\":\"https:\/\/www.selry.fi\/sv\/blogg\/vagande-skal-for-politiska-strejker\/#article\",\"isPartOf\":{\"@id\":\"https:\/\/www.selry.fi\/sv\/blogg\/vagande-skal-for-politiska-strejker\/\"},\"author\":{\"name\":\"Karoliina \u00d6ystil\u00e4\",\"@id\":\"https:\/\/www.selry.fi\/#\/schema\/person\/4fb0b52ed84c524f0beea95625a21678\"},\"headline\":\"V\u00e4gande sk\u00e4l f\u00f6r politiska strejker\",\"datePublished\":\"2023-11-07T14:27:00+00:00\",\"dateModified\":\"2023-11-13T16:42:10+00:00\",\"mainEntityOfPage\":{\"@id\":\"https:\/\/www.selry.fi\/sv\/blogg\/vagande-skal-for-politiska-strejker\/\"},\"wordCount\":467,\"publisher\":{\"@id\":\"https:\/\/www.selry.fi\/#organization\"},\"image\":{\"@id\":\"https:\/\/www.selry.fi\/sv\/blogg\/vagande-skal-for-politiska-strejker\/#primaryimage\"},\"thumbnailUrl\":\"https:\/\/www.selry.fi\/wp-content\/uploads\/2023\/02\/veli-matti-kuntonen-blogi.jpg\",\"articleSection\":[\"Blogg\"],\"inLanguage\":\"sv-SE\"},{\"@type\":\"WebPage\",\"@id\":\"https:\/\/www.selry.fi\/sv\/blogg\/vagande-skal-for-politiska-strejker\/\",\"url\":\"https:\/\/www.selry.fi\/sv\/blogg\/vagande-skal-for-politiska-strejker\/\",\"name\":\"V\u00e4gande sk\u00e4l f\u00f6r politiska strejker\",\"isPartOf\":{\"@id\":\"https:\/\/www.selry.fi\/#website\"},\"primaryImageOfPage\":{\"@id\":\"https:\/\/www.selry.fi\/sv\/blogg\/vagande-skal-for-politiska-strejker\/#primaryimage\"},\"image\":{\"@id\":\"https:\/\/www.selry.fi\/sv\/blogg\/vagande-skal-for-politiska-strejker\/#primaryimage\"},\"thumbnailUrl\":\"https:\/\/www.selry.fi\/wp-content\/uploads\/2023\/02\/veli-matti-kuntonen-blogi.jpg\",\"datePublished\":\"2023-11-07T14:27:00+00:00\",\"dateModified\":\"2023-11-13T16:42:10+00:00\",\"breadcrumb\":{\"@id\":\"https:\/\/www.selry.fi\/sv\/blogg\/vagande-skal-for-politiska-strejker\/#breadcrumb\"},\"inLanguage\":\"sv-SE\",\"potentialAction\":[{\"@type\":\"ReadAction\",\"target\":[\"https:\/\/www.selry.fi\/sv\/blogg\/vagande-skal-for-politiska-strejker\/\"]}]},{\"@type\":\"ImageObject\",\"inLanguage\":\"sv-SE\",\"@id\":\"https:\/\/www.selry.fi\/sv\/blogg\/vagande-skal-for-politiska-strejker\/#primaryimage\",\"url\":\"https:\/\/www.selry.fi\/wp-content\/uploads\/2023\/02\/veli-matti-kuntonen-blogi.jpg\",\"contentUrl\":\"https:\/\/www.selry.fi\/wp-content\/uploads\/2023\/02\/veli-matti-kuntonen-blogi.jpg\",\"width\":1536,\"height\":1148},{\"@type\":\"BreadcrumbList\",\"@id\":\"https:\/\/www.selry.fi\/sv\/blogg\/vagande-skal-for-politiska-strejker\/#breadcrumb\",\"itemListElement\":[{\"@type\":\"ListItem\",\"position\":1,\"name\":\"Home\",\"item\":\"https:\/\/www.selry.fi\/sv\/\"},{\"@type\":\"ListItem\",\"position\":2,\"name\":\"V\u00e4gande sk\u00e4l f\u00f6r politiska strejker\"}]},{\"@type\":\"WebSite\",\"@id\":\"https:\/\/www.selry.fi\/#website\",\"url\":\"https:\/\/www.selry.fi\/\",\"name\":\"Suomen Elintarvikety\u00f6l\u00e4isten Liitto SEL\",\"description\":\"\",\"publisher\":{\"@id\":\"https:\/\/www.selry.fi\/#organization\"},\"inLanguage\":\"sv-SE\"},{\"@type\":\"Organization\",\"@id\":\"https:\/\/www.selry.fi\/#organization\",\"name\":\"Suomen Elintarvikety\u00f6l\u00e4isten Liitto SEL\",\"url\":\"https:\/\/www.selry.fi\/\",\"logo\":{\"@type\":\"ImageObject\",\"inLanguage\":\"sv-SE\",\"@id\":\"https:\/\/www.selry.fi\/#\/schema\/logo\/image\/\",\"url\":\"https:\/\/www.selry.fi\/wp-content\/uploads\/2021\/05\/logo-sel.svg\",\"contentUrl\":\"https:\/\/www.selry.fi\/wp-content\/uploads\/2021\/05\/logo-sel.svg\",\"width\":453,\"height\":135,\"caption\":\"Suomen Elintarvikety\u00f6l\u00e4isten Liitto SEL\"},\"image\":{\"@id\":\"https:\/\/www.selry.fi\/#\/schema\/logo\/image\/\"},\"sameAs\":[\"https:\/\/www.facebook.com\/selry\",\"https:\/\/x.com\/selryfi\"]},{\"@type\":\"Person\",\"@id\":\"https:\/\/www.selry.fi\/#\/schema\/person\/4fb0b52ed84c524f0beea95625a21678\",\"name\":\"Karoliina \u00d6ystil\u00e4\",\"image\":{\"@type\":\"ImageObject\",\"inLanguage\":\"sv-SE\",\"@id\":\"https:\/\/secure.gravatar.com\/avatar\/8dcb857776c4317075ba571fdc81a06a1f240302e468800d69bf316ef82ac4cd?s=96&d=mm&r=g\",\"url\":\"https:\/\/secure.gravatar.com\/avatar\/8dcb857776c4317075ba571fdc81a06a1f240302e468800d69bf316ef82ac4cd?s=96&d=mm&r=g\",\"contentUrl\":\"https:\/\/secure.gravatar.com\/avatar\/8dcb857776c4317075ba571fdc81a06a1f240302e468800d69bf316ef82ac4cd?s=96&d=mm&r=g\",\"caption\":\"Karoliina \u00d6ystil\u00e4\"}}]}<\/script>\n<!-- \/ Yoast SEO plugin. -->","yoast_head_json":{"title":"V\u00e4gande sk\u00e4l f\u00f6r politiska strejker","robots":{"index":"index","follow":"follow","max-snippet":"max-snippet:-1","max-image-preview":"max-image-preview:large","max-video-preview":"max-video-preview:-1"},"canonical":"https:\/\/www.selry.fi\/sv\/blogg\/vagande-skal-for-politiska-strejker\/","og_locale":"sv_SE","og_type":"article","og_title":"V\u00e4gande sk\u00e4l f\u00f6r politiska strejker","og_description":"De f\u00f6rsvagningar av arbetslivet och nedsk\u00e4rningar i arbetsl\u00f6shetsskyddet som regeringen Orpo driver p\u00e5 inneb\u00e4r s\u00e5 stora f\u00f6r\u00e4ndringar att de m\u00e5ste [\u2026] Lue lis\u00e4\u00e4 &raquo;","og_url":"https:\/\/www.selry.fi\/sv\/blogg\/vagande-skal-for-politiska-strejker\/","og_site_name":"Suomen Elintarvikety\u00f6l\u00e4isten Liitto SEL","article_publisher":"https:\/\/www.facebook.com\/selry","article_published_time":"2023-11-07T14:27:00+00:00","article_modified_time":"2023-11-13T16:42:10+00:00","og_image":[{"width":1536,"height":1148,"url":"https:\/\/www.selry.fi\/wp-content\/uploads\/2023\/02\/veli-matti-kuntonen-blogi.jpg","type":"image\/jpeg"}],"author":"Karoliina \u00d6ystil\u00e4","twitter_card":"summary_large_image","twitter_creator":"@selryfi","twitter_site":"@selryfi","schema":{"@context":"https:\/\/schema.org","@graph":[{"@type":"Article","@id":"https:\/\/www.selry.fi\/sv\/blogg\/vagande-skal-for-politiska-strejker\/#article","isPartOf":{"@id":"https:\/\/www.selry.fi\/sv\/blogg\/vagande-skal-for-politiska-strejker\/"},"author":{"name":"Karoliina \u00d6ystil\u00e4","@id":"https:\/\/www.selry.fi\/#\/schema\/person\/4fb0b52ed84c524f0beea95625a21678"},"headline":"V\u00e4gande sk\u00e4l f\u00f6r politiska strejker","datePublished":"2023-11-07T14:27:00+00:00","dateModified":"2023-11-13T16:42:10+00:00","mainEntityOfPage":{"@id":"https:\/\/www.selry.fi\/sv\/blogg\/vagande-skal-for-politiska-strejker\/"},"wordCount":467,"publisher":{"@id":"https:\/\/www.selry.fi\/#organization"},"image":{"@id":"https:\/\/www.selry.fi\/sv\/blogg\/vagande-skal-for-politiska-strejker\/#primaryimage"},"thumbnailUrl":"https:\/\/www.selry.fi\/wp-content\/uploads\/2023\/02\/veli-matti-kuntonen-blogi.jpg","articleSection":["Blogg"],"inLanguage":"sv-SE"},{"@type":"WebPage","@id":"https:\/\/www.selry.fi\/sv\/blogg\/vagande-skal-for-politiska-strejker\/","url":"https:\/\/www.selry.fi\/sv\/blogg\/vagande-skal-for-politiska-strejker\/","name":"V\u00e4gande sk\u00e4l f\u00f6r politiska strejker","isPartOf":{"@id":"https:\/\/www.selry.fi\/#website"},"primaryImageOfPage":{"@id":"https:\/\/www.selry.fi\/sv\/blogg\/vagande-skal-for-politiska-strejker\/#primaryimage"},"image":{"@id":"https:\/\/www.selry.fi\/sv\/blogg\/vagande-skal-for-politiska-strejker\/#primaryimage"},"thumbnailUrl":"https:\/\/www.selry.fi\/wp-content\/uploads\/2023\/02\/veli-matti-kuntonen-blogi.jpg","datePublished":"2023-11-07T14:27:00+00:00","dateModified":"2023-11-13T16:42:10+00:00","breadcrumb":{"@id":"https:\/\/www.selry.fi\/sv\/blogg\/vagande-skal-for-politiska-strejker\/#breadcrumb"},"inLanguage":"sv-SE","potentialAction":[{"@type":"ReadAction","target":["https:\/\/www.selry.fi\/sv\/blogg\/vagande-skal-for-politiska-strejker\/"]}]},{"@type":"ImageObject","inLanguage":"sv-SE","@id":"https:\/\/www.selry.fi\/sv\/blogg\/vagande-skal-for-politiska-strejker\/#primaryimage","url":"https:\/\/www.selry.fi\/wp-content\/uploads\/2023\/02\/veli-matti-kuntonen-blogi.jpg","contentUrl":"https:\/\/www.selry.fi\/wp-content\/uploads\/2023\/02\/veli-matti-kuntonen-blogi.jpg","width":1536,"height":1148},{"@type":"BreadcrumbList","@id":"https:\/\/www.selry.fi\/sv\/blogg\/vagande-skal-for-politiska-strejker\/#breadcrumb","itemListElement":[{"@type":"ListItem","position":1,"name":"Home","item":"https:\/\/www.selry.fi\/sv\/"},{"@type":"ListItem","position":2,"name":"V\u00e4gande sk\u00e4l f\u00f6r politiska strejker"}]},{"@type":"WebSite","@id":"https:\/\/www.selry.fi\/#website","url":"https:\/\/www.selry.fi\/","name":"Suomen Elintarvikety\u00f6l\u00e4isten Liitto SEL","description":"","publisher":{"@id":"https:\/\/www.selry.fi\/#organization"},"inLanguage":"sv-SE"},{"@type":"Organization","@id":"https:\/\/www.selry.fi\/#organization","name":"Suomen Elintarvikety\u00f6l\u00e4isten Liitto SEL","url":"https:\/\/www.selry.fi\/","logo":{"@type":"ImageObject","inLanguage":"sv-SE","@id":"https:\/\/www.selry.fi\/#\/schema\/logo\/image\/","url":"https:\/\/www.selry.fi\/wp-content\/uploads\/2021\/05\/logo-sel.svg","contentUrl":"https:\/\/www.selry.fi\/wp-content\/uploads\/2021\/05\/logo-sel.svg","width":453,"height":135,"caption":"Suomen Elintarvikety\u00f6l\u00e4isten Liitto SEL"},"image":{"@id":"https:\/\/www.selry.fi\/#\/schema\/logo\/image\/"},"sameAs":["https:\/\/www.facebook.com\/selry","https:\/\/x.com\/selryfi"]},{"@type":"Person","@id":"https:\/\/www.selry.fi\/#\/schema\/person\/4fb0b52ed84c524f0beea95625a21678","name":"Karoliina \u00d6ystil\u00e4","image":{"@type":"ImageObject","inLanguage":"sv-SE","@id":"https:\/\/secure.gravatar.com\/avatar\/8dcb857776c4317075ba571fdc81a06a1f240302e468800d69bf316ef82ac4cd?s=96&d=mm&r=g","url":"https:\/\/secure.gravatar.com\/avatar\/8dcb857776c4317075ba571fdc81a06a1f240302e468800d69bf316ef82ac4cd?s=96&d=mm&r=g","contentUrl":"https:\/\/secure.gravatar.com\/avatar\/8dcb857776c4317075ba571fdc81a06a1f240302e468800d69bf316ef82ac4cd?s=96&d=mm&r=g","caption":"Karoliina \u00d6ystil\u00e4"}}]}},"_links":{"self":[{"href":"https:\/\/www.selry.fi\/sv\/wp-json\/wp\/v2\/posts\/13247","targetHints":{"allow":["GET"]}}],"collection":[{"href":"https:\/\/www.selry.fi\/sv\/wp-json\/wp\/v2\/posts"}],"about":[{"href":"https:\/\/www.selry.fi\/sv\/wp-json\/wp\/v2\/types\/post"}],"author":[{"embeddable":true,"href":"https:\/\/www.selry.fi\/sv\/wp-json\/wp\/v2\/users\/4"}],"replies":[{"embeddable":true,"href":"https:\/\/www.selry.fi\/sv\/wp-json\/wp\/v2\/comments?post=13247"}],"version-history":[{"count":0,"href":"https:\/\/www.selry.fi\/sv\/wp-json\/wp\/v2\/posts\/13247\/revisions"}],"wp:featuredmedia":[{"embeddable":true,"href":"https:\/\/www.selry.fi\/sv\/wp-json\/wp\/v2\/media\/10997"}],"wp:attachment":[{"href":"https:\/\/www.selry.fi\/sv\/wp-json\/wp\/v2\/media?parent=13247"}],"wp:term":[{"taxonomy":"category","embeddable":true,"href":"https:\/\/www.selry.fi\/sv\/wp-json\/wp\/v2\/categories?post=13247"},{"taxonomy":"post_tag","embeddable":true,"href":"https:\/\/www.selry.fi\/sv\/wp-json\/wp\/v2\/tags?post=13247"}],"curies":[{"name":"wp","href":"https:\/\/api.w.org\/{rel}","templated":true}]}}