{"id":12739,"date":"2023-10-02T18:00:00","date_gmt":"2023-10-02T15:00:00","guid":{"rendered":"https:\/\/www.selry.fi\/?p=12739"},"modified":"2023-10-03T21:45:23","modified_gmt":"2023-10-03T18:45:23","slug":"tillsammans-ar-medlemmarna-forbundet","status":"publish","type":"post","link":"https:\/\/www.selry.fi\/sv\/blogg\/tillsammans-ar-medlemmarna-forbundet\/","title":{"rendered":"Tillsammans \u00e4r medlemmarna f\u00f6rbundet"},"content":{"rendered":"\n<p>Den gemensamma n\u00e4mnaren f\u00f6r regeringen Orpo och Purra i f\u00f6rslagen som g\u00e4ller arbetslivet \u00e4r en str\u00e4van att f\u00f6rsvaga arbetstagarens st\u00e4llning p\u00e5 arbetsplatsen och arbetstagarnas fackf\u00f6rbunds st\u00e4llning i samh\u00e4llet. Regeringens m\u00e5l \u00e4r inte att \u00f6ka avtalandet om fr\u00e5gor p\u00e5 n\u00e5gon niv\u00e5, inte p\u00e5 lokal niv\u00e5 och inte p\u00e5 f\u00f6rbundsniv\u00e5. Avsikten \u00e4r entydigt att ensidigt \u00f6ka arbetsgivarnas inflytande \u00f6ver besluten p\u00e5 arbetsplatsen.<\/p>\n\n\n\n<p>Det h\u00f6r till modern praxis att f\u00f6rvirra med begrepp. Det l\u00e5ter exempelvis inte alls s\u00e5 d\u00e5ligt d\u00e5 man talar om att reformera, men tyv\u00e4rr kan reformerna lika bra vara bak\u00e5tstr\u00e4vande som progressiva. De \u201dreformer\u201d i arbetslivet som regeringen driver p\u00e5 g\u00e4ller t.ex ett f\u00f6rsvagat anst\u00e4llningsskydd, att till\u00e5ta ogrundade tidsbest\u00e4mda arbetskontrakt, att underskrida niv\u00e5n p\u00e5 arbetsvillkoren i kollektivavtalen genom att \u201davtala\u201d lokalt, osv.<\/p>\n\n\n\n<p>F\u00f6r oss inneb\u00e4r de h\u00e4r \u201dreformerna\u201d f\u00f6rsvagningar \u00f6ver hela linjen. De h\u00e4r regeringsreformerna inneb\u00e4r att man tar ett steg tillbaka f\u00f6r arbetstagarnas st\u00e4llning b\u00e5de p\u00e5 arbetsplatsen och i samh\u00e4llet.<\/p>\n\n\n\n<p>Regeringen riktar s\u00e4rskild uppm\u00e4rksamhet p\u00e5 arbetstagarna i bageribranschen. Enligt regeringen \u00e4r det sk\u00e4l att slopa skrivningen i bageriarbetslagen om ett nattarbetstill\u00e4gg p\u00e5 100 procent, eftersom man ser den som f\u00f6r\u00e5ldrad. Med den l\u00f6sningen f\u00f6rsvagar man medvetet v\u00e5ra arbetstagares f\u00f6rhandlingsst\u00e4llning i f\u00f6ljande kollektivavtalsf\u00f6rhandlingar i bageribranschen. N\u00e5v\u00e4l, det h\u00e4r ing\u00e5r som en del av den h\u00e4r regeringens \u201dreformlinje\u201d.<\/p>\n\n\n\n<p>Dessa \u201dreformister\u201d skapar en bild av fackf\u00f6reningarna som rester av en f\u00f6r\u00e5ldrad historia och de har sina sk\u00e4l. Det \u00e4r ju s\u00e5 att man tvingas f\u00f6rhandla med arbetstagare som tillh\u00f6r facket och komma \u00f6verens om fr\u00e5gor, d\u00e5 det inte f\u00f6r dem enbart r\u00e4cker med att de blir h\u00f6rda.<\/p>\n\n\n\n<p>Dessa \u201dreformister\u201d l\u00e5ter ocks\u00e5 f\u00f6rst\u00e5 att fackf\u00f6reningarna skulle st\u00e5 fria fr\u00e5n sina medlemmar och str\u00e4va efter sin styrka i f\u00f6rhandlingarna och sina p\u00e5verkningsm\u00f6jligheter enbart av maktbeg\u00e4r och f\u00f6r att bibeh\u00e5lla sin makt.<\/p>\n\n\n\n<p>Ocks\u00e5 i denna dag \u00e4r fackf\u00f6rbundet lika med sina medlemmar, som tillsammans utg\u00f6r f\u00f6rbundets f\u00f6rhandlingsstyrka, som \u00e4r lika med f\u00f6rbundets inflytande. Det \u00e4r fr\u00e5ga om arbetstagarens arbetsvillkor och st\u00e4llning, b\u00e5de p\u00e5 arbetsplatsen och i samh\u00e4llet, inte om maktbeg\u00e4r f\u00f6r maktens skull.<\/p>\n\n\n\n<p>Vi har nu blivit utmanade att p\u00e5visa varf\u00f6r fackf\u00f6rbunden existerar. P\u00e5 den utmaningen svarar vi ocks\u00e5 gemensamt, eftersom vi \u00e4r ett f\u00f6rbund.<\/p>\n\n\n\n<p><em>Veli-Matti Kuntonen<\/em><br><em>SEL:s f\u00f6rbundsordf\u00f6rande<\/em><\/p>\n","protected":false},"excerpt":{"rendered":"<p>Den gemensamma n\u00e4mnaren f\u00f6r regeringen Orpo och Purra i f\u00f6rslagen som g\u00e4ller arbetslivet \u00e4r en str\u00e4van att f\u00f6rsvaga arbetstagarens st\u00e4llning [\u2026] <a href=\"https:\/\/www.selry.fi\/sv\/blogg\/tillsammans-ar-medlemmarna-forbundet\/\">Lue lis\u00e4\u00e4 &raquo;<\/a><\/p>\n","protected":false},"author":4,"featured_media":10997,"comment_status":"closed","ping_status":"closed","sticky":false,"template":"","format":"standard","meta":{"_acf_changed":false,"footnotes":""},"categories":[64],"tags":[],"class_list":["post-12739","post","type-post","status-publish","format-standard","has-post-thumbnail","hentry","category-blogg"],"acf":[],"yoast_head":"<!-- This site is optimized with the Yoast SEO plugin v27.2 - https:\/\/yoast.com\/product\/yoast-seo-wordpress\/ -->\n<title>Tillsammans \u00e4r medlemmarna f\u00f6rbundet<\/title>\n<meta name=\"robots\" content=\"index, follow, max-snippet:-1, max-image-preview:large, max-video-preview:-1\" \/>\n<link rel=\"canonical\" href=\"https:\/\/www.selry.fi\/sv\/blogg\/tillsammans-ar-medlemmarna-forbundet\/\" \/>\n<meta property=\"og:locale\" content=\"sv_SE\" \/>\n<meta property=\"og:type\" content=\"article\" \/>\n<meta property=\"og:title\" content=\"Tillsammans \u00e4r medlemmarna f\u00f6rbundet\" \/>\n<meta property=\"og:description\" content=\"Den gemensamma n\u00e4mnaren f\u00f6r regeringen Orpo och Purra i f\u00f6rslagen som g\u00e4ller arbetslivet \u00e4r en str\u00e4van att f\u00f6rsvaga arbetstagarens st\u00e4llning [\u2026] Lue lis\u00e4\u00e4 &raquo;\" \/>\n<meta property=\"og:url\" content=\"https:\/\/www.selry.fi\/sv\/blogg\/tillsammans-ar-medlemmarna-forbundet\/\" \/>\n<meta property=\"og:site_name\" content=\"Suomen Elintarvikety\u00f6l\u00e4isten Liitto SEL\" \/>\n<meta property=\"article:publisher\" content=\"https:\/\/www.facebook.com\/selry\" \/>\n<meta property=\"article:published_time\" content=\"2023-10-02T15:00:00+00:00\" \/>\n<meta property=\"article:modified_time\" content=\"2023-10-03T18:45:23+00:00\" \/>\n<meta property=\"og:image\" content=\"https:\/\/www.selry.fi\/wp-content\/uploads\/2023\/02\/veli-matti-kuntonen-blogi.jpg\" \/>\n\t<meta property=\"og:image:width\" content=\"1536\" \/>\n\t<meta property=\"og:image:height\" content=\"1148\" \/>\n\t<meta property=\"og:image:type\" content=\"image\/jpeg\" \/>\n<meta name=\"author\" content=\"Karoliina \u00d6ystil\u00e4\" \/>\n<meta name=\"twitter:card\" content=\"summary_large_image\" \/>\n<meta name=\"twitter:creator\" content=\"@selryfi\" \/>\n<meta name=\"twitter:site\" content=\"@selryfi\" \/>\n<script type=\"application\/ld+json\" class=\"yoast-schema-graph\">{\"@context\":\"https:\/\/schema.org\",\"@graph\":[{\"@type\":\"Article\",\"@id\":\"https:\/\/www.selry.fi\/sv\/blogg\/tillsammans-ar-medlemmarna-forbundet\/#article\",\"isPartOf\":{\"@id\":\"https:\/\/www.selry.fi\/sv\/blogg\/tillsammans-ar-medlemmarna-forbundet\/\"},\"author\":{\"name\":\"Karoliina \u00d6ystil\u00e4\",\"@id\":\"https:\/\/www.selry.fi\/#\/schema\/person\/4fb0b52ed84c524f0beea95625a21678\"},\"headline\":\"Tillsammans \u00e4r medlemmarna f\u00f6rbundet\",\"datePublished\":\"2023-10-02T15:00:00+00:00\",\"dateModified\":\"2023-10-03T18:45:23+00:00\",\"mainEntityOfPage\":{\"@id\":\"https:\/\/www.selry.fi\/sv\/blogg\/tillsammans-ar-medlemmarna-forbundet\/\"},\"wordCount\":453,\"publisher\":{\"@id\":\"https:\/\/www.selry.fi\/#organization\"},\"image\":{\"@id\":\"https:\/\/www.selry.fi\/sv\/blogg\/tillsammans-ar-medlemmarna-forbundet\/#primaryimage\"},\"thumbnailUrl\":\"https:\/\/www.selry.fi\/wp-content\/uploads\/2023\/02\/veli-matti-kuntonen-blogi.jpg\",\"articleSection\":[\"Blogg\"],\"inLanguage\":\"sv-SE\"},{\"@type\":\"WebPage\",\"@id\":\"https:\/\/www.selry.fi\/sv\/blogg\/tillsammans-ar-medlemmarna-forbundet\/\",\"url\":\"https:\/\/www.selry.fi\/sv\/blogg\/tillsammans-ar-medlemmarna-forbundet\/\",\"name\":\"Tillsammans \u00e4r medlemmarna f\u00f6rbundet\",\"isPartOf\":{\"@id\":\"https:\/\/www.selry.fi\/#website\"},\"primaryImageOfPage\":{\"@id\":\"https:\/\/www.selry.fi\/sv\/blogg\/tillsammans-ar-medlemmarna-forbundet\/#primaryimage\"},\"image\":{\"@id\":\"https:\/\/www.selry.fi\/sv\/blogg\/tillsammans-ar-medlemmarna-forbundet\/#primaryimage\"},\"thumbnailUrl\":\"https:\/\/www.selry.fi\/wp-content\/uploads\/2023\/02\/veli-matti-kuntonen-blogi.jpg\",\"datePublished\":\"2023-10-02T15:00:00+00:00\",\"dateModified\":\"2023-10-03T18:45:23+00:00\",\"breadcrumb\":{\"@id\":\"https:\/\/www.selry.fi\/sv\/blogg\/tillsammans-ar-medlemmarna-forbundet\/#breadcrumb\"},\"inLanguage\":\"sv-SE\",\"potentialAction\":[{\"@type\":\"ReadAction\",\"target\":[\"https:\/\/www.selry.fi\/sv\/blogg\/tillsammans-ar-medlemmarna-forbundet\/\"]}]},{\"@type\":\"ImageObject\",\"inLanguage\":\"sv-SE\",\"@id\":\"https:\/\/www.selry.fi\/sv\/blogg\/tillsammans-ar-medlemmarna-forbundet\/#primaryimage\",\"url\":\"https:\/\/www.selry.fi\/wp-content\/uploads\/2023\/02\/veli-matti-kuntonen-blogi.jpg\",\"contentUrl\":\"https:\/\/www.selry.fi\/wp-content\/uploads\/2023\/02\/veli-matti-kuntonen-blogi.jpg\",\"width\":1536,\"height\":1148},{\"@type\":\"BreadcrumbList\",\"@id\":\"https:\/\/www.selry.fi\/sv\/blogg\/tillsammans-ar-medlemmarna-forbundet\/#breadcrumb\",\"itemListElement\":[{\"@type\":\"ListItem\",\"position\":1,\"name\":\"Home\",\"item\":\"https:\/\/www.selry.fi\/sv\/\"},{\"@type\":\"ListItem\",\"position\":2,\"name\":\"Tillsammans \u00e4r medlemmarna f\u00f6rbundet\"}]},{\"@type\":\"WebSite\",\"@id\":\"https:\/\/www.selry.fi\/#website\",\"url\":\"https:\/\/www.selry.fi\/\",\"name\":\"Suomen Elintarvikety\u00f6l\u00e4isten Liitto SEL\",\"description\":\"\",\"publisher\":{\"@id\":\"https:\/\/www.selry.fi\/#organization\"},\"inLanguage\":\"sv-SE\"},{\"@type\":\"Organization\",\"@id\":\"https:\/\/www.selry.fi\/#organization\",\"name\":\"Suomen Elintarvikety\u00f6l\u00e4isten Liitto SEL\",\"url\":\"https:\/\/www.selry.fi\/\",\"logo\":{\"@type\":\"ImageObject\",\"inLanguage\":\"sv-SE\",\"@id\":\"https:\/\/www.selry.fi\/#\/schema\/logo\/image\/\",\"url\":\"https:\/\/www.selry.fi\/wp-content\/uploads\/2021\/05\/logo-sel.svg\",\"contentUrl\":\"https:\/\/www.selry.fi\/wp-content\/uploads\/2021\/05\/logo-sel.svg\",\"width\":453,\"height\":135,\"caption\":\"Suomen Elintarvikety\u00f6l\u00e4isten Liitto SEL\"},\"image\":{\"@id\":\"https:\/\/www.selry.fi\/#\/schema\/logo\/image\/\"},\"sameAs\":[\"https:\/\/www.facebook.com\/selry\",\"https:\/\/x.com\/selryfi\"]},{\"@type\":\"Person\",\"@id\":\"https:\/\/www.selry.fi\/#\/schema\/person\/4fb0b52ed84c524f0beea95625a21678\",\"name\":\"Karoliina \u00d6ystil\u00e4\",\"image\":{\"@type\":\"ImageObject\",\"inLanguage\":\"sv-SE\",\"@id\":\"https:\/\/secure.gravatar.com\/avatar\/8dcb857776c4317075ba571fdc81a06a1f240302e468800d69bf316ef82ac4cd?s=96&d=mm&r=g\",\"url\":\"https:\/\/secure.gravatar.com\/avatar\/8dcb857776c4317075ba571fdc81a06a1f240302e468800d69bf316ef82ac4cd?s=96&d=mm&r=g\",\"contentUrl\":\"https:\/\/secure.gravatar.com\/avatar\/8dcb857776c4317075ba571fdc81a06a1f240302e468800d69bf316ef82ac4cd?s=96&d=mm&r=g\",\"caption\":\"Karoliina \u00d6ystil\u00e4\"}}]}<\/script>\n<!-- \/ Yoast SEO plugin. -->","yoast_head_json":{"title":"Tillsammans \u00e4r medlemmarna f\u00f6rbundet","robots":{"index":"index","follow":"follow","max-snippet":"max-snippet:-1","max-image-preview":"max-image-preview:large","max-video-preview":"max-video-preview:-1"},"canonical":"https:\/\/www.selry.fi\/sv\/blogg\/tillsammans-ar-medlemmarna-forbundet\/","og_locale":"sv_SE","og_type":"article","og_title":"Tillsammans \u00e4r medlemmarna f\u00f6rbundet","og_description":"Den gemensamma n\u00e4mnaren f\u00f6r regeringen Orpo och Purra i f\u00f6rslagen som g\u00e4ller arbetslivet \u00e4r en str\u00e4van att f\u00f6rsvaga arbetstagarens st\u00e4llning [\u2026] Lue lis\u00e4\u00e4 &raquo;","og_url":"https:\/\/www.selry.fi\/sv\/blogg\/tillsammans-ar-medlemmarna-forbundet\/","og_site_name":"Suomen Elintarvikety\u00f6l\u00e4isten Liitto SEL","article_publisher":"https:\/\/www.facebook.com\/selry","article_published_time":"2023-10-02T15:00:00+00:00","article_modified_time":"2023-10-03T18:45:23+00:00","og_image":[{"width":1536,"height":1148,"url":"https:\/\/www.selry.fi\/wp-content\/uploads\/2023\/02\/veli-matti-kuntonen-blogi.jpg","type":"image\/jpeg"}],"author":"Karoliina \u00d6ystil\u00e4","twitter_card":"summary_large_image","twitter_creator":"@selryfi","twitter_site":"@selryfi","schema":{"@context":"https:\/\/schema.org","@graph":[{"@type":"Article","@id":"https:\/\/www.selry.fi\/sv\/blogg\/tillsammans-ar-medlemmarna-forbundet\/#article","isPartOf":{"@id":"https:\/\/www.selry.fi\/sv\/blogg\/tillsammans-ar-medlemmarna-forbundet\/"},"author":{"name":"Karoliina \u00d6ystil\u00e4","@id":"https:\/\/www.selry.fi\/#\/schema\/person\/4fb0b52ed84c524f0beea95625a21678"},"headline":"Tillsammans \u00e4r medlemmarna f\u00f6rbundet","datePublished":"2023-10-02T15:00:00+00:00","dateModified":"2023-10-03T18:45:23+00:00","mainEntityOfPage":{"@id":"https:\/\/www.selry.fi\/sv\/blogg\/tillsammans-ar-medlemmarna-forbundet\/"},"wordCount":453,"publisher":{"@id":"https:\/\/www.selry.fi\/#organization"},"image":{"@id":"https:\/\/www.selry.fi\/sv\/blogg\/tillsammans-ar-medlemmarna-forbundet\/#primaryimage"},"thumbnailUrl":"https:\/\/www.selry.fi\/wp-content\/uploads\/2023\/02\/veli-matti-kuntonen-blogi.jpg","articleSection":["Blogg"],"inLanguage":"sv-SE"},{"@type":"WebPage","@id":"https:\/\/www.selry.fi\/sv\/blogg\/tillsammans-ar-medlemmarna-forbundet\/","url":"https:\/\/www.selry.fi\/sv\/blogg\/tillsammans-ar-medlemmarna-forbundet\/","name":"Tillsammans \u00e4r medlemmarna f\u00f6rbundet","isPartOf":{"@id":"https:\/\/www.selry.fi\/#website"},"primaryImageOfPage":{"@id":"https:\/\/www.selry.fi\/sv\/blogg\/tillsammans-ar-medlemmarna-forbundet\/#primaryimage"},"image":{"@id":"https:\/\/www.selry.fi\/sv\/blogg\/tillsammans-ar-medlemmarna-forbundet\/#primaryimage"},"thumbnailUrl":"https:\/\/www.selry.fi\/wp-content\/uploads\/2023\/02\/veli-matti-kuntonen-blogi.jpg","datePublished":"2023-10-02T15:00:00+00:00","dateModified":"2023-10-03T18:45:23+00:00","breadcrumb":{"@id":"https:\/\/www.selry.fi\/sv\/blogg\/tillsammans-ar-medlemmarna-forbundet\/#breadcrumb"},"inLanguage":"sv-SE","potentialAction":[{"@type":"ReadAction","target":["https:\/\/www.selry.fi\/sv\/blogg\/tillsammans-ar-medlemmarna-forbundet\/"]}]},{"@type":"ImageObject","inLanguage":"sv-SE","@id":"https:\/\/www.selry.fi\/sv\/blogg\/tillsammans-ar-medlemmarna-forbundet\/#primaryimage","url":"https:\/\/www.selry.fi\/wp-content\/uploads\/2023\/02\/veli-matti-kuntonen-blogi.jpg","contentUrl":"https:\/\/www.selry.fi\/wp-content\/uploads\/2023\/02\/veli-matti-kuntonen-blogi.jpg","width":1536,"height":1148},{"@type":"BreadcrumbList","@id":"https:\/\/www.selry.fi\/sv\/blogg\/tillsammans-ar-medlemmarna-forbundet\/#breadcrumb","itemListElement":[{"@type":"ListItem","position":1,"name":"Home","item":"https:\/\/www.selry.fi\/sv\/"},{"@type":"ListItem","position":2,"name":"Tillsammans \u00e4r medlemmarna f\u00f6rbundet"}]},{"@type":"WebSite","@id":"https:\/\/www.selry.fi\/#website","url":"https:\/\/www.selry.fi\/","name":"Suomen Elintarvikety\u00f6l\u00e4isten Liitto SEL","description":"","publisher":{"@id":"https:\/\/www.selry.fi\/#organization"},"inLanguage":"sv-SE"},{"@type":"Organization","@id":"https:\/\/www.selry.fi\/#organization","name":"Suomen Elintarvikety\u00f6l\u00e4isten Liitto SEL","url":"https:\/\/www.selry.fi\/","logo":{"@type":"ImageObject","inLanguage":"sv-SE","@id":"https:\/\/www.selry.fi\/#\/schema\/logo\/image\/","url":"https:\/\/www.selry.fi\/wp-content\/uploads\/2021\/05\/logo-sel.svg","contentUrl":"https:\/\/www.selry.fi\/wp-content\/uploads\/2021\/05\/logo-sel.svg","width":453,"height":135,"caption":"Suomen Elintarvikety\u00f6l\u00e4isten Liitto SEL"},"image":{"@id":"https:\/\/www.selry.fi\/#\/schema\/logo\/image\/"},"sameAs":["https:\/\/www.facebook.com\/selry","https:\/\/x.com\/selryfi"]},{"@type":"Person","@id":"https:\/\/www.selry.fi\/#\/schema\/person\/4fb0b52ed84c524f0beea95625a21678","name":"Karoliina \u00d6ystil\u00e4","image":{"@type":"ImageObject","inLanguage":"sv-SE","@id":"https:\/\/secure.gravatar.com\/avatar\/8dcb857776c4317075ba571fdc81a06a1f240302e468800d69bf316ef82ac4cd?s=96&d=mm&r=g","url":"https:\/\/secure.gravatar.com\/avatar\/8dcb857776c4317075ba571fdc81a06a1f240302e468800d69bf316ef82ac4cd?s=96&d=mm&r=g","contentUrl":"https:\/\/secure.gravatar.com\/avatar\/8dcb857776c4317075ba571fdc81a06a1f240302e468800d69bf316ef82ac4cd?s=96&d=mm&r=g","caption":"Karoliina \u00d6ystil\u00e4"}}]}},"_links":{"self":[{"href":"https:\/\/www.selry.fi\/sv\/wp-json\/wp\/v2\/posts\/12739","targetHints":{"allow":["GET"]}}],"collection":[{"href":"https:\/\/www.selry.fi\/sv\/wp-json\/wp\/v2\/posts"}],"about":[{"href":"https:\/\/www.selry.fi\/sv\/wp-json\/wp\/v2\/types\/post"}],"author":[{"embeddable":true,"href":"https:\/\/www.selry.fi\/sv\/wp-json\/wp\/v2\/users\/4"}],"replies":[{"embeddable":true,"href":"https:\/\/www.selry.fi\/sv\/wp-json\/wp\/v2\/comments?post=12739"}],"version-history":[{"count":0,"href":"https:\/\/www.selry.fi\/sv\/wp-json\/wp\/v2\/posts\/12739\/revisions"}],"wp:featuredmedia":[{"embeddable":true,"href":"https:\/\/www.selry.fi\/sv\/wp-json\/wp\/v2\/media\/10997"}],"wp:attachment":[{"href":"https:\/\/www.selry.fi\/sv\/wp-json\/wp\/v2\/media?parent=12739"}],"wp:term":[{"taxonomy":"category","embeddable":true,"href":"https:\/\/www.selry.fi\/sv\/wp-json\/wp\/v2\/categories?post=12739"},{"taxonomy":"post_tag","embeddable":true,"href":"https:\/\/www.selry.fi\/sv\/wp-json\/wp\/v2\/tags?post=12739"}],"curies":[{"name":"wp","href":"https:\/\/api.w.org\/{rel}","templated":true}]}}