{"id":12577,"date":"2023-09-08T00:04:24","date_gmt":"2023-09-07T21:04:24","guid":{"rendered":"https:\/\/www.selry.fi\/?p=12577"},"modified":"2023-09-08T00:06:37","modified_gmt":"2023-09-07T21:06:37","slug":"vagande-skal","status":"publish","type":"post","link":"https:\/\/www.selry.fi\/sv\/blogg\/vagande-skal\/","title":{"rendered":"V\u00e4gande sk\u00e4l"},"content":{"rendered":"\n<p>Titeln p\u00e5 statsminister Petteri Orpos regeringsprogram <a href=\"https:\/\/valtioneuvosto.fi\/sv\/regeringar\/regeringsprogrammet#\/\" target=\"_blank\" rel=\"noreferrer noopener\">\u201dEtt starkt och engagerat Finland\u201d<\/a> k\u00e4nns absurd. Regeringsprogrammet inneh\u00e5ller avsev\u00e4rda f\u00f6rsvagningar av arbetstagarnas r\u00e4ttigheter och socialskydd. &nbsp;Rent ideologiska orsaker verkar st\u00e5 bakom f\u00f6rslagen till f\u00f6rs\u00e4mringar i arbetslivet. Det g\u00e5r inte att motivera f\u00f6rsvagningarna med att de skulle f\u00f6rb\u00e4ttra syssels\u00e4ttningen. Regeringen \u00e4mnar med sina beslut \u00e5terf\u00f6ra det finl\u00e4ndska arbetslivet tiotals \u00e5r tillbaka i tiden.<\/p>\n\n\n\n<p>Vi ber\u00e4ttar f\u00f6r v\u00e5ra medlemmar om de f\u00f6rs\u00e4mringar som regeringen driver vad g\u00e4ller arbetstagarnas arbetsvillkor och arbetsl\u00f6shetsskydd. Vi kommer garanterat att st\u00e4ndigt p\u00e5minna om de h\u00e4r f\u00f6rsvagningsf\u00f6rslagen och \u00f6ppna upp om lagf\u00f6rslagen i takt med att regeringen tar dem till riksdagen.<\/p>\n\n\n\n<p>Vi har nu verkligt <a href=\"https:\/\/www.sak.fi\/vagandeskal\" target=\"_blank\" rel=\"noreferrer noopener\">v\u00e4gande sk\u00e4l<\/a> att tillsammans agera och f\u00f6rsvara arbetstagarnas r\u00e4ttigheter och st\u00e4llning. FFC och fackf\u00f6rbunden har inlett f\u00f6rberedelserna f\u00f6r aktioner mot regeringens f\u00f6rslag om begr\u00e4nsad strejkr\u00e4tt och f\u00f6rsvagningar av arbetsvillkoren och arbetsl\u00f6shetsskyddet. F\u00f6rhoppningsvis f\u00f6rst\u00e5r regeringen sj\u00e4lv att begrava de h\u00e4r or\u00e4ttvisa f\u00f6rslagen.<\/p>\n\n\n\n<p>Vid sidan om f\u00f6rs\u00f6ken att f\u00f6r\u00f6dmjuka arbetstagarna inneh\u00e5ller regeringen Orpos program ocks\u00e5 m\u00e5nga andra fullst\u00e4ndiga obegripligheter. De nuvarande regeringspartierna skr\u00e4mde f\u00f6re riksdagsvalet upp folk med den alltf\u00f6r stora statsskulden, men nu t\u00e4nker de sj\u00e4lva i n\u00e4sta \u00e5r uppta en tv\u00e5 g\u00e5nger st\u00f6rre skuld \u00e4n vad Sanna Marins regering upptog i fjol.<\/p>\n\n\n\n<p>Regeringen upptar till\u00e4ggsl\u00e5n p\u00e5 miljarder f\u00f6r att finansiera en s\u00e4nkning av inkomstskatten. L\u00f6ntagarnas beskattning sjunker under n\u00e4sta \u00e5r med 0,6\u20131,3 procentenheter. Enligt Skattebetalarnas Centralf\u00f6rbund sjunker l\u00f6nebeskattningen mest f\u00f6r dem som f\u00f6rtj\u00e4nar 14 000 euro i m\u00e5naden.&nbsp; En medelinkomsttagare med 3 840 euro i m\u00e5nadsl\u00f6n kan r\u00e4kna med 340 euro mer pengar p\u00e5 hand under n\u00e4sta \u00e5r, eller med andra ord 30 euro mer per m\u00e5nad.<\/p>\n\n\n\n<p>Skulle du helst ta 30 euro mer i l\u00f6n per m\u00e5nad, eller skulle du hellre betala den summan i skatt f\u00f6r att staten exempelvis skulle kunna ordna upp i social- och h\u00e4lsov\u00e5rdsservicen, som \u00e4r i stort behov av mera resurser?<\/p>\n\n\n\n<p>Regeringen Orpo tycks inte intressera sig f\u00f6r beskattningen eller de offentliga tj\u00e4nster som finansieras med den. Finland f\u00f6rlorar, enligt bed\u00f6mningar p\u00e5 grund av den gr\u00e5 ekonomin cirka fem miljarder euro i skatteint\u00e4kter per \u00e5r, men trots det vill regeringen sk\u00e4ra i resurserna f\u00f6r bek\u00e4mpandet av den gr\u00e5 ekonomin med \u00f6ver tre miljoner euro per \u00e5r. Det \u00e4r mycket sv\u00e5rt att f\u00f6rst\u00e5 varf\u00f6r.<br><br><em>Karoliina \u00d6ystil\u00e4<\/em><br><em>SEL:s kommunikationschef, chefredakt\u00f6r<\/em><\/p>\n\n\n\n<p><em>Texten publiceras f\u00f6rst som ledare i Elintae 5\/2023, 8.9.2023.<\/em><\/p>\n","protected":false},"excerpt":{"rendered":"<p>Titeln p\u00e5 statsminister Petteri Orpos regeringsprogram \u201dEtt starkt och engagerat Finland\u201d k\u00e4nns absurd. Regeringsprogrammet inneh\u00e5ller avsev\u00e4rda f\u00f6rsvagningar av arbetstagarnas r\u00e4ttigheter [\u2026] <a href=\"https:\/\/www.selry.fi\/sv\/blogg\/vagande-skal\/\">Lue lis\u00e4\u00e4 &raquo;<\/a><\/p>\n","protected":false},"author":4,"featured_media":10993,"comment_status":"closed","ping_status":"closed","sticky":false,"template":"","format":"standard","meta":{"_acf_changed":false,"footnotes":""},"categories":[64],"tags":[],"class_list":["post-12577","post","type-post","status-publish","format-standard","has-post-thumbnail","hentry","category-blogg"],"acf":[],"yoast_head":"<!-- This site is optimized with the Yoast SEO plugin v27.2 - https:\/\/yoast.com\/product\/yoast-seo-wordpress\/ -->\n<title>V\u00e4gande sk\u00e4l<\/title>\n<meta name=\"robots\" content=\"index, follow, max-snippet:-1, max-image-preview:large, max-video-preview:-1\" \/>\n<link rel=\"canonical\" href=\"https:\/\/www.selry.fi\/sv\/blogg\/vagande-skal\/\" \/>\n<meta property=\"og:locale\" content=\"sv_SE\" \/>\n<meta property=\"og:type\" content=\"article\" \/>\n<meta property=\"og:title\" content=\"V\u00e4gande sk\u00e4l\" \/>\n<meta property=\"og:description\" content=\"Titeln p\u00e5 statsminister Petteri Orpos regeringsprogram \u201dEtt starkt och engagerat Finland\u201d k\u00e4nns absurd. Regeringsprogrammet inneh\u00e5ller avsev\u00e4rda f\u00f6rsvagningar av arbetstagarnas r\u00e4ttigheter [\u2026] Lue lis\u00e4\u00e4 &raquo;\" \/>\n<meta property=\"og:url\" content=\"https:\/\/www.selry.fi\/sv\/blogg\/vagande-skal\/\" \/>\n<meta property=\"og:site_name\" content=\"Suomen Elintarvikety\u00f6l\u00e4isten Liitto SEL\" \/>\n<meta property=\"article:publisher\" content=\"https:\/\/www.facebook.com\/selry\" \/>\n<meta property=\"article:published_time\" content=\"2023-09-07T21:04:24+00:00\" \/>\n<meta property=\"article:modified_time\" content=\"2023-09-07T21:06:37+00:00\" \/>\n<meta property=\"og:image\" content=\"https:\/\/www.selry.fi\/wp-content\/uploads\/2023\/02\/karoliina-oystila-blogi.jpg\" \/>\n\t<meta property=\"og:image:width\" content=\"1536\" \/>\n\t<meta property=\"og:image:height\" content=\"1081\" \/>\n\t<meta property=\"og:image:type\" content=\"image\/jpeg\" \/>\n<meta name=\"author\" content=\"Karoliina \u00d6ystil\u00e4\" \/>\n<meta name=\"twitter:card\" content=\"summary_large_image\" \/>\n<meta name=\"twitter:creator\" content=\"@selryfi\" \/>\n<meta name=\"twitter:site\" content=\"@selryfi\" \/>\n<script type=\"application\/ld+json\" class=\"yoast-schema-graph\">{\"@context\":\"https:\/\/schema.org\",\"@graph\":[{\"@type\":\"Article\",\"@id\":\"https:\/\/www.selry.fi\/sv\/blogg\/vagande-skal\/#article\",\"isPartOf\":{\"@id\":\"https:\/\/www.selry.fi\/sv\/blogg\/vagande-skal\/\"},\"author\":{\"name\":\"Karoliina \u00d6ystil\u00e4\",\"@id\":\"https:\/\/www.selry.fi\/#\/schema\/person\/4fb0b52ed84c524f0beea95625a21678\"},\"headline\":\"V\u00e4gande sk\u00e4l\",\"datePublished\":\"2023-09-07T21:04:24+00:00\",\"dateModified\":\"2023-09-07T21:06:37+00:00\",\"mainEntityOfPage\":{\"@id\":\"https:\/\/www.selry.fi\/sv\/blogg\/vagande-skal\/\"},\"wordCount\":472,\"publisher\":{\"@id\":\"https:\/\/www.selry.fi\/#organization\"},\"image\":{\"@id\":\"https:\/\/www.selry.fi\/sv\/blogg\/vagande-skal\/#primaryimage\"},\"thumbnailUrl\":\"https:\/\/www.selry.fi\/wp-content\/uploads\/2023\/02\/karoliina-oystila-blogi.jpg\",\"articleSection\":[\"Blogg\"],\"inLanguage\":\"sv-SE\"},{\"@type\":\"WebPage\",\"@id\":\"https:\/\/www.selry.fi\/sv\/blogg\/vagande-skal\/\",\"url\":\"https:\/\/www.selry.fi\/sv\/blogg\/vagande-skal\/\",\"name\":\"V\u00e4gande sk\u00e4l\",\"isPartOf\":{\"@id\":\"https:\/\/www.selry.fi\/#website\"},\"primaryImageOfPage\":{\"@id\":\"https:\/\/www.selry.fi\/sv\/blogg\/vagande-skal\/#primaryimage\"},\"image\":{\"@id\":\"https:\/\/www.selry.fi\/sv\/blogg\/vagande-skal\/#primaryimage\"},\"thumbnailUrl\":\"https:\/\/www.selry.fi\/wp-content\/uploads\/2023\/02\/karoliina-oystila-blogi.jpg\",\"datePublished\":\"2023-09-07T21:04:24+00:00\",\"dateModified\":\"2023-09-07T21:06:37+00:00\",\"breadcrumb\":{\"@id\":\"https:\/\/www.selry.fi\/sv\/blogg\/vagande-skal\/#breadcrumb\"},\"inLanguage\":\"sv-SE\",\"potentialAction\":[{\"@type\":\"ReadAction\",\"target\":[\"https:\/\/www.selry.fi\/sv\/blogg\/vagande-skal\/\"]}]},{\"@type\":\"ImageObject\",\"inLanguage\":\"sv-SE\",\"@id\":\"https:\/\/www.selry.fi\/sv\/blogg\/vagande-skal\/#primaryimage\",\"url\":\"https:\/\/www.selry.fi\/wp-content\/uploads\/2023\/02\/karoliina-oystila-blogi.jpg\",\"contentUrl\":\"https:\/\/www.selry.fi\/wp-content\/uploads\/2023\/02\/karoliina-oystila-blogi.jpg\",\"width\":1536,\"height\":1081},{\"@type\":\"BreadcrumbList\",\"@id\":\"https:\/\/www.selry.fi\/sv\/blogg\/vagande-skal\/#breadcrumb\",\"itemListElement\":[{\"@type\":\"ListItem\",\"position\":1,\"name\":\"Home\",\"item\":\"https:\/\/www.selry.fi\/sv\/\"},{\"@type\":\"ListItem\",\"position\":2,\"name\":\"V\u00e4gande sk\u00e4l\"}]},{\"@type\":\"WebSite\",\"@id\":\"https:\/\/www.selry.fi\/#website\",\"url\":\"https:\/\/www.selry.fi\/\",\"name\":\"Suomen Elintarvikety\u00f6l\u00e4isten Liitto SEL\",\"description\":\"\",\"publisher\":{\"@id\":\"https:\/\/www.selry.fi\/#organization\"},\"inLanguage\":\"sv-SE\"},{\"@type\":\"Organization\",\"@id\":\"https:\/\/www.selry.fi\/#organization\",\"name\":\"Suomen Elintarvikety\u00f6l\u00e4isten Liitto SEL\",\"url\":\"https:\/\/www.selry.fi\/\",\"logo\":{\"@type\":\"ImageObject\",\"inLanguage\":\"sv-SE\",\"@id\":\"https:\/\/www.selry.fi\/#\/schema\/logo\/image\/\",\"url\":\"https:\/\/www.selry.fi\/wp-content\/uploads\/2021\/05\/logo-sel.svg\",\"contentUrl\":\"https:\/\/www.selry.fi\/wp-content\/uploads\/2021\/05\/logo-sel.svg\",\"width\":453,\"height\":135,\"caption\":\"Suomen Elintarvikety\u00f6l\u00e4isten Liitto SEL\"},\"image\":{\"@id\":\"https:\/\/www.selry.fi\/#\/schema\/logo\/image\/\"},\"sameAs\":[\"https:\/\/www.facebook.com\/selry\",\"https:\/\/x.com\/selryfi\"]},{\"@type\":\"Person\",\"@id\":\"https:\/\/www.selry.fi\/#\/schema\/person\/4fb0b52ed84c524f0beea95625a21678\",\"name\":\"Karoliina \u00d6ystil\u00e4\",\"image\":{\"@type\":\"ImageObject\",\"inLanguage\":\"sv-SE\",\"@id\":\"https:\/\/secure.gravatar.com\/avatar\/8dcb857776c4317075ba571fdc81a06a1f240302e468800d69bf316ef82ac4cd?s=96&d=mm&r=g\",\"url\":\"https:\/\/secure.gravatar.com\/avatar\/8dcb857776c4317075ba571fdc81a06a1f240302e468800d69bf316ef82ac4cd?s=96&d=mm&r=g\",\"contentUrl\":\"https:\/\/secure.gravatar.com\/avatar\/8dcb857776c4317075ba571fdc81a06a1f240302e468800d69bf316ef82ac4cd?s=96&d=mm&r=g\",\"caption\":\"Karoliina \u00d6ystil\u00e4\"}}]}<\/script>\n<!-- \/ Yoast SEO plugin. -->","yoast_head_json":{"title":"V\u00e4gande sk\u00e4l","robots":{"index":"index","follow":"follow","max-snippet":"max-snippet:-1","max-image-preview":"max-image-preview:large","max-video-preview":"max-video-preview:-1"},"canonical":"https:\/\/www.selry.fi\/sv\/blogg\/vagande-skal\/","og_locale":"sv_SE","og_type":"article","og_title":"V\u00e4gande sk\u00e4l","og_description":"Titeln p\u00e5 statsminister Petteri Orpos regeringsprogram \u201dEtt starkt och engagerat Finland\u201d k\u00e4nns absurd. Regeringsprogrammet inneh\u00e5ller avsev\u00e4rda f\u00f6rsvagningar av arbetstagarnas r\u00e4ttigheter [\u2026] Lue lis\u00e4\u00e4 &raquo;","og_url":"https:\/\/www.selry.fi\/sv\/blogg\/vagande-skal\/","og_site_name":"Suomen Elintarvikety\u00f6l\u00e4isten Liitto SEL","article_publisher":"https:\/\/www.facebook.com\/selry","article_published_time":"2023-09-07T21:04:24+00:00","article_modified_time":"2023-09-07T21:06:37+00:00","og_image":[{"width":1536,"height":1081,"url":"https:\/\/www.selry.fi\/wp-content\/uploads\/2023\/02\/karoliina-oystila-blogi.jpg","type":"image\/jpeg"}],"author":"Karoliina \u00d6ystil\u00e4","twitter_card":"summary_large_image","twitter_creator":"@selryfi","twitter_site":"@selryfi","schema":{"@context":"https:\/\/schema.org","@graph":[{"@type":"Article","@id":"https:\/\/www.selry.fi\/sv\/blogg\/vagande-skal\/#article","isPartOf":{"@id":"https:\/\/www.selry.fi\/sv\/blogg\/vagande-skal\/"},"author":{"name":"Karoliina \u00d6ystil\u00e4","@id":"https:\/\/www.selry.fi\/#\/schema\/person\/4fb0b52ed84c524f0beea95625a21678"},"headline":"V\u00e4gande sk\u00e4l","datePublished":"2023-09-07T21:04:24+00:00","dateModified":"2023-09-07T21:06:37+00:00","mainEntityOfPage":{"@id":"https:\/\/www.selry.fi\/sv\/blogg\/vagande-skal\/"},"wordCount":472,"publisher":{"@id":"https:\/\/www.selry.fi\/#organization"},"image":{"@id":"https:\/\/www.selry.fi\/sv\/blogg\/vagande-skal\/#primaryimage"},"thumbnailUrl":"https:\/\/www.selry.fi\/wp-content\/uploads\/2023\/02\/karoliina-oystila-blogi.jpg","articleSection":["Blogg"],"inLanguage":"sv-SE"},{"@type":"WebPage","@id":"https:\/\/www.selry.fi\/sv\/blogg\/vagande-skal\/","url":"https:\/\/www.selry.fi\/sv\/blogg\/vagande-skal\/","name":"V\u00e4gande sk\u00e4l","isPartOf":{"@id":"https:\/\/www.selry.fi\/#website"},"primaryImageOfPage":{"@id":"https:\/\/www.selry.fi\/sv\/blogg\/vagande-skal\/#primaryimage"},"image":{"@id":"https:\/\/www.selry.fi\/sv\/blogg\/vagande-skal\/#primaryimage"},"thumbnailUrl":"https:\/\/www.selry.fi\/wp-content\/uploads\/2023\/02\/karoliina-oystila-blogi.jpg","datePublished":"2023-09-07T21:04:24+00:00","dateModified":"2023-09-07T21:06:37+00:00","breadcrumb":{"@id":"https:\/\/www.selry.fi\/sv\/blogg\/vagande-skal\/#breadcrumb"},"inLanguage":"sv-SE","potentialAction":[{"@type":"ReadAction","target":["https:\/\/www.selry.fi\/sv\/blogg\/vagande-skal\/"]}]},{"@type":"ImageObject","inLanguage":"sv-SE","@id":"https:\/\/www.selry.fi\/sv\/blogg\/vagande-skal\/#primaryimage","url":"https:\/\/www.selry.fi\/wp-content\/uploads\/2023\/02\/karoliina-oystila-blogi.jpg","contentUrl":"https:\/\/www.selry.fi\/wp-content\/uploads\/2023\/02\/karoliina-oystila-blogi.jpg","width":1536,"height":1081},{"@type":"BreadcrumbList","@id":"https:\/\/www.selry.fi\/sv\/blogg\/vagande-skal\/#breadcrumb","itemListElement":[{"@type":"ListItem","position":1,"name":"Home","item":"https:\/\/www.selry.fi\/sv\/"},{"@type":"ListItem","position":2,"name":"V\u00e4gande sk\u00e4l"}]},{"@type":"WebSite","@id":"https:\/\/www.selry.fi\/#website","url":"https:\/\/www.selry.fi\/","name":"Suomen Elintarvikety\u00f6l\u00e4isten Liitto SEL","description":"","publisher":{"@id":"https:\/\/www.selry.fi\/#organization"},"inLanguage":"sv-SE"},{"@type":"Organization","@id":"https:\/\/www.selry.fi\/#organization","name":"Suomen Elintarvikety\u00f6l\u00e4isten Liitto SEL","url":"https:\/\/www.selry.fi\/","logo":{"@type":"ImageObject","inLanguage":"sv-SE","@id":"https:\/\/www.selry.fi\/#\/schema\/logo\/image\/","url":"https:\/\/www.selry.fi\/wp-content\/uploads\/2021\/05\/logo-sel.svg","contentUrl":"https:\/\/www.selry.fi\/wp-content\/uploads\/2021\/05\/logo-sel.svg","width":453,"height":135,"caption":"Suomen Elintarvikety\u00f6l\u00e4isten Liitto SEL"},"image":{"@id":"https:\/\/www.selry.fi\/#\/schema\/logo\/image\/"},"sameAs":["https:\/\/www.facebook.com\/selry","https:\/\/x.com\/selryfi"]},{"@type":"Person","@id":"https:\/\/www.selry.fi\/#\/schema\/person\/4fb0b52ed84c524f0beea95625a21678","name":"Karoliina \u00d6ystil\u00e4","image":{"@type":"ImageObject","inLanguage":"sv-SE","@id":"https:\/\/secure.gravatar.com\/avatar\/8dcb857776c4317075ba571fdc81a06a1f240302e468800d69bf316ef82ac4cd?s=96&d=mm&r=g","url":"https:\/\/secure.gravatar.com\/avatar\/8dcb857776c4317075ba571fdc81a06a1f240302e468800d69bf316ef82ac4cd?s=96&d=mm&r=g","contentUrl":"https:\/\/secure.gravatar.com\/avatar\/8dcb857776c4317075ba571fdc81a06a1f240302e468800d69bf316ef82ac4cd?s=96&d=mm&r=g","caption":"Karoliina \u00d6ystil\u00e4"}}]}},"_links":{"self":[{"href":"https:\/\/www.selry.fi\/sv\/wp-json\/wp\/v2\/posts\/12577","targetHints":{"allow":["GET"]}}],"collection":[{"href":"https:\/\/www.selry.fi\/sv\/wp-json\/wp\/v2\/posts"}],"about":[{"href":"https:\/\/www.selry.fi\/sv\/wp-json\/wp\/v2\/types\/post"}],"author":[{"embeddable":true,"href":"https:\/\/www.selry.fi\/sv\/wp-json\/wp\/v2\/users\/4"}],"replies":[{"embeddable":true,"href":"https:\/\/www.selry.fi\/sv\/wp-json\/wp\/v2\/comments?post=12577"}],"version-history":[{"count":0,"href":"https:\/\/www.selry.fi\/sv\/wp-json\/wp\/v2\/posts\/12577\/revisions"}],"wp:featuredmedia":[{"embeddable":true,"href":"https:\/\/www.selry.fi\/sv\/wp-json\/wp\/v2\/media\/10993"}],"wp:attachment":[{"href":"https:\/\/www.selry.fi\/sv\/wp-json\/wp\/v2\/media?parent=12577"}],"wp:term":[{"taxonomy":"category","embeddable":true,"href":"https:\/\/www.selry.fi\/sv\/wp-json\/wp\/v2\/categories?post=12577"},{"taxonomy":"post_tag","embeddable":true,"href":"https:\/\/www.selry.fi\/sv\/wp-json\/wp\/v2\/tags?post=12577"}],"curies":[{"name":"wp","href":"https:\/\/api.w.org\/{rel}","templated":true}]}}