{"id":12533,"date":"2023-08-29T15:04:01","date_gmt":"2023-08-29T12:04:01","guid":{"rendered":"https:\/\/www.selry.fi\/?p=12533"},"modified":"2023-09-01T15:08:51","modified_gmt":"2023-09-01T12:08:51","slug":"glomdes-nagra-av-arbetsgivarnas-krav-i-skrivningarna","status":"publish","type":"post","link":"https:\/\/www.selry.fi\/sv\/blogg\/glomdes-nagra-av-arbetsgivarnas-krav-i-skrivningarna\/","title":{"rendered":"Gl\u00f6mdes n\u00e5gra av arbetsgivarnas krav i skrivningarna?"},"content":{"rendered":"\n<p>Det tog en rekordl\u00e5ng tid f\u00f6r Petteri Orpo att slipa regeringsf\u00f6rhandlingarna. Fr\u00e5gan inst\u00e4ller sig vad det var man skulle slipa i <a href=\"https:\/\/valtioneuvosto.fi\/sv\/regeringar\/regeringsprogrammet#\/\" target=\"_blank\" rel=\"noreferrer noopener\">regeringsprogrammet<\/a>, n\u00e4r de viktigaste fr\u00e5gorna f\u00f6r den h\u00e4r regeringen redan var skrivna p\u00e5 f\u00f6rhand.<\/p>\n\n\n\n<p>Orpos regering vill f\u00f6rsvaga arbetstagarnas st\u00e4llning och fackf\u00f6reningsr\u00f6relsens p\u00e5verkningsm\u00f6jligheter. Det har mycket tydligt framg\u00e5tt. Man har direkt i regeringsprogrammet kopierat texter fr\u00e5n Finlands N\u00e4ringslivs papper. Inte heller F\u00f6retagarna i Finlands krav har f\u00f6rbig\u00e5tts.<\/p>\n\n\n\n<p>Arbetsgivarf\u00f6rbunden beh\u00f6vde inte ha n\u00e5gra egna lobbare i regeringsf\u00f6rhandlingarna, eftersom de i Samlingspartiets led hade betydande akt\u00f6rer i tunga fr\u00e5gor med i f\u00f6rhandlingarna. D\u00e4rf\u00f6r var det s\u00e5 l\u00e4tt f\u00f6r Orpo att frankt meddela att inga organisationers lobbare skulle tas med i f\u00f6rhandlingarna.<\/p>\n\n\n\n<p>De betydande begr\u00e4nsningarna i strejkr\u00e4tten, att underl\u00e4tta upps\u00e4gningar, m\u00f6jligg\u00f6ra grundl\u00f6sa tidsbegr\u00e4nsade arbetsavtal, m\u00f6jligg\u00f6ra att med lokala \u201davtal\u201d sluta \u00f6verenskommelser som understiger kollektivavtalens niv\u00e5 p\u00e5 arbetsvillkoren, halvera tiden f\u00f6r meddelanden om permitteringar, slopandet av best\u00e4mmelserna i samarbetslagen och skyldigheten att \u00e5teranst\u00e4lla f\u00f6r f\u00f6retag med mindre \u00e4n 50 anst\u00e4llda, halvering av samarbetslagens f\u00f6rhandlingstider, slopandet av bageriarbetslagen samt de h\u00e4nsynsl\u00f6sa nedsk\u00e4rningarna i det f\u00f6rtj\u00e4nstbundna arbetsl\u00f6shetsskyddet ing\u00e5r alla som lagstiftningsm\u00e5l f\u00f6r regeringen.<\/p>\n\n\n\n<p>Man kunde g\u00e4rna fr\u00e5ga av arbetsgivarorganisationerna om det \u00e4nnu \u00e4r n\u00e5got de saknar? Jag tippar att svaret lyder: \u201dJo, det \u00e4r det, men det \u00e5terkommer vi till d\u00e5 strejkr\u00e4tten har begr\u00e4nsats betydligt.\u201d<\/p>\n\n\n\n<p>Vid sidan om att uppm\u00e4rksamma de f\u00f6rslag som p\u00e5 ett avg\u00f6rande s\u00e4tt f\u00f6rsvagar arbetstagarnas och de arbetsl\u00f6sas st\u00e4llning, ska vi ocks\u00e5 vara uppm\u00e4rksamma p\u00e5 den noggrant utt\u00e4nkta tidtabell och ordningsf\u00f6ljd enligt vilka f\u00f6rslagen ska f\u00f6rverkligas. Fr\u00e4mst har man nu br\u00e5ttom med att begr\u00e4nsa strejkr\u00e4tten, att slita t\u00e4nderna ur munnen p\u00e5 oss arbetstagare, s\u00e5 att man sedan fritt kan f\u00f6rsvaga arbetsvillkoren och arbetsl\u00f6shetsskyddet.<\/p>\n\n\n\n<p>Det \u00e4r meningen att alla f\u00f6rsvagningar av arbetslivet i regeringsprogrammet ska f\u00f6rverkligas under de tv\u00e5 f\u00f6rsta \u00e5ren av regeringsperioden. Denna br\u00e5dska har en enkel f\u00f6rklaring: f\u00f6r statsministerpartiet och dess finansi\u00e4rer \u00e4r den viktigaste helheten i hela regeringsprogrammet skrivningarna om arbetslivet, som p\u00e5 ett avg\u00f6rande s\u00e4tt f\u00f6rsvagar arbetstagarnas och deras fackf\u00f6rbunds st\u00e4llning.<\/p>\n\n\n\n<p>Den betydande begr\u00e4nsningen av strejkr\u00e4tten har som avsikt att f\u00f6rsvaga v\u00e5ra arbetsvillkor och skrota v\u00e5rt arbetsl\u00f6shetsskydd, d\u00e4rf\u00f6r m\u00e5ste vi med alla medel f\u00f6rs\u00f6ka motverka f\u00f6rslagen.<\/p>\n\n\n\n<p><em>Veli-Matti Kuntonen<\/em><br><em>SEL:s f\u00f6rbundsordf\u00f6rande<\/em><\/p>\n","protected":false},"excerpt":{"rendered":"<p>Det tog en rekordl\u00e5ng tid f\u00f6r Petteri Orpo att slipa regeringsf\u00f6rhandlingarna. Fr\u00e5gan inst\u00e4ller sig vad det var man skulle slipa [\u2026] <a href=\"https:\/\/www.selry.fi\/sv\/blogg\/glomdes-nagra-av-arbetsgivarnas-krav-i-skrivningarna\/\">Lue lis\u00e4\u00e4 &raquo;<\/a><\/p>\n","protected":false},"author":4,"featured_media":10997,"comment_status":"closed","ping_status":"closed","sticky":false,"template":"","format":"standard","meta":{"_acf_changed":false,"footnotes":""},"categories":[64],"tags":[],"class_list":["post-12533","post","type-post","status-publish","format-standard","has-post-thumbnail","hentry","category-blogg"],"acf":[],"yoast_head":"<!-- This site is optimized with the Yoast SEO plugin v27.2 - https:\/\/yoast.com\/product\/yoast-seo-wordpress\/ -->\n<title>Gl\u00f6mdes n\u00e5gra av arbetsgivarnas krav i skrivningarna?<\/title>\n<meta name=\"robots\" content=\"index, follow, max-snippet:-1, max-image-preview:large, max-video-preview:-1\" \/>\n<link rel=\"canonical\" href=\"https:\/\/www.selry.fi\/sv\/blogg\/glomdes-nagra-av-arbetsgivarnas-krav-i-skrivningarna\/\" \/>\n<meta property=\"og:locale\" content=\"sv_SE\" \/>\n<meta property=\"og:type\" content=\"article\" \/>\n<meta property=\"og:title\" content=\"Gl\u00f6mdes n\u00e5gra av arbetsgivarnas krav i skrivningarna?\" \/>\n<meta property=\"og:description\" content=\"Det tog en rekordl\u00e5ng tid f\u00f6r Petteri Orpo att slipa regeringsf\u00f6rhandlingarna. Fr\u00e5gan inst\u00e4ller sig vad det var man skulle slipa [\u2026] Lue lis\u00e4\u00e4 &raquo;\" \/>\n<meta property=\"og:url\" content=\"https:\/\/www.selry.fi\/sv\/blogg\/glomdes-nagra-av-arbetsgivarnas-krav-i-skrivningarna\/\" \/>\n<meta property=\"og:site_name\" content=\"Suomen Elintarvikety\u00f6l\u00e4isten Liitto SEL\" \/>\n<meta property=\"article:publisher\" content=\"https:\/\/www.facebook.com\/selry\" \/>\n<meta property=\"article:published_time\" content=\"2023-08-29T12:04:01+00:00\" \/>\n<meta property=\"article:modified_time\" content=\"2023-09-01T12:08:51+00:00\" \/>\n<meta property=\"og:image\" content=\"https:\/\/www.selry.fi\/wp-content\/uploads\/2023\/02\/veli-matti-kuntonen-blogi.jpg\" \/>\n\t<meta property=\"og:image:width\" content=\"1536\" \/>\n\t<meta property=\"og:image:height\" content=\"1148\" \/>\n\t<meta property=\"og:image:type\" content=\"image\/jpeg\" \/>\n<meta name=\"author\" content=\"Karoliina \u00d6ystil\u00e4\" \/>\n<meta name=\"twitter:card\" content=\"summary_large_image\" \/>\n<meta name=\"twitter:creator\" content=\"@selryfi\" \/>\n<meta name=\"twitter:site\" content=\"@selryfi\" \/>\n<script type=\"application\/ld+json\" class=\"yoast-schema-graph\">{\"@context\":\"https:\/\/schema.org\",\"@graph\":[{\"@type\":\"Article\",\"@id\":\"https:\/\/www.selry.fi\/sv\/blogg\/glomdes-nagra-av-arbetsgivarnas-krav-i-skrivningarna\/#article\",\"isPartOf\":{\"@id\":\"https:\/\/www.selry.fi\/sv\/blogg\/glomdes-nagra-av-arbetsgivarnas-krav-i-skrivningarna\/\"},\"author\":{\"name\":\"Karoliina \u00d6ystil\u00e4\",\"@id\":\"https:\/\/www.selry.fi\/#\/schema\/person\/4fb0b52ed84c524f0beea95625a21678\"},\"headline\":\"Gl\u00f6mdes n\u00e5gra av arbetsgivarnas krav i skrivningarna?\",\"datePublished\":\"2023-08-29T12:04:01+00:00\",\"dateModified\":\"2023-09-01T12:08:51+00:00\",\"mainEntityOfPage\":{\"@id\":\"https:\/\/www.selry.fi\/sv\/blogg\/glomdes-nagra-av-arbetsgivarnas-krav-i-skrivningarna\/\"},\"wordCount\":471,\"publisher\":{\"@id\":\"https:\/\/www.selry.fi\/#organization\"},\"image\":{\"@id\":\"https:\/\/www.selry.fi\/sv\/blogg\/glomdes-nagra-av-arbetsgivarnas-krav-i-skrivningarna\/#primaryimage\"},\"thumbnailUrl\":\"https:\/\/www.selry.fi\/wp-content\/uploads\/2023\/02\/veli-matti-kuntonen-blogi.jpg\",\"articleSection\":[\"Blogg\"],\"inLanguage\":\"sv-SE\"},{\"@type\":\"WebPage\",\"@id\":\"https:\/\/www.selry.fi\/sv\/blogg\/glomdes-nagra-av-arbetsgivarnas-krav-i-skrivningarna\/\",\"url\":\"https:\/\/www.selry.fi\/sv\/blogg\/glomdes-nagra-av-arbetsgivarnas-krav-i-skrivningarna\/\",\"name\":\"Gl\u00f6mdes n\u00e5gra av arbetsgivarnas krav i skrivningarna?\",\"isPartOf\":{\"@id\":\"https:\/\/www.selry.fi\/#website\"},\"primaryImageOfPage\":{\"@id\":\"https:\/\/www.selry.fi\/sv\/blogg\/glomdes-nagra-av-arbetsgivarnas-krav-i-skrivningarna\/#primaryimage\"},\"image\":{\"@id\":\"https:\/\/www.selry.fi\/sv\/blogg\/glomdes-nagra-av-arbetsgivarnas-krav-i-skrivningarna\/#primaryimage\"},\"thumbnailUrl\":\"https:\/\/www.selry.fi\/wp-content\/uploads\/2023\/02\/veli-matti-kuntonen-blogi.jpg\",\"datePublished\":\"2023-08-29T12:04:01+00:00\",\"dateModified\":\"2023-09-01T12:08:51+00:00\",\"breadcrumb\":{\"@id\":\"https:\/\/www.selry.fi\/sv\/blogg\/glomdes-nagra-av-arbetsgivarnas-krav-i-skrivningarna\/#breadcrumb\"},\"inLanguage\":\"sv-SE\",\"potentialAction\":[{\"@type\":\"ReadAction\",\"target\":[\"https:\/\/www.selry.fi\/sv\/blogg\/glomdes-nagra-av-arbetsgivarnas-krav-i-skrivningarna\/\"]}]},{\"@type\":\"ImageObject\",\"inLanguage\":\"sv-SE\",\"@id\":\"https:\/\/www.selry.fi\/sv\/blogg\/glomdes-nagra-av-arbetsgivarnas-krav-i-skrivningarna\/#primaryimage\",\"url\":\"https:\/\/www.selry.fi\/wp-content\/uploads\/2023\/02\/veli-matti-kuntonen-blogi.jpg\",\"contentUrl\":\"https:\/\/www.selry.fi\/wp-content\/uploads\/2023\/02\/veli-matti-kuntonen-blogi.jpg\",\"width\":1536,\"height\":1148},{\"@type\":\"BreadcrumbList\",\"@id\":\"https:\/\/www.selry.fi\/sv\/blogg\/glomdes-nagra-av-arbetsgivarnas-krav-i-skrivningarna\/#breadcrumb\",\"itemListElement\":[{\"@type\":\"ListItem\",\"position\":1,\"name\":\"Home\",\"item\":\"https:\/\/www.selry.fi\/sv\/\"},{\"@type\":\"ListItem\",\"position\":2,\"name\":\"Gl\u00f6mdes n\u00e5gra av arbetsgivarnas krav i skrivningarna?\"}]},{\"@type\":\"WebSite\",\"@id\":\"https:\/\/www.selry.fi\/#website\",\"url\":\"https:\/\/www.selry.fi\/\",\"name\":\"Suomen Elintarvikety\u00f6l\u00e4isten Liitto SEL\",\"description\":\"\",\"publisher\":{\"@id\":\"https:\/\/www.selry.fi\/#organization\"},\"inLanguage\":\"sv-SE\"},{\"@type\":\"Organization\",\"@id\":\"https:\/\/www.selry.fi\/#organization\",\"name\":\"Suomen Elintarvikety\u00f6l\u00e4isten Liitto SEL\",\"url\":\"https:\/\/www.selry.fi\/\",\"logo\":{\"@type\":\"ImageObject\",\"inLanguage\":\"sv-SE\",\"@id\":\"https:\/\/www.selry.fi\/#\/schema\/logo\/image\/\",\"url\":\"https:\/\/www.selry.fi\/wp-content\/uploads\/2021\/05\/logo-sel.svg\",\"contentUrl\":\"https:\/\/www.selry.fi\/wp-content\/uploads\/2021\/05\/logo-sel.svg\",\"width\":453,\"height\":135,\"caption\":\"Suomen Elintarvikety\u00f6l\u00e4isten Liitto SEL\"},\"image\":{\"@id\":\"https:\/\/www.selry.fi\/#\/schema\/logo\/image\/\"},\"sameAs\":[\"https:\/\/www.facebook.com\/selry\",\"https:\/\/x.com\/selryfi\"]},{\"@type\":\"Person\",\"@id\":\"https:\/\/www.selry.fi\/#\/schema\/person\/4fb0b52ed84c524f0beea95625a21678\",\"name\":\"Karoliina \u00d6ystil\u00e4\",\"image\":{\"@type\":\"ImageObject\",\"inLanguage\":\"sv-SE\",\"@id\":\"https:\/\/secure.gravatar.com\/avatar\/8dcb857776c4317075ba571fdc81a06a1f240302e468800d69bf316ef82ac4cd?s=96&d=mm&r=g\",\"url\":\"https:\/\/secure.gravatar.com\/avatar\/8dcb857776c4317075ba571fdc81a06a1f240302e468800d69bf316ef82ac4cd?s=96&d=mm&r=g\",\"contentUrl\":\"https:\/\/secure.gravatar.com\/avatar\/8dcb857776c4317075ba571fdc81a06a1f240302e468800d69bf316ef82ac4cd?s=96&d=mm&r=g\",\"caption\":\"Karoliina \u00d6ystil\u00e4\"}}]}<\/script>\n<!-- \/ Yoast SEO plugin. -->","yoast_head_json":{"title":"Gl\u00f6mdes n\u00e5gra av arbetsgivarnas krav i skrivningarna?","robots":{"index":"index","follow":"follow","max-snippet":"max-snippet:-1","max-image-preview":"max-image-preview:large","max-video-preview":"max-video-preview:-1"},"canonical":"https:\/\/www.selry.fi\/sv\/blogg\/glomdes-nagra-av-arbetsgivarnas-krav-i-skrivningarna\/","og_locale":"sv_SE","og_type":"article","og_title":"Gl\u00f6mdes n\u00e5gra av arbetsgivarnas krav i skrivningarna?","og_description":"Det tog en rekordl\u00e5ng tid f\u00f6r Petteri Orpo att slipa regeringsf\u00f6rhandlingarna. Fr\u00e5gan inst\u00e4ller sig vad det var man skulle slipa [\u2026] Lue lis\u00e4\u00e4 &raquo;","og_url":"https:\/\/www.selry.fi\/sv\/blogg\/glomdes-nagra-av-arbetsgivarnas-krav-i-skrivningarna\/","og_site_name":"Suomen Elintarvikety\u00f6l\u00e4isten Liitto SEL","article_publisher":"https:\/\/www.facebook.com\/selry","article_published_time":"2023-08-29T12:04:01+00:00","article_modified_time":"2023-09-01T12:08:51+00:00","og_image":[{"width":1536,"height":1148,"url":"https:\/\/www.selry.fi\/wp-content\/uploads\/2023\/02\/veli-matti-kuntonen-blogi.jpg","type":"image\/jpeg"}],"author":"Karoliina \u00d6ystil\u00e4","twitter_card":"summary_large_image","twitter_creator":"@selryfi","twitter_site":"@selryfi","schema":{"@context":"https:\/\/schema.org","@graph":[{"@type":"Article","@id":"https:\/\/www.selry.fi\/sv\/blogg\/glomdes-nagra-av-arbetsgivarnas-krav-i-skrivningarna\/#article","isPartOf":{"@id":"https:\/\/www.selry.fi\/sv\/blogg\/glomdes-nagra-av-arbetsgivarnas-krav-i-skrivningarna\/"},"author":{"name":"Karoliina \u00d6ystil\u00e4","@id":"https:\/\/www.selry.fi\/#\/schema\/person\/4fb0b52ed84c524f0beea95625a21678"},"headline":"Gl\u00f6mdes n\u00e5gra av arbetsgivarnas krav i skrivningarna?","datePublished":"2023-08-29T12:04:01+00:00","dateModified":"2023-09-01T12:08:51+00:00","mainEntityOfPage":{"@id":"https:\/\/www.selry.fi\/sv\/blogg\/glomdes-nagra-av-arbetsgivarnas-krav-i-skrivningarna\/"},"wordCount":471,"publisher":{"@id":"https:\/\/www.selry.fi\/#organization"},"image":{"@id":"https:\/\/www.selry.fi\/sv\/blogg\/glomdes-nagra-av-arbetsgivarnas-krav-i-skrivningarna\/#primaryimage"},"thumbnailUrl":"https:\/\/www.selry.fi\/wp-content\/uploads\/2023\/02\/veli-matti-kuntonen-blogi.jpg","articleSection":["Blogg"],"inLanguage":"sv-SE"},{"@type":"WebPage","@id":"https:\/\/www.selry.fi\/sv\/blogg\/glomdes-nagra-av-arbetsgivarnas-krav-i-skrivningarna\/","url":"https:\/\/www.selry.fi\/sv\/blogg\/glomdes-nagra-av-arbetsgivarnas-krav-i-skrivningarna\/","name":"Gl\u00f6mdes n\u00e5gra av arbetsgivarnas krav i skrivningarna?","isPartOf":{"@id":"https:\/\/www.selry.fi\/#website"},"primaryImageOfPage":{"@id":"https:\/\/www.selry.fi\/sv\/blogg\/glomdes-nagra-av-arbetsgivarnas-krav-i-skrivningarna\/#primaryimage"},"image":{"@id":"https:\/\/www.selry.fi\/sv\/blogg\/glomdes-nagra-av-arbetsgivarnas-krav-i-skrivningarna\/#primaryimage"},"thumbnailUrl":"https:\/\/www.selry.fi\/wp-content\/uploads\/2023\/02\/veli-matti-kuntonen-blogi.jpg","datePublished":"2023-08-29T12:04:01+00:00","dateModified":"2023-09-01T12:08:51+00:00","breadcrumb":{"@id":"https:\/\/www.selry.fi\/sv\/blogg\/glomdes-nagra-av-arbetsgivarnas-krav-i-skrivningarna\/#breadcrumb"},"inLanguage":"sv-SE","potentialAction":[{"@type":"ReadAction","target":["https:\/\/www.selry.fi\/sv\/blogg\/glomdes-nagra-av-arbetsgivarnas-krav-i-skrivningarna\/"]}]},{"@type":"ImageObject","inLanguage":"sv-SE","@id":"https:\/\/www.selry.fi\/sv\/blogg\/glomdes-nagra-av-arbetsgivarnas-krav-i-skrivningarna\/#primaryimage","url":"https:\/\/www.selry.fi\/wp-content\/uploads\/2023\/02\/veli-matti-kuntonen-blogi.jpg","contentUrl":"https:\/\/www.selry.fi\/wp-content\/uploads\/2023\/02\/veli-matti-kuntonen-blogi.jpg","width":1536,"height":1148},{"@type":"BreadcrumbList","@id":"https:\/\/www.selry.fi\/sv\/blogg\/glomdes-nagra-av-arbetsgivarnas-krav-i-skrivningarna\/#breadcrumb","itemListElement":[{"@type":"ListItem","position":1,"name":"Home","item":"https:\/\/www.selry.fi\/sv\/"},{"@type":"ListItem","position":2,"name":"Gl\u00f6mdes n\u00e5gra av arbetsgivarnas krav i skrivningarna?"}]},{"@type":"WebSite","@id":"https:\/\/www.selry.fi\/#website","url":"https:\/\/www.selry.fi\/","name":"Suomen Elintarvikety\u00f6l\u00e4isten Liitto SEL","description":"","publisher":{"@id":"https:\/\/www.selry.fi\/#organization"},"inLanguage":"sv-SE"},{"@type":"Organization","@id":"https:\/\/www.selry.fi\/#organization","name":"Suomen Elintarvikety\u00f6l\u00e4isten Liitto SEL","url":"https:\/\/www.selry.fi\/","logo":{"@type":"ImageObject","inLanguage":"sv-SE","@id":"https:\/\/www.selry.fi\/#\/schema\/logo\/image\/","url":"https:\/\/www.selry.fi\/wp-content\/uploads\/2021\/05\/logo-sel.svg","contentUrl":"https:\/\/www.selry.fi\/wp-content\/uploads\/2021\/05\/logo-sel.svg","width":453,"height":135,"caption":"Suomen Elintarvikety\u00f6l\u00e4isten Liitto SEL"},"image":{"@id":"https:\/\/www.selry.fi\/#\/schema\/logo\/image\/"},"sameAs":["https:\/\/www.facebook.com\/selry","https:\/\/x.com\/selryfi"]},{"@type":"Person","@id":"https:\/\/www.selry.fi\/#\/schema\/person\/4fb0b52ed84c524f0beea95625a21678","name":"Karoliina \u00d6ystil\u00e4","image":{"@type":"ImageObject","inLanguage":"sv-SE","@id":"https:\/\/secure.gravatar.com\/avatar\/8dcb857776c4317075ba571fdc81a06a1f240302e468800d69bf316ef82ac4cd?s=96&d=mm&r=g","url":"https:\/\/secure.gravatar.com\/avatar\/8dcb857776c4317075ba571fdc81a06a1f240302e468800d69bf316ef82ac4cd?s=96&d=mm&r=g","contentUrl":"https:\/\/secure.gravatar.com\/avatar\/8dcb857776c4317075ba571fdc81a06a1f240302e468800d69bf316ef82ac4cd?s=96&d=mm&r=g","caption":"Karoliina \u00d6ystil\u00e4"}}]}},"_links":{"self":[{"href":"https:\/\/www.selry.fi\/sv\/wp-json\/wp\/v2\/posts\/12533","targetHints":{"allow":["GET"]}}],"collection":[{"href":"https:\/\/www.selry.fi\/sv\/wp-json\/wp\/v2\/posts"}],"about":[{"href":"https:\/\/www.selry.fi\/sv\/wp-json\/wp\/v2\/types\/post"}],"author":[{"embeddable":true,"href":"https:\/\/www.selry.fi\/sv\/wp-json\/wp\/v2\/users\/4"}],"replies":[{"embeddable":true,"href":"https:\/\/www.selry.fi\/sv\/wp-json\/wp\/v2\/comments?post=12533"}],"version-history":[{"count":0,"href":"https:\/\/www.selry.fi\/sv\/wp-json\/wp\/v2\/posts\/12533\/revisions"}],"wp:featuredmedia":[{"embeddable":true,"href":"https:\/\/www.selry.fi\/sv\/wp-json\/wp\/v2\/media\/10997"}],"wp:attachment":[{"href":"https:\/\/www.selry.fi\/sv\/wp-json\/wp\/v2\/media?parent=12533"}],"wp:term":[{"taxonomy":"category","embeddable":true,"href":"https:\/\/www.selry.fi\/sv\/wp-json\/wp\/v2\/categories?post=12533"},{"taxonomy":"post_tag","embeddable":true,"href":"https:\/\/www.selry.fi\/sv\/wp-json\/wp\/v2\/tags?post=12533"}],"curies":[{"name":"wp","href":"https:\/\/api.w.org\/{rel}","templated":true}]}}