{"id":12529,"date":"2023-08-25T14:52:44","date_gmt":"2023-08-25T11:52:44","guid":{"rendered":"https:\/\/www.selry.fi\/?p=12529"},"modified":"2023-09-01T15:03:06","modified_gmt":"2023-09-01T12:03:06","slug":"sel-ar-redo-bekampa-forsvagningar-av-arbetstagarnas-rattigheter","status":"publish","type":"post","link":"https:\/\/www.selry.fi\/sv\/nyheter\/sel-ar-redo-bekampa-forsvagningar-av-arbetstagarnas-rattigheter\/","title":{"rendered":"SEL \u00e4r redo bek\u00e4mpa f\u00f6rsvagningar av arbetstagarnas r\u00e4ttigheter"},"content":{"rendered":"\n<p class=\"has-ingressi-font-size\">SEL \u00e4r tillsammans med andra fackf\u00f6rbund redo f\u00f6r kamp\u00e5tg\u00e4rder p\u00e5 livsmedelsbranschens arbetsplatser f\u00f6r att motverka regeringen Orpos f\u00f6rsvagningsf\u00f6rslag.<\/p>\n\n\n\n<p>Finlands Livsmedelsarbetaref\u00f6rbund SEL godk\u00e4nner inte regeringen Petteri Orpos planer p\u00e5 att m\u00e4rkbart f\u00f6rsvaga arbetstagarnas r\u00e4ttigheter och arbetsl\u00f6shetsskydd. SEL \u00e4r, tillsammans med andra FFC-anslutna fackf\u00f6rbund redo f\u00f6r kamp\u00e5tg\u00e4rder p\u00e5 livsmedelsbranschens arbetsplatser f\u00f6r att bek\u00e4mpa regeringens f\u00f6rsvagningsf\u00f6rslag.<\/p>\n\n\n\n<p>\u2013 Orpos och Purras regering g\u00e5r, p\u00e5 ett h\u00e5rt s\u00e4tt som saknar motstycke till attack mot arbetstagarnas r\u00e4ttigheter och st\u00e4llning. Vi \u00e4r redo f\u00f6r mot\u00e5tg\u00e4rder f\u00f6r att f\u00f6rsvara arbetstagarna, s\u00e4ger SEL:s ordf\u00f6rande <strong>Veli-Matti Kuntonen<\/strong>.<\/p>\n\n\n\n<p><a href=\"https:\/\/valtioneuvosto.fi\/sv\/regeringar\/regeringsprogrammet#\/\" target=\"_blank\" rel=\"noreferrer noopener\">I det regeringsprogram<\/a> som Samlingspartiets, Sannfinl\u00e4ndarnas, SFP:s och Kristdemokraternas regering antagit har man \u00f6verenskommit om en l\u00e5ng rad lagf\u00f6r\u00e4ndringar som f\u00f6rsvagar arbetstagarnas r\u00e4ttigheter och st\u00e4llning. Regeringen bereder f\u00f6r tillf\u00e4llet med en snabb tidtabell lagf\u00f6rslag vars avsikter f\u00f6rst \u00e4r att begr\u00e4nsa arbetstagarnas strejkr\u00e4tt och d\u00e4refter driva igenom f\u00f6rsvagningar av arbetsvillkoren och socialskyddet.<\/p>\n\n\n\n<p>\u2013 Om regeringen Orpos f\u00f6rslag g\u00e5r igenom kommer det finl\u00e4ndska arbetslivet utan tvivel att bli h\u00e5rdare och arbetstagarnas liv os\u00e4krare. Tidsbundna arbetsf\u00f6rh\u00e5llanden \u00f6kar och upps\u00e4gningar av arbetstagare underl\u00e4ttas. M\u00f6jligheterna \u00f6kar att f\u00f6rsvaga l\u00f6ner och andra arbetsvillkor med lokala avtal utan medverkan av f\u00f6rtroendevalda. Dialogen mellan arbetstagare och arbetsgivare minskar genom att \u00f6verf\u00f6ra en stor del av f\u00f6retagen utanf\u00f6r samarbetslagstiftningen, konstaterar Kuntonen.<\/p>\n\n\n\n<p>Vid sidan om f\u00f6rsvagningar f\u00f6r arbetstagarna i alla branscher har man i regeringen Orpos program ocks\u00e5 \u00f6verenskommit om att fr.o.m. 1.3.2025 slopa bageriarbetslagen. SEL mots\u00e4tter sig slopandet av bageriarbetslagen och understr\u00f6k redan under p\u00e5g\u00e5ende regeringsf\u00f6rhandlingar i ett utl\u00e5tande riktat till f\u00f6rhandlarna att lagen \u00e4r n\u00f6dv\u00e4ndig f\u00f6r att trygga arbetstagarnas utkomstniv\u00e5 och f\u00f6rs\u00e4kra sig om tillg\u00e4nglig arbetskraft. SEL:s m\u00e5l \u00e4r, att bageribranschens arbetstagare ocks\u00e5 i forts\u00e4ttningen ska ha rimliga arbetsvillkor.<\/p>\n\n\n\n<p>SEL:s bed\u00f6mning \u00e4r att \u00e5tg\u00e4rderna i regeringsprogrammet vid sidan om att de f\u00f6rsvagar det finl\u00e4ndska arbetslivet ocks\u00e5 kommer att f\u00f6rsv\u00e5ra arbetskraftsbristen.<\/p>\n\n\n\n<p>SEL:s f\u00f6rbundsstyrelse behandlade p\u00e5 sitt m\u00f6te i augusti regeringsprogrammet och SEL:s verksamhet f\u00f6r att h\u00f6ja den organisatoriska beredskapen. SEL informerar livsmedelsbranschens arbetstagare om effekterna av regeringen Orpos f\u00f6rsvagningsf\u00f6rslag och bereder sig f\u00f6r att p\u00e5 livsmedelsbranschens arbetsplatser motarbeta regeringens f\u00f6rsvagningar av arbetslivet.<\/p>\n\n\n\n<figure class=\"wp-block-image size-large\"><img decoding=\"async\" width=\"1280\" height=\"1811\" src=\"https:\/\/www.selry.fi\/wp-content\/uploads\/2023\/09\/painava-syy-leikkauslista-someen-sv-1280x1811.png\" alt=\"\" class=\"wp-image-12527\" srcset=\"https:\/\/www.selry.fi\/wp-content\/uploads\/2023\/09\/painava-syy-leikkauslista-someen-sv-1280x1811.png 1280w, https:\/\/www.selry.fi\/wp-content\/uploads\/2023\/09\/painava-syy-leikkauslista-someen-sv-350x495.png 350w, https:\/\/www.selry.fi\/wp-content\/uploads\/2023\/09\/painava-syy-leikkauslista-someen-sv-768x1087.png 768w, https:\/\/www.selry.fi\/wp-content\/uploads\/2023\/09\/painava-syy-leikkauslista-someen-sv-1086x1536.png 1086w, https:\/\/www.selry.fi\/wp-content\/uploads\/2023\/09\/painava-syy-leikkauslista-someen-sv-500x707.png 500w, https:\/\/www.selry.fi\/wp-content\/uploads\/2023\/09\/painava-syy-leikkauslista-someen-sv-830x1174.png 830w, https:\/\/www.selry.fi\/wp-content\/uploads\/2023\/09\/painava-syy-leikkauslista-someen-sv.png 1357w\" sizes=\"(max-width: 1280px) 100vw, 1280px\" \/><\/figure>\n","protected":false},"excerpt":{"rendered":"<p>SEL \u00e4r tillsammans med andra fackf\u00f6rbund redo f\u00f6r kamp\u00e5tg\u00e4rder p\u00e5 livsmedelsbranschens arbetsplatser f\u00f6r att motverka regeringen Orpos f\u00f6rsvagningsf\u00f6rslag. Finlands Livsmedelsarbetaref\u00f6rbund [\u2026] <a href=\"https:\/\/www.selry.fi\/sv\/nyheter\/sel-ar-redo-bekampa-forsvagningar-av-arbetstagarnas-rattigheter\/\">Lue lis\u00e4\u00e4 &raquo;<\/a><\/p>\n","protected":false},"author":4,"featured_media":9353,"comment_status":"closed","ping_status":"closed","sticky":false,"template":"","format":"standard","meta":{"_acf_changed":false,"footnotes":""},"categories":[26],"tags":[],"class_list":["post-12529","post","type-post","status-publish","format-standard","has-post-thumbnail","hentry","category-nyheter"],"acf":[],"yoast_head":"<!-- This site is optimized with the Yoast SEO plugin v27.2 - https:\/\/yoast.com\/product\/yoast-seo-wordpress\/ -->\n<title>SEL \u00e4r redo bek\u00e4mpa f\u00f6rsvagningar av arbetstagarnas r\u00e4ttigheter<\/title>\n<meta name=\"robots\" content=\"index, follow, max-snippet:-1, max-image-preview:large, max-video-preview:-1\" \/>\n<link rel=\"canonical\" href=\"https:\/\/www.selry.fi\/sv\/nyheter\/sel-ar-redo-bekampa-forsvagningar-av-arbetstagarnas-rattigheter\/\" \/>\n<meta property=\"og:locale\" content=\"sv_SE\" \/>\n<meta property=\"og:type\" content=\"article\" \/>\n<meta property=\"og:title\" content=\"SEL \u00e4r redo bek\u00e4mpa f\u00f6rsvagningar av arbetstagarnas r\u00e4ttigheter\" \/>\n<meta property=\"og:description\" content=\"SEL \u00e4r tillsammans med andra fackf\u00f6rbund redo f\u00f6r kamp\u00e5tg\u00e4rder p\u00e5 livsmedelsbranschens arbetsplatser f\u00f6r att motverka regeringen Orpos f\u00f6rsvagningsf\u00f6rslag. Finlands Livsmedelsarbetaref\u00f6rbund [\u2026] Lue lis\u00e4\u00e4 &raquo;\" \/>\n<meta property=\"og:url\" content=\"https:\/\/www.selry.fi\/sv\/nyheter\/sel-ar-redo-bekampa-forsvagningar-av-arbetstagarnas-rattigheter\/\" \/>\n<meta property=\"og:site_name\" content=\"Suomen Elintarvikety\u00f6l\u00e4isten Liitto SEL\" \/>\n<meta property=\"article:publisher\" content=\"https:\/\/www.facebook.com\/selry\" \/>\n<meta property=\"article:published_time\" content=\"2023-08-25T11:52:44+00:00\" \/>\n<meta property=\"article:modified_time\" content=\"2023-09-01T12:03:06+00:00\" \/>\n<meta property=\"og:image\" content=\"https:\/\/www.selry.fi\/wp-content\/uploads\/2022\/09\/takki-img-2505.jpg\" \/>\n\t<meta property=\"og:image:width\" content=\"1920\" \/>\n\t<meta property=\"og:image:height\" content=\"1280\" \/>\n\t<meta property=\"og:image:type\" content=\"image\/jpeg\" \/>\n<meta name=\"author\" content=\"Karoliina \u00d6ystil\u00e4\" \/>\n<meta name=\"twitter:card\" content=\"summary_large_image\" \/>\n<meta name=\"twitter:creator\" content=\"@selryfi\" \/>\n<meta name=\"twitter:site\" content=\"@selryfi\" \/>\n<script type=\"application\/ld+json\" class=\"yoast-schema-graph\">{\"@context\":\"https:\/\/schema.org\",\"@graph\":[{\"@type\":\"Article\",\"@id\":\"https:\/\/www.selry.fi\/sv\/nyheter\/sel-ar-redo-bekampa-forsvagningar-av-arbetstagarnas-rattigheter\/#article\",\"isPartOf\":{\"@id\":\"https:\/\/www.selry.fi\/sv\/nyheter\/sel-ar-redo-bekampa-forsvagningar-av-arbetstagarnas-rattigheter\/\"},\"author\":{\"name\":\"Karoliina \u00d6ystil\u00e4\",\"@id\":\"https:\/\/www.selry.fi\/#\/schema\/person\/4fb0b52ed84c524f0beea95625a21678\"},\"headline\":\"SEL \u00e4r redo bek\u00e4mpa f\u00f6rsvagningar av arbetstagarnas r\u00e4ttigheter\",\"datePublished\":\"2023-08-25T11:52:44+00:00\",\"dateModified\":\"2023-09-01T12:03:06+00:00\",\"mainEntityOfPage\":{\"@id\":\"https:\/\/www.selry.fi\/sv\/nyheter\/sel-ar-redo-bekampa-forsvagningar-av-arbetstagarnas-rattigheter\/\"},\"wordCount\":441,\"publisher\":{\"@id\":\"https:\/\/www.selry.fi\/#organization\"},\"image\":{\"@id\":\"https:\/\/www.selry.fi\/sv\/nyheter\/sel-ar-redo-bekampa-forsvagningar-av-arbetstagarnas-rattigheter\/#primaryimage\"},\"thumbnailUrl\":\"https:\/\/www.selry.fi\/wp-content\/uploads\/2022\/09\/takki-img-2505.jpg\",\"articleSection\":[\"Nyheter\"],\"inLanguage\":\"sv-SE\"},{\"@type\":\"WebPage\",\"@id\":\"https:\/\/www.selry.fi\/sv\/nyheter\/sel-ar-redo-bekampa-forsvagningar-av-arbetstagarnas-rattigheter\/\",\"url\":\"https:\/\/www.selry.fi\/sv\/nyheter\/sel-ar-redo-bekampa-forsvagningar-av-arbetstagarnas-rattigheter\/\",\"name\":\"SEL \u00e4r redo bek\u00e4mpa f\u00f6rsvagningar av arbetstagarnas r\u00e4ttigheter\",\"isPartOf\":{\"@id\":\"https:\/\/www.selry.fi\/#website\"},\"primaryImageOfPage\":{\"@id\":\"https:\/\/www.selry.fi\/sv\/nyheter\/sel-ar-redo-bekampa-forsvagningar-av-arbetstagarnas-rattigheter\/#primaryimage\"},\"image\":{\"@id\":\"https:\/\/www.selry.fi\/sv\/nyheter\/sel-ar-redo-bekampa-forsvagningar-av-arbetstagarnas-rattigheter\/#primaryimage\"},\"thumbnailUrl\":\"https:\/\/www.selry.fi\/wp-content\/uploads\/2022\/09\/takki-img-2505.jpg\",\"datePublished\":\"2023-08-25T11:52:44+00:00\",\"dateModified\":\"2023-09-01T12:03:06+00:00\",\"breadcrumb\":{\"@id\":\"https:\/\/www.selry.fi\/sv\/nyheter\/sel-ar-redo-bekampa-forsvagningar-av-arbetstagarnas-rattigheter\/#breadcrumb\"},\"inLanguage\":\"sv-SE\",\"potentialAction\":[{\"@type\":\"ReadAction\",\"target\":[\"https:\/\/www.selry.fi\/sv\/nyheter\/sel-ar-redo-bekampa-forsvagningar-av-arbetstagarnas-rattigheter\/\"]}]},{\"@type\":\"ImageObject\",\"inLanguage\":\"sv-SE\",\"@id\":\"https:\/\/www.selry.fi\/sv\/nyheter\/sel-ar-redo-bekampa-forsvagningar-av-arbetstagarnas-rattigheter\/#primaryimage\",\"url\":\"https:\/\/www.selry.fi\/wp-content\/uploads\/2022\/09\/takki-img-2505.jpg\",\"contentUrl\":\"https:\/\/www.selry.fi\/wp-content\/uploads\/2022\/09\/takki-img-2505.jpg\",\"width\":1920,\"height\":1280},{\"@type\":\"BreadcrumbList\",\"@id\":\"https:\/\/www.selry.fi\/sv\/nyheter\/sel-ar-redo-bekampa-forsvagningar-av-arbetstagarnas-rattigheter\/#breadcrumb\",\"itemListElement\":[{\"@type\":\"ListItem\",\"position\":1,\"name\":\"Home\",\"item\":\"https:\/\/www.selry.fi\/sv\/\"},{\"@type\":\"ListItem\",\"position\":2,\"name\":\"SEL \u00e4r redo bek\u00e4mpa f\u00f6rsvagningar av arbetstagarnas r\u00e4ttigheter\"}]},{\"@type\":\"WebSite\",\"@id\":\"https:\/\/www.selry.fi\/#website\",\"url\":\"https:\/\/www.selry.fi\/\",\"name\":\"Suomen Elintarvikety\u00f6l\u00e4isten Liitto SEL\",\"description\":\"\",\"publisher\":{\"@id\":\"https:\/\/www.selry.fi\/#organization\"},\"inLanguage\":\"sv-SE\"},{\"@type\":\"Organization\",\"@id\":\"https:\/\/www.selry.fi\/#organization\",\"name\":\"Suomen Elintarvikety\u00f6l\u00e4isten Liitto SEL\",\"url\":\"https:\/\/www.selry.fi\/\",\"logo\":{\"@type\":\"ImageObject\",\"inLanguage\":\"sv-SE\",\"@id\":\"https:\/\/www.selry.fi\/#\/schema\/logo\/image\/\",\"url\":\"https:\/\/www.selry.fi\/wp-content\/uploads\/2021\/05\/logo-sel.svg\",\"contentUrl\":\"https:\/\/www.selry.fi\/wp-content\/uploads\/2021\/05\/logo-sel.svg\",\"width\":453,\"height\":135,\"caption\":\"Suomen Elintarvikety\u00f6l\u00e4isten Liitto SEL\"},\"image\":{\"@id\":\"https:\/\/www.selry.fi\/#\/schema\/logo\/image\/\"},\"sameAs\":[\"https:\/\/www.facebook.com\/selry\",\"https:\/\/x.com\/selryfi\"]},{\"@type\":\"Person\",\"@id\":\"https:\/\/www.selry.fi\/#\/schema\/person\/4fb0b52ed84c524f0beea95625a21678\",\"name\":\"Karoliina \u00d6ystil\u00e4\",\"image\":{\"@type\":\"ImageObject\",\"inLanguage\":\"sv-SE\",\"@id\":\"https:\/\/secure.gravatar.com\/avatar\/8dcb857776c4317075ba571fdc81a06a1f240302e468800d69bf316ef82ac4cd?s=96&d=mm&r=g\",\"url\":\"https:\/\/secure.gravatar.com\/avatar\/8dcb857776c4317075ba571fdc81a06a1f240302e468800d69bf316ef82ac4cd?s=96&d=mm&r=g\",\"contentUrl\":\"https:\/\/secure.gravatar.com\/avatar\/8dcb857776c4317075ba571fdc81a06a1f240302e468800d69bf316ef82ac4cd?s=96&d=mm&r=g\",\"caption\":\"Karoliina \u00d6ystil\u00e4\"}}]}<\/script>\n<!-- \/ Yoast SEO plugin. -->","yoast_head_json":{"title":"SEL \u00e4r redo bek\u00e4mpa f\u00f6rsvagningar av arbetstagarnas r\u00e4ttigheter","robots":{"index":"index","follow":"follow","max-snippet":"max-snippet:-1","max-image-preview":"max-image-preview:large","max-video-preview":"max-video-preview:-1"},"canonical":"https:\/\/www.selry.fi\/sv\/nyheter\/sel-ar-redo-bekampa-forsvagningar-av-arbetstagarnas-rattigheter\/","og_locale":"sv_SE","og_type":"article","og_title":"SEL \u00e4r redo bek\u00e4mpa f\u00f6rsvagningar av arbetstagarnas r\u00e4ttigheter","og_description":"SEL \u00e4r tillsammans med andra fackf\u00f6rbund redo f\u00f6r kamp\u00e5tg\u00e4rder p\u00e5 livsmedelsbranschens arbetsplatser f\u00f6r att motverka regeringen Orpos f\u00f6rsvagningsf\u00f6rslag. Finlands Livsmedelsarbetaref\u00f6rbund [\u2026] Lue lis\u00e4\u00e4 &raquo;","og_url":"https:\/\/www.selry.fi\/sv\/nyheter\/sel-ar-redo-bekampa-forsvagningar-av-arbetstagarnas-rattigheter\/","og_site_name":"Suomen Elintarvikety\u00f6l\u00e4isten Liitto SEL","article_publisher":"https:\/\/www.facebook.com\/selry","article_published_time":"2023-08-25T11:52:44+00:00","article_modified_time":"2023-09-01T12:03:06+00:00","og_image":[{"width":1920,"height":1280,"url":"https:\/\/www.selry.fi\/wp-content\/uploads\/2022\/09\/takki-img-2505.jpg","type":"image\/jpeg"}],"author":"Karoliina \u00d6ystil\u00e4","twitter_card":"summary_large_image","twitter_creator":"@selryfi","twitter_site":"@selryfi","schema":{"@context":"https:\/\/schema.org","@graph":[{"@type":"Article","@id":"https:\/\/www.selry.fi\/sv\/nyheter\/sel-ar-redo-bekampa-forsvagningar-av-arbetstagarnas-rattigheter\/#article","isPartOf":{"@id":"https:\/\/www.selry.fi\/sv\/nyheter\/sel-ar-redo-bekampa-forsvagningar-av-arbetstagarnas-rattigheter\/"},"author":{"name":"Karoliina \u00d6ystil\u00e4","@id":"https:\/\/www.selry.fi\/#\/schema\/person\/4fb0b52ed84c524f0beea95625a21678"},"headline":"SEL \u00e4r redo bek\u00e4mpa f\u00f6rsvagningar av arbetstagarnas r\u00e4ttigheter","datePublished":"2023-08-25T11:52:44+00:00","dateModified":"2023-09-01T12:03:06+00:00","mainEntityOfPage":{"@id":"https:\/\/www.selry.fi\/sv\/nyheter\/sel-ar-redo-bekampa-forsvagningar-av-arbetstagarnas-rattigheter\/"},"wordCount":441,"publisher":{"@id":"https:\/\/www.selry.fi\/#organization"},"image":{"@id":"https:\/\/www.selry.fi\/sv\/nyheter\/sel-ar-redo-bekampa-forsvagningar-av-arbetstagarnas-rattigheter\/#primaryimage"},"thumbnailUrl":"https:\/\/www.selry.fi\/wp-content\/uploads\/2022\/09\/takki-img-2505.jpg","articleSection":["Nyheter"],"inLanguage":"sv-SE"},{"@type":"WebPage","@id":"https:\/\/www.selry.fi\/sv\/nyheter\/sel-ar-redo-bekampa-forsvagningar-av-arbetstagarnas-rattigheter\/","url":"https:\/\/www.selry.fi\/sv\/nyheter\/sel-ar-redo-bekampa-forsvagningar-av-arbetstagarnas-rattigheter\/","name":"SEL \u00e4r redo bek\u00e4mpa f\u00f6rsvagningar av arbetstagarnas r\u00e4ttigheter","isPartOf":{"@id":"https:\/\/www.selry.fi\/#website"},"primaryImageOfPage":{"@id":"https:\/\/www.selry.fi\/sv\/nyheter\/sel-ar-redo-bekampa-forsvagningar-av-arbetstagarnas-rattigheter\/#primaryimage"},"image":{"@id":"https:\/\/www.selry.fi\/sv\/nyheter\/sel-ar-redo-bekampa-forsvagningar-av-arbetstagarnas-rattigheter\/#primaryimage"},"thumbnailUrl":"https:\/\/www.selry.fi\/wp-content\/uploads\/2022\/09\/takki-img-2505.jpg","datePublished":"2023-08-25T11:52:44+00:00","dateModified":"2023-09-01T12:03:06+00:00","breadcrumb":{"@id":"https:\/\/www.selry.fi\/sv\/nyheter\/sel-ar-redo-bekampa-forsvagningar-av-arbetstagarnas-rattigheter\/#breadcrumb"},"inLanguage":"sv-SE","potentialAction":[{"@type":"ReadAction","target":["https:\/\/www.selry.fi\/sv\/nyheter\/sel-ar-redo-bekampa-forsvagningar-av-arbetstagarnas-rattigheter\/"]}]},{"@type":"ImageObject","inLanguage":"sv-SE","@id":"https:\/\/www.selry.fi\/sv\/nyheter\/sel-ar-redo-bekampa-forsvagningar-av-arbetstagarnas-rattigheter\/#primaryimage","url":"https:\/\/www.selry.fi\/wp-content\/uploads\/2022\/09\/takki-img-2505.jpg","contentUrl":"https:\/\/www.selry.fi\/wp-content\/uploads\/2022\/09\/takki-img-2505.jpg","width":1920,"height":1280},{"@type":"BreadcrumbList","@id":"https:\/\/www.selry.fi\/sv\/nyheter\/sel-ar-redo-bekampa-forsvagningar-av-arbetstagarnas-rattigheter\/#breadcrumb","itemListElement":[{"@type":"ListItem","position":1,"name":"Home","item":"https:\/\/www.selry.fi\/sv\/"},{"@type":"ListItem","position":2,"name":"SEL \u00e4r redo bek\u00e4mpa f\u00f6rsvagningar av arbetstagarnas r\u00e4ttigheter"}]},{"@type":"WebSite","@id":"https:\/\/www.selry.fi\/#website","url":"https:\/\/www.selry.fi\/","name":"Suomen Elintarvikety\u00f6l\u00e4isten Liitto SEL","description":"","publisher":{"@id":"https:\/\/www.selry.fi\/#organization"},"inLanguage":"sv-SE"},{"@type":"Organization","@id":"https:\/\/www.selry.fi\/#organization","name":"Suomen Elintarvikety\u00f6l\u00e4isten Liitto SEL","url":"https:\/\/www.selry.fi\/","logo":{"@type":"ImageObject","inLanguage":"sv-SE","@id":"https:\/\/www.selry.fi\/#\/schema\/logo\/image\/","url":"https:\/\/www.selry.fi\/wp-content\/uploads\/2021\/05\/logo-sel.svg","contentUrl":"https:\/\/www.selry.fi\/wp-content\/uploads\/2021\/05\/logo-sel.svg","width":453,"height":135,"caption":"Suomen Elintarvikety\u00f6l\u00e4isten Liitto SEL"},"image":{"@id":"https:\/\/www.selry.fi\/#\/schema\/logo\/image\/"},"sameAs":["https:\/\/www.facebook.com\/selry","https:\/\/x.com\/selryfi"]},{"@type":"Person","@id":"https:\/\/www.selry.fi\/#\/schema\/person\/4fb0b52ed84c524f0beea95625a21678","name":"Karoliina \u00d6ystil\u00e4","image":{"@type":"ImageObject","inLanguage":"sv-SE","@id":"https:\/\/secure.gravatar.com\/avatar\/8dcb857776c4317075ba571fdc81a06a1f240302e468800d69bf316ef82ac4cd?s=96&d=mm&r=g","url":"https:\/\/secure.gravatar.com\/avatar\/8dcb857776c4317075ba571fdc81a06a1f240302e468800d69bf316ef82ac4cd?s=96&d=mm&r=g","contentUrl":"https:\/\/secure.gravatar.com\/avatar\/8dcb857776c4317075ba571fdc81a06a1f240302e468800d69bf316ef82ac4cd?s=96&d=mm&r=g","caption":"Karoliina \u00d6ystil\u00e4"}}]}},"_links":{"self":[{"href":"https:\/\/www.selry.fi\/sv\/wp-json\/wp\/v2\/posts\/12529","targetHints":{"allow":["GET"]}}],"collection":[{"href":"https:\/\/www.selry.fi\/sv\/wp-json\/wp\/v2\/posts"}],"about":[{"href":"https:\/\/www.selry.fi\/sv\/wp-json\/wp\/v2\/types\/post"}],"author":[{"embeddable":true,"href":"https:\/\/www.selry.fi\/sv\/wp-json\/wp\/v2\/users\/4"}],"replies":[{"embeddable":true,"href":"https:\/\/www.selry.fi\/sv\/wp-json\/wp\/v2\/comments?post=12529"}],"version-history":[{"count":0,"href":"https:\/\/www.selry.fi\/sv\/wp-json\/wp\/v2\/posts\/12529\/revisions"}],"wp:featuredmedia":[{"embeddable":true,"href":"https:\/\/www.selry.fi\/sv\/wp-json\/wp\/v2\/media\/9353"}],"wp:attachment":[{"href":"https:\/\/www.selry.fi\/sv\/wp-json\/wp\/v2\/media?parent=12529"}],"wp:term":[{"taxonomy":"category","embeddable":true,"href":"https:\/\/www.selry.fi\/sv\/wp-json\/wp\/v2\/categories?post=12529"},{"taxonomy":"post_tag","embeddable":true,"href":"https:\/\/www.selry.fi\/sv\/wp-json\/wp\/v2\/tags?post=12529"}],"curies":[{"name":"wp","href":"https:\/\/api.w.org\/{rel}","templated":true}]}}