{"id":12288,"date":"2023-06-15T17:53:09","date_gmt":"2023-06-15T14:53:09","guid":{"rendered":"https:\/\/www.selry.fi\/?p=12288"},"modified":"2023-06-15T17:53:37","modified_gmt":"2023-06-15T14:53:37","slug":"dialogen-har-en-central-roll-i-samarbetslagen-det-lonar-sig-for-personalen-att-vara-aktiv","status":"publish","type":"post","link":"https:\/\/www.selry.fi\/sv\/nyheter\/dialogen-har-en-central-roll-i-samarbetslagen-det-lonar-sig-for-personalen-att-vara-aktiv\/","title":{"rendered":"Dialogen har en central roll i samarbetslagen \u2013 det l\u00f6nar sig f\u00f6r personalen att vara aktiv"},"content":{"rendered":"\n<p class=\"has-ingressi-font-size\">Den nya samarbetslagen betonar att arbetsgivaren och arbetstagarna ska f\u00f6ra en regelbunden dialog p\u00e5 arbetsplatsen. M\u00e5let \u00e4r att parterna tillsammans ska utveckla arbetsplatsen och f\u00f6rbereda sig p\u00e5 de f\u00f6r\u00e4ndringar som kan ske.<\/p>\n\n\n\n<p>Den st\u00f6rsta f\u00f6r\u00e4ndringen i lagen, som tr\u00e4dde i kraft i januari 2022, \u00e4r modellen f\u00f6r regelbunden dialog. Tanken med modellen \u00e4r att parterna p\u00e5 arbetsplatsen ska samarbeta ocks\u00e5 under goda tider. Arbetstagarna och arbetsgivaren f\u00f6r regelbundet en dialog om f\u00f6retagets situation och framtidsutsikter samt s\u00e5dana fr\u00e5gor som p\u00e5verkar personalen. P\u00e5 det h\u00e4r s\u00e4ttet kan man b\u00e4ttre f\u00f6rbereda sig p\u00e5 eventuella f\u00f6r\u00e4ndringar och fundera p\u00e5 hur till exempel personalens kunnande borde utvecklas.<\/p>\n\n\n\n<p>Lagen ger nu b\u00e4ttre m\u00f6jligheter att diskutera f\u00f6retagets situation och framtidsutsikter samt reagera p\u00e5 utmaningarna ocks\u00e5 p\u00e5 andra s\u00e4tt \u00e4n genom att minska antalet anst\u00e4llda.<\/p>\n\n\n\n<p>\u2013 M\u00e5let \u00e4r att man ska f\u00f6ra en genuin dialog i realtid om de fr\u00e5gor som ber\u00f6r personalen, inklusive f\u00f6retagets ekonomiska situation, s\u00e4ger FFC:s chefsjurist&nbsp;<strong>Timo Koskinen<\/strong>.<\/p>\n\n\n\n<p>Han betonar att b\u00e5de arbetsgivare och arbetstagare drar nytta av den regelbundna dialogen.<\/p>\n\n\n\n<p>\u2013 Ett fungerande och smidigt samarbete \u00e4r en v\u00e4sentlig del av f\u00f6retagens konkurrenskraft. P\u00e5 det s\u00e4ttet utvecklar man arbetstagarnas kunnande och v\u00e4lbefinnande samt f\u00f6rb\u00e4ttrar arbetsproduktiviteten och f\u00f6retagets ekonomiska framg\u00e5ng.<\/p>\n\n\n\n<p>Speciellt viktigt \u00e4r det att f\u00f6ra en dialog nu n\u00e4r arbetslivet genomg\u00e5r stora f\u00f6r\u00e4ndringar. F\u00f6retagen har till exempel sv\u00e5rt att hitta kunnig arbetskraft och det r\u00e5der rentav brist p\u00e5 arbetskraft inom vissa branscher. Timo Koskinen betonar att en fungerande dialog p\u00e5 arbetsplatsen \u00f6kar f\u00f6rtroendet och hj\u00e4lper till att l\u00f6sa de h\u00e4r utmaningarna.<\/p>\n\n\n\n<p>\u2013 Ett gott samarbete p\u00e5 arbetsplatsen \u00e4r ocks\u00e5 en f\u00f6ruts\u00e4ttning f\u00f6r att rekryteringen ska fungera, i synnerhet n\u00e4r det inom m\u00e5nga branscher \u00e4r konkurrens om arbetskraften.<\/p>\n\n\n\n<p>Lagen sl\u00e5r fast ramarna f\u00f6r dialogen: enligt lagen ska dialogen i regel f\u00f6ras en g\u00e5ng per kvartal. Som en del av dialogen kan man utarbeta en plan f\u00f6r utveckling av arbetsgemenskapen. Timo Koskinen anser att det l\u00f6nar sig att satsa p\u00e5 det h\u00e4r f\u00f6rutseende utvecklingsarbetet.<\/p>\n\n\n\n<p><br><strong>Arbetsgivaren m\u00e5ste f\u00f6rhandla med personalen<\/strong><\/p>\n\n\n\n<p>Enligt samarbetslagen \u00e4r arbetsgivaren skyldig att f\u00f6rhandla med personalen innan man fattar beslut som v\u00e4sentligt p\u00e5verkar personalens st\u00e4llning.<\/p>\n\n\n\n<p>\u2013 Det l\u00f6nar sig f\u00f6r personalen att ta initiativ och fullt ut utnyttja de m\u00f6jligheter som lagen ger. Vid omst\u00e4llningsf\u00f6rhandlingar har personalens representant till exempel r\u00e4tt att f\u00f6resl\u00e5 andra l\u00f6sningar i st\u00e4llet f\u00f6r upps\u00e4gningar.<\/p>\n\n\n\n<p>Samarbetslagen till\u00e4mpas p\u00e5 f\u00f6retag med minst 20 anst\u00e4llda och <a href=\"https:\/\/yt-asiamies.fi\/sv\" target=\"_blank\" rel=\"noreferrer noopener\">samarbetsombudsmannen \u00f6vervakar att lagen f\u00f6ljs<\/a>. Om arbetsgivaren f\u00e5r en uppmaning att f\u00f6lja lagen men \u00e4nd\u00e5 inte g\u00f6r det, kan arbetsgivaren rentav d\u00f6mas till b\u00f6ter.<\/p>\n\n\n\n<p><br><strong>Personalen g\u00f6r klokt i att h\u00e5lla fast vid best\u00e4mmelserna i lagen<\/strong><\/p>\n\n\n\n<ul class=\"wp-block-list\">\n<li>Enligt samarbetslagen ska arbetsgivaren f\u00f6ra dialog med personalen minst fyra g\u00e5nger per \u00e5r om f\u00f6retaget har minst 30 anst\u00e4llda. Vid f\u00f6retag med 20\u201329 anst\u00e4llda ska dialogen f\u00f6ras minst tv\u00e5 g\u00e5nger per \u00e5r och vid f\u00f6retag d\u00e4r personalen saknar f\u00f6retr\u00e4dare ska dialogen f\u00f6ras minst en g\u00e5ng per \u00e5r.<\/li>\n\n\n\n<li>Arbetsgivaren och personalen kan lokalt komma \u00f6verens om att genomf\u00f6ra dialogen p\u00e5 n\u00e5got annat s\u00e4tt, men det ligger i personalens intresse att h\u00e5lla fast vid \u00e5tminstone de f\u00f6rhandlingar som sl\u00e5s fast i lagen.<\/li>\n\n\n\n<li>I utvecklingsplanen f\u00f6r arbetsgemenskapen skriver man in ansvarsf\u00f6rdelningen och tidtabellen f\u00f6r de \u00f6verenskomna \u00e5tg\u00e4rderna, samt hur man ska f\u00f6lja upp \u00e5tg\u00e4rderna.<br><\/li>\n<\/ul>\n\n\n\n<p><a href=\"https:\/\/www.sak.fi\/aineistot\/julkaisut\/opas-yhteistoimintalaista-luottamushenkiloille\" target=\"_blank\" rel=\"noreferrer noopener\">Ladda ner FFC:s guide om samarbetslagen f\u00f6r f\u00f6rtroendevalda p\u00e5 arbetsplatserna (p\u00e5 finska)<\/a><\/p>\n\n\n\n<p><a href=\"https:\/\/www.youtube.com\/watch?v=Sw8JaYp1cBY\" target=\"_blank\" rel=\"noreferrer noopener\">Se en inspelning fr\u00e5n ett seminarium som FFC ordnade om samarbetslagen och samarbetsombudsmannens roll (p\u00e5 finska)<\/a><br><br><em>Text: Pirjo Pajunen, bild: Kai Widell<\/em><\/p>\n","protected":false},"excerpt":{"rendered":"<p>Den nya samarbetslagen betonar att arbetsgivaren och arbetstagarna ska f\u00f6ra en regelbunden dialog p\u00e5 arbetsplatsen. M\u00e5let \u00e4r att parterna tillsammans [\u2026] <a href=\"https:\/\/www.selry.fi\/sv\/nyheter\/dialogen-har-en-central-roll-i-samarbetslagen-det-lonar-sig-for-personalen-att-vara-aktiv\/\">Lue lis\u00e4\u00e4 &raquo;<\/a><\/p>\n","protected":false},"author":4,"featured_media":5859,"comment_status":"closed","ping_status":"closed","sticky":false,"template":"","format":"standard","meta":{"_acf_changed":false,"footnotes":""},"categories":[26],"tags":[],"class_list":["post-12288","post","type-post","status-publish","format-standard","has-post-thumbnail","hentry","category-nyheter"],"acf":[],"yoast_head":"<!-- This site is optimized with the Yoast SEO plugin v27.2 - https:\/\/yoast.com\/product\/yoast-seo-wordpress\/ -->\n<title>Dialogen har en central roll i samarbetslagen \u2013 det l\u00f6nar sig f\u00f6r personalen att vara aktiv<\/title>\n<meta name=\"robots\" content=\"index, follow, max-snippet:-1, max-image-preview:large, max-video-preview:-1\" \/>\n<link rel=\"canonical\" href=\"https:\/\/www.selry.fi\/sv\/nyheter\/dialogen-har-en-central-roll-i-samarbetslagen-det-lonar-sig-for-personalen-att-vara-aktiv\/\" \/>\n<meta property=\"og:locale\" content=\"sv_SE\" \/>\n<meta property=\"og:type\" content=\"article\" \/>\n<meta property=\"og:title\" content=\"Dialogen har en central roll i samarbetslagen \u2013 det l\u00f6nar sig f\u00f6r personalen att vara aktiv\" \/>\n<meta property=\"og:description\" content=\"Den nya samarbetslagen betonar att arbetsgivaren och arbetstagarna ska f\u00f6ra en regelbunden dialog p\u00e5 arbetsplatsen. M\u00e5let \u00e4r att parterna tillsammans [\u2026] Lue lis\u00e4\u00e4 &raquo;\" \/>\n<meta property=\"og:url\" content=\"https:\/\/www.selry.fi\/sv\/nyheter\/dialogen-har-en-central-roll-i-samarbetslagen-det-lonar-sig-for-personalen-att-vara-aktiv\/\" \/>\n<meta property=\"og:site_name\" content=\"Suomen Elintarvikety\u00f6l\u00e4isten Liitto SEL\" \/>\n<meta property=\"article:publisher\" content=\"https:\/\/www.facebook.com\/selry\" \/>\n<meta property=\"article:published_time\" content=\"2023-06-15T14:53:09+00:00\" \/>\n<meta property=\"article:modified_time\" content=\"2023-06-15T14:53:37+00:00\" \/>\n<meta property=\"og:image\" content=\"https:\/\/www.selry.fi\/wp-content\/uploads\/2021\/10\/20100920-6609.jpg\" \/>\n\t<meta property=\"og:image:width\" content=\"1920\" \/>\n\t<meta property=\"og:image:height\" content=\"1280\" \/>\n\t<meta property=\"og:image:type\" content=\"image\/jpeg\" \/>\n<meta name=\"author\" content=\"Karoliina \u00d6ystil\u00e4\" \/>\n<meta name=\"twitter:card\" content=\"summary_large_image\" \/>\n<meta name=\"twitter:creator\" content=\"@selryfi\" \/>\n<meta name=\"twitter:site\" content=\"@selryfi\" \/>\n<script type=\"application\/ld+json\" class=\"yoast-schema-graph\">{\"@context\":\"https:\/\/schema.org\",\"@graph\":[{\"@type\":\"Article\",\"@id\":\"https:\/\/www.selry.fi\/sv\/nyheter\/dialogen-har-en-central-roll-i-samarbetslagen-det-lonar-sig-for-personalen-att-vara-aktiv\/#article\",\"isPartOf\":{\"@id\":\"https:\/\/www.selry.fi\/sv\/nyheter\/dialogen-har-en-central-roll-i-samarbetslagen-det-lonar-sig-for-personalen-att-vara-aktiv\/\"},\"author\":{\"name\":\"Karoliina \u00d6ystil\u00e4\",\"@id\":\"https:\/\/www.selry.fi\/#\/schema\/person\/4fb0b52ed84c524f0beea95625a21678\"},\"headline\":\"Dialogen har en central roll i samarbetslagen \u2013 det l\u00f6nar sig f\u00f6r personalen att vara aktiv\",\"datePublished\":\"2023-06-15T14:53:09+00:00\",\"dateModified\":\"2023-06-15T14:53:37+00:00\",\"mainEntityOfPage\":{\"@id\":\"https:\/\/www.selry.fi\/sv\/nyheter\/dialogen-har-en-central-roll-i-samarbetslagen-det-lonar-sig-for-personalen-att-vara-aktiv\/\"},\"wordCount\":692,\"publisher\":{\"@id\":\"https:\/\/www.selry.fi\/#organization\"},\"image\":{\"@id\":\"https:\/\/www.selry.fi\/sv\/nyheter\/dialogen-har-en-central-roll-i-samarbetslagen-det-lonar-sig-for-personalen-att-vara-aktiv\/#primaryimage\"},\"thumbnailUrl\":\"https:\/\/www.selry.fi\/wp-content\/uploads\/2021\/10\/20100920-6609.jpg\",\"articleSection\":[\"Nyheter\"],\"inLanguage\":\"sv-SE\"},{\"@type\":\"WebPage\",\"@id\":\"https:\/\/www.selry.fi\/sv\/nyheter\/dialogen-har-en-central-roll-i-samarbetslagen-det-lonar-sig-for-personalen-att-vara-aktiv\/\",\"url\":\"https:\/\/www.selry.fi\/sv\/nyheter\/dialogen-har-en-central-roll-i-samarbetslagen-det-lonar-sig-for-personalen-att-vara-aktiv\/\",\"name\":\"Dialogen har en central roll i samarbetslagen \u2013 det l\u00f6nar sig f\u00f6r personalen att vara aktiv\",\"isPartOf\":{\"@id\":\"https:\/\/www.selry.fi\/#website\"},\"primaryImageOfPage\":{\"@id\":\"https:\/\/www.selry.fi\/sv\/nyheter\/dialogen-har-en-central-roll-i-samarbetslagen-det-lonar-sig-for-personalen-att-vara-aktiv\/#primaryimage\"},\"image\":{\"@id\":\"https:\/\/www.selry.fi\/sv\/nyheter\/dialogen-har-en-central-roll-i-samarbetslagen-det-lonar-sig-for-personalen-att-vara-aktiv\/#primaryimage\"},\"thumbnailUrl\":\"https:\/\/www.selry.fi\/wp-content\/uploads\/2021\/10\/20100920-6609.jpg\",\"datePublished\":\"2023-06-15T14:53:09+00:00\",\"dateModified\":\"2023-06-15T14:53:37+00:00\",\"breadcrumb\":{\"@id\":\"https:\/\/www.selry.fi\/sv\/nyheter\/dialogen-har-en-central-roll-i-samarbetslagen-det-lonar-sig-for-personalen-att-vara-aktiv\/#breadcrumb\"},\"inLanguage\":\"sv-SE\",\"potentialAction\":[{\"@type\":\"ReadAction\",\"target\":[\"https:\/\/www.selry.fi\/sv\/nyheter\/dialogen-har-en-central-roll-i-samarbetslagen-det-lonar-sig-for-personalen-att-vara-aktiv\/\"]}]},{\"@type\":\"ImageObject\",\"inLanguage\":\"sv-SE\",\"@id\":\"https:\/\/www.selry.fi\/sv\/nyheter\/dialogen-har-en-central-roll-i-samarbetslagen-det-lonar-sig-for-personalen-att-vara-aktiv\/#primaryimage\",\"url\":\"https:\/\/www.selry.fi\/wp-content\/uploads\/2021\/10\/20100920-6609.jpg\",\"contentUrl\":\"https:\/\/www.selry.fi\/wp-content\/uploads\/2021\/10\/20100920-6609.jpg\",\"width\":1920,\"height\":1280},{\"@type\":\"BreadcrumbList\",\"@id\":\"https:\/\/www.selry.fi\/sv\/nyheter\/dialogen-har-en-central-roll-i-samarbetslagen-det-lonar-sig-for-personalen-att-vara-aktiv\/#breadcrumb\",\"itemListElement\":[{\"@type\":\"ListItem\",\"position\":1,\"name\":\"Home\",\"item\":\"https:\/\/www.selry.fi\/sv\/\"},{\"@type\":\"ListItem\",\"position\":2,\"name\":\"Dialogen har en central roll i samarbetslagen \u2013 det l\u00f6nar sig f\u00f6r personalen att vara aktiv\"}]},{\"@type\":\"WebSite\",\"@id\":\"https:\/\/www.selry.fi\/#website\",\"url\":\"https:\/\/www.selry.fi\/\",\"name\":\"Suomen Elintarvikety\u00f6l\u00e4isten Liitto SEL\",\"description\":\"\",\"publisher\":{\"@id\":\"https:\/\/www.selry.fi\/#organization\"},\"inLanguage\":\"sv-SE\"},{\"@type\":\"Organization\",\"@id\":\"https:\/\/www.selry.fi\/#organization\",\"name\":\"Suomen Elintarvikety\u00f6l\u00e4isten Liitto SEL\",\"url\":\"https:\/\/www.selry.fi\/\",\"logo\":{\"@type\":\"ImageObject\",\"inLanguage\":\"sv-SE\",\"@id\":\"https:\/\/www.selry.fi\/#\/schema\/logo\/image\/\",\"url\":\"https:\/\/www.selry.fi\/wp-content\/uploads\/2021\/05\/logo-sel.svg\",\"contentUrl\":\"https:\/\/www.selry.fi\/wp-content\/uploads\/2021\/05\/logo-sel.svg\",\"width\":453,\"height\":135,\"caption\":\"Suomen Elintarvikety\u00f6l\u00e4isten Liitto SEL\"},\"image\":{\"@id\":\"https:\/\/www.selry.fi\/#\/schema\/logo\/image\/\"},\"sameAs\":[\"https:\/\/www.facebook.com\/selry\",\"https:\/\/x.com\/selryfi\"]},{\"@type\":\"Person\",\"@id\":\"https:\/\/www.selry.fi\/#\/schema\/person\/4fb0b52ed84c524f0beea95625a21678\",\"name\":\"Karoliina \u00d6ystil\u00e4\",\"image\":{\"@type\":\"ImageObject\",\"inLanguage\":\"sv-SE\",\"@id\":\"https:\/\/secure.gravatar.com\/avatar\/8dcb857776c4317075ba571fdc81a06a1f240302e468800d69bf316ef82ac4cd?s=96&d=mm&r=g\",\"url\":\"https:\/\/secure.gravatar.com\/avatar\/8dcb857776c4317075ba571fdc81a06a1f240302e468800d69bf316ef82ac4cd?s=96&d=mm&r=g\",\"contentUrl\":\"https:\/\/secure.gravatar.com\/avatar\/8dcb857776c4317075ba571fdc81a06a1f240302e468800d69bf316ef82ac4cd?s=96&d=mm&r=g\",\"caption\":\"Karoliina \u00d6ystil\u00e4\"}}]}<\/script>\n<!-- \/ Yoast SEO plugin. -->","yoast_head_json":{"title":"Dialogen har en central roll i samarbetslagen \u2013 det l\u00f6nar sig f\u00f6r personalen att vara aktiv","robots":{"index":"index","follow":"follow","max-snippet":"max-snippet:-1","max-image-preview":"max-image-preview:large","max-video-preview":"max-video-preview:-1"},"canonical":"https:\/\/www.selry.fi\/sv\/nyheter\/dialogen-har-en-central-roll-i-samarbetslagen-det-lonar-sig-for-personalen-att-vara-aktiv\/","og_locale":"sv_SE","og_type":"article","og_title":"Dialogen har en central roll i samarbetslagen \u2013 det l\u00f6nar sig f\u00f6r personalen att vara aktiv","og_description":"Den nya samarbetslagen betonar att arbetsgivaren och arbetstagarna ska f\u00f6ra en regelbunden dialog p\u00e5 arbetsplatsen. M\u00e5let \u00e4r att parterna tillsammans [\u2026] Lue lis\u00e4\u00e4 &raquo;","og_url":"https:\/\/www.selry.fi\/sv\/nyheter\/dialogen-har-en-central-roll-i-samarbetslagen-det-lonar-sig-for-personalen-att-vara-aktiv\/","og_site_name":"Suomen Elintarvikety\u00f6l\u00e4isten Liitto SEL","article_publisher":"https:\/\/www.facebook.com\/selry","article_published_time":"2023-06-15T14:53:09+00:00","article_modified_time":"2023-06-15T14:53:37+00:00","og_image":[{"width":1920,"height":1280,"url":"https:\/\/www.selry.fi\/wp-content\/uploads\/2021\/10\/20100920-6609.jpg","type":"image\/jpeg"}],"author":"Karoliina \u00d6ystil\u00e4","twitter_card":"summary_large_image","twitter_creator":"@selryfi","twitter_site":"@selryfi","schema":{"@context":"https:\/\/schema.org","@graph":[{"@type":"Article","@id":"https:\/\/www.selry.fi\/sv\/nyheter\/dialogen-har-en-central-roll-i-samarbetslagen-det-lonar-sig-for-personalen-att-vara-aktiv\/#article","isPartOf":{"@id":"https:\/\/www.selry.fi\/sv\/nyheter\/dialogen-har-en-central-roll-i-samarbetslagen-det-lonar-sig-for-personalen-att-vara-aktiv\/"},"author":{"name":"Karoliina \u00d6ystil\u00e4","@id":"https:\/\/www.selry.fi\/#\/schema\/person\/4fb0b52ed84c524f0beea95625a21678"},"headline":"Dialogen har en central roll i samarbetslagen \u2013 det l\u00f6nar sig f\u00f6r personalen att vara aktiv","datePublished":"2023-06-15T14:53:09+00:00","dateModified":"2023-06-15T14:53:37+00:00","mainEntityOfPage":{"@id":"https:\/\/www.selry.fi\/sv\/nyheter\/dialogen-har-en-central-roll-i-samarbetslagen-det-lonar-sig-for-personalen-att-vara-aktiv\/"},"wordCount":692,"publisher":{"@id":"https:\/\/www.selry.fi\/#organization"},"image":{"@id":"https:\/\/www.selry.fi\/sv\/nyheter\/dialogen-har-en-central-roll-i-samarbetslagen-det-lonar-sig-for-personalen-att-vara-aktiv\/#primaryimage"},"thumbnailUrl":"https:\/\/www.selry.fi\/wp-content\/uploads\/2021\/10\/20100920-6609.jpg","articleSection":["Nyheter"],"inLanguage":"sv-SE"},{"@type":"WebPage","@id":"https:\/\/www.selry.fi\/sv\/nyheter\/dialogen-har-en-central-roll-i-samarbetslagen-det-lonar-sig-for-personalen-att-vara-aktiv\/","url":"https:\/\/www.selry.fi\/sv\/nyheter\/dialogen-har-en-central-roll-i-samarbetslagen-det-lonar-sig-for-personalen-att-vara-aktiv\/","name":"Dialogen har en central roll i samarbetslagen \u2013 det l\u00f6nar sig f\u00f6r personalen att vara aktiv","isPartOf":{"@id":"https:\/\/www.selry.fi\/#website"},"primaryImageOfPage":{"@id":"https:\/\/www.selry.fi\/sv\/nyheter\/dialogen-har-en-central-roll-i-samarbetslagen-det-lonar-sig-for-personalen-att-vara-aktiv\/#primaryimage"},"image":{"@id":"https:\/\/www.selry.fi\/sv\/nyheter\/dialogen-har-en-central-roll-i-samarbetslagen-det-lonar-sig-for-personalen-att-vara-aktiv\/#primaryimage"},"thumbnailUrl":"https:\/\/www.selry.fi\/wp-content\/uploads\/2021\/10\/20100920-6609.jpg","datePublished":"2023-06-15T14:53:09+00:00","dateModified":"2023-06-15T14:53:37+00:00","breadcrumb":{"@id":"https:\/\/www.selry.fi\/sv\/nyheter\/dialogen-har-en-central-roll-i-samarbetslagen-det-lonar-sig-for-personalen-att-vara-aktiv\/#breadcrumb"},"inLanguage":"sv-SE","potentialAction":[{"@type":"ReadAction","target":["https:\/\/www.selry.fi\/sv\/nyheter\/dialogen-har-en-central-roll-i-samarbetslagen-det-lonar-sig-for-personalen-att-vara-aktiv\/"]}]},{"@type":"ImageObject","inLanguage":"sv-SE","@id":"https:\/\/www.selry.fi\/sv\/nyheter\/dialogen-har-en-central-roll-i-samarbetslagen-det-lonar-sig-for-personalen-att-vara-aktiv\/#primaryimage","url":"https:\/\/www.selry.fi\/wp-content\/uploads\/2021\/10\/20100920-6609.jpg","contentUrl":"https:\/\/www.selry.fi\/wp-content\/uploads\/2021\/10\/20100920-6609.jpg","width":1920,"height":1280},{"@type":"BreadcrumbList","@id":"https:\/\/www.selry.fi\/sv\/nyheter\/dialogen-har-en-central-roll-i-samarbetslagen-det-lonar-sig-for-personalen-att-vara-aktiv\/#breadcrumb","itemListElement":[{"@type":"ListItem","position":1,"name":"Home","item":"https:\/\/www.selry.fi\/sv\/"},{"@type":"ListItem","position":2,"name":"Dialogen har en central roll i samarbetslagen \u2013 det l\u00f6nar sig f\u00f6r personalen att vara aktiv"}]},{"@type":"WebSite","@id":"https:\/\/www.selry.fi\/#website","url":"https:\/\/www.selry.fi\/","name":"Suomen Elintarvikety\u00f6l\u00e4isten Liitto SEL","description":"","publisher":{"@id":"https:\/\/www.selry.fi\/#organization"},"inLanguage":"sv-SE"},{"@type":"Organization","@id":"https:\/\/www.selry.fi\/#organization","name":"Suomen Elintarvikety\u00f6l\u00e4isten Liitto SEL","url":"https:\/\/www.selry.fi\/","logo":{"@type":"ImageObject","inLanguage":"sv-SE","@id":"https:\/\/www.selry.fi\/#\/schema\/logo\/image\/","url":"https:\/\/www.selry.fi\/wp-content\/uploads\/2021\/05\/logo-sel.svg","contentUrl":"https:\/\/www.selry.fi\/wp-content\/uploads\/2021\/05\/logo-sel.svg","width":453,"height":135,"caption":"Suomen Elintarvikety\u00f6l\u00e4isten Liitto SEL"},"image":{"@id":"https:\/\/www.selry.fi\/#\/schema\/logo\/image\/"},"sameAs":["https:\/\/www.facebook.com\/selry","https:\/\/x.com\/selryfi"]},{"@type":"Person","@id":"https:\/\/www.selry.fi\/#\/schema\/person\/4fb0b52ed84c524f0beea95625a21678","name":"Karoliina \u00d6ystil\u00e4","image":{"@type":"ImageObject","inLanguage":"sv-SE","@id":"https:\/\/secure.gravatar.com\/avatar\/8dcb857776c4317075ba571fdc81a06a1f240302e468800d69bf316ef82ac4cd?s=96&d=mm&r=g","url":"https:\/\/secure.gravatar.com\/avatar\/8dcb857776c4317075ba571fdc81a06a1f240302e468800d69bf316ef82ac4cd?s=96&d=mm&r=g","contentUrl":"https:\/\/secure.gravatar.com\/avatar\/8dcb857776c4317075ba571fdc81a06a1f240302e468800d69bf316ef82ac4cd?s=96&d=mm&r=g","caption":"Karoliina \u00d6ystil\u00e4"}}]}},"_links":{"self":[{"href":"https:\/\/www.selry.fi\/sv\/wp-json\/wp\/v2\/posts\/12288","targetHints":{"allow":["GET"]}}],"collection":[{"href":"https:\/\/www.selry.fi\/sv\/wp-json\/wp\/v2\/posts"}],"about":[{"href":"https:\/\/www.selry.fi\/sv\/wp-json\/wp\/v2\/types\/post"}],"author":[{"embeddable":true,"href":"https:\/\/www.selry.fi\/sv\/wp-json\/wp\/v2\/users\/4"}],"replies":[{"embeddable":true,"href":"https:\/\/www.selry.fi\/sv\/wp-json\/wp\/v2\/comments?post=12288"}],"version-history":[{"count":0,"href":"https:\/\/www.selry.fi\/sv\/wp-json\/wp\/v2\/posts\/12288\/revisions"}],"wp:featuredmedia":[{"embeddable":true,"href":"https:\/\/www.selry.fi\/sv\/wp-json\/wp\/v2\/media\/5859"}],"wp:attachment":[{"href":"https:\/\/www.selry.fi\/sv\/wp-json\/wp\/v2\/media?parent=12288"}],"wp:term":[{"taxonomy":"category","embeddable":true,"href":"https:\/\/www.selry.fi\/sv\/wp-json\/wp\/v2\/categories?post=12288"},{"taxonomy":"post_tag","embeddable":true,"href":"https:\/\/www.selry.fi\/sv\/wp-json\/wp\/v2\/tags?post=12288"}],"curies":[{"name":"wp","href":"https:\/\/api.w.org\/{rel}","templated":true}]}}