{"id":12240,"date":"2023-06-09T11:38:11","date_gmt":"2023-06-09T08:38:11","guid":{"rendered":"https:\/\/www.selry.fi\/?p=12240"},"modified":"2023-06-09T11:40:48","modified_gmt":"2023-06-09T08:40:48","slug":"regeringen-ror-inte-arbetstagarnas-rattigheter","status":"publish","type":"post","link":"https:\/\/www.selry.fi\/sv\/blogg\/regeringen-ror-inte-arbetstagarnas-rattigheter\/","title":{"rendered":"Regeringen, r\u00f6r inte arbetstagarnas r\u00e4ttigheter!"},"content":{"rendered":"\n<p>Samlingspartiet, Sannfinl\u00e4ndarna, SFP och Kristdemokraterna f\u00f6rhandlar f\u00f6r tillf\u00e4llet om ett regeringsprogram p\u00e5 St\u00e4nderhuset. Samlingspartiets ordf\u00f6rande Petteri Orpo, som leder f\u00f6rhandlingarna och de andra partiordf\u00f6randena har i offentligheten i mycket knappa ordalag ber\u00e4ttat om f\u00f6rhandlingarnas inneh\u00e5ll, men en del information om de fr\u00e5gor som kommit upp till behandling har l\u00e4ckt ut.<\/p>\n\n\n\n<p>Regeringens program kan vi bed\u00f6ma f\u00f6rst n\u00e4r partierna har kommit \u00f6verens om helheten och regeringsprogrammet \u00e4r klart och offentliggjort. Men p\u00e5 basen av den information som f\u00f6rekommit i offentligheten kan vi inte v\u00e4nta p\u00e5 regeringsprogrammet med n\u00e5gon f\u00f6rtr\u00f6stan. Vi m\u00e5ste f\u00f6rbereda oss p\u00e5 att den kommande regeringen kommer att str\u00e4va till att f\u00f6rsvaga st\u00e4llningen f\u00f6r de fackf\u00f6rbund som bevakar arbetstagarnas r\u00e4ttigheter och f\u00f6rm\u00e5ner.<\/p>\n\n\n\n<p>I regeringsf\u00f6rhandlingarna har man bl.a tagit upp en \u00f6kning av det lokala avtalandet utanf\u00f6r kollektivavtalen, en f\u00f6rs\u00e4mring av s\u00f6ndags- och \u00f6vertidsers\u00e4ttningarna, en begr\u00e4nsning av arbetstagarnas strejkr\u00e4tt och ett slopande av skatteavdragsr\u00e4tten f\u00f6r fackliga medlemsavgifter. \u00d6verraskande nog skulle man inte r\u00f6ra arbetsgivarorganisationernas medlemsavgifter. I f\u00f6rhandlingarna har man ocks\u00e5 tagit upp de f\u00f6r Finlands N\u00e4ringsliv EK s\u00e5 viktiga m\u00e5len att de som utf\u00f6r sj\u00e4lvst\u00e4ndigt sakkunnigarbete inte skall omfattas av arbetstidslagstiftningen.<\/p>\n\n\n\n<p>EK driver p\u00e5 att den kommande regeringens program ska innefatta ett kullkastande av strejkr\u00e4tten, exempelvis genom att begr\u00e4nsa r\u00e4tten till st\u00f6dstrejker och politiska kampmetoder. <a href=\"https:\/\/www.selry.fi\/uutiset\/seln-liittovaltuusto-lakko-oikeutta-ja-tyottomyysturvaa-ei-saa-heikentaa\/\">SEL:s f\u00f6rbundsfullm\u00e4ktige slog<\/a> vid sitt m\u00f6te i maj fast att f\u00f6rbundet inte godk\u00e4nner n\u00e5gra begr\u00e4nsningar i strejkr\u00e4tten. Strejkr\u00e4tten \u00e4r en av arbetslivets st\u00f6ttepelare och en alldeles grundl\u00e4ggande fr\u00e5ga f\u00f6r arbetstagarsidan, eftersom arbetstagarnas f\u00f6rhandlingsstyrka endast och enbart grundar sig p\u00e5 den kollektiva enigheten. I motsats till vad som ibland p\u00e5st\u00e5s utnyttjas strejkr\u00e4tten i Finland mycket ansvarsfullt. En strejk \u00e4r alltid den sista utv\u00e4gen, om en \u00f6verenskommelse inte kan n\u00e5s f\u00f6rhandlingsv\u00e4gen.<\/p>\n\n\n\n<p>Det \u00e4r helt klart att fackf\u00f6reningsr\u00f6relsen inte kan godk\u00e4nna att man f\u00f6rs\u00f6ker f\u00f6rnedra arbetstagarna. Om den kommande regeringen g\u00e5r in p\u00e5 den v\u00e4gen m\u00e5ste fackf\u00f6rbunden som en motkraft agera.<\/p>\n\n\n\n<p><em>Karoliina \u00d6ystil\u00e4<\/em><br><em>SEL:s kommunikationschef, chefredakt\u00f6r<\/em><\/p>\n\n\n\n<p><em>Texten publiceras f\u00f6rst som ledare i Elintae 4\/2023, 9.6.2023.<\/em><\/p>\n","protected":false},"excerpt":{"rendered":"<p>Samlingspartiet, Sannfinl\u00e4ndarna, SFP och Kristdemokraterna f\u00f6rhandlar f\u00f6r tillf\u00e4llet om ett regeringsprogram p\u00e5 St\u00e4nderhuset. Samlingspartiets ordf\u00f6rande Petteri Orpo, som leder f\u00f6rhandlingarna [\u2026] <a href=\"https:\/\/www.selry.fi\/sv\/blogg\/regeringen-ror-inte-arbetstagarnas-rattigheter\/\">Lue lis\u00e4\u00e4 &raquo;<\/a><\/p>\n","protected":false},"author":4,"featured_media":10993,"comment_status":"closed","ping_status":"closed","sticky":false,"template":"","format":"standard","meta":{"_acf_changed":false,"footnotes":""},"categories":[64],"tags":[],"class_list":["post-12240","post","type-post","status-publish","format-standard","has-post-thumbnail","hentry","category-blogg"],"acf":[],"yoast_head":"<!-- This site is optimized with the Yoast SEO plugin v27.2 - https:\/\/yoast.com\/product\/yoast-seo-wordpress\/ -->\n<title>Regeringen, r\u00f6r inte arbetstagarnas r\u00e4ttigheter!<\/title>\n<meta name=\"robots\" content=\"index, follow, max-snippet:-1, max-image-preview:large, max-video-preview:-1\" \/>\n<link rel=\"canonical\" href=\"https:\/\/www.selry.fi\/sv\/blogg\/regeringen-ror-inte-arbetstagarnas-rattigheter\/\" \/>\n<meta property=\"og:locale\" content=\"sv_SE\" \/>\n<meta property=\"og:type\" content=\"article\" \/>\n<meta property=\"og:title\" content=\"Regeringen, r\u00f6r inte arbetstagarnas r\u00e4ttigheter!\" \/>\n<meta property=\"og:description\" content=\"Samlingspartiet, Sannfinl\u00e4ndarna, SFP och Kristdemokraterna f\u00f6rhandlar f\u00f6r tillf\u00e4llet om ett regeringsprogram p\u00e5 St\u00e4nderhuset. Samlingspartiets ordf\u00f6rande Petteri Orpo, som leder f\u00f6rhandlingarna [\u2026] Lue lis\u00e4\u00e4 &raquo;\" \/>\n<meta property=\"og:url\" content=\"https:\/\/www.selry.fi\/sv\/blogg\/regeringen-ror-inte-arbetstagarnas-rattigheter\/\" \/>\n<meta property=\"og:site_name\" content=\"Suomen Elintarvikety\u00f6l\u00e4isten Liitto SEL\" \/>\n<meta property=\"article:publisher\" content=\"https:\/\/www.facebook.com\/selry\" \/>\n<meta property=\"article:published_time\" content=\"2023-06-09T08:38:11+00:00\" \/>\n<meta property=\"article:modified_time\" content=\"2023-06-09T08:40:48+00:00\" \/>\n<meta property=\"og:image\" content=\"https:\/\/www.selry.fi\/wp-content\/uploads\/2023\/02\/karoliina-oystila-blogi.jpg\" \/>\n\t<meta property=\"og:image:width\" content=\"1536\" \/>\n\t<meta property=\"og:image:height\" content=\"1081\" \/>\n\t<meta property=\"og:image:type\" content=\"image\/jpeg\" \/>\n<meta name=\"author\" content=\"Karoliina \u00d6ystil\u00e4\" \/>\n<meta name=\"twitter:card\" content=\"summary_large_image\" \/>\n<meta name=\"twitter:creator\" content=\"@selryfi\" \/>\n<meta name=\"twitter:site\" content=\"@selryfi\" \/>\n<script type=\"application\/ld+json\" class=\"yoast-schema-graph\">{\"@context\":\"https:\/\/schema.org\",\"@graph\":[{\"@type\":\"Article\",\"@id\":\"https:\/\/www.selry.fi\/sv\/blogg\/regeringen-ror-inte-arbetstagarnas-rattigheter\/#article\",\"isPartOf\":{\"@id\":\"https:\/\/www.selry.fi\/sv\/blogg\/regeringen-ror-inte-arbetstagarnas-rattigheter\/\"},\"author\":{\"name\":\"Karoliina \u00d6ystil\u00e4\",\"@id\":\"https:\/\/www.selry.fi\/#\/schema\/person\/4fb0b52ed84c524f0beea95625a21678\"},\"headline\":\"Regeringen, r\u00f6r inte arbetstagarnas r\u00e4ttigheter!\",\"datePublished\":\"2023-06-09T08:38:11+00:00\",\"dateModified\":\"2023-06-09T08:40:48+00:00\",\"mainEntityOfPage\":{\"@id\":\"https:\/\/www.selry.fi\/sv\/blogg\/regeringen-ror-inte-arbetstagarnas-rattigheter\/\"},\"wordCount\":411,\"publisher\":{\"@id\":\"https:\/\/www.selry.fi\/#organization\"},\"image\":{\"@id\":\"https:\/\/www.selry.fi\/sv\/blogg\/regeringen-ror-inte-arbetstagarnas-rattigheter\/#primaryimage\"},\"thumbnailUrl\":\"https:\/\/www.selry.fi\/wp-content\/uploads\/2023\/02\/karoliina-oystila-blogi.jpg\",\"articleSection\":[\"Blogg\"],\"inLanguage\":\"sv-SE\"},{\"@type\":\"WebPage\",\"@id\":\"https:\/\/www.selry.fi\/sv\/blogg\/regeringen-ror-inte-arbetstagarnas-rattigheter\/\",\"url\":\"https:\/\/www.selry.fi\/sv\/blogg\/regeringen-ror-inte-arbetstagarnas-rattigheter\/\",\"name\":\"Regeringen, r\u00f6r inte arbetstagarnas r\u00e4ttigheter!\",\"isPartOf\":{\"@id\":\"https:\/\/www.selry.fi\/#website\"},\"primaryImageOfPage\":{\"@id\":\"https:\/\/www.selry.fi\/sv\/blogg\/regeringen-ror-inte-arbetstagarnas-rattigheter\/#primaryimage\"},\"image\":{\"@id\":\"https:\/\/www.selry.fi\/sv\/blogg\/regeringen-ror-inte-arbetstagarnas-rattigheter\/#primaryimage\"},\"thumbnailUrl\":\"https:\/\/www.selry.fi\/wp-content\/uploads\/2023\/02\/karoliina-oystila-blogi.jpg\",\"datePublished\":\"2023-06-09T08:38:11+00:00\",\"dateModified\":\"2023-06-09T08:40:48+00:00\",\"breadcrumb\":{\"@id\":\"https:\/\/www.selry.fi\/sv\/blogg\/regeringen-ror-inte-arbetstagarnas-rattigheter\/#breadcrumb\"},\"inLanguage\":\"sv-SE\",\"potentialAction\":[{\"@type\":\"ReadAction\",\"target\":[\"https:\/\/www.selry.fi\/sv\/blogg\/regeringen-ror-inte-arbetstagarnas-rattigheter\/\"]}]},{\"@type\":\"ImageObject\",\"inLanguage\":\"sv-SE\",\"@id\":\"https:\/\/www.selry.fi\/sv\/blogg\/regeringen-ror-inte-arbetstagarnas-rattigheter\/#primaryimage\",\"url\":\"https:\/\/www.selry.fi\/wp-content\/uploads\/2023\/02\/karoliina-oystila-blogi.jpg\",\"contentUrl\":\"https:\/\/www.selry.fi\/wp-content\/uploads\/2023\/02\/karoliina-oystila-blogi.jpg\",\"width\":1536,\"height\":1081},{\"@type\":\"BreadcrumbList\",\"@id\":\"https:\/\/www.selry.fi\/sv\/blogg\/regeringen-ror-inte-arbetstagarnas-rattigheter\/#breadcrumb\",\"itemListElement\":[{\"@type\":\"ListItem\",\"position\":1,\"name\":\"Home\",\"item\":\"https:\/\/www.selry.fi\/sv\/\"},{\"@type\":\"ListItem\",\"position\":2,\"name\":\"Regeringen, r\u00f6r inte arbetstagarnas r\u00e4ttigheter!\"}]},{\"@type\":\"WebSite\",\"@id\":\"https:\/\/www.selry.fi\/#website\",\"url\":\"https:\/\/www.selry.fi\/\",\"name\":\"Suomen Elintarvikety\u00f6l\u00e4isten Liitto SEL\",\"description\":\"\",\"publisher\":{\"@id\":\"https:\/\/www.selry.fi\/#organization\"},\"inLanguage\":\"sv-SE\"},{\"@type\":\"Organization\",\"@id\":\"https:\/\/www.selry.fi\/#organization\",\"name\":\"Suomen Elintarvikety\u00f6l\u00e4isten Liitto SEL\",\"url\":\"https:\/\/www.selry.fi\/\",\"logo\":{\"@type\":\"ImageObject\",\"inLanguage\":\"sv-SE\",\"@id\":\"https:\/\/www.selry.fi\/#\/schema\/logo\/image\/\",\"url\":\"https:\/\/www.selry.fi\/wp-content\/uploads\/2021\/05\/logo-sel.svg\",\"contentUrl\":\"https:\/\/www.selry.fi\/wp-content\/uploads\/2021\/05\/logo-sel.svg\",\"width\":453,\"height\":135,\"caption\":\"Suomen Elintarvikety\u00f6l\u00e4isten Liitto SEL\"},\"image\":{\"@id\":\"https:\/\/www.selry.fi\/#\/schema\/logo\/image\/\"},\"sameAs\":[\"https:\/\/www.facebook.com\/selry\",\"https:\/\/x.com\/selryfi\"]},{\"@type\":\"Person\",\"@id\":\"https:\/\/www.selry.fi\/#\/schema\/person\/4fb0b52ed84c524f0beea95625a21678\",\"name\":\"Karoliina \u00d6ystil\u00e4\",\"image\":{\"@type\":\"ImageObject\",\"inLanguage\":\"sv-SE\",\"@id\":\"https:\/\/secure.gravatar.com\/avatar\/8dcb857776c4317075ba571fdc81a06a1f240302e468800d69bf316ef82ac4cd?s=96&d=mm&r=g\",\"url\":\"https:\/\/secure.gravatar.com\/avatar\/8dcb857776c4317075ba571fdc81a06a1f240302e468800d69bf316ef82ac4cd?s=96&d=mm&r=g\",\"contentUrl\":\"https:\/\/secure.gravatar.com\/avatar\/8dcb857776c4317075ba571fdc81a06a1f240302e468800d69bf316ef82ac4cd?s=96&d=mm&r=g\",\"caption\":\"Karoliina \u00d6ystil\u00e4\"}}]}<\/script>\n<!-- \/ Yoast SEO plugin. -->","yoast_head_json":{"title":"Regeringen, r\u00f6r inte arbetstagarnas r\u00e4ttigheter!","robots":{"index":"index","follow":"follow","max-snippet":"max-snippet:-1","max-image-preview":"max-image-preview:large","max-video-preview":"max-video-preview:-1"},"canonical":"https:\/\/www.selry.fi\/sv\/blogg\/regeringen-ror-inte-arbetstagarnas-rattigheter\/","og_locale":"sv_SE","og_type":"article","og_title":"Regeringen, r\u00f6r inte arbetstagarnas r\u00e4ttigheter!","og_description":"Samlingspartiet, Sannfinl\u00e4ndarna, SFP och Kristdemokraterna f\u00f6rhandlar f\u00f6r tillf\u00e4llet om ett regeringsprogram p\u00e5 St\u00e4nderhuset. Samlingspartiets ordf\u00f6rande Petteri Orpo, som leder f\u00f6rhandlingarna [\u2026] Lue lis\u00e4\u00e4 &raquo;","og_url":"https:\/\/www.selry.fi\/sv\/blogg\/regeringen-ror-inte-arbetstagarnas-rattigheter\/","og_site_name":"Suomen Elintarvikety\u00f6l\u00e4isten Liitto SEL","article_publisher":"https:\/\/www.facebook.com\/selry","article_published_time":"2023-06-09T08:38:11+00:00","article_modified_time":"2023-06-09T08:40:48+00:00","og_image":[{"width":1536,"height":1081,"url":"https:\/\/www.selry.fi\/wp-content\/uploads\/2023\/02\/karoliina-oystila-blogi.jpg","type":"image\/jpeg"}],"author":"Karoliina \u00d6ystil\u00e4","twitter_card":"summary_large_image","twitter_creator":"@selryfi","twitter_site":"@selryfi","schema":{"@context":"https:\/\/schema.org","@graph":[{"@type":"Article","@id":"https:\/\/www.selry.fi\/sv\/blogg\/regeringen-ror-inte-arbetstagarnas-rattigheter\/#article","isPartOf":{"@id":"https:\/\/www.selry.fi\/sv\/blogg\/regeringen-ror-inte-arbetstagarnas-rattigheter\/"},"author":{"name":"Karoliina \u00d6ystil\u00e4","@id":"https:\/\/www.selry.fi\/#\/schema\/person\/4fb0b52ed84c524f0beea95625a21678"},"headline":"Regeringen, r\u00f6r inte arbetstagarnas r\u00e4ttigheter!","datePublished":"2023-06-09T08:38:11+00:00","dateModified":"2023-06-09T08:40:48+00:00","mainEntityOfPage":{"@id":"https:\/\/www.selry.fi\/sv\/blogg\/regeringen-ror-inte-arbetstagarnas-rattigheter\/"},"wordCount":411,"publisher":{"@id":"https:\/\/www.selry.fi\/#organization"},"image":{"@id":"https:\/\/www.selry.fi\/sv\/blogg\/regeringen-ror-inte-arbetstagarnas-rattigheter\/#primaryimage"},"thumbnailUrl":"https:\/\/www.selry.fi\/wp-content\/uploads\/2023\/02\/karoliina-oystila-blogi.jpg","articleSection":["Blogg"],"inLanguage":"sv-SE"},{"@type":"WebPage","@id":"https:\/\/www.selry.fi\/sv\/blogg\/regeringen-ror-inte-arbetstagarnas-rattigheter\/","url":"https:\/\/www.selry.fi\/sv\/blogg\/regeringen-ror-inte-arbetstagarnas-rattigheter\/","name":"Regeringen, r\u00f6r inte arbetstagarnas r\u00e4ttigheter!","isPartOf":{"@id":"https:\/\/www.selry.fi\/#website"},"primaryImageOfPage":{"@id":"https:\/\/www.selry.fi\/sv\/blogg\/regeringen-ror-inte-arbetstagarnas-rattigheter\/#primaryimage"},"image":{"@id":"https:\/\/www.selry.fi\/sv\/blogg\/regeringen-ror-inte-arbetstagarnas-rattigheter\/#primaryimage"},"thumbnailUrl":"https:\/\/www.selry.fi\/wp-content\/uploads\/2023\/02\/karoliina-oystila-blogi.jpg","datePublished":"2023-06-09T08:38:11+00:00","dateModified":"2023-06-09T08:40:48+00:00","breadcrumb":{"@id":"https:\/\/www.selry.fi\/sv\/blogg\/regeringen-ror-inte-arbetstagarnas-rattigheter\/#breadcrumb"},"inLanguage":"sv-SE","potentialAction":[{"@type":"ReadAction","target":["https:\/\/www.selry.fi\/sv\/blogg\/regeringen-ror-inte-arbetstagarnas-rattigheter\/"]}]},{"@type":"ImageObject","inLanguage":"sv-SE","@id":"https:\/\/www.selry.fi\/sv\/blogg\/regeringen-ror-inte-arbetstagarnas-rattigheter\/#primaryimage","url":"https:\/\/www.selry.fi\/wp-content\/uploads\/2023\/02\/karoliina-oystila-blogi.jpg","contentUrl":"https:\/\/www.selry.fi\/wp-content\/uploads\/2023\/02\/karoliina-oystila-blogi.jpg","width":1536,"height":1081},{"@type":"BreadcrumbList","@id":"https:\/\/www.selry.fi\/sv\/blogg\/regeringen-ror-inte-arbetstagarnas-rattigheter\/#breadcrumb","itemListElement":[{"@type":"ListItem","position":1,"name":"Home","item":"https:\/\/www.selry.fi\/sv\/"},{"@type":"ListItem","position":2,"name":"Regeringen, r\u00f6r inte arbetstagarnas r\u00e4ttigheter!"}]},{"@type":"WebSite","@id":"https:\/\/www.selry.fi\/#website","url":"https:\/\/www.selry.fi\/","name":"Suomen Elintarvikety\u00f6l\u00e4isten Liitto SEL","description":"","publisher":{"@id":"https:\/\/www.selry.fi\/#organization"},"inLanguage":"sv-SE"},{"@type":"Organization","@id":"https:\/\/www.selry.fi\/#organization","name":"Suomen Elintarvikety\u00f6l\u00e4isten Liitto SEL","url":"https:\/\/www.selry.fi\/","logo":{"@type":"ImageObject","inLanguage":"sv-SE","@id":"https:\/\/www.selry.fi\/#\/schema\/logo\/image\/","url":"https:\/\/www.selry.fi\/wp-content\/uploads\/2021\/05\/logo-sel.svg","contentUrl":"https:\/\/www.selry.fi\/wp-content\/uploads\/2021\/05\/logo-sel.svg","width":453,"height":135,"caption":"Suomen Elintarvikety\u00f6l\u00e4isten Liitto SEL"},"image":{"@id":"https:\/\/www.selry.fi\/#\/schema\/logo\/image\/"},"sameAs":["https:\/\/www.facebook.com\/selry","https:\/\/x.com\/selryfi"]},{"@type":"Person","@id":"https:\/\/www.selry.fi\/#\/schema\/person\/4fb0b52ed84c524f0beea95625a21678","name":"Karoliina \u00d6ystil\u00e4","image":{"@type":"ImageObject","inLanguage":"sv-SE","@id":"https:\/\/secure.gravatar.com\/avatar\/8dcb857776c4317075ba571fdc81a06a1f240302e468800d69bf316ef82ac4cd?s=96&d=mm&r=g","url":"https:\/\/secure.gravatar.com\/avatar\/8dcb857776c4317075ba571fdc81a06a1f240302e468800d69bf316ef82ac4cd?s=96&d=mm&r=g","contentUrl":"https:\/\/secure.gravatar.com\/avatar\/8dcb857776c4317075ba571fdc81a06a1f240302e468800d69bf316ef82ac4cd?s=96&d=mm&r=g","caption":"Karoliina \u00d6ystil\u00e4"}}]}},"_links":{"self":[{"href":"https:\/\/www.selry.fi\/sv\/wp-json\/wp\/v2\/posts\/12240","targetHints":{"allow":["GET"]}}],"collection":[{"href":"https:\/\/www.selry.fi\/sv\/wp-json\/wp\/v2\/posts"}],"about":[{"href":"https:\/\/www.selry.fi\/sv\/wp-json\/wp\/v2\/types\/post"}],"author":[{"embeddable":true,"href":"https:\/\/www.selry.fi\/sv\/wp-json\/wp\/v2\/users\/4"}],"replies":[{"embeddable":true,"href":"https:\/\/www.selry.fi\/sv\/wp-json\/wp\/v2\/comments?post=12240"}],"version-history":[{"count":0,"href":"https:\/\/www.selry.fi\/sv\/wp-json\/wp\/v2\/posts\/12240\/revisions"}],"wp:featuredmedia":[{"embeddable":true,"href":"https:\/\/www.selry.fi\/sv\/wp-json\/wp\/v2\/media\/10993"}],"wp:attachment":[{"href":"https:\/\/www.selry.fi\/sv\/wp-json\/wp\/v2\/media?parent=12240"}],"wp:term":[{"taxonomy":"category","embeddable":true,"href":"https:\/\/www.selry.fi\/sv\/wp-json\/wp\/v2\/categories?post=12240"},{"taxonomy":"post_tag","embeddable":true,"href":"https:\/\/www.selry.fi\/sv\/wp-json\/wp\/v2\/tags?post=12240"}],"curies":[{"name":"wp","href":"https:\/\/api.w.org\/{rel}","templated":true}]}}