{"id":12099,"date":"2023-05-24T13:57:36","date_gmt":"2023-05-24T10:57:36","guid":{"rendered":"https:\/\/www.selry.fi\/?p=12099"},"modified":"2023-05-24T14:04:36","modified_gmt":"2023-05-24T11:04:36","slug":"det-lonar-sig-ocksa-for-sommaranstallda-att-ga-med-i-facket","status":"publish","type":"post","link":"https:\/\/www.selry.fi\/sv\/blogg\/det-lonar-sig-ocksa-for-sommaranstallda-att-ga-med-i-facket\/","title":{"rendered":"Det l\u00f6nar sig ocks\u00e5 f\u00f6r sommaranst\u00e4llda att g\u00e5 med i facket"},"content":{"rendered":"\n<p>Det system vi har i Finland, som skapats av medlemmarna i fackf\u00f6rbunden, d\u00e4r de minimivillkor man \u00f6verenskommit om med arbetsgivarna g\u00e4ller alla, saknar ocks\u00e5 i internationell j\u00e4mf\u00f6relse sitt motstycke. Det allm\u00e4ngiltiga kollektivavtalet omfattar branschens alla f\u00f6retag, stora som sm\u00e5. I kollektivavtalet fastst\u00e4lls miniminiv\u00e5n f\u00f6r l\u00f6ner och andra arbetsvillkor, och lokalt kan ocks\u00e5 b\u00e4ttre villkor sl\u00e5s fast.<\/p>\n\n\n\n<p>I arbetsgivarnas uttalanden gl\u00f6ms ofta det faktum bort, att just de allm\u00e4ngiltiga kollektivavtalen, d\u00e4r arbetstagarna som motprestation f\u00f6rbinder sig att f\u00f6lja de gemensamt \u00f6verenskomna spelreglerna har skapat stabilitet p\u00e5 arbetsmarknaden och i hela samh\u00e4llet, vilket i sin tur har utgjort en konkurrensf\u00f6rdel. Det \u00e4r mycket m\u00e4rkligt att p\u00e5st\u00e5 att en av v\u00e5ra styrkor skulle utg\u00f6ra en broms f\u00f6r utvecklingen.<\/p>\n\n\n\n<p>Fackligt medlemskap l\u00f6nar sig alltid. Det \u00e4r fr\u00e5ga om v\u00e5ra egna arbetsvillkor. Huruvida arbetstagarna tillh\u00f6r facket eller ej har en direkt effekt p\u00e5 l\u00f6neniv\u00e5n och arbetsvillkoren f\u00f6r alla arbetstagare. Ju fler som tillh\u00f6r facket, desto b\u00e4ttre arbetsvillkor har vi.<\/p>\n\n\n\n<p>Vi kunde I b\u00f6rjan av \u00e5ret sluta kollektivavtal f\u00f6r livsmedelsbranschens arbetstagare s\u00e5, att vi inte tvingades g\u00e5 i strejk eller inta andra p\u00e5trycknings\u00e5tg\u00e4rder. Det hade inte varit m\u00f6jligt om vi inte hade haft trov\u00e4rdiga p\u00e5tryckningsmedel som arbetsgivarna var medvetna om. V\u00e5ra medlemmars f\u00f6rhandlingsstyrka grundar sig ocks\u00e5 idag p\u00e5 att vi \u00e4r redo att tillsammans f\u00f6rsvara v\u00e5ra arbetsvillkor. Detta har inte f\u00f6r\u00e4ndrats, trots att m\u00e5nga f\u00f6r\u00e4ndringar i \u00f6vrigt har skett i arbetslivet.<\/p>\n\n\n\n<p>F\u00f6rtroendemannen beh\u00f6ver st\u00f6d fr\u00e5n arbetsplatsens arbetstagare d\u00e5 f\u00f6rhandlingar sker lokalt med arbetsgivaren om l\u00f6ner och andra arbetsvillkor. V\u00e5ra arbetstagares f\u00f6rhandlingsstyrka grundar sig, b\u00e5de p\u00e5 arbetsplats- samt f\u00f6rbundsniv\u00e5 p\u00e5 samma sak, n\u00e4mligen v\u00e5r kollektiva styrka.<\/p>\n\n\n\n<p>Varje medlem i facket har f\u00f6rbundets st\u00f6d i ryggen, i sista hand som r\u00e4ttshj\u00e4lp bekostad av f\u00f6rbundet, d\u00e5 arbetstagaren beh\u00f6ver hj\u00e4lp i fr\u00e5gor r\u00f6rande arbetsvillkoren eller andra problem i arbetslivet. Organisering, eller det faktum att du tillh\u00f6r facket l\u00f6nar sig f\u00f6r alla ocks\u00e5 som individer.<\/p>\n\n\n\n<p>Arbetsvillkoren kan f\u00f6r en del av arbetstagarna upplevas som sj\u00e4lvklarheter och man inser inte alltid att arbetsvillkoren ing\u00e5r i kollektivavtalen och avbryts d\u00e5 avtalsperioden g\u00e5r ut.<\/p>\n\n\n\n<p>Jag utmanar alla v\u00e5ra medlemmar att vittna om vikten av att tillh\u00f6ra fackf\u00f6rbundet f\u00f6r de sommaranst\u00e4llda. M\u00e5nga av dem som f\u00f6r f\u00f6rsta g\u00e5ngen f\u00e5r ett jobb h\u00e4r kommer ocks\u00e5 i framtiden att arbeta i livsmedelsbranschen. Eller om de senare f\u00e5r anst\u00e4llning i en annan bransch g\u00e4ller samma vikt att tillh\u00f6ra facket.<\/p>\n\n\n\n<p>L\u00e5t oss tillsammans g\u00f6ratr\u00f6skel att ansluta sig till f\u00f6rbundet s\u00e5 l\u00e5g som m\u00f6jligt och aktivt erbjuda fackligt medlemskap ocks\u00e5 till alla sommaranst\u00e4llda. Det gagnar den sommaranst\u00e4llda och alla oss andra.<\/p>\n\n\n\n<p>Jag vill till\u00f6nska alla v\u00e5ra medlemmar en avkopplande sommar med m\u00e5nga inhemska l\u00e4ckerheter!<\/p>\n\n\n\n<p><em>Veli-Matti Kuntonen<\/em><br><em>SEL:s f\u00f6rbundsordf\u00f6rande<\/em><\/p>\n","protected":false},"excerpt":{"rendered":"<p>Det system vi har i Finland, som skapats av medlemmarna i fackf\u00f6rbunden, d\u00e4r de minimivillkor man \u00f6verenskommit om med arbetsgivarna [\u2026] <a href=\"https:\/\/www.selry.fi\/sv\/blogg\/det-lonar-sig-ocksa-for-sommaranstallda-att-ga-med-i-facket\/\">Lue lis\u00e4\u00e4 &raquo;<\/a><\/p>\n","protected":false},"author":4,"featured_media":10997,"comment_status":"closed","ping_status":"closed","sticky":false,"template":"","format":"standard","meta":{"_acf_changed":false,"footnotes":""},"categories":[64],"tags":[],"class_list":["post-12099","post","type-post","status-publish","format-standard","has-post-thumbnail","hentry","category-blogg"],"acf":[],"yoast_head":"<!-- This site is optimized with the Yoast SEO plugin v27.2 - https:\/\/yoast.com\/product\/yoast-seo-wordpress\/ -->\n<title>Det l\u00f6nar sig ocks\u00e5 f\u00f6r sommaranst\u00e4llda att g\u00e5 med i facket<\/title>\n<meta name=\"robots\" content=\"index, follow, max-snippet:-1, max-image-preview:large, max-video-preview:-1\" \/>\n<link rel=\"canonical\" href=\"https:\/\/www.selry.fi\/sv\/blogg\/det-lonar-sig-ocksa-for-sommaranstallda-att-ga-med-i-facket\/\" \/>\n<meta property=\"og:locale\" content=\"sv_SE\" \/>\n<meta property=\"og:type\" content=\"article\" \/>\n<meta property=\"og:title\" content=\"Det l\u00f6nar sig ocks\u00e5 f\u00f6r sommaranst\u00e4llda att g\u00e5 med i facket\" \/>\n<meta property=\"og:description\" content=\"Det system vi har i Finland, som skapats av medlemmarna i fackf\u00f6rbunden, d\u00e4r de minimivillkor man \u00f6verenskommit om med arbetsgivarna [\u2026] Lue lis\u00e4\u00e4 &raquo;\" \/>\n<meta property=\"og:url\" content=\"https:\/\/www.selry.fi\/sv\/blogg\/det-lonar-sig-ocksa-for-sommaranstallda-att-ga-med-i-facket\/\" \/>\n<meta property=\"og:site_name\" content=\"Suomen Elintarvikety\u00f6l\u00e4isten Liitto SEL\" \/>\n<meta property=\"article:publisher\" content=\"https:\/\/www.facebook.com\/selry\" \/>\n<meta property=\"article:published_time\" content=\"2023-05-24T10:57:36+00:00\" \/>\n<meta property=\"article:modified_time\" content=\"2023-05-24T11:04:36+00:00\" \/>\n<meta property=\"og:image\" content=\"https:\/\/www.selry.fi\/wp-content\/uploads\/2023\/02\/veli-matti-kuntonen-blogi.jpg\" \/>\n\t<meta property=\"og:image:width\" content=\"1536\" \/>\n\t<meta property=\"og:image:height\" content=\"1148\" \/>\n\t<meta property=\"og:image:type\" content=\"image\/jpeg\" \/>\n<meta name=\"author\" content=\"Karoliina \u00d6ystil\u00e4\" \/>\n<meta name=\"twitter:card\" content=\"summary_large_image\" \/>\n<meta name=\"twitter:creator\" content=\"@selryfi\" \/>\n<meta name=\"twitter:site\" content=\"@selryfi\" \/>\n<script type=\"application\/ld+json\" class=\"yoast-schema-graph\">{\"@context\":\"https:\/\/schema.org\",\"@graph\":[{\"@type\":\"Article\",\"@id\":\"https:\/\/www.selry.fi\/sv\/blogg\/det-lonar-sig-ocksa-for-sommaranstallda-att-ga-med-i-facket\/#article\",\"isPartOf\":{\"@id\":\"https:\/\/www.selry.fi\/sv\/blogg\/det-lonar-sig-ocksa-for-sommaranstallda-att-ga-med-i-facket\/\"},\"author\":{\"name\":\"Karoliina \u00d6ystil\u00e4\",\"@id\":\"https:\/\/www.selry.fi\/#\/schema\/person\/4fb0b52ed84c524f0beea95625a21678\"},\"headline\":\"Det l\u00f6nar sig ocks\u00e5 f\u00f6r sommaranst\u00e4llda att g\u00e5 med i facket\",\"datePublished\":\"2023-05-24T10:57:36+00:00\",\"dateModified\":\"2023-05-24T11:04:36+00:00\",\"mainEntityOfPage\":{\"@id\":\"https:\/\/www.selry.fi\/sv\/blogg\/det-lonar-sig-ocksa-for-sommaranstallda-att-ga-med-i-facket\/\"},\"wordCount\":551,\"publisher\":{\"@id\":\"https:\/\/www.selry.fi\/#organization\"},\"image\":{\"@id\":\"https:\/\/www.selry.fi\/sv\/blogg\/det-lonar-sig-ocksa-for-sommaranstallda-att-ga-med-i-facket\/#primaryimage\"},\"thumbnailUrl\":\"https:\/\/www.selry.fi\/wp-content\/uploads\/2023\/02\/veli-matti-kuntonen-blogi.jpg\",\"articleSection\":[\"Blogg\"],\"inLanguage\":\"sv-SE\"},{\"@type\":\"WebPage\",\"@id\":\"https:\/\/www.selry.fi\/sv\/blogg\/det-lonar-sig-ocksa-for-sommaranstallda-att-ga-med-i-facket\/\",\"url\":\"https:\/\/www.selry.fi\/sv\/blogg\/det-lonar-sig-ocksa-for-sommaranstallda-att-ga-med-i-facket\/\",\"name\":\"Det l\u00f6nar sig ocks\u00e5 f\u00f6r sommaranst\u00e4llda att g\u00e5 med i facket\",\"isPartOf\":{\"@id\":\"https:\/\/www.selry.fi\/#website\"},\"primaryImageOfPage\":{\"@id\":\"https:\/\/www.selry.fi\/sv\/blogg\/det-lonar-sig-ocksa-for-sommaranstallda-att-ga-med-i-facket\/#primaryimage\"},\"image\":{\"@id\":\"https:\/\/www.selry.fi\/sv\/blogg\/det-lonar-sig-ocksa-for-sommaranstallda-att-ga-med-i-facket\/#primaryimage\"},\"thumbnailUrl\":\"https:\/\/www.selry.fi\/wp-content\/uploads\/2023\/02\/veli-matti-kuntonen-blogi.jpg\",\"datePublished\":\"2023-05-24T10:57:36+00:00\",\"dateModified\":\"2023-05-24T11:04:36+00:00\",\"breadcrumb\":{\"@id\":\"https:\/\/www.selry.fi\/sv\/blogg\/det-lonar-sig-ocksa-for-sommaranstallda-att-ga-med-i-facket\/#breadcrumb\"},\"inLanguage\":\"sv-SE\",\"potentialAction\":[{\"@type\":\"ReadAction\",\"target\":[\"https:\/\/www.selry.fi\/sv\/blogg\/det-lonar-sig-ocksa-for-sommaranstallda-att-ga-med-i-facket\/\"]}]},{\"@type\":\"ImageObject\",\"inLanguage\":\"sv-SE\",\"@id\":\"https:\/\/www.selry.fi\/sv\/blogg\/det-lonar-sig-ocksa-for-sommaranstallda-att-ga-med-i-facket\/#primaryimage\",\"url\":\"https:\/\/www.selry.fi\/wp-content\/uploads\/2023\/02\/veli-matti-kuntonen-blogi.jpg\",\"contentUrl\":\"https:\/\/www.selry.fi\/wp-content\/uploads\/2023\/02\/veli-matti-kuntonen-blogi.jpg\",\"width\":1536,\"height\":1148},{\"@type\":\"BreadcrumbList\",\"@id\":\"https:\/\/www.selry.fi\/sv\/blogg\/det-lonar-sig-ocksa-for-sommaranstallda-att-ga-med-i-facket\/#breadcrumb\",\"itemListElement\":[{\"@type\":\"ListItem\",\"position\":1,\"name\":\"Home\",\"item\":\"https:\/\/www.selry.fi\/sv\/\"},{\"@type\":\"ListItem\",\"position\":2,\"name\":\"Det l\u00f6nar sig ocks\u00e5 f\u00f6r sommaranst\u00e4llda att g\u00e5 med i facket\"}]},{\"@type\":\"WebSite\",\"@id\":\"https:\/\/www.selry.fi\/#website\",\"url\":\"https:\/\/www.selry.fi\/\",\"name\":\"Suomen Elintarvikety\u00f6l\u00e4isten Liitto SEL\",\"description\":\"\",\"publisher\":{\"@id\":\"https:\/\/www.selry.fi\/#organization\"},\"inLanguage\":\"sv-SE\"},{\"@type\":\"Organization\",\"@id\":\"https:\/\/www.selry.fi\/#organization\",\"name\":\"Suomen Elintarvikety\u00f6l\u00e4isten Liitto SEL\",\"url\":\"https:\/\/www.selry.fi\/\",\"logo\":{\"@type\":\"ImageObject\",\"inLanguage\":\"sv-SE\",\"@id\":\"https:\/\/www.selry.fi\/#\/schema\/logo\/image\/\",\"url\":\"https:\/\/www.selry.fi\/wp-content\/uploads\/2021\/05\/logo-sel.svg\",\"contentUrl\":\"https:\/\/www.selry.fi\/wp-content\/uploads\/2021\/05\/logo-sel.svg\",\"width\":453,\"height\":135,\"caption\":\"Suomen Elintarvikety\u00f6l\u00e4isten Liitto SEL\"},\"image\":{\"@id\":\"https:\/\/www.selry.fi\/#\/schema\/logo\/image\/\"},\"sameAs\":[\"https:\/\/www.facebook.com\/selry\",\"https:\/\/x.com\/selryfi\"]},{\"@type\":\"Person\",\"@id\":\"https:\/\/www.selry.fi\/#\/schema\/person\/4fb0b52ed84c524f0beea95625a21678\",\"name\":\"Karoliina \u00d6ystil\u00e4\",\"image\":{\"@type\":\"ImageObject\",\"inLanguage\":\"sv-SE\",\"@id\":\"https:\/\/secure.gravatar.com\/avatar\/8dcb857776c4317075ba571fdc81a06a1f240302e468800d69bf316ef82ac4cd?s=96&d=mm&r=g\",\"url\":\"https:\/\/secure.gravatar.com\/avatar\/8dcb857776c4317075ba571fdc81a06a1f240302e468800d69bf316ef82ac4cd?s=96&d=mm&r=g\",\"contentUrl\":\"https:\/\/secure.gravatar.com\/avatar\/8dcb857776c4317075ba571fdc81a06a1f240302e468800d69bf316ef82ac4cd?s=96&d=mm&r=g\",\"caption\":\"Karoliina \u00d6ystil\u00e4\"}}]}<\/script>\n<!-- \/ Yoast SEO plugin. -->","yoast_head_json":{"title":"Det l\u00f6nar sig ocks\u00e5 f\u00f6r sommaranst\u00e4llda att g\u00e5 med i facket","robots":{"index":"index","follow":"follow","max-snippet":"max-snippet:-1","max-image-preview":"max-image-preview:large","max-video-preview":"max-video-preview:-1"},"canonical":"https:\/\/www.selry.fi\/sv\/blogg\/det-lonar-sig-ocksa-for-sommaranstallda-att-ga-med-i-facket\/","og_locale":"sv_SE","og_type":"article","og_title":"Det l\u00f6nar sig ocks\u00e5 f\u00f6r sommaranst\u00e4llda att g\u00e5 med i facket","og_description":"Det system vi har i Finland, som skapats av medlemmarna i fackf\u00f6rbunden, d\u00e4r de minimivillkor man \u00f6verenskommit om med arbetsgivarna [\u2026] Lue lis\u00e4\u00e4 &raquo;","og_url":"https:\/\/www.selry.fi\/sv\/blogg\/det-lonar-sig-ocksa-for-sommaranstallda-att-ga-med-i-facket\/","og_site_name":"Suomen Elintarvikety\u00f6l\u00e4isten Liitto SEL","article_publisher":"https:\/\/www.facebook.com\/selry","article_published_time":"2023-05-24T10:57:36+00:00","article_modified_time":"2023-05-24T11:04:36+00:00","og_image":[{"width":1536,"height":1148,"url":"https:\/\/www.selry.fi\/wp-content\/uploads\/2023\/02\/veli-matti-kuntonen-blogi.jpg","type":"image\/jpeg"}],"author":"Karoliina \u00d6ystil\u00e4","twitter_card":"summary_large_image","twitter_creator":"@selryfi","twitter_site":"@selryfi","schema":{"@context":"https:\/\/schema.org","@graph":[{"@type":"Article","@id":"https:\/\/www.selry.fi\/sv\/blogg\/det-lonar-sig-ocksa-for-sommaranstallda-att-ga-med-i-facket\/#article","isPartOf":{"@id":"https:\/\/www.selry.fi\/sv\/blogg\/det-lonar-sig-ocksa-for-sommaranstallda-att-ga-med-i-facket\/"},"author":{"name":"Karoliina \u00d6ystil\u00e4","@id":"https:\/\/www.selry.fi\/#\/schema\/person\/4fb0b52ed84c524f0beea95625a21678"},"headline":"Det l\u00f6nar sig ocks\u00e5 f\u00f6r sommaranst\u00e4llda att g\u00e5 med i facket","datePublished":"2023-05-24T10:57:36+00:00","dateModified":"2023-05-24T11:04:36+00:00","mainEntityOfPage":{"@id":"https:\/\/www.selry.fi\/sv\/blogg\/det-lonar-sig-ocksa-for-sommaranstallda-att-ga-med-i-facket\/"},"wordCount":551,"publisher":{"@id":"https:\/\/www.selry.fi\/#organization"},"image":{"@id":"https:\/\/www.selry.fi\/sv\/blogg\/det-lonar-sig-ocksa-for-sommaranstallda-att-ga-med-i-facket\/#primaryimage"},"thumbnailUrl":"https:\/\/www.selry.fi\/wp-content\/uploads\/2023\/02\/veli-matti-kuntonen-blogi.jpg","articleSection":["Blogg"],"inLanguage":"sv-SE"},{"@type":"WebPage","@id":"https:\/\/www.selry.fi\/sv\/blogg\/det-lonar-sig-ocksa-for-sommaranstallda-att-ga-med-i-facket\/","url":"https:\/\/www.selry.fi\/sv\/blogg\/det-lonar-sig-ocksa-for-sommaranstallda-att-ga-med-i-facket\/","name":"Det l\u00f6nar sig ocks\u00e5 f\u00f6r sommaranst\u00e4llda att g\u00e5 med i facket","isPartOf":{"@id":"https:\/\/www.selry.fi\/#website"},"primaryImageOfPage":{"@id":"https:\/\/www.selry.fi\/sv\/blogg\/det-lonar-sig-ocksa-for-sommaranstallda-att-ga-med-i-facket\/#primaryimage"},"image":{"@id":"https:\/\/www.selry.fi\/sv\/blogg\/det-lonar-sig-ocksa-for-sommaranstallda-att-ga-med-i-facket\/#primaryimage"},"thumbnailUrl":"https:\/\/www.selry.fi\/wp-content\/uploads\/2023\/02\/veli-matti-kuntonen-blogi.jpg","datePublished":"2023-05-24T10:57:36+00:00","dateModified":"2023-05-24T11:04:36+00:00","breadcrumb":{"@id":"https:\/\/www.selry.fi\/sv\/blogg\/det-lonar-sig-ocksa-for-sommaranstallda-att-ga-med-i-facket\/#breadcrumb"},"inLanguage":"sv-SE","potentialAction":[{"@type":"ReadAction","target":["https:\/\/www.selry.fi\/sv\/blogg\/det-lonar-sig-ocksa-for-sommaranstallda-att-ga-med-i-facket\/"]}]},{"@type":"ImageObject","inLanguage":"sv-SE","@id":"https:\/\/www.selry.fi\/sv\/blogg\/det-lonar-sig-ocksa-for-sommaranstallda-att-ga-med-i-facket\/#primaryimage","url":"https:\/\/www.selry.fi\/wp-content\/uploads\/2023\/02\/veli-matti-kuntonen-blogi.jpg","contentUrl":"https:\/\/www.selry.fi\/wp-content\/uploads\/2023\/02\/veli-matti-kuntonen-blogi.jpg","width":1536,"height":1148},{"@type":"BreadcrumbList","@id":"https:\/\/www.selry.fi\/sv\/blogg\/det-lonar-sig-ocksa-for-sommaranstallda-att-ga-med-i-facket\/#breadcrumb","itemListElement":[{"@type":"ListItem","position":1,"name":"Home","item":"https:\/\/www.selry.fi\/sv\/"},{"@type":"ListItem","position":2,"name":"Det l\u00f6nar sig ocks\u00e5 f\u00f6r sommaranst\u00e4llda att g\u00e5 med i facket"}]},{"@type":"WebSite","@id":"https:\/\/www.selry.fi\/#website","url":"https:\/\/www.selry.fi\/","name":"Suomen Elintarvikety\u00f6l\u00e4isten Liitto SEL","description":"","publisher":{"@id":"https:\/\/www.selry.fi\/#organization"},"inLanguage":"sv-SE"},{"@type":"Organization","@id":"https:\/\/www.selry.fi\/#organization","name":"Suomen Elintarvikety\u00f6l\u00e4isten Liitto SEL","url":"https:\/\/www.selry.fi\/","logo":{"@type":"ImageObject","inLanguage":"sv-SE","@id":"https:\/\/www.selry.fi\/#\/schema\/logo\/image\/","url":"https:\/\/www.selry.fi\/wp-content\/uploads\/2021\/05\/logo-sel.svg","contentUrl":"https:\/\/www.selry.fi\/wp-content\/uploads\/2021\/05\/logo-sel.svg","width":453,"height":135,"caption":"Suomen Elintarvikety\u00f6l\u00e4isten Liitto SEL"},"image":{"@id":"https:\/\/www.selry.fi\/#\/schema\/logo\/image\/"},"sameAs":["https:\/\/www.facebook.com\/selry","https:\/\/x.com\/selryfi"]},{"@type":"Person","@id":"https:\/\/www.selry.fi\/#\/schema\/person\/4fb0b52ed84c524f0beea95625a21678","name":"Karoliina \u00d6ystil\u00e4","image":{"@type":"ImageObject","inLanguage":"sv-SE","@id":"https:\/\/secure.gravatar.com\/avatar\/8dcb857776c4317075ba571fdc81a06a1f240302e468800d69bf316ef82ac4cd?s=96&d=mm&r=g","url":"https:\/\/secure.gravatar.com\/avatar\/8dcb857776c4317075ba571fdc81a06a1f240302e468800d69bf316ef82ac4cd?s=96&d=mm&r=g","contentUrl":"https:\/\/secure.gravatar.com\/avatar\/8dcb857776c4317075ba571fdc81a06a1f240302e468800d69bf316ef82ac4cd?s=96&d=mm&r=g","caption":"Karoliina \u00d6ystil\u00e4"}}]}},"_links":{"self":[{"href":"https:\/\/www.selry.fi\/sv\/wp-json\/wp\/v2\/posts\/12099","targetHints":{"allow":["GET"]}}],"collection":[{"href":"https:\/\/www.selry.fi\/sv\/wp-json\/wp\/v2\/posts"}],"about":[{"href":"https:\/\/www.selry.fi\/sv\/wp-json\/wp\/v2\/types\/post"}],"author":[{"embeddable":true,"href":"https:\/\/www.selry.fi\/sv\/wp-json\/wp\/v2\/users\/4"}],"replies":[{"embeddable":true,"href":"https:\/\/www.selry.fi\/sv\/wp-json\/wp\/v2\/comments?post=12099"}],"version-history":[{"count":0,"href":"https:\/\/www.selry.fi\/sv\/wp-json\/wp\/v2\/posts\/12099\/revisions"}],"wp:featuredmedia":[{"embeddable":true,"href":"https:\/\/www.selry.fi\/sv\/wp-json\/wp\/v2\/media\/10997"}],"wp:attachment":[{"href":"https:\/\/www.selry.fi\/sv\/wp-json\/wp\/v2\/media?parent=12099"}],"wp:term":[{"taxonomy":"category","embeddable":true,"href":"https:\/\/www.selry.fi\/sv\/wp-json\/wp\/v2\/categories?post=12099"},{"taxonomy":"post_tag","embeddable":true,"href":"https:\/\/www.selry.fi\/sv\/wp-json\/wp\/v2\/tags?post=12099"}],"curies":[{"name":"wp","href":"https:\/\/api.w.org\/{rel}","templated":true}]}}