{"id":11884,"date":"2023-04-28T19:09:32","date_gmt":"2023-04-28T16:09:32","guid":{"rendered":"https:\/\/www.selry.fi\/?p=11884"},"modified":"2023-04-28T19:09:33","modified_gmt":"2023-04-28T16:09:33","slug":"forbundet-behovs-nu-och-i-framtiden","status":"publish","type":"post","link":"https:\/\/www.selry.fi\/sv\/blogg\/forbundet-behovs-nu-och-i-framtiden\/","title":{"rendered":"F\u00f6rbundet beh\u00f6vs nu och i framtiden"},"content":{"rendered":"\n<p>\u00c5r 2021 tillh\u00f6rde 54,7 procent av l\u00f6ntagarna i Finland ett fackf\u00f6rbund. Organiseringsgraden bland l\u00f6ntagarna har sjunkit med 5,5 procentenheter sedan \u00e5r 2017. De h\u00e4r uppseendev\u00e4ckande siffrorna framkommer i den <a href=\"https:\/\/tem.fi\/-\/tem-tutkimus-palkansaajien-jarjestaytymisaste-on-tutkittu\" target=\"_blank\" rel=\"noreferrer noopener\">forskningsrapport som arbets- och n\u00e4ringsministeriet publicerade i april<\/a>. Av kvinnorna tillh\u00f6rde 60,9 % facket och av m\u00e4nnen n\u00e5got under h\u00e4lften, eller 48,5 %. I den offentliga sektorn \u00e4r organiseringsgraden 76,7%, i industrin 63,4 % och i de privata servicebranscherna 41,6 %. Finl\u00e4ndarna under 30 \u00e5r tillh\u00f6r mera s\u00e4llan facket i j\u00e4mf\u00f6relse med andra grupper.<\/p>\n\n\n\n<p>Den st\u00f6rsta enskilda orsaken till att organiseringsgraden bland l\u00f6ntagarna har sjunkit \u00e4r att n\u00e4rmare 525&nbsp;000 l\u00f6ntagare, i st\u00e4llet f\u00f6r att v\u00e4lja ett fackligt medlemskap har f\u00f6redragit att f\u00f6rs\u00e4kra sig sj\u00e4lva inf\u00f6r eventuell arbetsl\u00f6shet genom att ansluta sig till Allm\u00e4nna arbetsl\u00f6shetskassan YTK. I den gruppen ing\u00e5r m\u00e5nga olika m\u00e4nniskor. Det finns de, som medvetet v\u00e4ljer att inte tillh\u00f6ra ett fackf\u00f6rbund, och det finns de, som tror att de tillh\u00f6r ett fackf\u00f6rbund, eftersom de anslutit sig till \u201dLoimaf\u00f6rbundet\u201d.<\/p>\n\n\n\n<p>Och det finns ocks\u00e5 de, som nog vet att facket \u00e4r viktigt och f\u00f6rhandlar om kollektivavtalen. De \u00e4r inte redo att avst\u00e5 fr\u00e5n de arbetsvillkor som f\u00f6reskrivs i kollektivavtalen, s\u00e5som pekkasdagar och semesterers\u00e4ttningar, men de \u201dsparar\u201d d\u00e5 det g\u00e4ller att betala den fackliga medlemsavgiften, eftersom de vet att ocks\u00e5 de som fripassagerare f\u00e5r samma l\u00f6nef\u00f6rh\u00f6jningar och andra arbetsvillkor som dem som tillh\u00f6r facket.<\/p>\n\n\n\n<p>Vi kan dra \u00e5tminstone tv\u00e5 slutsatser av den sjunkande organiseringsgraden. Vi m\u00e5ste se oss i spegeln och erk\u00e4nna att vi i fackf\u00f6rbunden har misslyckats i uppgiften att ber\u00e4tta vad facket \u00e4r och varf\u00f6r det l\u00f6nar sig f\u00f6r varje arbetstagare att tillh\u00f6ra den egna branschens fackf\u00f6rbund. F\u00f6r det andra m\u00e5ste facket f\u00f6rb\u00e4ttra sitt agerande, lyssna till m\u00e4nniskorna och utveckla sin verksamhet s\u00e5, att fler arbetstagare \u00e4n f\u00f6r n\u00e4rvarande v\u00e4ljer fackligt medlemskap.<\/p>\n\n\n\n<p>Situationen \u00e4r verkligen inte hoppl\u00f6s. \u00d6ver 1,3 miljoner finl\u00e4ndare i arbetsf\u00f6r \u00e5lder har valt att tillh\u00f6ra facket. Det inneb\u00e4r att fackets betydelse inte har f\u00f6rsvunnit. Facket beh\u00f6vs nu och i framtiden. Ingen annan \u00e4n ett fackf\u00f6rbund som grundats av arbetstagarna kan driva arbetstagarnas intressen. Kollektivavtalen, som \u00e4r garanter f\u00f6r arbetstagarnas r\u00e4ttigheter existerar ocks\u00e5 i forts\u00e4ttningen endast och enbart om arbetstagarna tillh\u00f6r facket \u2013 och tack vare dem.<\/p>\n\n\n\n<p><em>Karoliina \u00d6ystil\u00e4<br>SEL:s kommunikationschef, chefredakt\u00f6r<\/em><\/p>\n\n\n\n<p><em>Texten publiceras f\u00f6rst som ledare i Elintae 3\/2023, 28.4.2023.<\/em><\/p>\n","protected":false},"excerpt":{"rendered":"<p>\u00c5r 2021 tillh\u00f6rde 54,7 procent av l\u00f6ntagarna i Finland ett fackf\u00f6rbund. Organiseringsgraden bland l\u00f6ntagarna har sjunkit med 5,5 procentenheter sedan [\u2026] <a href=\"https:\/\/www.selry.fi\/sv\/blogg\/forbundet-behovs-nu-och-i-framtiden\/\">Lue lis\u00e4\u00e4 &raquo;<\/a><\/p>\n","protected":false},"author":4,"featured_media":10993,"comment_status":"closed","ping_status":"closed","sticky":false,"template":"","format":"standard","meta":{"_acf_changed":false,"footnotes":""},"categories":[64],"tags":[],"class_list":["post-11884","post","type-post","status-publish","format-standard","has-post-thumbnail","hentry","category-blogg"],"acf":[],"yoast_head":"<!-- This site is optimized with the Yoast SEO plugin v27.2 - https:\/\/yoast.com\/product\/yoast-seo-wordpress\/ -->\n<title>F\u00f6rbundet beh\u00f6vs nu och i framtiden<\/title>\n<meta name=\"robots\" content=\"index, follow, max-snippet:-1, max-image-preview:large, max-video-preview:-1\" \/>\n<link rel=\"canonical\" href=\"https:\/\/www.selry.fi\/sv\/blogg\/forbundet-behovs-nu-och-i-framtiden\/\" \/>\n<meta property=\"og:locale\" content=\"sv_SE\" \/>\n<meta property=\"og:type\" content=\"article\" \/>\n<meta property=\"og:title\" content=\"F\u00f6rbundet beh\u00f6vs nu och i framtiden\" \/>\n<meta property=\"og:description\" content=\"\u00c5r 2021 tillh\u00f6rde 54,7 procent av l\u00f6ntagarna i Finland ett fackf\u00f6rbund. Organiseringsgraden bland l\u00f6ntagarna har sjunkit med 5,5 procentenheter sedan [\u2026] Lue lis\u00e4\u00e4 &raquo;\" \/>\n<meta property=\"og:url\" content=\"https:\/\/www.selry.fi\/sv\/blogg\/forbundet-behovs-nu-och-i-framtiden\/\" \/>\n<meta property=\"og:site_name\" content=\"Suomen Elintarvikety\u00f6l\u00e4isten Liitto SEL\" \/>\n<meta property=\"article:publisher\" content=\"https:\/\/www.facebook.com\/selry\" \/>\n<meta property=\"article:published_time\" content=\"2023-04-28T16:09:32+00:00\" \/>\n<meta property=\"article:modified_time\" content=\"2023-04-28T16:09:33+00:00\" \/>\n<meta property=\"og:image\" content=\"https:\/\/www.selry.fi\/wp-content\/uploads\/2023\/02\/karoliina-oystila-blogi.jpg\" \/>\n\t<meta property=\"og:image:width\" content=\"1536\" \/>\n\t<meta property=\"og:image:height\" content=\"1081\" \/>\n\t<meta property=\"og:image:type\" content=\"image\/jpeg\" \/>\n<meta name=\"author\" content=\"Karoliina \u00d6ystil\u00e4\" \/>\n<meta name=\"twitter:card\" content=\"summary_large_image\" \/>\n<meta name=\"twitter:creator\" content=\"@selryfi\" \/>\n<meta name=\"twitter:site\" content=\"@selryfi\" \/>\n<script type=\"application\/ld+json\" class=\"yoast-schema-graph\">{\"@context\":\"https:\/\/schema.org\",\"@graph\":[{\"@type\":\"Article\",\"@id\":\"https:\/\/www.selry.fi\/sv\/blogg\/forbundet-behovs-nu-och-i-framtiden\/#article\",\"isPartOf\":{\"@id\":\"https:\/\/www.selry.fi\/sv\/blogg\/forbundet-behovs-nu-och-i-framtiden\/\"},\"author\":{\"name\":\"Karoliina \u00d6ystil\u00e4\",\"@id\":\"https:\/\/www.selry.fi\/#\/schema\/person\/4fb0b52ed84c524f0beea95625a21678\"},\"headline\":\"F\u00f6rbundet beh\u00f6vs nu och i framtiden\",\"datePublished\":\"2023-04-28T16:09:32+00:00\",\"dateModified\":\"2023-04-28T16:09:33+00:00\",\"mainEntityOfPage\":{\"@id\":\"https:\/\/www.selry.fi\/sv\/blogg\/forbundet-behovs-nu-och-i-framtiden\/\"},\"wordCount\":446,\"publisher\":{\"@id\":\"https:\/\/www.selry.fi\/#organization\"},\"image\":{\"@id\":\"https:\/\/www.selry.fi\/sv\/blogg\/forbundet-behovs-nu-och-i-framtiden\/#primaryimage\"},\"thumbnailUrl\":\"https:\/\/www.selry.fi\/wp-content\/uploads\/2023\/02\/karoliina-oystila-blogi.jpg\",\"articleSection\":[\"Blogg\"],\"inLanguage\":\"sv-SE\"},{\"@type\":\"WebPage\",\"@id\":\"https:\/\/www.selry.fi\/sv\/blogg\/forbundet-behovs-nu-och-i-framtiden\/\",\"url\":\"https:\/\/www.selry.fi\/sv\/blogg\/forbundet-behovs-nu-och-i-framtiden\/\",\"name\":\"F\u00f6rbundet beh\u00f6vs nu och i framtiden\",\"isPartOf\":{\"@id\":\"https:\/\/www.selry.fi\/#website\"},\"primaryImageOfPage\":{\"@id\":\"https:\/\/www.selry.fi\/sv\/blogg\/forbundet-behovs-nu-och-i-framtiden\/#primaryimage\"},\"image\":{\"@id\":\"https:\/\/www.selry.fi\/sv\/blogg\/forbundet-behovs-nu-och-i-framtiden\/#primaryimage\"},\"thumbnailUrl\":\"https:\/\/www.selry.fi\/wp-content\/uploads\/2023\/02\/karoliina-oystila-blogi.jpg\",\"datePublished\":\"2023-04-28T16:09:32+00:00\",\"dateModified\":\"2023-04-28T16:09:33+00:00\",\"breadcrumb\":{\"@id\":\"https:\/\/www.selry.fi\/sv\/blogg\/forbundet-behovs-nu-och-i-framtiden\/#breadcrumb\"},\"inLanguage\":\"sv-SE\",\"potentialAction\":[{\"@type\":\"ReadAction\",\"target\":[\"https:\/\/www.selry.fi\/sv\/blogg\/forbundet-behovs-nu-och-i-framtiden\/\"]}]},{\"@type\":\"ImageObject\",\"inLanguage\":\"sv-SE\",\"@id\":\"https:\/\/www.selry.fi\/sv\/blogg\/forbundet-behovs-nu-och-i-framtiden\/#primaryimage\",\"url\":\"https:\/\/www.selry.fi\/wp-content\/uploads\/2023\/02\/karoliina-oystila-blogi.jpg\",\"contentUrl\":\"https:\/\/www.selry.fi\/wp-content\/uploads\/2023\/02\/karoliina-oystila-blogi.jpg\",\"width\":1536,\"height\":1081},{\"@type\":\"BreadcrumbList\",\"@id\":\"https:\/\/www.selry.fi\/sv\/blogg\/forbundet-behovs-nu-och-i-framtiden\/#breadcrumb\",\"itemListElement\":[{\"@type\":\"ListItem\",\"position\":1,\"name\":\"Home\",\"item\":\"https:\/\/www.selry.fi\/sv\/\"},{\"@type\":\"ListItem\",\"position\":2,\"name\":\"F\u00f6rbundet beh\u00f6vs nu och i framtiden\"}]},{\"@type\":\"WebSite\",\"@id\":\"https:\/\/www.selry.fi\/#website\",\"url\":\"https:\/\/www.selry.fi\/\",\"name\":\"Suomen Elintarvikety\u00f6l\u00e4isten Liitto SEL\",\"description\":\"\",\"publisher\":{\"@id\":\"https:\/\/www.selry.fi\/#organization\"},\"inLanguage\":\"sv-SE\"},{\"@type\":\"Organization\",\"@id\":\"https:\/\/www.selry.fi\/#organization\",\"name\":\"Suomen Elintarvikety\u00f6l\u00e4isten Liitto SEL\",\"url\":\"https:\/\/www.selry.fi\/\",\"logo\":{\"@type\":\"ImageObject\",\"inLanguage\":\"sv-SE\",\"@id\":\"https:\/\/www.selry.fi\/#\/schema\/logo\/image\/\",\"url\":\"https:\/\/www.selry.fi\/wp-content\/uploads\/2021\/05\/logo-sel.svg\",\"contentUrl\":\"https:\/\/www.selry.fi\/wp-content\/uploads\/2021\/05\/logo-sel.svg\",\"width\":453,\"height\":135,\"caption\":\"Suomen Elintarvikety\u00f6l\u00e4isten Liitto SEL\"},\"image\":{\"@id\":\"https:\/\/www.selry.fi\/#\/schema\/logo\/image\/\"},\"sameAs\":[\"https:\/\/www.facebook.com\/selry\",\"https:\/\/x.com\/selryfi\"]},{\"@type\":\"Person\",\"@id\":\"https:\/\/www.selry.fi\/#\/schema\/person\/4fb0b52ed84c524f0beea95625a21678\",\"name\":\"Karoliina \u00d6ystil\u00e4\",\"image\":{\"@type\":\"ImageObject\",\"inLanguage\":\"sv-SE\",\"@id\":\"https:\/\/secure.gravatar.com\/avatar\/8dcb857776c4317075ba571fdc81a06a1f240302e468800d69bf316ef82ac4cd?s=96&d=mm&r=g\",\"url\":\"https:\/\/secure.gravatar.com\/avatar\/8dcb857776c4317075ba571fdc81a06a1f240302e468800d69bf316ef82ac4cd?s=96&d=mm&r=g\",\"contentUrl\":\"https:\/\/secure.gravatar.com\/avatar\/8dcb857776c4317075ba571fdc81a06a1f240302e468800d69bf316ef82ac4cd?s=96&d=mm&r=g\",\"caption\":\"Karoliina \u00d6ystil\u00e4\"}}]}<\/script>\n<!-- \/ Yoast SEO plugin. -->","yoast_head_json":{"title":"F\u00f6rbundet beh\u00f6vs nu och i framtiden","robots":{"index":"index","follow":"follow","max-snippet":"max-snippet:-1","max-image-preview":"max-image-preview:large","max-video-preview":"max-video-preview:-1"},"canonical":"https:\/\/www.selry.fi\/sv\/blogg\/forbundet-behovs-nu-och-i-framtiden\/","og_locale":"sv_SE","og_type":"article","og_title":"F\u00f6rbundet beh\u00f6vs nu och i framtiden","og_description":"\u00c5r 2021 tillh\u00f6rde 54,7 procent av l\u00f6ntagarna i Finland ett fackf\u00f6rbund. Organiseringsgraden bland l\u00f6ntagarna har sjunkit med 5,5 procentenheter sedan [\u2026] Lue lis\u00e4\u00e4 &raquo;","og_url":"https:\/\/www.selry.fi\/sv\/blogg\/forbundet-behovs-nu-och-i-framtiden\/","og_site_name":"Suomen Elintarvikety\u00f6l\u00e4isten Liitto SEL","article_publisher":"https:\/\/www.facebook.com\/selry","article_published_time":"2023-04-28T16:09:32+00:00","article_modified_time":"2023-04-28T16:09:33+00:00","og_image":[{"width":1536,"height":1081,"url":"https:\/\/www.selry.fi\/wp-content\/uploads\/2023\/02\/karoliina-oystila-blogi.jpg","type":"image\/jpeg"}],"author":"Karoliina \u00d6ystil\u00e4","twitter_card":"summary_large_image","twitter_creator":"@selryfi","twitter_site":"@selryfi","schema":{"@context":"https:\/\/schema.org","@graph":[{"@type":"Article","@id":"https:\/\/www.selry.fi\/sv\/blogg\/forbundet-behovs-nu-och-i-framtiden\/#article","isPartOf":{"@id":"https:\/\/www.selry.fi\/sv\/blogg\/forbundet-behovs-nu-och-i-framtiden\/"},"author":{"name":"Karoliina \u00d6ystil\u00e4","@id":"https:\/\/www.selry.fi\/#\/schema\/person\/4fb0b52ed84c524f0beea95625a21678"},"headline":"F\u00f6rbundet beh\u00f6vs nu och i framtiden","datePublished":"2023-04-28T16:09:32+00:00","dateModified":"2023-04-28T16:09:33+00:00","mainEntityOfPage":{"@id":"https:\/\/www.selry.fi\/sv\/blogg\/forbundet-behovs-nu-och-i-framtiden\/"},"wordCount":446,"publisher":{"@id":"https:\/\/www.selry.fi\/#organization"},"image":{"@id":"https:\/\/www.selry.fi\/sv\/blogg\/forbundet-behovs-nu-och-i-framtiden\/#primaryimage"},"thumbnailUrl":"https:\/\/www.selry.fi\/wp-content\/uploads\/2023\/02\/karoliina-oystila-blogi.jpg","articleSection":["Blogg"],"inLanguage":"sv-SE"},{"@type":"WebPage","@id":"https:\/\/www.selry.fi\/sv\/blogg\/forbundet-behovs-nu-och-i-framtiden\/","url":"https:\/\/www.selry.fi\/sv\/blogg\/forbundet-behovs-nu-och-i-framtiden\/","name":"F\u00f6rbundet beh\u00f6vs nu och i framtiden","isPartOf":{"@id":"https:\/\/www.selry.fi\/#website"},"primaryImageOfPage":{"@id":"https:\/\/www.selry.fi\/sv\/blogg\/forbundet-behovs-nu-och-i-framtiden\/#primaryimage"},"image":{"@id":"https:\/\/www.selry.fi\/sv\/blogg\/forbundet-behovs-nu-och-i-framtiden\/#primaryimage"},"thumbnailUrl":"https:\/\/www.selry.fi\/wp-content\/uploads\/2023\/02\/karoliina-oystila-blogi.jpg","datePublished":"2023-04-28T16:09:32+00:00","dateModified":"2023-04-28T16:09:33+00:00","breadcrumb":{"@id":"https:\/\/www.selry.fi\/sv\/blogg\/forbundet-behovs-nu-och-i-framtiden\/#breadcrumb"},"inLanguage":"sv-SE","potentialAction":[{"@type":"ReadAction","target":["https:\/\/www.selry.fi\/sv\/blogg\/forbundet-behovs-nu-och-i-framtiden\/"]}]},{"@type":"ImageObject","inLanguage":"sv-SE","@id":"https:\/\/www.selry.fi\/sv\/blogg\/forbundet-behovs-nu-och-i-framtiden\/#primaryimage","url":"https:\/\/www.selry.fi\/wp-content\/uploads\/2023\/02\/karoliina-oystila-blogi.jpg","contentUrl":"https:\/\/www.selry.fi\/wp-content\/uploads\/2023\/02\/karoliina-oystila-blogi.jpg","width":1536,"height":1081},{"@type":"BreadcrumbList","@id":"https:\/\/www.selry.fi\/sv\/blogg\/forbundet-behovs-nu-och-i-framtiden\/#breadcrumb","itemListElement":[{"@type":"ListItem","position":1,"name":"Home","item":"https:\/\/www.selry.fi\/sv\/"},{"@type":"ListItem","position":2,"name":"F\u00f6rbundet beh\u00f6vs nu och i framtiden"}]},{"@type":"WebSite","@id":"https:\/\/www.selry.fi\/#website","url":"https:\/\/www.selry.fi\/","name":"Suomen Elintarvikety\u00f6l\u00e4isten Liitto SEL","description":"","publisher":{"@id":"https:\/\/www.selry.fi\/#organization"},"inLanguage":"sv-SE"},{"@type":"Organization","@id":"https:\/\/www.selry.fi\/#organization","name":"Suomen Elintarvikety\u00f6l\u00e4isten Liitto SEL","url":"https:\/\/www.selry.fi\/","logo":{"@type":"ImageObject","inLanguage":"sv-SE","@id":"https:\/\/www.selry.fi\/#\/schema\/logo\/image\/","url":"https:\/\/www.selry.fi\/wp-content\/uploads\/2021\/05\/logo-sel.svg","contentUrl":"https:\/\/www.selry.fi\/wp-content\/uploads\/2021\/05\/logo-sel.svg","width":453,"height":135,"caption":"Suomen Elintarvikety\u00f6l\u00e4isten Liitto SEL"},"image":{"@id":"https:\/\/www.selry.fi\/#\/schema\/logo\/image\/"},"sameAs":["https:\/\/www.facebook.com\/selry","https:\/\/x.com\/selryfi"]},{"@type":"Person","@id":"https:\/\/www.selry.fi\/#\/schema\/person\/4fb0b52ed84c524f0beea95625a21678","name":"Karoliina \u00d6ystil\u00e4","image":{"@type":"ImageObject","inLanguage":"sv-SE","@id":"https:\/\/secure.gravatar.com\/avatar\/8dcb857776c4317075ba571fdc81a06a1f240302e468800d69bf316ef82ac4cd?s=96&d=mm&r=g","url":"https:\/\/secure.gravatar.com\/avatar\/8dcb857776c4317075ba571fdc81a06a1f240302e468800d69bf316ef82ac4cd?s=96&d=mm&r=g","contentUrl":"https:\/\/secure.gravatar.com\/avatar\/8dcb857776c4317075ba571fdc81a06a1f240302e468800d69bf316ef82ac4cd?s=96&d=mm&r=g","caption":"Karoliina \u00d6ystil\u00e4"}}]}},"_links":{"self":[{"href":"https:\/\/www.selry.fi\/sv\/wp-json\/wp\/v2\/posts\/11884","targetHints":{"allow":["GET"]}}],"collection":[{"href":"https:\/\/www.selry.fi\/sv\/wp-json\/wp\/v2\/posts"}],"about":[{"href":"https:\/\/www.selry.fi\/sv\/wp-json\/wp\/v2\/types\/post"}],"author":[{"embeddable":true,"href":"https:\/\/www.selry.fi\/sv\/wp-json\/wp\/v2\/users\/4"}],"replies":[{"embeddable":true,"href":"https:\/\/www.selry.fi\/sv\/wp-json\/wp\/v2\/comments?post=11884"}],"version-history":[{"count":0,"href":"https:\/\/www.selry.fi\/sv\/wp-json\/wp\/v2\/posts\/11884\/revisions"}],"wp:featuredmedia":[{"embeddable":true,"href":"https:\/\/www.selry.fi\/sv\/wp-json\/wp\/v2\/media\/10993"}],"wp:attachment":[{"href":"https:\/\/www.selry.fi\/sv\/wp-json\/wp\/v2\/media?parent=11884"}],"wp:term":[{"taxonomy":"category","embeddable":true,"href":"https:\/\/www.selry.fi\/sv\/wp-json\/wp\/v2\/categories?post=11884"},{"taxonomy":"post_tag","embeddable":true,"href":"https:\/\/www.selry.fi\/sv\/wp-json\/wp\/v2\/tags?post=11884"}],"curies":[{"name":"wp","href":"https:\/\/api.w.org\/{rel}","templated":true}]}}