{"id":11796,"date":"2023-04-18T18:00:00","date_gmt":"2023-04-18T15:00:00","guid":{"rendered":"https:\/\/www.selry.fi\/?p=11796"},"modified":"2023-04-20T22:56:16","modified_gmt":"2023-04-20T19:56:16","slug":"i-vantan-pa-en-ny-regering-och-dess-program","status":"publish","type":"post","link":"https:\/\/www.selry.fi\/sv\/blogg\/i-vantan-pa-en-ny-regering-och-dess-program\/","title":{"rendered":"I v\u00e4ntan p\u00e5 en ny regering och dess program"},"content":{"rendered":"\n<p>F\u00e5r vi en fett-, salt- och sockerskatt eller ej? F\u00f6re riksdagsvalet framf\u00f6rde n\u00e5gra partier f\u00f6rslag p\u00e5 att inf\u00f6ra en h\u00e4lsoskatt p\u00e5 livsmedel. Nu har \u00e5tminstone Samlingspartiet redan lyckligtvis tagit tillbaka det vall\u00f6ftet.<\/p>\n\n\n\n<p>Som fackf\u00f6rbund f\u00f6r arbetstagarna i livsmedelsbranschen har vi motsatt oss alla ytterligare skatter p\u00e5 livsmedel. Dessutom har vi f\u00f6rt en kampanj <a href=\"https:\/\/www.selry.fi\/hallitusohjelmatavoitteet\/\">f\u00f6r en s\u00e4nkning av merv\u00e4rdesskatten p\u00e5 mat<\/a>.<\/p>\n\n\n\n<p>Det finns tv\u00e5 d\u00e5liga aspekter vad g\u00e4ller livsmedelsbeskattning. De f\u00f6rsvagar f\u00f6ruts\u00e4ttningarna f\u00f6r den inhemska livsmedelsproduktionen, n\u00e5got som direkt p\u00e5verkar v\u00e5ra medlemmars arbetsplatser. Dessutom p\u00e5f\u00f6rs skatterna alla oberoende av inkomstniv\u00e5 och drabbar d\u00e4rmed fr\u00e4mst l\u00e5ginkomsttagare och vanliga arbetstagare.<\/p>\n\n\n\n<p>Som ett tips till den kommande regeringen: p\u00e5 grund av pris\u00f6kningar p\u00e5 mat vore det sk\u00e4l att \u00f6verv\u00e4ga en s\u00e4nkning av merv\u00e4rdesskatten.<\/p>\n\n\n\n<p>I Finland g\u00f6rs f\u00f6r n\u00e4rvarande f\u00f6rs\u00f6k att, under ledning av Samlingspartiet bilda en ny regering efter riksdagsvalet. M\u00e5nga av de fr\u00e5gor som ska \u00f6verenskommas om i regeringsprogrammet ber\u00f6r naturligt nog v\u00e5ra medlemmar, s\u00e5som exempelvis fr\u00e5gan om huruvida man ska sk\u00e4ra i arbetsl\u00f6shetsskyddet.<\/p>\n\n\n\n<p>Jag vet inte hur mycket tydliga f\u00f6rklaringar det kr\u00e4vs f\u00f6r att g\u00f6ra det f\u00f6rst\u00e5eligt att en nedsk\u00e4rning av utkomsten f\u00f6r dem som f\u00f6rlorat sitt arbete inte skapar nya arbetsplatser.<\/p>\n\n\n\n<p>En sak kunde den nya regeringen p\u00e5 basen av erfarenheterna fr\u00e5n tidigare perioder ta med sig i korgen. Det l\u00f6nar sig inte f\u00f6r regeringen att fungera som arbetsmarknadspart och dessutom p\u00e5 arbetsgivarsidan i st\u00e4llet f\u00f6r arbetsgivarna. S\u00e5 gjorde ju Juha Sipil\u00e4s regering. &nbsp;Situationen blev stormig.<\/p>\n\n\n\n<p>Sipil\u00e4s regering f\u00f6rl\u00e4ngde bland annat arbetstiderna i m\u00e5nga branscher genom sitt konkurrenskraftsavtal och skar i alla arbetstagares utkomst genom att \u00f6verf\u00f6ra arbetsgivarnas socialskyddsavgifter att betalas av arbetstagarna. Lyckligtvis f\u00f6rf\u00f6ll de h\u00e5rdaste lagarna som om\u00f6jliga att stifta.<\/p>\n\n\n\n<p>Enligt m\u00e5ngas mening \u00e4r den nyss avslutade l\u00f6nef\u00f6rh\u00f6jningsrundan bland flera f\u00f6rbund utmanande. Men vi kunde \u00f6verenskomma om allt mellan arbetsgivarorganisationerna och fackf\u00f6rbunden. Det var ett gott bevis p\u00e5 att saker ordnar sig om inte landets regering s\u00f6ker bem\u00e4stra fr\u00e5gorna och om inte regeringen upptr\u00e4der som talesperson f\u00f6r arbetsgivarsidan.<\/p>\n\n\n\n<p>Vi f\u00e5r hoppas att landets nya regering, oberoende av vilka partier som ing\u00e5r, inte som f\u00f6rsta \u00e5tg\u00e4rd skulle g\u00e5 in f\u00f6r att f\u00f6rs\u00f6ka f\u00f6r\u00f6dmjuka arbetstagarna. Men om s\u00e5 sker, m\u00e5ste vi naturligtvis svara p\u00e5 det.<\/p>\n\n\n\n<p><em>Veli-Matti Kuntonen<\/em><br><em>SEL:s f\u00f6rbundsordf\u00f6rande<\/em><\/p>\n","protected":false},"excerpt":{"rendered":"<p>F\u00e5r vi en fett-, salt- och sockerskatt eller ej? F\u00f6re riksdagsvalet framf\u00f6rde n\u00e5gra partier f\u00f6rslag p\u00e5 att inf\u00f6ra en h\u00e4lsoskatt [\u2026] <a href=\"https:\/\/www.selry.fi\/sv\/blogg\/i-vantan-pa-en-ny-regering-och-dess-program\/\">Lue lis\u00e4\u00e4 &raquo;<\/a><\/p>\n","protected":false},"author":4,"featured_media":10997,"comment_status":"closed","ping_status":"closed","sticky":false,"template":"","format":"standard","meta":{"_acf_changed":false,"footnotes":""},"categories":[64],"tags":[],"class_list":["post-11796","post","type-post","status-publish","format-standard","has-post-thumbnail","hentry","category-blogg"],"acf":[],"yoast_head":"<!-- This site is optimized with the Yoast SEO plugin v27.2 - https:\/\/yoast.com\/product\/yoast-seo-wordpress\/ -->\n<title>I v\u00e4ntan p\u00e5 en ny regering och dess program<\/title>\n<meta name=\"robots\" content=\"index, follow, max-snippet:-1, max-image-preview:large, max-video-preview:-1\" \/>\n<link rel=\"canonical\" href=\"https:\/\/www.selry.fi\/sv\/blogg\/i-vantan-pa-en-ny-regering-och-dess-program\/\" \/>\n<meta property=\"og:locale\" content=\"sv_SE\" \/>\n<meta property=\"og:type\" content=\"article\" \/>\n<meta property=\"og:title\" content=\"I v\u00e4ntan p\u00e5 en ny regering och dess program\" \/>\n<meta property=\"og:description\" content=\"F\u00e5r vi en fett-, salt- och sockerskatt eller ej? F\u00f6re riksdagsvalet framf\u00f6rde n\u00e5gra partier f\u00f6rslag p\u00e5 att inf\u00f6ra en h\u00e4lsoskatt [\u2026] Lue lis\u00e4\u00e4 &raquo;\" \/>\n<meta property=\"og:url\" content=\"https:\/\/www.selry.fi\/sv\/blogg\/i-vantan-pa-en-ny-regering-och-dess-program\/\" \/>\n<meta property=\"og:site_name\" content=\"Suomen Elintarvikety\u00f6l\u00e4isten Liitto SEL\" \/>\n<meta property=\"article:publisher\" content=\"https:\/\/www.facebook.com\/selry\" \/>\n<meta property=\"article:published_time\" content=\"2023-04-18T15:00:00+00:00\" \/>\n<meta property=\"article:modified_time\" content=\"2023-04-20T19:56:16+00:00\" \/>\n<meta property=\"og:image\" content=\"https:\/\/www.selry.fi\/wp-content\/uploads\/2023\/02\/veli-matti-kuntonen-blogi.jpg\" \/>\n\t<meta property=\"og:image:width\" content=\"1536\" \/>\n\t<meta property=\"og:image:height\" content=\"1148\" \/>\n\t<meta property=\"og:image:type\" content=\"image\/jpeg\" \/>\n<meta name=\"author\" content=\"Karoliina \u00d6ystil\u00e4\" \/>\n<meta name=\"twitter:card\" content=\"summary_large_image\" \/>\n<meta name=\"twitter:creator\" content=\"@selryfi\" \/>\n<meta name=\"twitter:site\" content=\"@selryfi\" \/>\n<script type=\"application\/ld+json\" class=\"yoast-schema-graph\">{\"@context\":\"https:\/\/schema.org\",\"@graph\":[{\"@type\":\"Article\",\"@id\":\"https:\/\/www.selry.fi\/sv\/blogg\/i-vantan-pa-en-ny-regering-och-dess-program\/#article\",\"isPartOf\":{\"@id\":\"https:\/\/www.selry.fi\/sv\/blogg\/i-vantan-pa-en-ny-regering-och-dess-program\/\"},\"author\":{\"name\":\"Karoliina \u00d6ystil\u00e4\",\"@id\":\"https:\/\/www.selry.fi\/#\/schema\/person\/4fb0b52ed84c524f0beea95625a21678\"},\"headline\":\"I v\u00e4ntan p\u00e5 en ny regering och dess program\",\"datePublished\":\"2023-04-18T15:00:00+00:00\",\"dateModified\":\"2023-04-20T19:56:16+00:00\",\"mainEntityOfPage\":{\"@id\":\"https:\/\/www.selry.fi\/sv\/blogg\/i-vantan-pa-en-ny-regering-och-dess-program\/\"},\"wordCount\":463,\"publisher\":{\"@id\":\"https:\/\/www.selry.fi\/#organization\"},\"image\":{\"@id\":\"https:\/\/www.selry.fi\/sv\/blogg\/i-vantan-pa-en-ny-regering-och-dess-program\/#primaryimage\"},\"thumbnailUrl\":\"https:\/\/www.selry.fi\/wp-content\/uploads\/2023\/02\/veli-matti-kuntonen-blogi.jpg\",\"articleSection\":[\"Blogg\"],\"inLanguage\":\"sv-SE\"},{\"@type\":\"WebPage\",\"@id\":\"https:\/\/www.selry.fi\/sv\/blogg\/i-vantan-pa-en-ny-regering-och-dess-program\/\",\"url\":\"https:\/\/www.selry.fi\/sv\/blogg\/i-vantan-pa-en-ny-regering-och-dess-program\/\",\"name\":\"I v\u00e4ntan p\u00e5 en ny regering och dess program\",\"isPartOf\":{\"@id\":\"https:\/\/www.selry.fi\/#website\"},\"primaryImageOfPage\":{\"@id\":\"https:\/\/www.selry.fi\/sv\/blogg\/i-vantan-pa-en-ny-regering-och-dess-program\/#primaryimage\"},\"image\":{\"@id\":\"https:\/\/www.selry.fi\/sv\/blogg\/i-vantan-pa-en-ny-regering-och-dess-program\/#primaryimage\"},\"thumbnailUrl\":\"https:\/\/www.selry.fi\/wp-content\/uploads\/2023\/02\/veli-matti-kuntonen-blogi.jpg\",\"datePublished\":\"2023-04-18T15:00:00+00:00\",\"dateModified\":\"2023-04-20T19:56:16+00:00\",\"breadcrumb\":{\"@id\":\"https:\/\/www.selry.fi\/sv\/blogg\/i-vantan-pa-en-ny-regering-och-dess-program\/#breadcrumb\"},\"inLanguage\":\"sv-SE\",\"potentialAction\":[{\"@type\":\"ReadAction\",\"target\":[\"https:\/\/www.selry.fi\/sv\/blogg\/i-vantan-pa-en-ny-regering-och-dess-program\/\"]}]},{\"@type\":\"ImageObject\",\"inLanguage\":\"sv-SE\",\"@id\":\"https:\/\/www.selry.fi\/sv\/blogg\/i-vantan-pa-en-ny-regering-och-dess-program\/#primaryimage\",\"url\":\"https:\/\/www.selry.fi\/wp-content\/uploads\/2023\/02\/veli-matti-kuntonen-blogi.jpg\",\"contentUrl\":\"https:\/\/www.selry.fi\/wp-content\/uploads\/2023\/02\/veli-matti-kuntonen-blogi.jpg\",\"width\":1536,\"height\":1148},{\"@type\":\"BreadcrumbList\",\"@id\":\"https:\/\/www.selry.fi\/sv\/blogg\/i-vantan-pa-en-ny-regering-och-dess-program\/#breadcrumb\",\"itemListElement\":[{\"@type\":\"ListItem\",\"position\":1,\"name\":\"Home\",\"item\":\"https:\/\/www.selry.fi\/sv\/\"},{\"@type\":\"ListItem\",\"position\":2,\"name\":\"I v\u00e4ntan p\u00e5 en ny regering och dess program\"}]},{\"@type\":\"WebSite\",\"@id\":\"https:\/\/www.selry.fi\/#website\",\"url\":\"https:\/\/www.selry.fi\/\",\"name\":\"Suomen Elintarvikety\u00f6l\u00e4isten Liitto SEL\",\"description\":\"\",\"publisher\":{\"@id\":\"https:\/\/www.selry.fi\/#organization\"},\"inLanguage\":\"sv-SE\"},{\"@type\":\"Organization\",\"@id\":\"https:\/\/www.selry.fi\/#organization\",\"name\":\"Suomen Elintarvikety\u00f6l\u00e4isten Liitto SEL\",\"url\":\"https:\/\/www.selry.fi\/\",\"logo\":{\"@type\":\"ImageObject\",\"inLanguage\":\"sv-SE\",\"@id\":\"https:\/\/www.selry.fi\/#\/schema\/logo\/image\/\",\"url\":\"https:\/\/www.selry.fi\/wp-content\/uploads\/2021\/05\/logo-sel.svg\",\"contentUrl\":\"https:\/\/www.selry.fi\/wp-content\/uploads\/2021\/05\/logo-sel.svg\",\"width\":453,\"height\":135,\"caption\":\"Suomen Elintarvikety\u00f6l\u00e4isten Liitto SEL\"},\"image\":{\"@id\":\"https:\/\/www.selry.fi\/#\/schema\/logo\/image\/\"},\"sameAs\":[\"https:\/\/www.facebook.com\/selry\",\"https:\/\/x.com\/selryfi\"]},{\"@type\":\"Person\",\"@id\":\"https:\/\/www.selry.fi\/#\/schema\/person\/4fb0b52ed84c524f0beea95625a21678\",\"name\":\"Karoliina \u00d6ystil\u00e4\",\"image\":{\"@type\":\"ImageObject\",\"inLanguage\":\"sv-SE\",\"@id\":\"https:\/\/secure.gravatar.com\/avatar\/8dcb857776c4317075ba571fdc81a06a1f240302e468800d69bf316ef82ac4cd?s=96&d=mm&r=g\",\"url\":\"https:\/\/secure.gravatar.com\/avatar\/8dcb857776c4317075ba571fdc81a06a1f240302e468800d69bf316ef82ac4cd?s=96&d=mm&r=g\",\"contentUrl\":\"https:\/\/secure.gravatar.com\/avatar\/8dcb857776c4317075ba571fdc81a06a1f240302e468800d69bf316ef82ac4cd?s=96&d=mm&r=g\",\"caption\":\"Karoliina \u00d6ystil\u00e4\"}}]}<\/script>\n<!-- \/ Yoast SEO plugin. -->","yoast_head_json":{"title":"I v\u00e4ntan p\u00e5 en ny regering och dess program","robots":{"index":"index","follow":"follow","max-snippet":"max-snippet:-1","max-image-preview":"max-image-preview:large","max-video-preview":"max-video-preview:-1"},"canonical":"https:\/\/www.selry.fi\/sv\/blogg\/i-vantan-pa-en-ny-regering-och-dess-program\/","og_locale":"sv_SE","og_type":"article","og_title":"I v\u00e4ntan p\u00e5 en ny regering och dess program","og_description":"F\u00e5r vi en fett-, salt- och sockerskatt eller ej? F\u00f6re riksdagsvalet framf\u00f6rde n\u00e5gra partier f\u00f6rslag p\u00e5 att inf\u00f6ra en h\u00e4lsoskatt [\u2026] Lue lis\u00e4\u00e4 &raquo;","og_url":"https:\/\/www.selry.fi\/sv\/blogg\/i-vantan-pa-en-ny-regering-och-dess-program\/","og_site_name":"Suomen Elintarvikety\u00f6l\u00e4isten Liitto SEL","article_publisher":"https:\/\/www.facebook.com\/selry","article_published_time":"2023-04-18T15:00:00+00:00","article_modified_time":"2023-04-20T19:56:16+00:00","og_image":[{"width":1536,"height":1148,"url":"https:\/\/www.selry.fi\/wp-content\/uploads\/2023\/02\/veli-matti-kuntonen-blogi.jpg","type":"image\/jpeg"}],"author":"Karoliina \u00d6ystil\u00e4","twitter_card":"summary_large_image","twitter_creator":"@selryfi","twitter_site":"@selryfi","schema":{"@context":"https:\/\/schema.org","@graph":[{"@type":"Article","@id":"https:\/\/www.selry.fi\/sv\/blogg\/i-vantan-pa-en-ny-regering-och-dess-program\/#article","isPartOf":{"@id":"https:\/\/www.selry.fi\/sv\/blogg\/i-vantan-pa-en-ny-regering-och-dess-program\/"},"author":{"name":"Karoliina \u00d6ystil\u00e4","@id":"https:\/\/www.selry.fi\/#\/schema\/person\/4fb0b52ed84c524f0beea95625a21678"},"headline":"I v\u00e4ntan p\u00e5 en ny regering och dess program","datePublished":"2023-04-18T15:00:00+00:00","dateModified":"2023-04-20T19:56:16+00:00","mainEntityOfPage":{"@id":"https:\/\/www.selry.fi\/sv\/blogg\/i-vantan-pa-en-ny-regering-och-dess-program\/"},"wordCount":463,"publisher":{"@id":"https:\/\/www.selry.fi\/#organization"},"image":{"@id":"https:\/\/www.selry.fi\/sv\/blogg\/i-vantan-pa-en-ny-regering-och-dess-program\/#primaryimage"},"thumbnailUrl":"https:\/\/www.selry.fi\/wp-content\/uploads\/2023\/02\/veli-matti-kuntonen-blogi.jpg","articleSection":["Blogg"],"inLanguage":"sv-SE"},{"@type":"WebPage","@id":"https:\/\/www.selry.fi\/sv\/blogg\/i-vantan-pa-en-ny-regering-och-dess-program\/","url":"https:\/\/www.selry.fi\/sv\/blogg\/i-vantan-pa-en-ny-regering-och-dess-program\/","name":"I v\u00e4ntan p\u00e5 en ny regering och dess program","isPartOf":{"@id":"https:\/\/www.selry.fi\/#website"},"primaryImageOfPage":{"@id":"https:\/\/www.selry.fi\/sv\/blogg\/i-vantan-pa-en-ny-regering-och-dess-program\/#primaryimage"},"image":{"@id":"https:\/\/www.selry.fi\/sv\/blogg\/i-vantan-pa-en-ny-regering-och-dess-program\/#primaryimage"},"thumbnailUrl":"https:\/\/www.selry.fi\/wp-content\/uploads\/2023\/02\/veli-matti-kuntonen-blogi.jpg","datePublished":"2023-04-18T15:00:00+00:00","dateModified":"2023-04-20T19:56:16+00:00","breadcrumb":{"@id":"https:\/\/www.selry.fi\/sv\/blogg\/i-vantan-pa-en-ny-regering-och-dess-program\/#breadcrumb"},"inLanguage":"sv-SE","potentialAction":[{"@type":"ReadAction","target":["https:\/\/www.selry.fi\/sv\/blogg\/i-vantan-pa-en-ny-regering-och-dess-program\/"]}]},{"@type":"ImageObject","inLanguage":"sv-SE","@id":"https:\/\/www.selry.fi\/sv\/blogg\/i-vantan-pa-en-ny-regering-och-dess-program\/#primaryimage","url":"https:\/\/www.selry.fi\/wp-content\/uploads\/2023\/02\/veli-matti-kuntonen-blogi.jpg","contentUrl":"https:\/\/www.selry.fi\/wp-content\/uploads\/2023\/02\/veli-matti-kuntonen-blogi.jpg","width":1536,"height":1148},{"@type":"BreadcrumbList","@id":"https:\/\/www.selry.fi\/sv\/blogg\/i-vantan-pa-en-ny-regering-och-dess-program\/#breadcrumb","itemListElement":[{"@type":"ListItem","position":1,"name":"Home","item":"https:\/\/www.selry.fi\/sv\/"},{"@type":"ListItem","position":2,"name":"I v\u00e4ntan p\u00e5 en ny regering och dess program"}]},{"@type":"WebSite","@id":"https:\/\/www.selry.fi\/#website","url":"https:\/\/www.selry.fi\/","name":"Suomen Elintarvikety\u00f6l\u00e4isten Liitto SEL","description":"","publisher":{"@id":"https:\/\/www.selry.fi\/#organization"},"inLanguage":"sv-SE"},{"@type":"Organization","@id":"https:\/\/www.selry.fi\/#organization","name":"Suomen Elintarvikety\u00f6l\u00e4isten Liitto SEL","url":"https:\/\/www.selry.fi\/","logo":{"@type":"ImageObject","inLanguage":"sv-SE","@id":"https:\/\/www.selry.fi\/#\/schema\/logo\/image\/","url":"https:\/\/www.selry.fi\/wp-content\/uploads\/2021\/05\/logo-sel.svg","contentUrl":"https:\/\/www.selry.fi\/wp-content\/uploads\/2021\/05\/logo-sel.svg","width":453,"height":135,"caption":"Suomen Elintarvikety\u00f6l\u00e4isten Liitto SEL"},"image":{"@id":"https:\/\/www.selry.fi\/#\/schema\/logo\/image\/"},"sameAs":["https:\/\/www.facebook.com\/selry","https:\/\/x.com\/selryfi"]},{"@type":"Person","@id":"https:\/\/www.selry.fi\/#\/schema\/person\/4fb0b52ed84c524f0beea95625a21678","name":"Karoliina \u00d6ystil\u00e4","image":{"@type":"ImageObject","inLanguage":"sv-SE","@id":"https:\/\/secure.gravatar.com\/avatar\/8dcb857776c4317075ba571fdc81a06a1f240302e468800d69bf316ef82ac4cd?s=96&d=mm&r=g","url":"https:\/\/secure.gravatar.com\/avatar\/8dcb857776c4317075ba571fdc81a06a1f240302e468800d69bf316ef82ac4cd?s=96&d=mm&r=g","contentUrl":"https:\/\/secure.gravatar.com\/avatar\/8dcb857776c4317075ba571fdc81a06a1f240302e468800d69bf316ef82ac4cd?s=96&d=mm&r=g","caption":"Karoliina \u00d6ystil\u00e4"}}]}},"_links":{"self":[{"href":"https:\/\/www.selry.fi\/sv\/wp-json\/wp\/v2\/posts\/11796","targetHints":{"allow":["GET"]}}],"collection":[{"href":"https:\/\/www.selry.fi\/sv\/wp-json\/wp\/v2\/posts"}],"about":[{"href":"https:\/\/www.selry.fi\/sv\/wp-json\/wp\/v2\/types\/post"}],"author":[{"embeddable":true,"href":"https:\/\/www.selry.fi\/sv\/wp-json\/wp\/v2\/users\/4"}],"replies":[{"embeddable":true,"href":"https:\/\/www.selry.fi\/sv\/wp-json\/wp\/v2\/comments?post=11796"}],"version-history":[{"count":0,"href":"https:\/\/www.selry.fi\/sv\/wp-json\/wp\/v2\/posts\/11796\/revisions"}],"wp:featuredmedia":[{"embeddable":true,"href":"https:\/\/www.selry.fi\/sv\/wp-json\/wp\/v2\/media\/10997"}],"wp:attachment":[{"href":"https:\/\/www.selry.fi\/sv\/wp-json\/wp\/v2\/media?parent=11796"}],"wp:term":[{"taxonomy":"category","embeddable":true,"href":"https:\/\/www.selry.fi\/sv\/wp-json\/wp\/v2\/categories?post=11796"},{"taxonomy":"post_tag","embeddable":true,"href":"https:\/\/www.selry.fi\/sv\/wp-json\/wp\/v2\/tags?post=11796"}],"curies":[{"name":"wp","href":"https:\/\/api.w.org\/{rel}","templated":true}]}}