{"id":11543,"date":"2023-03-14T21:06:02","date_gmt":"2023-03-14T19:06:02","guid":{"rendered":"https:\/\/www.selry.fi\/?p=11543"},"modified":"2023-04-20T22:56:34","modified_gmt":"2023-04-20T19:56:34","slug":"avtalen-slutna-mot-nya-utmaningar","status":"publish","type":"post","link":"https:\/\/www.selry.fi\/sv\/blogg\/avtalen-slutna-mot-nya-utmaningar\/","title":{"rendered":"Avtalen slutna, mot nya utmaningar"},"content":{"rendered":"\n<p><a href=\"https:\/\/www.sak.fi\/sv\/arbetsliv\/avtal\/forhandlingarna-om-kollektivavtal\">Arbetsmarknadsrundan<\/a> \u00e4r redan mycket l\u00e5ngt avklarad, men \u00e4nnu tvingas n\u00e5gra f\u00f6rbund k\u00e4mpa f\u00f6r sina medlemmars och sina branschers arbetsvillkor.<\/p>\n\n\n\n<p>Fackf\u00f6rbunden har kritiserat arbetsgivarf\u00f6rbunden f\u00f6r brist p\u00e5 sj\u00e4lvst\u00e4ndighet, f\u00f6r att de har \u00f6verl\u00e4mnat den egentliga beslutsmakten till sin centralorganisation Finlands N\u00e4ringsliv, EK. Det nya under den h\u00e4r rundan var, att EK:s direktiv till de egna medlemsorganisationerna kom via offentligheten och var \u00f6ppna f\u00f6r alla. Delvis p\u00e5 grund av de FFC-anslutna medlemsf\u00f6rbundens gemensamma \u00e5tg\u00e4rder och delvis p\u00e5 grund av inb\u00f6rdes tvister mellan EK och Kommun- och v\u00e4lf\u00e4rdsomr\u00e5desarbetsgivarna KT.<\/p>\n\n\n\n<p>Trots att de FFC-anslutna fackf\u00f6rbunden verkar sj\u00e4lvst\u00e4ndigt och var och en sluter sina egna kollektivavtal \u00e4r det viktigt att koordineringen mellan f\u00f6rbunden och f\u00f6rberedelserna inf\u00f6r eventuella st\u00f6d\u00e5tg\u00e4rder fungerar. S\u00e5 b\u00f6r det vara \u00e4ven i forts\u00e4ttningen.<\/p>\n\n\n\n<p>V\u00e5rt f\u00e4lt var v\u00e4l f\u00f6rberett p\u00e5 att vi vid behov skulle tvingas vidta strejk\u00e5tg\u00e4rder. Det var ett budskap till arbetsgivarsidan om att vi vid behov har m\u00f6jligheter att k\u00e4mpa f\u00f6r v\u00e5ra l\u00f6ner och andra arbetsvillkor. Utan denna beredskap hade det varit mycket sv\u00e5rare i avtalsf\u00f6rhandlingarna.<\/p>\n\n\n\n<p>Jag hoppades i min senaste blogg att man skulle n\u00e5 en l\u00f6sning om nya <a href=\"https:\/\/www.selry.fi\/sv\/nyheter\/nya-tvaariga-kollektivavtal-och-loneforhojningar-for-livsmedelsbranschens-arbetstagare\/\">kollektivavtalen f\u00f6r livsmedelsbranschens arbetstagare<\/a> utan p\u00e5trycknings\u00e5tg\u00e4rder, eftersom en strejk alltid \u00e4r den sista utv\u00e4gen. S\u00e5 gick det ocks\u00e5, vilket \u00e4r bra f\u00f6r alla parter.<\/p>\n\n\n\n<p>Under den h\u00e4r avtalsrundan har vi som en del av m\u00e5nga av kollektivavtalens l\u00f6nel\u00f6sningar, en eng\u00e5ngssumma, s\u00e5 ocks\u00e5 i v\u00e5ra avtal. V\u00e5r eng\u00e5ngspott motsvarar avtalet f\u00f6r teknologiindustrins arbetstagare. Naturligtvis v\u00e4cker eng\u00e5ngssumman och framf\u00f6rallt principerna f\u00f6r dess utbetalning diskussion, och s\u00e5 ska det ocks\u00e5 vara. Vi kommer att ta med oss v\u00e4gkost fr\u00e5n diskussionerna om l\u00f6sningen inf\u00f6r n\u00e4sta avtalsrunda.<\/p>\n\n\n\n<p>Vid sidan om informationen till v\u00e5ra medlemmar och den guidning som f\u00f6rbundets personal kan ge arrangerar vi f\u00f6r alla v\u00e5ra f\u00f6rtroendevalda och arbetarskyddsbefullm\u00e4ktigade och deras ers\u00e4ttare regionala utbildningstillf\u00e4llen d\u00e4r vi g\u00e5r igenom de nya kollektivavtalen. Under de h\u00e4r m\u00f6tena har man ocks\u00e5 tillf\u00e4lle att f\u00f6ra diskussioner om de slutna avtalen.<\/p>\n\n\n\n<p>Samtidigt inleds f\u00f6rberedelserna f\u00f6r f\u00f6ljande kollektivavtalsf\u00f6rhandlingar. De nuvarande kollektivavtalen utg\u00e5r om tv\u00e5 \u00e5r 31.1.2025 och tv\u00e5 \u00e5r \u00e4r en f\u00f6rv\u00e5nansv\u00e4rt kort tid.<\/p>\n\n\n\n<p><em>Veli-Matti Kuntonen<\/em><br><em>SEL:s f\u00f6rbundsordf\u00f6rande<\/em><\/p>\n","protected":false},"excerpt":{"rendered":"<p>Arbetsmarknadsrundan \u00e4r redan mycket l\u00e5ngt avklarad, men \u00e4nnu tvingas n\u00e5gra f\u00f6rbund k\u00e4mpa f\u00f6r sina medlemmars och sina branschers arbetsvillkor. Fackf\u00f6rbunden [\u2026] <a href=\"https:\/\/www.selry.fi\/sv\/blogg\/avtalen-slutna-mot-nya-utmaningar\/\">Lue lis\u00e4\u00e4 &raquo;<\/a><\/p>\n","protected":false},"author":4,"featured_media":10997,"comment_status":"closed","ping_status":"closed","sticky":false,"template":"","format":"standard","meta":{"_acf_changed":false,"footnotes":""},"categories":[64],"tags":[],"class_list":["post-11543","post","type-post","status-publish","format-standard","has-post-thumbnail","hentry","category-blogg"],"acf":[],"yoast_head":"<!-- This site is optimized with the Yoast SEO plugin v27.2 - https:\/\/yoast.com\/product\/yoast-seo-wordpress\/ -->\n<title>Avtalen slutna, mot nya utmaningar<\/title>\n<meta name=\"robots\" content=\"index, follow, max-snippet:-1, max-image-preview:large, max-video-preview:-1\" \/>\n<link rel=\"canonical\" href=\"https:\/\/www.selry.fi\/sv\/blogg\/avtalen-slutna-mot-nya-utmaningar\/\" \/>\n<meta property=\"og:locale\" content=\"sv_SE\" \/>\n<meta property=\"og:type\" content=\"article\" \/>\n<meta property=\"og:title\" content=\"Avtalen slutna, mot nya utmaningar\" \/>\n<meta property=\"og:description\" content=\"Arbetsmarknadsrundan \u00e4r redan mycket l\u00e5ngt avklarad, men \u00e4nnu tvingas n\u00e5gra f\u00f6rbund k\u00e4mpa f\u00f6r sina medlemmars och sina branschers arbetsvillkor. Fackf\u00f6rbunden [\u2026] Lue lis\u00e4\u00e4 &raquo;\" \/>\n<meta property=\"og:url\" content=\"https:\/\/www.selry.fi\/sv\/blogg\/avtalen-slutna-mot-nya-utmaningar\/\" \/>\n<meta property=\"og:site_name\" content=\"Suomen Elintarvikety\u00f6l\u00e4isten Liitto SEL\" \/>\n<meta property=\"article:publisher\" content=\"https:\/\/www.facebook.com\/selry\" \/>\n<meta property=\"article:published_time\" content=\"2023-03-14T19:06:02+00:00\" \/>\n<meta property=\"article:modified_time\" content=\"2023-04-20T19:56:34+00:00\" \/>\n<meta property=\"og:image\" content=\"https:\/\/www.selry.fi\/wp-content\/uploads\/2023\/02\/veli-matti-kuntonen-blogi.jpg\" \/>\n\t<meta property=\"og:image:width\" content=\"1536\" \/>\n\t<meta property=\"og:image:height\" content=\"1148\" \/>\n\t<meta property=\"og:image:type\" content=\"image\/jpeg\" \/>\n<meta name=\"author\" content=\"Karoliina \u00d6ystil\u00e4\" \/>\n<meta name=\"twitter:card\" content=\"summary_large_image\" \/>\n<meta name=\"twitter:creator\" content=\"@selryfi\" \/>\n<meta name=\"twitter:site\" content=\"@selryfi\" \/>\n<script type=\"application\/ld+json\" class=\"yoast-schema-graph\">{\"@context\":\"https:\/\/schema.org\",\"@graph\":[{\"@type\":\"Article\",\"@id\":\"https:\/\/www.selry.fi\/sv\/blogg\/avtalen-slutna-mot-nya-utmaningar\/#article\",\"isPartOf\":{\"@id\":\"https:\/\/www.selry.fi\/sv\/blogg\/avtalen-slutna-mot-nya-utmaningar\/\"},\"author\":{\"name\":\"Karoliina \u00d6ystil\u00e4\",\"@id\":\"https:\/\/www.selry.fi\/#\/schema\/person\/4fb0b52ed84c524f0beea95625a21678\"},\"headline\":\"Avtalen slutna, mot nya utmaningar\",\"datePublished\":\"2023-03-14T19:06:02+00:00\",\"dateModified\":\"2023-04-20T19:56:34+00:00\",\"mainEntityOfPage\":{\"@id\":\"https:\/\/www.selry.fi\/sv\/blogg\/avtalen-slutna-mot-nya-utmaningar\/\"},\"wordCount\":438,\"publisher\":{\"@id\":\"https:\/\/www.selry.fi\/#organization\"},\"image\":{\"@id\":\"https:\/\/www.selry.fi\/sv\/blogg\/avtalen-slutna-mot-nya-utmaningar\/#primaryimage\"},\"thumbnailUrl\":\"https:\/\/www.selry.fi\/wp-content\/uploads\/2023\/02\/veli-matti-kuntonen-blogi.jpg\",\"articleSection\":[\"Blogg\"],\"inLanguage\":\"sv-SE\"},{\"@type\":\"WebPage\",\"@id\":\"https:\/\/www.selry.fi\/sv\/blogg\/avtalen-slutna-mot-nya-utmaningar\/\",\"url\":\"https:\/\/www.selry.fi\/sv\/blogg\/avtalen-slutna-mot-nya-utmaningar\/\",\"name\":\"Avtalen slutna, mot nya utmaningar\",\"isPartOf\":{\"@id\":\"https:\/\/www.selry.fi\/#website\"},\"primaryImageOfPage\":{\"@id\":\"https:\/\/www.selry.fi\/sv\/blogg\/avtalen-slutna-mot-nya-utmaningar\/#primaryimage\"},\"image\":{\"@id\":\"https:\/\/www.selry.fi\/sv\/blogg\/avtalen-slutna-mot-nya-utmaningar\/#primaryimage\"},\"thumbnailUrl\":\"https:\/\/www.selry.fi\/wp-content\/uploads\/2023\/02\/veli-matti-kuntonen-blogi.jpg\",\"datePublished\":\"2023-03-14T19:06:02+00:00\",\"dateModified\":\"2023-04-20T19:56:34+00:00\",\"breadcrumb\":{\"@id\":\"https:\/\/www.selry.fi\/sv\/blogg\/avtalen-slutna-mot-nya-utmaningar\/#breadcrumb\"},\"inLanguage\":\"sv-SE\",\"potentialAction\":[{\"@type\":\"ReadAction\",\"target\":[\"https:\/\/www.selry.fi\/sv\/blogg\/avtalen-slutna-mot-nya-utmaningar\/\"]}]},{\"@type\":\"ImageObject\",\"inLanguage\":\"sv-SE\",\"@id\":\"https:\/\/www.selry.fi\/sv\/blogg\/avtalen-slutna-mot-nya-utmaningar\/#primaryimage\",\"url\":\"https:\/\/www.selry.fi\/wp-content\/uploads\/2023\/02\/veli-matti-kuntonen-blogi.jpg\",\"contentUrl\":\"https:\/\/www.selry.fi\/wp-content\/uploads\/2023\/02\/veli-matti-kuntonen-blogi.jpg\",\"width\":1536,\"height\":1148},{\"@type\":\"BreadcrumbList\",\"@id\":\"https:\/\/www.selry.fi\/sv\/blogg\/avtalen-slutna-mot-nya-utmaningar\/#breadcrumb\",\"itemListElement\":[{\"@type\":\"ListItem\",\"position\":1,\"name\":\"Home\",\"item\":\"https:\/\/www.selry.fi\/sv\/\"},{\"@type\":\"ListItem\",\"position\":2,\"name\":\"Avtalen slutna, mot nya utmaningar\"}]},{\"@type\":\"WebSite\",\"@id\":\"https:\/\/www.selry.fi\/#website\",\"url\":\"https:\/\/www.selry.fi\/\",\"name\":\"Suomen Elintarvikety\u00f6l\u00e4isten Liitto SEL\",\"description\":\"\",\"publisher\":{\"@id\":\"https:\/\/www.selry.fi\/#organization\"},\"inLanguage\":\"sv-SE\"},{\"@type\":\"Organization\",\"@id\":\"https:\/\/www.selry.fi\/#organization\",\"name\":\"Suomen Elintarvikety\u00f6l\u00e4isten Liitto SEL\",\"url\":\"https:\/\/www.selry.fi\/\",\"logo\":{\"@type\":\"ImageObject\",\"inLanguage\":\"sv-SE\",\"@id\":\"https:\/\/www.selry.fi\/#\/schema\/logo\/image\/\",\"url\":\"https:\/\/www.selry.fi\/wp-content\/uploads\/2021\/05\/logo-sel.svg\",\"contentUrl\":\"https:\/\/www.selry.fi\/wp-content\/uploads\/2021\/05\/logo-sel.svg\",\"width\":453,\"height\":135,\"caption\":\"Suomen Elintarvikety\u00f6l\u00e4isten Liitto SEL\"},\"image\":{\"@id\":\"https:\/\/www.selry.fi\/#\/schema\/logo\/image\/\"},\"sameAs\":[\"https:\/\/www.facebook.com\/selry\",\"https:\/\/x.com\/selryfi\"]},{\"@type\":\"Person\",\"@id\":\"https:\/\/www.selry.fi\/#\/schema\/person\/4fb0b52ed84c524f0beea95625a21678\",\"name\":\"Karoliina \u00d6ystil\u00e4\",\"image\":{\"@type\":\"ImageObject\",\"inLanguage\":\"sv-SE\",\"@id\":\"https:\/\/secure.gravatar.com\/avatar\/8dcb857776c4317075ba571fdc81a06a1f240302e468800d69bf316ef82ac4cd?s=96&d=mm&r=g\",\"url\":\"https:\/\/secure.gravatar.com\/avatar\/8dcb857776c4317075ba571fdc81a06a1f240302e468800d69bf316ef82ac4cd?s=96&d=mm&r=g\",\"contentUrl\":\"https:\/\/secure.gravatar.com\/avatar\/8dcb857776c4317075ba571fdc81a06a1f240302e468800d69bf316ef82ac4cd?s=96&d=mm&r=g\",\"caption\":\"Karoliina \u00d6ystil\u00e4\"}}]}<\/script>\n<!-- \/ Yoast SEO plugin. -->","yoast_head_json":{"title":"Avtalen slutna, mot nya utmaningar","robots":{"index":"index","follow":"follow","max-snippet":"max-snippet:-1","max-image-preview":"max-image-preview:large","max-video-preview":"max-video-preview:-1"},"canonical":"https:\/\/www.selry.fi\/sv\/blogg\/avtalen-slutna-mot-nya-utmaningar\/","og_locale":"sv_SE","og_type":"article","og_title":"Avtalen slutna, mot nya utmaningar","og_description":"Arbetsmarknadsrundan \u00e4r redan mycket l\u00e5ngt avklarad, men \u00e4nnu tvingas n\u00e5gra f\u00f6rbund k\u00e4mpa f\u00f6r sina medlemmars och sina branschers arbetsvillkor. Fackf\u00f6rbunden [\u2026] Lue lis\u00e4\u00e4 &raquo;","og_url":"https:\/\/www.selry.fi\/sv\/blogg\/avtalen-slutna-mot-nya-utmaningar\/","og_site_name":"Suomen Elintarvikety\u00f6l\u00e4isten Liitto SEL","article_publisher":"https:\/\/www.facebook.com\/selry","article_published_time":"2023-03-14T19:06:02+00:00","article_modified_time":"2023-04-20T19:56:34+00:00","og_image":[{"width":1536,"height":1148,"url":"https:\/\/www.selry.fi\/wp-content\/uploads\/2023\/02\/veli-matti-kuntonen-blogi.jpg","type":"image\/jpeg"}],"author":"Karoliina \u00d6ystil\u00e4","twitter_card":"summary_large_image","twitter_creator":"@selryfi","twitter_site":"@selryfi","schema":{"@context":"https:\/\/schema.org","@graph":[{"@type":"Article","@id":"https:\/\/www.selry.fi\/sv\/blogg\/avtalen-slutna-mot-nya-utmaningar\/#article","isPartOf":{"@id":"https:\/\/www.selry.fi\/sv\/blogg\/avtalen-slutna-mot-nya-utmaningar\/"},"author":{"name":"Karoliina \u00d6ystil\u00e4","@id":"https:\/\/www.selry.fi\/#\/schema\/person\/4fb0b52ed84c524f0beea95625a21678"},"headline":"Avtalen slutna, mot nya utmaningar","datePublished":"2023-03-14T19:06:02+00:00","dateModified":"2023-04-20T19:56:34+00:00","mainEntityOfPage":{"@id":"https:\/\/www.selry.fi\/sv\/blogg\/avtalen-slutna-mot-nya-utmaningar\/"},"wordCount":438,"publisher":{"@id":"https:\/\/www.selry.fi\/#organization"},"image":{"@id":"https:\/\/www.selry.fi\/sv\/blogg\/avtalen-slutna-mot-nya-utmaningar\/#primaryimage"},"thumbnailUrl":"https:\/\/www.selry.fi\/wp-content\/uploads\/2023\/02\/veli-matti-kuntonen-blogi.jpg","articleSection":["Blogg"],"inLanguage":"sv-SE"},{"@type":"WebPage","@id":"https:\/\/www.selry.fi\/sv\/blogg\/avtalen-slutna-mot-nya-utmaningar\/","url":"https:\/\/www.selry.fi\/sv\/blogg\/avtalen-slutna-mot-nya-utmaningar\/","name":"Avtalen slutna, mot nya utmaningar","isPartOf":{"@id":"https:\/\/www.selry.fi\/#website"},"primaryImageOfPage":{"@id":"https:\/\/www.selry.fi\/sv\/blogg\/avtalen-slutna-mot-nya-utmaningar\/#primaryimage"},"image":{"@id":"https:\/\/www.selry.fi\/sv\/blogg\/avtalen-slutna-mot-nya-utmaningar\/#primaryimage"},"thumbnailUrl":"https:\/\/www.selry.fi\/wp-content\/uploads\/2023\/02\/veli-matti-kuntonen-blogi.jpg","datePublished":"2023-03-14T19:06:02+00:00","dateModified":"2023-04-20T19:56:34+00:00","breadcrumb":{"@id":"https:\/\/www.selry.fi\/sv\/blogg\/avtalen-slutna-mot-nya-utmaningar\/#breadcrumb"},"inLanguage":"sv-SE","potentialAction":[{"@type":"ReadAction","target":["https:\/\/www.selry.fi\/sv\/blogg\/avtalen-slutna-mot-nya-utmaningar\/"]}]},{"@type":"ImageObject","inLanguage":"sv-SE","@id":"https:\/\/www.selry.fi\/sv\/blogg\/avtalen-slutna-mot-nya-utmaningar\/#primaryimage","url":"https:\/\/www.selry.fi\/wp-content\/uploads\/2023\/02\/veli-matti-kuntonen-blogi.jpg","contentUrl":"https:\/\/www.selry.fi\/wp-content\/uploads\/2023\/02\/veli-matti-kuntonen-blogi.jpg","width":1536,"height":1148},{"@type":"BreadcrumbList","@id":"https:\/\/www.selry.fi\/sv\/blogg\/avtalen-slutna-mot-nya-utmaningar\/#breadcrumb","itemListElement":[{"@type":"ListItem","position":1,"name":"Home","item":"https:\/\/www.selry.fi\/sv\/"},{"@type":"ListItem","position":2,"name":"Avtalen slutna, mot nya utmaningar"}]},{"@type":"WebSite","@id":"https:\/\/www.selry.fi\/#website","url":"https:\/\/www.selry.fi\/","name":"Suomen Elintarvikety\u00f6l\u00e4isten Liitto SEL","description":"","publisher":{"@id":"https:\/\/www.selry.fi\/#organization"},"inLanguage":"sv-SE"},{"@type":"Organization","@id":"https:\/\/www.selry.fi\/#organization","name":"Suomen Elintarvikety\u00f6l\u00e4isten Liitto SEL","url":"https:\/\/www.selry.fi\/","logo":{"@type":"ImageObject","inLanguage":"sv-SE","@id":"https:\/\/www.selry.fi\/#\/schema\/logo\/image\/","url":"https:\/\/www.selry.fi\/wp-content\/uploads\/2021\/05\/logo-sel.svg","contentUrl":"https:\/\/www.selry.fi\/wp-content\/uploads\/2021\/05\/logo-sel.svg","width":453,"height":135,"caption":"Suomen Elintarvikety\u00f6l\u00e4isten Liitto SEL"},"image":{"@id":"https:\/\/www.selry.fi\/#\/schema\/logo\/image\/"},"sameAs":["https:\/\/www.facebook.com\/selry","https:\/\/x.com\/selryfi"]},{"@type":"Person","@id":"https:\/\/www.selry.fi\/#\/schema\/person\/4fb0b52ed84c524f0beea95625a21678","name":"Karoliina \u00d6ystil\u00e4","image":{"@type":"ImageObject","inLanguage":"sv-SE","@id":"https:\/\/secure.gravatar.com\/avatar\/8dcb857776c4317075ba571fdc81a06a1f240302e468800d69bf316ef82ac4cd?s=96&d=mm&r=g","url":"https:\/\/secure.gravatar.com\/avatar\/8dcb857776c4317075ba571fdc81a06a1f240302e468800d69bf316ef82ac4cd?s=96&d=mm&r=g","contentUrl":"https:\/\/secure.gravatar.com\/avatar\/8dcb857776c4317075ba571fdc81a06a1f240302e468800d69bf316ef82ac4cd?s=96&d=mm&r=g","caption":"Karoliina \u00d6ystil\u00e4"}}]}},"_links":{"self":[{"href":"https:\/\/www.selry.fi\/sv\/wp-json\/wp\/v2\/posts\/11543","targetHints":{"allow":["GET"]}}],"collection":[{"href":"https:\/\/www.selry.fi\/sv\/wp-json\/wp\/v2\/posts"}],"about":[{"href":"https:\/\/www.selry.fi\/sv\/wp-json\/wp\/v2\/types\/post"}],"author":[{"embeddable":true,"href":"https:\/\/www.selry.fi\/sv\/wp-json\/wp\/v2\/users\/4"}],"replies":[{"embeddable":true,"href":"https:\/\/www.selry.fi\/sv\/wp-json\/wp\/v2\/comments?post=11543"}],"version-history":[{"count":0,"href":"https:\/\/www.selry.fi\/sv\/wp-json\/wp\/v2\/posts\/11543\/revisions"}],"wp:featuredmedia":[{"embeddable":true,"href":"https:\/\/www.selry.fi\/sv\/wp-json\/wp\/v2\/media\/10997"}],"wp:attachment":[{"href":"https:\/\/www.selry.fi\/sv\/wp-json\/wp\/v2\/media?parent=11543"}],"wp:term":[{"taxonomy":"category","embeddable":true,"href":"https:\/\/www.selry.fi\/sv\/wp-json\/wp\/v2\/categories?post=11543"},{"taxonomy":"post_tag","embeddable":true,"href":"https:\/\/www.selry.fi\/sv\/wp-json\/wp\/v2\/tags?post=11543"}],"curies":[{"name":"wp","href":"https:\/\/api.w.org\/{rel}","templated":true}]}}