{"id":11026,"date":"2023-02-01T17:04:00","date_gmt":"2023-02-01T15:04:00","guid":{"rendered":"https:\/\/www.selry.fi\/?p=11026"},"modified":"2023-02-03T17:05:06","modified_gmt":"2023-02-03T15:05:06","slug":"ocksa-arbetstagarsidan-koordinerar-sina-aktioner","status":"publish","type":"post","link":"https:\/\/www.selry.fi\/sv\/blogg\/ocksa-arbetstagarsidan-koordinerar-sina-aktioner\/","title":{"rendered":"Ocks\u00e5 arbetstagarsidan koordinerar sina aktioner"},"content":{"rendered":"\n<p>Arbetsgivarsidans centralorganisation Finlands N\u00e4ringsliv EK meddelade \u00e5r 2015 att de centraliserade l\u00f6nel\u00f6sningarna f\u00f6r deras del tillh\u00f6r en f\u00f6rg\u00e5ngen tid. I helhetsl\u00f6sningarna avtalade m\u00e5nga arbetsgivarf\u00f6rbund och m\u00e5nga fackf\u00f6rbund bland arbetstagarna om niv\u00e5n p\u00e5 de allm\u00e4nna l\u00f6nef\u00f6rh\u00f6jningarna. Och om m\u00e5nga andra fr\u00e5gor r\u00f6rande f\u00f6rb\u00e4ttringar i arbetslivet som skulle skrivas in i avtalet.<\/p>\n\n\n\n<p>Samtidigt som EK meddelade att ett s\u00e5dant&nbsp; avtalande inte l\u00e4ngre g\u00e5r f\u00f6r sig, b\u00f6rjade man allt noggrannare bevaka hur arbetsgivarf\u00f6rbunden i dess olika branscher agerade. Alla \u00f6verenskommelser som har med kollektivavtal att g\u00f6ra ska godk\u00e4nnas av centralf\u00f6rbundet och f\u00f6lja den allm\u00e4nna linje som f\u00f6rbundet slagit fast. Allt prat om att de olika avtalsbranschernas s\u00e4rdrag ska beaktas \u00e4r bara munv\u00e4der fr\u00e5n arbetsgivarsidan.<\/p>\n\n\n\n<p>Tydligast m\u00e4rktes detta i l\u00f6nef\u00f6rh\u00f6jningarna. Riksf\u00f6rlikningsmannen bakbands f\u00f6r att f\u00f6lja arbetsgivarsidans vilja g\u00e4llande de allm\u00e4nna l\u00f6netak som definierade niv\u00e5n \u00f6ver vilken l\u00f6nef\u00f6rh\u00f6jningar inte fick avtalas.<\/p>\n\n\n\n<p>Nu har fackf\u00f6rbunden konstaterat att man kan endast svara p\u00e5 arbetsgivarsidans h\u00e5rda linje genom att ocks\u00e5 fackf\u00f6rbunden samarbetar sinsemellan och i kollektivavtalsf\u00f6rhandlingarna gemensamt anpassar framf\u00f6r allt niv\u00e5n p\u00e5 l\u00f6nef\u00f6rh\u00f6jningskraven. Vid behov kan kraven uppbackas med gemensamma p\u00e5tryckningsmetoder.<\/p>\n\n\n\n<p>D\u00e5 arbetsgivarsidan trots sitt prat i sina g\u00e4rningar \u00e5tergick till \u201darbetsgivartupo\u201d med sina strikta centralf\u00f6rbundsdirektiv f\u00e5r de nu emot sig flera fackf\u00f6rbunds gemensamt planerade p\u00e5trycknings\u00e5tg\u00e4rder.<\/p>\n\n\n\n<p>F\u00f6r n\u00e4rvarande p\u00e5g\u00e5r kollektivavtalsf\u00f6rhandlingarna f\u00f6r livsmedelsbranschens arbetstagare tillsammans med arbetsgivarf\u00f6rbundet ETL. Eftersom arbetsgivarsidan i alla branscher har bundit upp l\u00f6nel\u00f6sningarna vid niv\u00e5n p\u00e5 Industrif\u00f6rbundets kollektivavtal \u00e4r ocks\u00e5 SEL med i fackf\u00f6rbundens gemensamma koordinering.<\/p>\n\n\n\n<p>F\u00f6rhoppningsvis uppn\u00e5r vi b\u00e5de vad g\u00e4ller text- och l\u00f6nel\u00f6sningar i kollektivavtalen f\u00f6r livsmedelsbranschens arbetstagare en l\u00f6sning utan p\u00e5trycknings\u00e5tg\u00e4rder. Strejk \u00e4r alltid den sista utv\u00e4gen, men ocks\u00e5 vi m\u00e5ste bereda oss p\u00e5 att utnyttja den.<\/p>\n\n\n\n<p><em>Veli-Matti Kuntonen<\/em><br><em>SEL:s f\u00f6rbundsordf\u00f6rande<\/em><\/p>\n","protected":false},"excerpt":{"rendered":"<p>Arbetsgivarsidans centralorganisation Finlands N\u00e4ringsliv EK meddelade \u00e5r 2015 att de centraliserade l\u00f6nel\u00f6sningarna f\u00f6r deras del tillh\u00f6r en f\u00f6rg\u00e5ngen tid. I [\u2026] <a href=\"https:\/\/www.selry.fi\/sv\/blogg\/ocksa-arbetstagarsidan-koordinerar-sina-aktioner\/\">Lue lis\u00e4\u00e4 &raquo;<\/a><\/p>\n","protected":false},"author":4,"featured_media":10997,"comment_status":"closed","ping_status":"closed","sticky":false,"template":"","format":"standard","meta":{"_acf_changed":false,"footnotes":""},"categories":[64],"tags":[],"class_list":["post-11026","post","type-post","status-publish","format-standard","has-post-thumbnail","hentry","category-blogg"],"acf":[],"yoast_head":"<!-- This site is optimized with the Yoast SEO plugin v27.2 - https:\/\/yoast.com\/product\/yoast-seo-wordpress\/ -->\n<title>Ocks\u00e5 arbetstagarsidan koordinerar sina aktioner<\/title>\n<meta name=\"robots\" content=\"index, follow, max-snippet:-1, max-image-preview:large, max-video-preview:-1\" \/>\n<link rel=\"canonical\" href=\"https:\/\/www.selry.fi\/sv\/blogg\/ocksa-arbetstagarsidan-koordinerar-sina-aktioner\/\" \/>\n<meta property=\"og:locale\" content=\"sv_SE\" \/>\n<meta property=\"og:type\" content=\"article\" \/>\n<meta property=\"og:title\" content=\"Ocks\u00e5 arbetstagarsidan koordinerar sina aktioner\" \/>\n<meta property=\"og:description\" content=\"Arbetsgivarsidans centralorganisation Finlands N\u00e4ringsliv EK meddelade \u00e5r 2015 att de centraliserade l\u00f6nel\u00f6sningarna f\u00f6r deras del tillh\u00f6r en f\u00f6rg\u00e5ngen tid. I [\u2026] Lue lis\u00e4\u00e4 &raquo;\" \/>\n<meta property=\"og:url\" content=\"https:\/\/www.selry.fi\/sv\/blogg\/ocksa-arbetstagarsidan-koordinerar-sina-aktioner\/\" \/>\n<meta property=\"og:site_name\" content=\"Suomen Elintarvikety\u00f6l\u00e4isten Liitto SEL\" \/>\n<meta property=\"article:publisher\" content=\"https:\/\/www.facebook.com\/selry\" \/>\n<meta property=\"article:published_time\" content=\"2023-02-01T15:04:00+00:00\" \/>\n<meta property=\"article:modified_time\" content=\"2023-02-03T15:05:06+00:00\" \/>\n<meta property=\"og:image\" content=\"https:\/\/www.selry.fi\/wp-content\/uploads\/2023\/02\/veli-matti-kuntonen-blogi.jpg\" \/>\n\t<meta property=\"og:image:width\" content=\"1536\" \/>\n\t<meta property=\"og:image:height\" content=\"1148\" \/>\n\t<meta property=\"og:image:type\" content=\"image\/jpeg\" \/>\n<meta name=\"author\" content=\"Karoliina \u00d6ystil\u00e4\" \/>\n<meta name=\"twitter:card\" content=\"summary_large_image\" \/>\n<meta name=\"twitter:creator\" content=\"@selryfi\" \/>\n<meta name=\"twitter:site\" content=\"@selryfi\" \/>\n<script type=\"application\/ld+json\" class=\"yoast-schema-graph\">{\"@context\":\"https:\/\/schema.org\",\"@graph\":[{\"@type\":\"Article\",\"@id\":\"https:\/\/www.selry.fi\/sv\/blogg\/ocksa-arbetstagarsidan-koordinerar-sina-aktioner\/#article\",\"isPartOf\":{\"@id\":\"https:\/\/www.selry.fi\/sv\/blogg\/ocksa-arbetstagarsidan-koordinerar-sina-aktioner\/\"},\"author\":{\"name\":\"Karoliina \u00d6ystil\u00e4\",\"@id\":\"https:\/\/www.selry.fi\/#\/schema\/person\/4fb0b52ed84c524f0beea95625a21678\"},\"headline\":\"Ocks\u00e5 arbetstagarsidan koordinerar sina aktioner\",\"datePublished\":\"2023-02-01T15:04:00+00:00\",\"dateModified\":\"2023-02-03T15:05:06+00:00\",\"mainEntityOfPage\":{\"@id\":\"https:\/\/www.selry.fi\/sv\/blogg\/ocksa-arbetstagarsidan-koordinerar-sina-aktioner\/\"},\"wordCount\":370,\"publisher\":{\"@id\":\"https:\/\/www.selry.fi\/#organization\"},\"image\":{\"@id\":\"https:\/\/www.selry.fi\/sv\/blogg\/ocksa-arbetstagarsidan-koordinerar-sina-aktioner\/#primaryimage\"},\"thumbnailUrl\":\"https:\/\/www.selry.fi\/wp-content\/uploads\/2023\/02\/veli-matti-kuntonen-blogi.jpg\",\"articleSection\":[\"Blogg\"],\"inLanguage\":\"sv-SE\"},{\"@type\":\"WebPage\",\"@id\":\"https:\/\/www.selry.fi\/sv\/blogg\/ocksa-arbetstagarsidan-koordinerar-sina-aktioner\/\",\"url\":\"https:\/\/www.selry.fi\/sv\/blogg\/ocksa-arbetstagarsidan-koordinerar-sina-aktioner\/\",\"name\":\"Ocks\u00e5 arbetstagarsidan koordinerar sina aktioner\",\"isPartOf\":{\"@id\":\"https:\/\/www.selry.fi\/#website\"},\"primaryImageOfPage\":{\"@id\":\"https:\/\/www.selry.fi\/sv\/blogg\/ocksa-arbetstagarsidan-koordinerar-sina-aktioner\/#primaryimage\"},\"image\":{\"@id\":\"https:\/\/www.selry.fi\/sv\/blogg\/ocksa-arbetstagarsidan-koordinerar-sina-aktioner\/#primaryimage\"},\"thumbnailUrl\":\"https:\/\/www.selry.fi\/wp-content\/uploads\/2023\/02\/veli-matti-kuntonen-blogi.jpg\",\"datePublished\":\"2023-02-01T15:04:00+00:00\",\"dateModified\":\"2023-02-03T15:05:06+00:00\",\"breadcrumb\":{\"@id\":\"https:\/\/www.selry.fi\/sv\/blogg\/ocksa-arbetstagarsidan-koordinerar-sina-aktioner\/#breadcrumb\"},\"inLanguage\":\"sv-SE\",\"potentialAction\":[{\"@type\":\"ReadAction\",\"target\":[\"https:\/\/www.selry.fi\/sv\/blogg\/ocksa-arbetstagarsidan-koordinerar-sina-aktioner\/\"]}]},{\"@type\":\"ImageObject\",\"inLanguage\":\"sv-SE\",\"@id\":\"https:\/\/www.selry.fi\/sv\/blogg\/ocksa-arbetstagarsidan-koordinerar-sina-aktioner\/#primaryimage\",\"url\":\"https:\/\/www.selry.fi\/wp-content\/uploads\/2023\/02\/veli-matti-kuntonen-blogi.jpg\",\"contentUrl\":\"https:\/\/www.selry.fi\/wp-content\/uploads\/2023\/02\/veli-matti-kuntonen-blogi.jpg\",\"width\":1536,\"height\":1148},{\"@type\":\"BreadcrumbList\",\"@id\":\"https:\/\/www.selry.fi\/sv\/blogg\/ocksa-arbetstagarsidan-koordinerar-sina-aktioner\/#breadcrumb\",\"itemListElement\":[{\"@type\":\"ListItem\",\"position\":1,\"name\":\"Home\",\"item\":\"https:\/\/www.selry.fi\/sv\/\"},{\"@type\":\"ListItem\",\"position\":2,\"name\":\"Ocks\u00e5 arbetstagarsidan koordinerar sina aktioner\"}]},{\"@type\":\"WebSite\",\"@id\":\"https:\/\/www.selry.fi\/#website\",\"url\":\"https:\/\/www.selry.fi\/\",\"name\":\"Suomen Elintarvikety\u00f6l\u00e4isten Liitto SEL\",\"description\":\"\",\"publisher\":{\"@id\":\"https:\/\/www.selry.fi\/#organization\"},\"inLanguage\":\"sv-SE\"},{\"@type\":\"Organization\",\"@id\":\"https:\/\/www.selry.fi\/#organization\",\"name\":\"Suomen Elintarvikety\u00f6l\u00e4isten Liitto SEL\",\"url\":\"https:\/\/www.selry.fi\/\",\"logo\":{\"@type\":\"ImageObject\",\"inLanguage\":\"sv-SE\",\"@id\":\"https:\/\/www.selry.fi\/#\/schema\/logo\/image\/\",\"url\":\"https:\/\/www.selry.fi\/wp-content\/uploads\/2021\/05\/logo-sel.svg\",\"contentUrl\":\"https:\/\/www.selry.fi\/wp-content\/uploads\/2021\/05\/logo-sel.svg\",\"width\":453,\"height\":135,\"caption\":\"Suomen Elintarvikety\u00f6l\u00e4isten Liitto SEL\"},\"image\":{\"@id\":\"https:\/\/www.selry.fi\/#\/schema\/logo\/image\/\"},\"sameAs\":[\"https:\/\/www.facebook.com\/selry\",\"https:\/\/x.com\/selryfi\"]},{\"@type\":\"Person\",\"@id\":\"https:\/\/www.selry.fi\/#\/schema\/person\/4fb0b52ed84c524f0beea95625a21678\",\"name\":\"Karoliina \u00d6ystil\u00e4\",\"image\":{\"@type\":\"ImageObject\",\"inLanguage\":\"sv-SE\",\"@id\":\"https:\/\/secure.gravatar.com\/avatar\/8dcb857776c4317075ba571fdc81a06a1f240302e468800d69bf316ef82ac4cd?s=96&d=mm&r=g\",\"url\":\"https:\/\/secure.gravatar.com\/avatar\/8dcb857776c4317075ba571fdc81a06a1f240302e468800d69bf316ef82ac4cd?s=96&d=mm&r=g\",\"contentUrl\":\"https:\/\/secure.gravatar.com\/avatar\/8dcb857776c4317075ba571fdc81a06a1f240302e468800d69bf316ef82ac4cd?s=96&d=mm&r=g\",\"caption\":\"Karoliina \u00d6ystil\u00e4\"}}]}<\/script>\n<!-- \/ Yoast SEO plugin. -->","yoast_head_json":{"title":"Ocks\u00e5 arbetstagarsidan koordinerar sina aktioner","robots":{"index":"index","follow":"follow","max-snippet":"max-snippet:-1","max-image-preview":"max-image-preview:large","max-video-preview":"max-video-preview:-1"},"canonical":"https:\/\/www.selry.fi\/sv\/blogg\/ocksa-arbetstagarsidan-koordinerar-sina-aktioner\/","og_locale":"sv_SE","og_type":"article","og_title":"Ocks\u00e5 arbetstagarsidan koordinerar sina aktioner","og_description":"Arbetsgivarsidans centralorganisation Finlands N\u00e4ringsliv EK meddelade \u00e5r 2015 att de centraliserade l\u00f6nel\u00f6sningarna f\u00f6r deras del tillh\u00f6r en f\u00f6rg\u00e5ngen tid. I [\u2026] Lue lis\u00e4\u00e4 &raquo;","og_url":"https:\/\/www.selry.fi\/sv\/blogg\/ocksa-arbetstagarsidan-koordinerar-sina-aktioner\/","og_site_name":"Suomen Elintarvikety\u00f6l\u00e4isten Liitto SEL","article_publisher":"https:\/\/www.facebook.com\/selry","article_published_time":"2023-02-01T15:04:00+00:00","article_modified_time":"2023-02-03T15:05:06+00:00","og_image":[{"width":1536,"height":1148,"url":"https:\/\/www.selry.fi\/wp-content\/uploads\/2023\/02\/veli-matti-kuntonen-blogi.jpg","type":"image\/jpeg"}],"author":"Karoliina \u00d6ystil\u00e4","twitter_card":"summary_large_image","twitter_creator":"@selryfi","twitter_site":"@selryfi","schema":{"@context":"https:\/\/schema.org","@graph":[{"@type":"Article","@id":"https:\/\/www.selry.fi\/sv\/blogg\/ocksa-arbetstagarsidan-koordinerar-sina-aktioner\/#article","isPartOf":{"@id":"https:\/\/www.selry.fi\/sv\/blogg\/ocksa-arbetstagarsidan-koordinerar-sina-aktioner\/"},"author":{"name":"Karoliina \u00d6ystil\u00e4","@id":"https:\/\/www.selry.fi\/#\/schema\/person\/4fb0b52ed84c524f0beea95625a21678"},"headline":"Ocks\u00e5 arbetstagarsidan koordinerar sina aktioner","datePublished":"2023-02-01T15:04:00+00:00","dateModified":"2023-02-03T15:05:06+00:00","mainEntityOfPage":{"@id":"https:\/\/www.selry.fi\/sv\/blogg\/ocksa-arbetstagarsidan-koordinerar-sina-aktioner\/"},"wordCount":370,"publisher":{"@id":"https:\/\/www.selry.fi\/#organization"},"image":{"@id":"https:\/\/www.selry.fi\/sv\/blogg\/ocksa-arbetstagarsidan-koordinerar-sina-aktioner\/#primaryimage"},"thumbnailUrl":"https:\/\/www.selry.fi\/wp-content\/uploads\/2023\/02\/veli-matti-kuntonen-blogi.jpg","articleSection":["Blogg"],"inLanguage":"sv-SE"},{"@type":"WebPage","@id":"https:\/\/www.selry.fi\/sv\/blogg\/ocksa-arbetstagarsidan-koordinerar-sina-aktioner\/","url":"https:\/\/www.selry.fi\/sv\/blogg\/ocksa-arbetstagarsidan-koordinerar-sina-aktioner\/","name":"Ocks\u00e5 arbetstagarsidan koordinerar sina aktioner","isPartOf":{"@id":"https:\/\/www.selry.fi\/#website"},"primaryImageOfPage":{"@id":"https:\/\/www.selry.fi\/sv\/blogg\/ocksa-arbetstagarsidan-koordinerar-sina-aktioner\/#primaryimage"},"image":{"@id":"https:\/\/www.selry.fi\/sv\/blogg\/ocksa-arbetstagarsidan-koordinerar-sina-aktioner\/#primaryimage"},"thumbnailUrl":"https:\/\/www.selry.fi\/wp-content\/uploads\/2023\/02\/veli-matti-kuntonen-blogi.jpg","datePublished":"2023-02-01T15:04:00+00:00","dateModified":"2023-02-03T15:05:06+00:00","breadcrumb":{"@id":"https:\/\/www.selry.fi\/sv\/blogg\/ocksa-arbetstagarsidan-koordinerar-sina-aktioner\/#breadcrumb"},"inLanguage":"sv-SE","potentialAction":[{"@type":"ReadAction","target":["https:\/\/www.selry.fi\/sv\/blogg\/ocksa-arbetstagarsidan-koordinerar-sina-aktioner\/"]}]},{"@type":"ImageObject","inLanguage":"sv-SE","@id":"https:\/\/www.selry.fi\/sv\/blogg\/ocksa-arbetstagarsidan-koordinerar-sina-aktioner\/#primaryimage","url":"https:\/\/www.selry.fi\/wp-content\/uploads\/2023\/02\/veli-matti-kuntonen-blogi.jpg","contentUrl":"https:\/\/www.selry.fi\/wp-content\/uploads\/2023\/02\/veli-matti-kuntonen-blogi.jpg","width":1536,"height":1148},{"@type":"BreadcrumbList","@id":"https:\/\/www.selry.fi\/sv\/blogg\/ocksa-arbetstagarsidan-koordinerar-sina-aktioner\/#breadcrumb","itemListElement":[{"@type":"ListItem","position":1,"name":"Home","item":"https:\/\/www.selry.fi\/sv\/"},{"@type":"ListItem","position":2,"name":"Ocks\u00e5 arbetstagarsidan koordinerar sina aktioner"}]},{"@type":"WebSite","@id":"https:\/\/www.selry.fi\/#website","url":"https:\/\/www.selry.fi\/","name":"Suomen Elintarvikety\u00f6l\u00e4isten Liitto SEL","description":"","publisher":{"@id":"https:\/\/www.selry.fi\/#organization"},"inLanguage":"sv-SE"},{"@type":"Organization","@id":"https:\/\/www.selry.fi\/#organization","name":"Suomen Elintarvikety\u00f6l\u00e4isten Liitto SEL","url":"https:\/\/www.selry.fi\/","logo":{"@type":"ImageObject","inLanguage":"sv-SE","@id":"https:\/\/www.selry.fi\/#\/schema\/logo\/image\/","url":"https:\/\/www.selry.fi\/wp-content\/uploads\/2021\/05\/logo-sel.svg","contentUrl":"https:\/\/www.selry.fi\/wp-content\/uploads\/2021\/05\/logo-sel.svg","width":453,"height":135,"caption":"Suomen Elintarvikety\u00f6l\u00e4isten Liitto SEL"},"image":{"@id":"https:\/\/www.selry.fi\/#\/schema\/logo\/image\/"},"sameAs":["https:\/\/www.facebook.com\/selry","https:\/\/x.com\/selryfi"]},{"@type":"Person","@id":"https:\/\/www.selry.fi\/#\/schema\/person\/4fb0b52ed84c524f0beea95625a21678","name":"Karoliina \u00d6ystil\u00e4","image":{"@type":"ImageObject","inLanguage":"sv-SE","@id":"https:\/\/secure.gravatar.com\/avatar\/8dcb857776c4317075ba571fdc81a06a1f240302e468800d69bf316ef82ac4cd?s=96&d=mm&r=g","url":"https:\/\/secure.gravatar.com\/avatar\/8dcb857776c4317075ba571fdc81a06a1f240302e468800d69bf316ef82ac4cd?s=96&d=mm&r=g","contentUrl":"https:\/\/secure.gravatar.com\/avatar\/8dcb857776c4317075ba571fdc81a06a1f240302e468800d69bf316ef82ac4cd?s=96&d=mm&r=g","caption":"Karoliina \u00d6ystil\u00e4"}}]}},"_links":{"self":[{"href":"https:\/\/www.selry.fi\/sv\/wp-json\/wp\/v2\/posts\/11026","targetHints":{"allow":["GET"]}}],"collection":[{"href":"https:\/\/www.selry.fi\/sv\/wp-json\/wp\/v2\/posts"}],"about":[{"href":"https:\/\/www.selry.fi\/sv\/wp-json\/wp\/v2\/types\/post"}],"author":[{"embeddable":true,"href":"https:\/\/www.selry.fi\/sv\/wp-json\/wp\/v2\/users\/4"}],"replies":[{"embeddable":true,"href":"https:\/\/www.selry.fi\/sv\/wp-json\/wp\/v2\/comments?post=11026"}],"version-history":[{"count":0,"href":"https:\/\/www.selry.fi\/sv\/wp-json\/wp\/v2\/posts\/11026\/revisions"}],"wp:featuredmedia":[{"embeddable":true,"href":"https:\/\/www.selry.fi\/sv\/wp-json\/wp\/v2\/media\/10997"}],"wp:attachment":[{"href":"https:\/\/www.selry.fi\/sv\/wp-json\/wp\/v2\/media?parent=11026"}],"wp:term":[{"taxonomy":"category","embeddable":true,"href":"https:\/\/www.selry.fi\/sv\/wp-json\/wp\/v2\/categories?post=11026"},{"taxonomy":"post_tag","embeddable":true,"href":"https:\/\/www.selry.fi\/sv\/wp-json\/wp\/v2\/tags?post=11026"}],"curies":[{"name":"wp","href":"https:\/\/api.w.org\/{rel}","templated":true}]}}