{"id":10936,"date":"2023-01-27T18:49:34","date_gmt":"2023-01-27T16:49:34","guid":{"rendered":"https:\/\/www.selry.fi\/?p=10936"},"modified":"2023-01-27T18:51:22","modified_gmt":"2023-01-27T16:51:22","slug":"giltigheten-for-kollektivavtalen-for-livsmedelsbranschens-arbetstagare-fortsatter-fram-till-12-2-2023","status":"publish","type":"post","link":"https:\/\/www.selry.fi\/sv\/nyheter\/giltigheten-for-kollektivavtalen-for-livsmedelsbranschens-arbetstagare-fortsatter-fram-till-12-2-2023\/","title":{"rendered":"Giltigheten f\u00f6r kollektivavtalen f\u00f6r livsmedelsbranschens arbetstagare forts\u00e4tter fram till 12.2.2023"},"content":{"rendered":"\n<p class=\"has-ingressi-font-size\">SEL och ETL har \u00f6verenskommit om att f\u00f6rl\u00e4nga giltigheten f\u00f6r kollektivavtalen f\u00f6r livsmedelsbranschens arbetstagare med 12 dagar. F\u00f6rhandlingar om nya kollektivavtal p\u00e5g\u00e5r f\u00f6r tillf\u00e4llet.<\/p>\n\n\n\n<p>Finlands Livsmedelsarbetaref\u00f6rbund SEL och Livsmedelsindustrin ETL har idag kommit \u00f6verens om att giltighetstiden f\u00f6r kollektivavtalen f\u00f6r livsmedelsbranschens arbetstagare forts\u00e4tter fram till 12.2.2023. Giltighetstiden f\u00f6rl\u00e4ngs med 12 dagar, eftersom kollektivavtalen ursprungligen g\u00e4llde fram till 31.1.2023.<\/p>\n\n\n\n<p>Avtalet om f\u00f6rl\u00e4ngd giltighetstid undertecknades idag och g\u00e4ller alla fem allm\u00e4ngiltiga <a href=\"https:\/\/www.selry.fi\/sv\/kollektivavtalen\/\">kollektivavtal<\/a> mellan SEL och ETL: bageribranschens, k\u00f6ttbranschens, mejeribranschens, industrins samt bryggeri- och l\u00e4skedrycksbranschens kollektivavtal.<\/p>\n\n\n\n<p>SEL:s f\u00f6rbundsfullm\u00e4ktige godk\u00e4nde enh\u00e4lligt idag f\u00f6rl\u00e4ngningen av kollektivavtalens giltighetstid.<\/p>\n\n\n\n<p>SEL:s och ETL:s f\u00f6rhandlingar om nya kollektivavtal inleddes 11.1.2023. Om man inte i f\u00f6rhandlingarna uppn\u00e5r ett f\u00f6rhandlingsresultat och nya kollektivavtal inte kan slutas f\u00f6re 12.2.2023 b\u00f6rjar ett avtalsl\u00f6st tillst\u00e5nd 13.2.2023 d\u00e5 kollektivavtalen inte l\u00e4ngre g\u00e4ller. Under avtalsl\u00f6st tillst\u00e5nd g\u00e4ller inte arbetsfredsplikt, vilket inneb\u00e4r att parterna kan f\u00f6rs\u00f6ka p\u00e5verka f\u00f6rhandlingarna med strejk\u00e5tg\u00e4rder.<\/p>\n\n\n\n<p><em>L\u00e4s mera och f\u00f6lj kollektivavtalsf\u00f6rhandlingarna p\u00e5 finska p\u00e5 adress <a href=\"http:\/\/www.selry.fi\/tes\">www.selry.fi\/tes<\/a><\/em>.<\/p>\n","protected":false},"excerpt":{"rendered":"<p>SEL och ETL har \u00f6verenskommit om att f\u00f6rl\u00e4nga giltigheten f\u00f6r kollektivavtalen f\u00f6r livsmedelsbranschens arbetstagare med 12 dagar. F\u00f6rhandlingar om nya [\u2026] <a href=\"https:\/\/www.selry.fi\/sv\/nyheter\/giltigheten-for-kollektivavtalen-for-livsmedelsbranschens-arbetstagare-fortsatter-fram-till-12-2-2023\/\">Lue lis\u00e4\u00e4 &raquo;<\/a><\/p>\n","protected":false},"author":4,"featured_media":9245,"comment_status":"closed","ping_status":"closed","sticky":false,"template":"","format":"standard","meta":{"_acf_changed":false,"footnotes":""},"categories":[26],"tags":[],"class_list":["post-10936","post","type-post","status-publish","format-standard","has-post-thumbnail","hentry","category-nyheter"],"acf":[],"yoast_head":"<!-- This site is optimized with the Yoast SEO plugin v27.2 - https:\/\/yoast.com\/product\/yoast-seo-wordpress\/ -->\n<title>Giltigheten f\u00f6r kollektivavtalen f\u00f6r livsmedelsbranschens arbetstagare forts\u00e4tter fram till 12.2.2023<\/title>\n<meta name=\"robots\" content=\"index, follow, max-snippet:-1, max-image-preview:large, max-video-preview:-1\" \/>\n<link rel=\"canonical\" href=\"https:\/\/www.selry.fi\/sv\/nyheter\/giltigheten-for-kollektivavtalen-for-livsmedelsbranschens-arbetstagare-fortsatter-fram-till-12-2-2023\/\" \/>\n<meta property=\"og:locale\" content=\"sv_SE\" \/>\n<meta property=\"og:type\" content=\"article\" \/>\n<meta property=\"og:title\" content=\"Giltigheten f\u00f6r kollektivavtalen f\u00f6r livsmedelsbranschens arbetstagare forts\u00e4tter fram till 12.2.2023\" \/>\n<meta property=\"og:description\" content=\"SEL och ETL har \u00f6verenskommit om att f\u00f6rl\u00e4nga giltigheten f\u00f6r kollektivavtalen f\u00f6r livsmedelsbranschens arbetstagare med 12 dagar. F\u00f6rhandlingar om nya [\u2026] Lue lis\u00e4\u00e4 &raquo;\" \/>\n<meta property=\"og:url\" content=\"https:\/\/www.selry.fi\/sv\/nyheter\/giltigheten-for-kollektivavtalen-for-livsmedelsbranschens-arbetstagare-fortsatter-fram-till-12-2-2023\/\" \/>\n<meta property=\"og:site_name\" content=\"Suomen Elintarvikety\u00f6l\u00e4isten Liitto SEL\" \/>\n<meta property=\"article:publisher\" content=\"https:\/\/www.facebook.com\/selry\" \/>\n<meta property=\"article:published_time\" content=\"2023-01-27T16:49:34+00:00\" \/>\n<meta property=\"article:modified_time\" content=\"2023-01-27T16:51:22+00:00\" \/>\n<meta property=\"og:image\" content=\"https:\/\/www.selry.fi\/wp-content\/uploads\/2022\/09\/jar8903.jpg\" \/>\n\t<meta property=\"og:image:width\" content=\"1920\" \/>\n\t<meta property=\"og:image:height\" content=\"1278\" \/>\n\t<meta property=\"og:image:type\" content=\"image\/jpeg\" \/>\n<meta name=\"author\" content=\"Karoliina \u00d6ystil\u00e4\" \/>\n<meta name=\"twitter:card\" content=\"summary_large_image\" \/>\n<meta name=\"twitter:creator\" content=\"@selryfi\" \/>\n<meta name=\"twitter:site\" content=\"@selryfi\" \/>\n<script type=\"application\/ld+json\" class=\"yoast-schema-graph\">{\"@context\":\"https:\/\/schema.org\",\"@graph\":[{\"@type\":\"Article\",\"@id\":\"https:\/\/www.selry.fi\/sv\/nyheter\/giltigheten-for-kollektivavtalen-for-livsmedelsbranschens-arbetstagare-fortsatter-fram-till-12-2-2023\/#article\",\"isPartOf\":{\"@id\":\"https:\/\/www.selry.fi\/sv\/nyheter\/giltigheten-for-kollektivavtalen-for-livsmedelsbranschens-arbetstagare-fortsatter-fram-till-12-2-2023\/\"},\"author\":{\"name\":\"Karoliina \u00d6ystil\u00e4\",\"@id\":\"https:\/\/www.selry.fi\/#\/schema\/person\/4fb0b52ed84c524f0beea95625a21678\"},\"headline\":\"Giltigheten f\u00f6r kollektivavtalen f\u00f6r livsmedelsbranschens arbetstagare forts\u00e4tter fram till 12.2.2023\",\"datePublished\":\"2023-01-27T16:49:34+00:00\",\"dateModified\":\"2023-01-27T16:51:22+00:00\",\"mainEntityOfPage\":{\"@id\":\"https:\/\/www.selry.fi\/sv\/nyheter\/giltigheten-for-kollektivavtalen-for-livsmedelsbranschens-arbetstagare-fortsatter-fram-till-12-2-2023\/\"},\"wordCount\":215,\"publisher\":{\"@id\":\"https:\/\/www.selry.fi\/#organization\"},\"image\":{\"@id\":\"https:\/\/www.selry.fi\/sv\/nyheter\/giltigheten-for-kollektivavtalen-for-livsmedelsbranschens-arbetstagare-fortsatter-fram-till-12-2-2023\/#primaryimage\"},\"thumbnailUrl\":\"https:\/\/www.selry.fi\/wp-content\/uploads\/2022\/09\/jar8903.jpg\",\"articleSection\":[\"Nyheter\"],\"inLanguage\":\"sv-SE\"},{\"@type\":\"WebPage\",\"@id\":\"https:\/\/www.selry.fi\/sv\/nyheter\/giltigheten-for-kollektivavtalen-for-livsmedelsbranschens-arbetstagare-fortsatter-fram-till-12-2-2023\/\",\"url\":\"https:\/\/www.selry.fi\/sv\/nyheter\/giltigheten-for-kollektivavtalen-for-livsmedelsbranschens-arbetstagare-fortsatter-fram-till-12-2-2023\/\",\"name\":\"Giltigheten f\u00f6r kollektivavtalen f\u00f6r livsmedelsbranschens arbetstagare forts\u00e4tter fram till 12.2.2023\",\"isPartOf\":{\"@id\":\"https:\/\/www.selry.fi\/#website\"},\"primaryImageOfPage\":{\"@id\":\"https:\/\/www.selry.fi\/sv\/nyheter\/giltigheten-for-kollektivavtalen-for-livsmedelsbranschens-arbetstagare-fortsatter-fram-till-12-2-2023\/#primaryimage\"},\"image\":{\"@id\":\"https:\/\/www.selry.fi\/sv\/nyheter\/giltigheten-for-kollektivavtalen-for-livsmedelsbranschens-arbetstagare-fortsatter-fram-till-12-2-2023\/#primaryimage\"},\"thumbnailUrl\":\"https:\/\/www.selry.fi\/wp-content\/uploads\/2022\/09\/jar8903.jpg\",\"datePublished\":\"2023-01-27T16:49:34+00:00\",\"dateModified\":\"2023-01-27T16:51:22+00:00\",\"breadcrumb\":{\"@id\":\"https:\/\/www.selry.fi\/sv\/nyheter\/giltigheten-for-kollektivavtalen-for-livsmedelsbranschens-arbetstagare-fortsatter-fram-till-12-2-2023\/#breadcrumb\"},\"inLanguage\":\"sv-SE\",\"potentialAction\":[{\"@type\":\"ReadAction\",\"target\":[\"https:\/\/www.selry.fi\/sv\/nyheter\/giltigheten-for-kollektivavtalen-for-livsmedelsbranschens-arbetstagare-fortsatter-fram-till-12-2-2023\/\"]}]},{\"@type\":\"ImageObject\",\"inLanguage\":\"sv-SE\",\"@id\":\"https:\/\/www.selry.fi\/sv\/nyheter\/giltigheten-for-kollektivavtalen-for-livsmedelsbranschens-arbetstagare-fortsatter-fram-till-12-2-2023\/#primaryimage\",\"url\":\"https:\/\/www.selry.fi\/wp-content\/uploads\/2022\/09\/jar8903.jpg\",\"contentUrl\":\"https:\/\/www.selry.fi\/wp-content\/uploads\/2022\/09\/jar8903.jpg\",\"width\":1920,\"height\":1278},{\"@type\":\"BreadcrumbList\",\"@id\":\"https:\/\/www.selry.fi\/sv\/nyheter\/giltigheten-for-kollektivavtalen-for-livsmedelsbranschens-arbetstagare-fortsatter-fram-till-12-2-2023\/#breadcrumb\",\"itemListElement\":[{\"@type\":\"ListItem\",\"position\":1,\"name\":\"Home\",\"item\":\"https:\/\/www.selry.fi\/sv\/\"},{\"@type\":\"ListItem\",\"position\":2,\"name\":\"Giltigheten f\u00f6r kollektivavtalen f\u00f6r livsmedelsbranschens arbetstagare forts\u00e4tter fram till 12.2.2023\"}]},{\"@type\":\"WebSite\",\"@id\":\"https:\/\/www.selry.fi\/#website\",\"url\":\"https:\/\/www.selry.fi\/\",\"name\":\"Suomen Elintarvikety\u00f6l\u00e4isten Liitto SEL\",\"description\":\"\",\"publisher\":{\"@id\":\"https:\/\/www.selry.fi\/#organization\"},\"inLanguage\":\"sv-SE\"},{\"@type\":\"Organization\",\"@id\":\"https:\/\/www.selry.fi\/#organization\",\"name\":\"Suomen Elintarvikety\u00f6l\u00e4isten Liitto SEL\",\"url\":\"https:\/\/www.selry.fi\/\",\"logo\":{\"@type\":\"ImageObject\",\"inLanguage\":\"sv-SE\",\"@id\":\"https:\/\/www.selry.fi\/#\/schema\/logo\/image\/\",\"url\":\"https:\/\/www.selry.fi\/wp-content\/uploads\/2021\/05\/logo-sel.svg\",\"contentUrl\":\"https:\/\/www.selry.fi\/wp-content\/uploads\/2021\/05\/logo-sel.svg\",\"width\":453,\"height\":135,\"caption\":\"Suomen Elintarvikety\u00f6l\u00e4isten Liitto SEL\"},\"image\":{\"@id\":\"https:\/\/www.selry.fi\/#\/schema\/logo\/image\/\"},\"sameAs\":[\"https:\/\/www.facebook.com\/selry\",\"https:\/\/x.com\/selryfi\"]},{\"@type\":\"Person\",\"@id\":\"https:\/\/www.selry.fi\/#\/schema\/person\/4fb0b52ed84c524f0beea95625a21678\",\"name\":\"Karoliina \u00d6ystil\u00e4\",\"image\":{\"@type\":\"ImageObject\",\"inLanguage\":\"sv-SE\",\"@id\":\"https:\/\/secure.gravatar.com\/avatar\/8dcb857776c4317075ba571fdc81a06a1f240302e468800d69bf316ef82ac4cd?s=96&d=mm&r=g\",\"url\":\"https:\/\/secure.gravatar.com\/avatar\/8dcb857776c4317075ba571fdc81a06a1f240302e468800d69bf316ef82ac4cd?s=96&d=mm&r=g\",\"contentUrl\":\"https:\/\/secure.gravatar.com\/avatar\/8dcb857776c4317075ba571fdc81a06a1f240302e468800d69bf316ef82ac4cd?s=96&d=mm&r=g\",\"caption\":\"Karoliina \u00d6ystil\u00e4\"}}]}<\/script>\n<!-- \/ Yoast SEO plugin. -->","yoast_head_json":{"title":"Giltigheten f\u00f6r kollektivavtalen f\u00f6r livsmedelsbranschens arbetstagare forts\u00e4tter fram till 12.2.2023","robots":{"index":"index","follow":"follow","max-snippet":"max-snippet:-1","max-image-preview":"max-image-preview:large","max-video-preview":"max-video-preview:-1"},"canonical":"https:\/\/www.selry.fi\/sv\/nyheter\/giltigheten-for-kollektivavtalen-for-livsmedelsbranschens-arbetstagare-fortsatter-fram-till-12-2-2023\/","og_locale":"sv_SE","og_type":"article","og_title":"Giltigheten f\u00f6r kollektivavtalen f\u00f6r livsmedelsbranschens arbetstagare forts\u00e4tter fram till 12.2.2023","og_description":"SEL och ETL har \u00f6verenskommit om att f\u00f6rl\u00e4nga giltigheten f\u00f6r kollektivavtalen f\u00f6r livsmedelsbranschens arbetstagare med 12 dagar. F\u00f6rhandlingar om nya [\u2026] Lue lis\u00e4\u00e4 &raquo;","og_url":"https:\/\/www.selry.fi\/sv\/nyheter\/giltigheten-for-kollektivavtalen-for-livsmedelsbranschens-arbetstagare-fortsatter-fram-till-12-2-2023\/","og_site_name":"Suomen Elintarvikety\u00f6l\u00e4isten Liitto SEL","article_publisher":"https:\/\/www.facebook.com\/selry","article_published_time":"2023-01-27T16:49:34+00:00","article_modified_time":"2023-01-27T16:51:22+00:00","og_image":[{"width":1920,"height":1278,"url":"https:\/\/www.selry.fi\/wp-content\/uploads\/2022\/09\/jar8903.jpg","type":"image\/jpeg"}],"author":"Karoliina \u00d6ystil\u00e4","twitter_card":"summary_large_image","twitter_creator":"@selryfi","twitter_site":"@selryfi","schema":{"@context":"https:\/\/schema.org","@graph":[{"@type":"Article","@id":"https:\/\/www.selry.fi\/sv\/nyheter\/giltigheten-for-kollektivavtalen-for-livsmedelsbranschens-arbetstagare-fortsatter-fram-till-12-2-2023\/#article","isPartOf":{"@id":"https:\/\/www.selry.fi\/sv\/nyheter\/giltigheten-for-kollektivavtalen-for-livsmedelsbranschens-arbetstagare-fortsatter-fram-till-12-2-2023\/"},"author":{"name":"Karoliina \u00d6ystil\u00e4","@id":"https:\/\/www.selry.fi\/#\/schema\/person\/4fb0b52ed84c524f0beea95625a21678"},"headline":"Giltigheten f\u00f6r kollektivavtalen f\u00f6r livsmedelsbranschens arbetstagare forts\u00e4tter fram till 12.2.2023","datePublished":"2023-01-27T16:49:34+00:00","dateModified":"2023-01-27T16:51:22+00:00","mainEntityOfPage":{"@id":"https:\/\/www.selry.fi\/sv\/nyheter\/giltigheten-for-kollektivavtalen-for-livsmedelsbranschens-arbetstagare-fortsatter-fram-till-12-2-2023\/"},"wordCount":215,"publisher":{"@id":"https:\/\/www.selry.fi\/#organization"},"image":{"@id":"https:\/\/www.selry.fi\/sv\/nyheter\/giltigheten-for-kollektivavtalen-for-livsmedelsbranschens-arbetstagare-fortsatter-fram-till-12-2-2023\/#primaryimage"},"thumbnailUrl":"https:\/\/www.selry.fi\/wp-content\/uploads\/2022\/09\/jar8903.jpg","articleSection":["Nyheter"],"inLanguage":"sv-SE"},{"@type":"WebPage","@id":"https:\/\/www.selry.fi\/sv\/nyheter\/giltigheten-for-kollektivavtalen-for-livsmedelsbranschens-arbetstagare-fortsatter-fram-till-12-2-2023\/","url":"https:\/\/www.selry.fi\/sv\/nyheter\/giltigheten-for-kollektivavtalen-for-livsmedelsbranschens-arbetstagare-fortsatter-fram-till-12-2-2023\/","name":"Giltigheten f\u00f6r kollektivavtalen f\u00f6r livsmedelsbranschens arbetstagare forts\u00e4tter fram till 12.2.2023","isPartOf":{"@id":"https:\/\/www.selry.fi\/#website"},"primaryImageOfPage":{"@id":"https:\/\/www.selry.fi\/sv\/nyheter\/giltigheten-for-kollektivavtalen-for-livsmedelsbranschens-arbetstagare-fortsatter-fram-till-12-2-2023\/#primaryimage"},"image":{"@id":"https:\/\/www.selry.fi\/sv\/nyheter\/giltigheten-for-kollektivavtalen-for-livsmedelsbranschens-arbetstagare-fortsatter-fram-till-12-2-2023\/#primaryimage"},"thumbnailUrl":"https:\/\/www.selry.fi\/wp-content\/uploads\/2022\/09\/jar8903.jpg","datePublished":"2023-01-27T16:49:34+00:00","dateModified":"2023-01-27T16:51:22+00:00","breadcrumb":{"@id":"https:\/\/www.selry.fi\/sv\/nyheter\/giltigheten-for-kollektivavtalen-for-livsmedelsbranschens-arbetstagare-fortsatter-fram-till-12-2-2023\/#breadcrumb"},"inLanguage":"sv-SE","potentialAction":[{"@type":"ReadAction","target":["https:\/\/www.selry.fi\/sv\/nyheter\/giltigheten-for-kollektivavtalen-for-livsmedelsbranschens-arbetstagare-fortsatter-fram-till-12-2-2023\/"]}]},{"@type":"ImageObject","inLanguage":"sv-SE","@id":"https:\/\/www.selry.fi\/sv\/nyheter\/giltigheten-for-kollektivavtalen-for-livsmedelsbranschens-arbetstagare-fortsatter-fram-till-12-2-2023\/#primaryimage","url":"https:\/\/www.selry.fi\/wp-content\/uploads\/2022\/09\/jar8903.jpg","contentUrl":"https:\/\/www.selry.fi\/wp-content\/uploads\/2022\/09\/jar8903.jpg","width":1920,"height":1278},{"@type":"BreadcrumbList","@id":"https:\/\/www.selry.fi\/sv\/nyheter\/giltigheten-for-kollektivavtalen-for-livsmedelsbranschens-arbetstagare-fortsatter-fram-till-12-2-2023\/#breadcrumb","itemListElement":[{"@type":"ListItem","position":1,"name":"Home","item":"https:\/\/www.selry.fi\/sv\/"},{"@type":"ListItem","position":2,"name":"Giltigheten f\u00f6r kollektivavtalen f\u00f6r livsmedelsbranschens arbetstagare forts\u00e4tter fram till 12.2.2023"}]},{"@type":"WebSite","@id":"https:\/\/www.selry.fi\/#website","url":"https:\/\/www.selry.fi\/","name":"Suomen Elintarvikety\u00f6l\u00e4isten Liitto SEL","description":"","publisher":{"@id":"https:\/\/www.selry.fi\/#organization"},"inLanguage":"sv-SE"},{"@type":"Organization","@id":"https:\/\/www.selry.fi\/#organization","name":"Suomen Elintarvikety\u00f6l\u00e4isten Liitto SEL","url":"https:\/\/www.selry.fi\/","logo":{"@type":"ImageObject","inLanguage":"sv-SE","@id":"https:\/\/www.selry.fi\/#\/schema\/logo\/image\/","url":"https:\/\/www.selry.fi\/wp-content\/uploads\/2021\/05\/logo-sel.svg","contentUrl":"https:\/\/www.selry.fi\/wp-content\/uploads\/2021\/05\/logo-sel.svg","width":453,"height":135,"caption":"Suomen Elintarvikety\u00f6l\u00e4isten Liitto SEL"},"image":{"@id":"https:\/\/www.selry.fi\/#\/schema\/logo\/image\/"},"sameAs":["https:\/\/www.facebook.com\/selry","https:\/\/x.com\/selryfi"]},{"@type":"Person","@id":"https:\/\/www.selry.fi\/#\/schema\/person\/4fb0b52ed84c524f0beea95625a21678","name":"Karoliina \u00d6ystil\u00e4","image":{"@type":"ImageObject","inLanguage":"sv-SE","@id":"https:\/\/secure.gravatar.com\/avatar\/8dcb857776c4317075ba571fdc81a06a1f240302e468800d69bf316ef82ac4cd?s=96&d=mm&r=g","url":"https:\/\/secure.gravatar.com\/avatar\/8dcb857776c4317075ba571fdc81a06a1f240302e468800d69bf316ef82ac4cd?s=96&d=mm&r=g","contentUrl":"https:\/\/secure.gravatar.com\/avatar\/8dcb857776c4317075ba571fdc81a06a1f240302e468800d69bf316ef82ac4cd?s=96&d=mm&r=g","caption":"Karoliina \u00d6ystil\u00e4"}}]}},"_links":{"self":[{"href":"https:\/\/www.selry.fi\/sv\/wp-json\/wp\/v2\/posts\/10936","targetHints":{"allow":["GET"]}}],"collection":[{"href":"https:\/\/www.selry.fi\/sv\/wp-json\/wp\/v2\/posts"}],"about":[{"href":"https:\/\/www.selry.fi\/sv\/wp-json\/wp\/v2\/types\/post"}],"author":[{"embeddable":true,"href":"https:\/\/www.selry.fi\/sv\/wp-json\/wp\/v2\/users\/4"}],"replies":[{"embeddable":true,"href":"https:\/\/www.selry.fi\/sv\/wp-json\/wp\/v2\/comments?post=10936"}],"version-history":[{"count":0,"href":"https:\/\/www.selry.fi\/sv\/wp-json\/wp\/v2\/posts\/10936\/revisions"}],"wp:featuredmedia":[{"embeddable":true,"href":"https:\/\/www.selry.fi\/sv\/wp-json\/wp\/v2\/media\/9245"}],"wp:attachment":[{"href":"https:\/\/www.selry.fi\/sv\/wp-json\/wp\/v2\/media?parent=10936"}],"wp:term":[{"taxonomy":"category","embeddable":true,"href":"https:\/\/www.selry.fi\/sv\/wp-json\/wp\/v2\/categories?post=10936"},{"taxonomy":"post_tag","embeddable":true,"href":"https:\/\/www.selry.fi\/sv\/wp-json\/wp\/v2\/tags?post=10936"}],"curies":[{"name":"wp","href":"https:\/\/api.w.org\/{rel}","templated":true}]}}