{"id":10449,"date":"2023-01-10T19:25:04","date_gmt":"2023-01-10T17:25:04","guid":{"rendered":"https:\/\/www.selry.fi\/?p=10449"},"modified":"2023-01-10T19:26:46","modified_gmt":"2023-01-10T17:26:46","slug":"hur-gar-det-med-avtalsforhandlingarna","status":"publish","type":"post","link":"https:\/\/www.selry.fi\/sv\/nyheter\/hur-gar-det-med-avtalsforhandlingarna\/","title":{"rendered":"Hur g\u00e5r det med avtalsf\u00f6rhandlingarna?"},"content":{"rendered":"\n<p class=\"has-ingressi-font-size\">Kollektivavtalen f\u00f6r livsmedelsbranschens arbetstagare g\u00e5r ut i slutet av januari. L\u00e4s h\u00e4r, hur avtalsf\u00f6rhandlingarna framskrider.<\/p>\n\n\n\n<p><strong>1. Kollektivavtal<\/strong><\/p>\n\n\n\n<p><a href=\"https:\/\/www.selry.fi\/sv\/kollektivavtalen\/\">Ditt kollektivavtal<\/a> f\u00f6rhandlas fram av SEL som representerar arbetstagarna i livsmedelsbranschen och ETL som representerar arbetsgivarna. I avtalet \u00f6verenskommer man om minimivillkoren f\u00f6r l\u00f6ner och andra arbetsvillkor.<\/p>\n\n\n\n<p>I kollektivavtalet avtalas exempelvis om arbetstider, betalda \u00e5rssemestrar och sjukledigheter, ledigheter p\u00e5 grund av arbetstidsf\u00f6rkortning och semesterers\u00e4ttningar. P\u00e5 arbetsplatsen kan man lokalt avtala om b\u00e4ttre l\u00f6ner och andra arbetsvillkor \u00e4n vad som f\u00f6ruts\u00e4tts i kollektivavtalen, men inte f\u00f6rs\u00e4mra villkoren.<\/p>\n\n\n\n<p><strong>2. Kollektivavtalsf\u00f6rhandlingar<\/strong><\/p>\n\n\n\n<p>De nuvarande kollektivavtalen&nbsp;f\u00f6r livsmedelsbranschens arbetstagare mellan SEL och ETL \u00e4r i kraft fram till 31.1.2023. SEL och ETL har enats om att <a href=\"https:\/\/www.selry.fi\/sv\/nyheter\/avtalsforhandlingarna-kommer-ar-du-redo\/\">kollektivavtalsf\u00f6rhandlingarna<\/a> inleds 11.1.2023.<\/p>\n\n\n\n<p><strong>3. Avtalsf\u00f6rhandlare<\/strong><\/p>\n\n\n\n<p>SEL:s f\u00f6rbundsstyrelse har inf\u00f6r kollektivavtalsf\u00f6rhandlingarna utsett en avtalsdelegation som SEL:s f\u00f6rhandlare. Avtalsdelegationens medlemmar \u00e4r SEL:s f\u00f6rbundsordf\u00f6rande <strong>Veli-Matti Kuntonen<\/strong>, f\u00f6rbundssekreterare <strong>Lea V\u00e4\u00e4n\u00e4nen<\/strong>, avtalschef <strong>Erkki Rantamaa<\/strong>, l\u00f6nesekreterare <strong>Ari Huuki<\/strong> samt de f\u00f6rtroendevalda <strong>Juha-Pekka H\u00f6lkki<\/strong> (bageribranschen),&nbsp;<strong>Tommi Stenberg<\/strong> (k\u00f6ttbranschen), <strong>Toni Rajavaara<\/strong> (mejeribranschen), <strong>Maarit L\u00e4hteenm\u00e4ki<\/strong> (industrin) och <strong>Ville Sipil\u00e4<\/strong> (industrin).<\/p>\n\n\n\n<p><strong>4. Avtalsf\u00f6rslag<\/strong><\/p>\n\n\n\n<p>Vid sidan om avtalsdelegationen har SEL:s styrelse utsett avtalsbranschvisa avtalssektioner, som redan under h\u00f6sten har behandlat f\u00f6rslag fr\u00e5n SEL:s medlemmar om hur kollektivavtalen kan utvecklas samt berett dem f\u00f6r behandling i avtalsdelegationen. Fackavdelningar och enskilda medlemmar kom inom ramen f\u00f6r tidtabellen in med 186 f\u00f6rslag p\u00e5 hur kollektivavtalen kan utvecklas.<\/p>\n\n\n\n<p><strong>5. Avtalsm\u00e5l<\/strong><\/p>\n\n\n\n<p>SEL:s f\u00f6rbundsfullm\u00e4ktige besl\u00f6t 2.12.2022 med avtalsdelegationens f\u00f6rslag som grund om SEL:s f\u00f6rslag p\u00e5 f\u00f6rb\u00e4ttringar av kollektivavtalen f\u00f6r livsmedelsbranschens arbetstagare. SEL:s avtalsm\u00e5l offentligg\u00f6rs i januari, d\u00e5 avtalsf\u00f6rhandlingarna med arbetsgivarf\u00f6rbundet inleds.<\/p>\n\n\n\n<p><strong>6. Avtalsl\u00f6st tillst\u00e5nd<\/strong><\/p>\n\n\n\n<p>Om partierna inte n\u00e5r ett f\u00f6rhandlingsresultat och ett nytt kollektivavtal inte kan n\u00e5s under januari m\u00e5nad inleds avtalsl\u00f6st tillst\u00e5nd 1.2.2023 d\u00e5 kollektivavtalen inte l\u00e4ngre \u00e4r i kraft. Under avtalsl\u00f6st tillst\u00e5nd r\u00e5der inte arbetsfredsplikt, vilket inneb\u00e4r att parterna kan f\u00f6rs\u00f6ka p\u00e5verka f\u00f6rhandlingarna med strejk\u00e5tg\u00e4rder.<\/p>\n\n\n\n<p>Arbetsvillkoren g\u00e4ller emellertid i praktiken p\u00e5 grund av den s\u00e5 kallade efterverkan. Arbetsgivaren kan allts\u00e5 inte p\u00e5 egen hand exempelvis s\u00e4nka l\u00f6nerna eller f\u00f6rl\u00e4nga arbetstiden i avtalsl\u00f6st tillst\u00e5nd. Stadgandena i det gamla kollektivavtalet \u00e4r i huvudsak i kraft tills ett nytt kollektivavtal har godk\u00e4nts.<\/p>\n\n\n\n<p>Om f\u00f6rhandlingarna avbryts besluter den centrala strejkkommitte som SEL:s f\u00f6rbundsstyrelse har tillsatt hur man ska g\u00e5 fram\u00e5t och om eventuella strejkhot.<\/p>\n\n\n\n<p>Om SEL tvingas vidta strejk\u00e5tg\u00e4rder ansvarar f\u00f6rbundet f\u00f6r verksamhetens laglighet. I en strejk, utlyst av f\u00f6rbundet \u00e4r en enskild medlem inte ers\u00e4ttningsskyldig. Det \u00e4r f\u00f6rbundet som inleder och avslutar strejk\u00e5tg\u00e4rder.<\/p>\n\n\n\n<p><strong>7. F\u00f6rhandlingsresultat<\/strong><\/p>\n\n\n\n<p>D\u00e5 man i kollektivavtalsf\u00f6rhandlingarna har uppn\u00e5tt ett f\u00f6rhandlingsresultat sammankallas SEL:s f\u00f6rbundsfullm\u00e4ktige f\u00f6r att besluta huruvida man godk\u00e4nner f\u00f6rhandlingsresultatet som nytt kollektivavtal. Om b\u00e5da avtalsparter i kollektivavtalsf\u00f6rhandlingarna godk\u00e4nner f\u00f6rhandlingsresultatet har livsmedelsbranschens arbetstagare f\u00e5tt nya kollektivavtal.<\/p>\n\n\n\n<p>Om f\u00f6rhandlingsresultatet inte godk\u00e4nns forts\u00e4tter f\u00f6rhandlingarna och eventuella kamp\u00e5tg\u00e4rder tills ett avtal kan slutas.<\/p>\n\n\n\n<p><br><em>L\u00e4s mera och f\u00f6lj kollektivavtalsf\u00f6rhandlingarna p\u00e5 finska p\u00e5 adress <a href=\"http:\/\/www.selry.fi\/tes\">www.selry.fi\/tes<\/a><\/em>.<\/p>\n\n\n\n<p><br><\/p>\n\n\n\n<p><strong>K\u00e4nner du till de h\u00e4r termerna?<\/strong><br><\/p>\n\n\n\n<p><br><strong>Strids\u00e5tg\u00e4rd<\/strong><\/p>\n\n\n\n<p>Fackliga strids\u00e5tg\u00e4rder kan vara exempelvis \u00f6vertidsf\u00f6rbud, strejk, f\u00f6rhalningsstrejk, st\u00f6dstrejk och politisk strejk. Lockout \u00e4r arbetsgivarsidans kamp\u00e5tg\u00e4rd. Deltagande i en facklig strids\u00e5tg\u00e4rd ber\u00e4ttigar inte arbetsgivaren att s\u00e4ga upp arbetstagarens arbetsf\u00f6rh\u00e5llande. Om strejk utlyses ska meddelande om det ske till motparten och riksf\u00f6rlikningsmannen minst tv\u00e5 veckor innan strejken inleds.<\/p>\n\n\n\n<p><strong>\u00d6vertidsf\u00f6rbud<\/strong><\/p>\n\n\n\n<p>Under \u00f6vertidsf\u00f6rbudet utf\u00f6r arbetstagarna arbete enbart p\u00e5 regelbunden arbetstid, h\u00f6gst 8 timmar per dag och 40 timmar per vecka. Under \u00f6vertidsf\u00f6rbudet utf\u00f6rs inget extra arbete eller \u00f6vertidsarbete.<\/p>\n\n\n\n<p><strong>Strejkvakt<\/strong><\/p>\n\n\n\n<p>Strejkvakterna dejourerar vid portarna till de arbetsplatser d\u00e4r strejk \u00e4r utlyst, meddelar dem som kommer till arbetsplatsen om att det \u00e4r strejk och informerar om hur strejken fortskrider.<\/p>\n\n\n\n<p><strong>Strejkande<\/strong><\/p>\n\n\n\n<p>Den strejkande \u00e4r en arbetstagare vars arbete \u00e4r strejkbelagt och som deltar i strejken f\u00f6r att uttrycka sin \u00e5sikt. Strejkr\u00e4tten \u00e4r en grundr\u00e4ttighet i arbetslivet och en m\u00e4nsklig r\u00e4ttighet.<\/p>\n\n\n\n<p><strong>Strejkbrytare<\/strong><\/p>\n\n\n\n<p>En strejkbrytare \u00e4r en person som utf\u00f6r strejkbelagt arbete eller inte f\u00f6ljer f\u00f6rbundets beslut om strejk\u00e5tg\u00e4rder. En person som med arbetslov beviljat av f\u00f6rbundet&nbsp; utf\u00f6r strejkbelagt arbete \u00e4r ingen strejkbrytare. Arbetslovet \u00e4r ett undantagslov som arbetsgivaren kan ans\u00f6kan om hos f\u00f6rbundet om utf\u00f6rande av strejkbelagt arbete.<\/p>\n\n\n\n<p><strong>N\u00f6darbete<\/strong><\/p>\n\n\n\n<p>D\u00e5 arbetsgivaren meddelar om n\u00f6darbete i lagenlig mening skall arbetsgivaren omedelbart komma med ett skriftligt meddelande om n\u00f6darbete till arbetsskyddsmyndigheten och arbetstagaren \u00e4r skyldig att genast inleda n\u00f6darbetet. Exempelvis kan n\u00f6dslakt tillgripas f\u00f6r att undvika djurpl\u00e5geri.<\/p>\n\n\n\n<p><strong>Strejkunderst\u00f6d<\/strong><\/p>\n\n\n\n<p>SEL betalar till sina strejkande medlemmar ut ett strejkunderst\u00f6d, om f\u00f6rbundet utlyser strejk eller om arbetsgivaren utlyser lockout. Storleken p\u00e5 underst\u00f6det avg\u00f6rs av SEL:s f\u00f6rbundsstyrelse.<\/p>\n","protected":false},"excerpt":{"rendered":"<p>Kollektivavtalen f\u00f6r livsmedelsbranschens arbetstagare g\u00e5r ut i slutet av januari. L\u00e4s h\u00e4r, hur avtalsf\u00f6rhandlingarna framskrider. 1. Kollektivavtal Ditt kollektivavtal f\u00f6rhandlas [\u2026] <a href=\"https:\/\/www.selry.fi\/sv\/nyheter\/hur-gar-det-med-avtalsforhandlingarna\/\">Lue lis\u00e4\u00e4 &raquo;<\/a><\/p>\n","protected":false},"author":4,"featured_media":10426,"comment_status":"closed","ping_status":"closed","sticky":false,"template":"","format":"standard","meta":{"_acf_changed":false,"footnotes":""},"categories":[26],"tags":[],"class_list":["post-10449","post","type-post","status-publish","format-standard","has-post-thumbnail","hentry","category-nyheter"],"acf":[],"yoast_head":"<!-- This site is optimized with the Yoast SEO plugin v27.2 - https:\/\/yoast.com\/product\/yoast-seo-wordpress\/ -->\n<title>Hur g\u00e5r det med avtalsf\u00f6rhandlingarna?<\/title>\n<meta name=\"robots\" content=\"index, follow, max-snippet:-1, max-image-preview:large, max-video-preview:-1\" \/>\n<link rel=\"canonical\" href=\"https:\/\/www.selry.fi\/sv\/nyheter\/hur-gar-det-med-avtalsforhandlingarna\/\" \/>\n<meta property=\"og:locale\" content=\"sv_SE\" \/>\n<meta property=\"og:type\" content=\"article\" \/>\n<meta property=\"og:title\" content=\"Hur g\u00e5r det med avtalsf\u00f6rhandlingarna?\" \/>\n<meta property=\"og:description\" content=\"Kollektivavtalen f\u00f6r livsmedelsbranschens arbetstagare g\u00e5r ut i slutet av januari. L\u00e4s h\u00e4r, hur avtalsf\u00f6rhandlingarna framskrider. 1. Kollektivavtal Ditt kollektivavtal f\u00f6rhandlas [\u2026] Lue lis\u00e4\u00e4 &raquo;\" \/>\n<meta property=\"og:url\" content=\"https:\/\/www.selry.fi\/sv\/nyheter\/hur-gar-det-med-avtalsforhandlingarna\/\" \/>\n<meta property=\"og:site_name\" content=\"Suomen Elintarvikety\u00f6l\u00e4isten Liitto SEL\" \/>\n<meta property=\"article:publisher\" content=\"https:\/\/www.facebook.com\/selry\" \/>\n<meta property=\"article:published_time\" content=\"2023-01-10T17:25:04+00:00\" \/>\n<meta property=\"article:modified_time\" content=\"2023-01-10T17:26:46+00:00\" \/>\n<meta property=\"og:image\" content=\"https:\/\/www.selry.fi\/wp-content\/uploads\/2023\/01\/tes-neuvottelut-palkankorotus-liian-vahan-palkkaa-maria-bjorklund-selvitetty-tapaus.jpg\" \/>\n\t<meta property=\"og:image:width\" content=\"1920\" \/>\n\t<meta property=\"og:image:height\" content=\"1617\" \/>\n\t<meta property=\"og:image:type\" content=\"image\/jpeg\" \/>\n<meta name=\"author\" content=\"Karoliina \u00d6ystil\u00e4\" \/>\n<meta name=\"twitter:card\" content=\"summary_large_image\" \/>\n<meta name=\"twitter:creator\" content=\"@selryfi\" \/>\n<meta name=\"twitter:site\" content=\"@selryfi\" \/>\n<script type=\"application\/ld+json\" class=\"yoast-schema-graph\">{\"@context\":\"https:\/\/schema.org\",\"@graph\":[{\"@type\":\"Article\",\"@id\":\"https:\/\/www.selry.fi\/sv\/nyheter\/hur-gar-det-med-avtalsforhandlingarna\/#article\",\"isPartOf\":{\"@id\":\"https:\/\/www.selry.fi\/sv\/nyheter\/hur-gar-det-med-avtalsforhandlingarna\/\"},\"author\":{\"name\":\"Karoliina \u00d6ystil\u00e4\",\"@id\":\"https:\/\/www.selry.fi\/#\/schema\/person\/4fb0b52ed84c524f0beea95625a21678\"},\"headline\":\"Hur g\u00e5r det med avtalsf\u00f6rhandlingarna?\",\"datePublished\":\"2023-01-10T17:25:04+00:00\",\"dateModified\":\"2023-01-10T17:26:46+00:00\",\"mainEntityOfPage\":{\"@id\":\"https:\/\/www.selry.fi\/sv\/nyheter\/hur-gar-det-med-avtalsforhandlingarna\/\"},\"wordCount\":874,\"publisher\":{\"@id\":\"https:\/\/www.selry.fi\/#organization\"},\"image\":{\"@id\":\"https:\/\/www.selry.fi\/sv\/nyheter\/hur-gar-det-med-avtalsforhandlingarna\/#primaryimage\"},\"thumbnailUrl\":\"https:\/\/www.selry.fi\/wp-content\/uploads\/2023\/01\/tes-neuvottelut-palkankorotus-liian-vahan-palkkaa-maria-bjorklund-selvitetty-tapaus.jpg\",\"articleSection\":[\"Nyheter\"],\"inLanguage\":\"sv-SE\"},{\"@type\":\"WebPage\",\"@id\":\"https:\/\/www.selry.fi\/sv\/nyheter\/hur-gar-det-med-avtalsforhandlingarna\/\",\"url\":\"https:\/\/www.selry.fi\/sv\/nyheter\/hur-gar-det-med-avtalsforhandlingarna\/\",\"name\":\"Hur g\u00e5r det med avtalsf\u00f6rhandlingarna?\",\"isPartOf\":{\"@id\":\"https:\/\/www.selry.fi\/#website\"},\"primaryImageOfPage\":{\"@id\":\"https:\/\/www.selry.fi\/sv\/nyheter\/hur-gar-det-med-avtalsforhandlingarna\/#primaryimage\"},\"image\":{\"@id\":\"https:\/\/www.selry.fi\/sv\/nyheter\/hur-gar-det-med-avtalsforhandlingarna\/#primaryimage\"},\"thumbnailUrl\":\"https:\/\/www.selry.fi\/wp-content\/uploads\/2023\/01\/tes-neuvottelut-palkankorotus-liian-vahan-palkkaa-maria-bjorklund-selvitetty-tapaus.jpg\",\"datePublished\":\"2023-01-10T17:25:04+00:00\",\"dateModified\":\"2023-01-10T17:26:46+00:00\",\"breadcrumb\":{\"@id\":\"https:\/\/www.selry.fi\/sv\/nyheter\/hur-gar-det-med-avtalsforhandlingarna\/#breadcrumb\"},\"inLanguage\":\"sv-SE\",\"potentialAction\":[{\"@type\":\"ReadAction\",\"target\":[\"https:\/\/www.selry.fi\/sv\/nyheter\/hur-gar-det-med-avtalsforhandlingarna\/\"]}]},{\"@type\":\"ImageObject\",\"inLanguage\":\"sv-SE\",\"@id\":\"https:\/\/www.selry.fi\/sv\/nyheter\/hur-gar-det-med-avtalsforhandlingarna\/#primaryimage\",\"url\":\"https:\/\/www.selry.fi\/wp-content\/uploads\/2023\/01\/tes-neuvottelut-palkankorotus-liian-vahan-palkkaa-maria-bjorklund-selvitetty-tapaus.jpg\",\"contentUrl\":\"https:\/\/www.selry.fi\/wp-content\/uploads\/2023\/01\/tes-neuvottelut-palkankorotus-liian-vahan-palkkaa-maria-bjorklund-selvitetty-tapaus.jpg\",\"width\":1920,\"height\":1617},{\"@type\":\"BreadcrumbList\",\"@id\":\"https:\/\/www.selry.fi\/sv\/nyheter\/hur-gar-det-med-avtalsforhandlingarna\/#breadcrumb\",\"itemListElement\":[{\"@type\":\"ListItem\",\"position\":1,\"name\":\"Home\",\"item\":\"https:\/\/www.selry.fi\/sv\/\"},{\"@type\":\"ListItem\",\"position\":2,\"name\":\"Hur g\u00e5r det med avtalsf\u00f6rhandlingarna?\"}]},{\"@type\":\"WebSite\",\"@id\":\"https:\/\/www.selry.fi\/#website\",\"url\":\"https:\/\/www.selry.fi\/\",\"name\":\"Suomen Elintarvikety\u00f6l\u00e4isten Liitto SEL\",\"description\":\"\",\"publisher\":{\"@id\":\"https:\/\/www.selry.fi\/#organization\"},\"inLanguage\":\"sv-SE\"},{\"@type\":\"Organization\",\"@id\":\"https:\/\/www.selry.fi\/#organization\",\"name\":\"Suomen Elintarvikety\u00f6l\u00e4isten Liitto SEL\",\"url\":\"https:\/\/www.selry.fi\/\",\"logo\":{\"@type\":\"ImageObject\",\"inLanguage\":\"sv-SE\",\"@id\":\"https:\/\/www.selry.fi\/#\/schema\/logo\/image\/\",\"url\":\"https:\/\/www.selry.fi\/wp-content\/uploads\/2021\/05\/logo-sel.svg\",\"contentUrl\":\"https:\/\/www.selry.fi\/wp-content\/uploads\/2021\/05\/logo-sel.svg\",\"width\":453,\"height\":135,\"caption\":\"Suomen Elintarvikety\u00f6l\u00e4isten Liitto SEL\"},\"image\":{\"@id\":\"https:\/\/www.selry.fi\/#\/schema\/logo\/image\/\"},\"sameAs\":[\"https:\/\/www.facebook.com\/selry\",\"https:\/\/x.com\/selryfi\"]},{\"@type\":\"Person\",\"@id\":\"https:\/\/www.selry.fi\/#\/schema\/person\/4fb0b52ed84c524f0beea95625a21678\",\"name\":\"Karoliina \u00d6ystil\u00e4\",\"image\":{\"@type\":\"ImageObject\",\"inLanguage\":\"sv-SE\",\"@id\":\"https:\/\/secure.gravatar.com\/avatar\/8dcb857776c4317075ba571fdc81a06a1f240302e468800d69bf316ef82ac4cd?s=96&d=mm&r=g\",\"url\":\"https:\/\/secure.gravatar.com\/avatar\/8dcb857776c4317075ba571fdc81a06a1f240302e468800d69bf316ef82ac4cd?s=96&d=mm&r=g\",\"contentUrl\":\"https:\/\/secure.gravatar.com\/avatar\/8dcb857776c4317075ba571fdc81a06a1f240302e468800d69bf316ef82ac4cd?s=96&d=mm&r=g\",\"caption\":\"Karoliina \u00d6ystil\u00e4\"}}]}<\/script>\n<!-- \/ Yoast SEO plugin. -->","yoast_head_json":{"title":"Hur g\u00e5r det med avtalsf\u00f6rhandlingarna?","robots":{"index":"index","follow":"follow","max-snippet":"max-snippet:-1","max-image-preview":"max-image-preview:large","max-video-preview":"max-video-preview:-1"},"canonical":"https:\/\/www.selry.fi\/sv\/nyheter\/hur-gar-det-med-avtalsforhandlingarna\/","og_locale":"sv_SE","og_type":"article","og_title":"Hur g\u00e5r det med avtalsf\u00f6rhandlingarna?","og_description":"Kollektivavtalen f\u00f6r livsmedelsbranschens arbetstagare g\u00e5r ut i slutet av januari. L\u00e4s h\u00e4r, hur avtalsf\u00f6rhandlingarna framskrider. 1. Kollektivavtal Ditt kollektivavtal f\u00f6rhandlas [\u2026] Lue lis\u00e4\u00e4 &raquo;","og_url":"https:\/\/www.selry.fi\/sv\/nyheter\/hur-gar-det-med-avtalsforhandlingarna\/","og_site_name":"Suomen Elintarvikety\u00f6l\u00e4isten Liitto SEL","article_publisher":"https:\/\/www.facebook.com\/selry","article_published_time":"2023-01-10T17:25:04+00:00","article_modified_time":"2023-01-10T17:26:46+00:00","og_image":[{"width":1920,"height":1617,"url":"https:\/\/www.selry.fi\/wp-content\/uploads\/2023\/01\/tes-neuvottelut-palkankorotus-liian-vahan-palkkaa-maria-bjorklund-selvitetty-tapaus.jpg","type":"image\/jpeg"}],"author":"Karoliina \u00d6ystil\u00e4","twitter_card":"summary_large_image","twitter_creator":"@selryfi","twitter_site":"@selryfi","schema":{"@context":"https:\/\/schema.org","@graph":[{"@type":"Article","@id":"https:\/\/www.selry.fi\/sv\/nyheter\/hur-gar-det-med-avtalsforhandlingarna\/#article","isPartOf":{"@id":"https:\/\/www.selry.fi\/sv\/nyheter\/hur-gar-det-med-avtalsforhandlingarna\/"},"author":{"name":"Karoliina \u00d6ystil\u00e4","@id":"https:\/\/www.selry.fi\/#\/schema\/person\/4fb0b52ed84c524f0beea95625a21678"},"headline":"Hur g\u00e5r det med avtalsf\u00f6rhandlingarna?","datePublished":"2023-01-10T17:25:04+00:00","dateModified":"2023-01-10T17:26:46+00:00","mainEntityOfPage":{"@id":"https:\/\/www.selry.fi\/sv\/nyheter\/hur-gar-det-med-avtalsforhandlingarna\/"},"wordCount":874,"publisher":{"@id":"https:\/\/www.selry.fi\/#organization"},"image":{"@id":"https:\/\/www.selry.fi\/sv\/nyheter\/hur-gar-det-med-avtalsforhandlingarna\/#primaryimage"},"thumbnailUrl":"https:\/\/www.selry.fi\/wp-content\/uploads\/2023\/01\/tes-neuvottelut-palkankorotus-liian-vahan-palkkaa-maria-bjorklund-selvitetty-tapaus.jpg","articleSection":["Nyheter"],"inLanguage":"sv-SE"},{"@type":"WebPage","@id":"https:\/\/www.selry.fi\/sv\/nyheter\/hur-gar-det-med-avtalsforhandlingarna\/","url":"https:\/\/www.selry.fi\/sv\/nyheter\/hur-gar-det-med-avtalsforhandlingarna\/","name":"Hur g\u00e5r det med avtalsf\u00f6rhandlingarna?","isPartOf":{"@id":"https:\/\/www.selry.fi\/#website"},"primaryImageOfPage":{"@id":"https:\/\/www.selry.fi\/sv\/nyheter\/hur-gar-det-med-avtalsforhandlingarna\/#primaryimage"},"image":{"@id":"https:\/\/www.selry.fi\/sv\/nyheter\/hur-gar-det-med-avtalsforhandlingarna\/#primaryimage"},"thumbnailUrl":"https:\/\/www.selry.fi\/wp-content\/uploads\/2023\/01\/tes-neuvottelut-palkankorotus-liian-vahan-palkkaa-maria-bjorklund-selvitetty-tapaus.jpg","datePublished":"2023-01-10T17:25:04+00:00","dateModified":"2023-01-10T17:26:46+00:00","breadcrumb":{"@id":"https:\/\/www.selry.fi\/sv\/nyheter\/hur-gar-det-med-avtalsforhandlingarna\/#breadcrumb"},"inLanguage":"sv-SE","potentialAction":[{"@type":"ReadAction","target":["https:\/\/www.selry.fi\/sv\/nyheter\/hur-gar-det-med-avtalsforhandlingarna\/"]}]},{"@type":"ImageObject","inLanguage":"sv-SE","@id":"https:\/\/www.selry.fi\/sv\/nyheter\/hur-gar-det-med-avtalsforhandlingarna\/#primaryimage","url":"https:\/\/www.selry.fi\/wp-content\/uploads\/2023\/01\/tes-neuvottelut-palkankorotus-liian-vahan-palkkaa-maria-bjorklund-selvitetty-tapaus.jpg","contentUrl":"https:\/\/www.selry.fi\/wp-content\/uploads\/2023\/01\/tes-neuvottelut-palkankorotus-liian-vahan-palkkaa-maria-bjorklund-selvitetty-tapaus.jpg","width":1920,"height":1617},{"@type":"BreadcrumbList","@id":"https:\/\/www.selry.fi\/sv\/nyheter\/hur-gar-det-med-avtalsforhandlingarna\/#breadcrumb","itemListElement":[{"@type":"ListItem","position":1,"name":"Home","item":"https:\/\/www.selry.fi\/sv\/"},{"@type":"ListItem","position":2,"name":"Hur g\u00e5r det med avtalsf\u00f6rhandlingarna?"}]},{"@type":"WebSite","@id":"https:\/\/www.selry.fi\/#website","url":"https:\/\/www.selry.fi\/","name":"Suomen Elintarvikety\u00f6l\u00e4isten Liitto SEL","description":"","publisher":{"@id":"https:\/\/www.selry.fi\/#organization"},"inLanguage":"sv-SE"},{"@type":"Organization","@id":"https:\/\/www.selry.fi\/#organization","name":"Suomen Elintarvikety\u00f6l\u00e4isten Liitto SEL","url":"https:\/\/www.selry.fi\/","logo":{"@type":"ImageObject","inLanguage":"sv-SE","@id":"https:\/\/www.selry.fi\/#\/schema\/logo\/image\/","url":"https:\/\/www.selry.fi\/wp-content\/uploads\/2021\/05\/logo-sel.svg","contentUrl":"https:\/\/www.selry.fi\/wp-content\/uploads\/2021\/05\/logo-sel.svg","width":453,"height":135,"caption":"Suomen Elintarvikety\u00f6l\u00e4isten Liitto SEL"},"image":{"@id":"https:\/\/www.selry.fi\/#\/schema\/logo\/image\/"},"sameAs":["https:\/\/www.facebook.com\/selry","https:\/\/x.com\/selryfi"]},{"@type":"Person","@id":"https:\/\/www.selry.fi\/#\/schema\/person\/4fb0b52ed84c524f0beea95625a21678","name":"Karoliina \u00d6ystil\u00e4","image":{"@type":"ImageObject","inLanguage":"sv-SE","@id":"https:\/\/secure.gravatar.com\/avatar\/8dcb857776c4317075ba571fdc81a06a1f240302e468800d69bf316ef82ac4cd?s=96&d=mm&r=g","url":"https:\/\/secure.gravatar.com\/avatar\/8dcb857776c4317075ba571fdc81a06a1f240302e468800d69bf316ef82ac4cd?s=96&d=mm&r=g","contentUrl":"https:\/\/secure.gravatar.com\/avatar\/8dcb857776c4317075ba571fdc81a06a1f240302e468800d69bf316ef82ac4cd?s=96&d=mm&r=g","caption":"Karoliina \u00d6ystil\u00e4"}}]}},"_links":{"self":[{"href":"https:\/\/www.selry.fi\/sv\/wp-json\/wp\/v2\/posts\/10449","targetHints":{"allow":["GET"]}}],"collection":[{"href":"https:\/\/www.selry.fi\/sv\/wp-json\/wp\/v2\/posts"}],"about":[{"href":"https:\/\/www.selry.fi\/sv\/wp-json\/wp\/v2\/types\/post"}],"author":[{"embeddable":true,"href":"https:\/\/www.selry.fi\/sv\/wp-json\/wp\/v2\/users\/4"}],"replies":[{"embeddable":true,"href":"https:\/\/www.selry.fi\/sv\/wp-json\/wp\/v2\/comments?post=10449"}],"version-history":[{"count":0,"href":"https:\/\/www.selry.fi\/sv\/wp-json\/wp\/v2\/posts\/10449\/revisions"}],"wp:featuredmedia":[{"embeddable":true,"href":"https:\/\/www.selry.fi\/sv\/wp-json\/wp\/v2\/media\/10426"}],"wp:attachment":[{"href":"https:\/\/www.selry.fi\/sv\/wp-json\/wp\/v2\/media?parent=10449"}],"wp:term":[{"taxonomy":"category","embeddable":true,"href":"https:\/\/www.selry.fi\/sv\/wp-json\/wp\/v2\/categories?post=10449"},{"taxonomy":"post_tag","embeddable":true,"href":"https:\/\/www.selry.fi\/sv\/wp-json\/wp\/v2\/tags?post=10449"}],"curies":[{"name":"wp","href":"https:\/\/api.w.org\/{rel}","templated":true}]}}