{"id":10165,"date":"2022-12-05T16:29:00","date_gmt":"2022-12-05T14:29:00","guid":{"rendered":"https:\/\/www.selry.fi\/?p=10165"},"modified":"2022-12-09T17:30:41","modified_gmt":"2022-12-09T15:30:41","slug":"att-forsvaga-arbetsvillkoren-underlattar-inte-arbetskraftsbristen","status":"publish","type":"post","link":"https:\/\/www.selry.fi\/sv\/blogg\/att-forsvaga-arbetsvillkoren-underlattar-inte-arbetskraftsbristen\/","title":{"rendered":"Att f\u00f6rsvaga arbetsvillkoren underl\u00e4ttar inte arbetskraftsbristen"},"content":{"rendered":"\n<p>Det talas mycket om arbetskraftsbrist, trots att m\u00e5nga i Finland st\u00e5r utan arbete. I allm\u00e4nhet \u00e4r det i arbetskraftsbristen fr\u00e5ga om en viss bransch eller flaskhalsar i utbildningen som kunde ha f\u00f6rutsetts. Arbetsgivarsidans tal om arbetskraftsbristen har tagit sig speciella former: till och med i samma mening kan man tala om arbetskraftsbrist och&nbsp; behovet att f\u00f6rsvaga arbetstagarnas arbetsvillkor.<\/p>\n\n\n\n<p>Skulle d\u00e5 en f\u00f6rsvagning av arbetsvillkoren leda till att fler arbetstagare skulle s\u00f6ka sig till de branscher som lider av arbetskraftsbrist? Svaret \u00e4r nej. Kanske handlar det h\u00e4r om att d\u00e5 arbetsgivarna tillr\u00e4ckligt l\u00e4nge har talat om att utveckla arbetsvillkoren, med undermeningen att egentligen f\u00f6rsvaga dem, de sj\u00e4lva inte ser i konsekvensen i sitt tal?<\/p>\n\n\n\n<p>I&nbsp; vissa branscher \u00e4r arbetskraftsbristen verklig och det beror p\u00e5 \u00e5tminstone tv\u00e5 tydliga, inverkande faktorer. Syssels\u00e4ttningsgraden \u00e4r rekordh\u00f6g, n\u00e5got som naturligtvis \u00e4r en mycket god sak. Landets regering har i en krissituation klarat av att vidta \u00e5tg\u00e4rder som har f\u00f6rb\u00e4ttrat syssels\u00e4ttningen. \u00c5tg\u00e4rderna har varit totala motsatser till dem som den f\u00f6rra regeringen under Juha Sipil\u00e4 vidtog, och just d\u00e4rf\u00f6r har de lyckats.<\/p>\n\n\n\n<p>En annan inverkande faktor \u00e4r coronapandemin, som ledde till att folk s\u00f6kte sig bort fr\u00e5n&nbsp; de branscher som drabbades h\u00e5rdast. Och om det lyckades kom man aldrig tillbaka. I det l\u00e5nga loppet f\u00f6rlorar en bransch med l\u00e5ga l\u00f6ner och d\u00e4r de \u00f6vriga arbetsvillkoren inte \u00e4r i skick sin dragningskraft.<\/p>\n\n\n\n<p>Vad g\u00e4ller sk\u00f6tseln av &nbsp;coronapandemin m\u00e5ste vi ge landets regering ett gott betyg. Trots att det var h\u00e5rt i flera branscher kunde en stor konkursv\u00e5g undvikas. Det \u00e4r ocks\u00e5 sv\u00e5rt att f\u00f6rst\u00e5 kritiken framf\u00f6rallt fr\u00e5n f\u00f6retagarorganisationen om oh\u00e4mmad skulds\u00e4ttning. Om staten inte hade tagit emot sm\u00e4llen och de ekonomiska f\u00f6ljderna av coronapandemin och Rysslands anfallskrig i Ukraina skulle m\u00e5ngen f\u00f6retagare nu vara en f\u00f6re detta f\u00f6retagare och m\u00e5ngen arbetstagare arbetsl\u00f6s.<\/p>\n\n\n\n<p>Det \u00e4r d\u00e5lig stil att anklaga regeringen f\u00f6r oh\u00e4mmad skulds\u00e4ttning, d\u00e5 det i allra h\u00f6gsta grad har varit fr\u00e5ga om ansvarsfulla \u00e5tg\u00e4rder med tanke p\u00e5 hela nationen. Vi har som land klarat oss bra i de mest \u00f6verraskande situationer. Den stora fr\u00e5gan \u00e4r om vi kommer att klara oss i forts\u00e4ttningen,&nbsp; om vi inte v\u00e4rderar avtal och kompromisser. Vi borde alla str\u00e4va till att vara konsekventa och v\u00e4rdera saker som \u00e4r v\u00e4l sk\u00f6tta, det \u00e4r ansvarsfullt.<\/p>\n\n\n\n<p>Jag vill tacka alla v\u00e5ra medlemmar f\u00f6r det h\u00e4r \u00e5ret och till\u00f6nska alla en fridfull jul med inhemsk mat! F\u00f6rhoppningsvis har s\u00e5 m\u00e5nga som m\u00f6jligt under julen m\u00f6jlighet att njuta av de n\u00e4rst\u00e5endes s\u00e4llskap, vila och ladda batterierna inf\u00f6r n\u00e4sta \u00e5r.<\/p>\n\n\n\n<p><em>Veli-Matti Kuntonen<\/em><br><em>SEL:s f\u00f6rbundsordf\u00f6rande<\/em><\/p>\n","protected":false},"excerpt":{"rendered":"<p>Det talas mycket om arbetskraftsbrist, trots att m\u00e5nga i Finland st\u00e5r utan arbete. I allm\u00e4nhet \u00e4r det i arbetskraftsbristen fr\u00e5ga [\u2026] <a href=\"https:\/\/www.selry.fi\/sv\/blogg\/att-forsvaga-arbetsvillkoren-underlattar-inte-arbetskraftsbristen\/\">Lue lis\u00e4\u00e4 &raquo;<\/a><\/p>\n","protected":false},"author":4,"featured_media":1915,"comment_status":"closed","ping_status":"closed","sticky":false,"template":"","format":"standard","meta":{"_acf_changed":false,"footnotes":""},"categories":[64],"tags":[],"class_list":["post-10165","post","type-post","status-publish","format-standard","has-post-thumbnail","hentry","category-blogg"],"acf":[],"yoast_head":"<!-- This site is optimized with the Yoast SEO plugin v27.2 - https:\/\/yoast.com\/product\/yoast-seo-wordpress\/ -->\n<title>Att f\u00f6rsvaga arbetsvillkoren underl\u00e4ttar inte arbetskraftsbristen<\/title>\n<meta name=\"robots\" content=\"index, follow, max-snippet:-1, max-image-preview:large, max-video-preview:-1\" \/>\n<link rel=\"canonical\" href=\"https:\/\/www.selry.fi\/sv\/blogg\/att-forsvaga-arbetsvillkoren-underlattar-inte-arbetskraftsbristen\/\" \/>\n<meta property=\"og:locale\" content=\"sv_SE\" \/>\n<meta property=\"og:type\" content=\"article\" \/>\n<meta property=\"og:title\" content=\"Att f\u00f6rsvaga arbetsvillkoren underl\u00e4ttar inte arbetskraftsbristen\" \/>\n<meta property=\"og:description\" content=\"Det talas mycket om arbetskraftsbrist, trots att m\u00e5nga i Finland st\u00e5r utan arbete. I allm\u00e4nhet \u00e4r det i arbetskraftsbristen fr\u00e5ga [\u2026] Lue lis\u00e4\u00e4 &raquo;\" \/>\n<meta property=\"og:url\" content=\"https:\/\/www.selry.fi\/sv\/blogg\/att-forsvaga-arbetsvillkoren-underlattar-inte-arbetskraftsbristen\/\" \/>\n<meta property=\"og:site_name\" content=\"Suomen Elintarvikety\u00f6l\u00e4isten Liitto SEL\" \/>\n<meta property=\"article:publisher\" content=\"https:\/\/www.facebook.com\/selry\" \/>\n<meta property=\"article:published_time\" content=\"2022-12-05T14:29:00+00:00\" \/>\n<meta property=\"article:modified_time\" content=\"2022-12-09T15:30:41+00:00\" \/>\n<meta property=\"og:image\" content=\"https:\/\/www.selry.fi\/wp-content\/uploads\/2021\/05\/kuntonen-syva-artikkelikuva.jpg\" \/>\n\t<meta property=\"og:image:width\" content=\"1385\" \/>\n\t<meta property=\"og:image:height\" content=\"1063\" \/>\n\t<meta property=\"og:image:type\" content=\"image\/jpeg\" \/>\n<meta name=\"author\" content=\"Karoliina \u00d6ystil\u00e4\" \/>\n<meta name=\"twitter:card\" content=\"summary_large_image\" \/>\n<meta name=\"twitter:creator\" content=\"@selryfi\" \/>\n<meta name=\"twitter:site\" content=\"@selryfi\" \/>\n<script type=\"application\/ld+json\" class=\"yoast-schema-graph\">{\"@context\":\"https:\/\/schema.org\",\"@graph\":[{\"@type\":\"Article\",\"@id\":\"https:\/\/www.selry.fi\/sv\/blogg\/att-forsvaga-arbetsvillkoren-underlattar-inte-arbetskraftsbristen\/#article\",\"isPartOf\":{\"@id\":\"https:\/\/www.selry.fi\/sv\/blogg\/att-forsvaga-arbetsvillkoren-underlattar-inte-arbetskraftsbristen\/\"},\"author\":{\"name\":\"Karoliina \u00d6ystil\u00e4\",\"@id\":\"https:\/\/www.selry.fi\/#\/schema\/person\/4fb0b52ed84c524f0beea95625a21678\"},\"headline\":\"Att f\u00f6rsvaga arbetsvillkoren underl\u00e4ttar inte arbetskraftsbristen\",\"datePublished\":\"2022-12-05T14:29:00+00:00\",\"dateModified\":\"2022-12-09T15:30:41+00:00\",\"mainEntityOfPage\":{\"@id\":\"https:\/\/www.selry.fi\/sv\/blogg\/att-forsvaga-arbetsvillkoren-underlattar-inte-arbetskraftsbristen\/\"},\"wordCount\":510,\"publisher\":{\"@id\":\"https:\/\/www.selry.fi\/#organization\"},\"image\":{\"@id\":\"https:\/\/www.selry.fi\/sv\/blogg\/att-forsvaga-arbetsvillkoren-underlattar-inte-arbetskraftsbristen\/#primaryimage\"},\"thumbnailUrl\":\"https:\/\/www.selry.fi\/wp-content\/uploads\/2021\/05\/kuntonen-syva-artikkelikuva.jpg\",\"articleSection\":[\"Blogg\"],\"inLanguage\":\"sv-SE\"},{\"@type\":\"WebPage\",\"@id\":\"https:\/\/www.selry.fi\/sv\/blogg\/att-forsvaga-arbetsvillkoren-underlattar-inte-arbetskraftsbristen\/\",\"url\":\"https:\/\/www.selry.fi\/sv\/blogg\/att-forsvaga-arbetsvillkoren-underlattar-inte-arbetskraftsbristen\/\",\"name\":\"Att f\u00f6rsvaga arbetsvillkoren underl\u00e4ttar inte arbetskraftsbristen\",\"isPartOf\":{\"@id\":\"https:\/\/www.selry.fi\/#website\"},\"primaryImageOfPage\":{\"@id\":\"https:\/\/www.selry.fi\/sv\/blogg\/att-forsvaga-arbetsvillkoren-underlattar-inte-arbetskraftsbristen\/#primaryimage\"},\"image\":{\"@id\":\"https:\/\/www.selry.fi\/sv\/blogg\/att-forsvaga-arbetsvillkoren-underlattar-inte-arbetskraftsbristen\/#primaryimage\"},\"thumbnailUrl\":\"https:\/\/www.selry.fi\/wp-content\/uploads\/2021\/05\/kuntonen-syva-artikkelikuva.jpg\",\"datePublished\":\"2022-12-05T14:29:00+00:00\",\"dateModified\":\"2022-12-09T15:30:41+00:00\",\"breadcrumb\":{\"@id\":\"https:\/\/www.selry.fi\/sv\/blogg\/att-forsvaga-arbetsvillkoren-underlattar-inte-arbetskraftsbristen\/#breadcrumb\"},\"inLanguage\":\"sv-SE\",\"potentialAction\":[{\"@type\":\"ReadAction\",\"target\":[\"https:\/\/www.selry.fi\/sv\/blogg\/att-forsvaga-arbetsvillkoren-underlattar-inte-arbetskraftsbristen\/\"]}]},{\"@type\":\"ImageObject\",\"inLanguage\":\"sv-SE\",\"@id\":\"https:\/\/www.selry.fi\/sv\/blogg\/att-forsvaga-arbetsvillkoren-underlattar-inte-arbetskraftsbristen\/#primaryimage\",\"url\":\"https:\/\/www.selry.fi\/wp-content\/uploads\/2021\/05\/kuntonen-syva-artikkelikuva.jpg\",\"contentUrl\":\"https:\/\/www.selry.fi\/wp-content\/uploads\/2021\/05\/kuntonen-syva-artikkelikuva.jpg\",\"width\":1385,\"height\":1063},{\"@type\":\"BreadcrumbList\",\"@id\":\"https:\/\/www.selry.fi\/sv\/blogg\/att-forsvaga-arbetsvillkoren-underlattar-inte-arbetskraftsbristen\/#breadcrumb\",\"itemListElement\":[{\"@type\":\"ListItem\",\"position\":1,\"name\":\"Home\",\"item\":\"https:\/\/www.selry.fi\/sv\/\"},{\"@type\":\"ListItem\",\"position\":2,\"name\":\"Att f\u00f6rsvaga arbetsvillkoren underl\u00e4ttar inte arbetskraftsbristen\"}]},{\"@type\":\"WebSite\",\"@id\":\"https:\/\/www.selry.fi\/#website\",\"url\":\"https:\/\/www.selry.fi\/\",\"name\":\"Suomen Elintarvikety\u00f6l\u00e4isten Liitto SEL\",\"description\":\"\",\"publisher\":{\"@id\":\"https:\/\/www.selry.fi\/#organization\"},\"inLanguage\":\"sv-SE\"},{\"@type\":\"Organization\",\"@id\":\"https:\/\/www.selry.fi\/#organization\",\"name\":\"Suomen Elintarvikety\u00f6l\u00e4isten Liitto SEL\",\"url\":\"https:\/\/www.selry.fi\/\",\"logo\":{\"@type\":\"ImageObject\",\"inLanguage\":\"sv-SE\",\"@id\":\"https:\/\/www.selry.fi\/#\/schema\/logo\/image\/\",\"url\":\"https:\/\/www.selry.fi\/wp-content\/uploads\/2021\/05\/logo-sel.svg\",\"contentUrl\":\"https:\/\/www.selry.fi\/wp-content\/uploads\/2021\/05\/logo-sel.svg\",\"width\":453,\"height\":135,\"caption\":\"Suomen Elintarvikety\u00f6l\u00e4isten Liitto SEL\"},\"image\":{\"@id\":\"https:\/\/www.selry.fi\/#\/schema\/logo\/image\/\"},\"sameAs\":[\"https:\/\/www.facebook.com\/selry\",\"https:\/\/x.com\/selryfi\"]},{\"@type\":\"Person\",\"@id\":\"https:\/\/www.selry.fi\/#\/schema\/person\/4fb0b52ed84c524f0beea95625a21678\",\"name\":\"Karoliina \u00d6ystil\u00e4\",\"image\":{\"@type\":\"ImageObject\",\"inLanguage\":\"sv-SE\",\"@id\":\"https:\/\/secure.gravatar.com\/avatar\/8dcb857776c4317075ba571fdc81a06a1f240302e468800d69bf316ef82ac4cd?s=96&d=mm&r=g\",\"url\":\"https:\/\/secure.gravatar.com\/avatar\/8dcb857776c4317075ba571fdc81a06a1f240302e468800d69bf316ef82ac4cd?s=96&d=mm&r=g\",\"contentUrl\":\"https:\/\/secure.gravatar.com\/avatar\/8dcb857776c4317075ba571fdc81a06a1f240302e468800d69bf316ef82ac4cd?s=96&d=mm&r=g\",\"caption\":\"Karoliina \u00d6ystil\u00e4\"}}]}<\/script>\n<!-- \/ Yoast SEO plugin. -->","yoast_head_json":{"title":"Att f\u00f6rsvaga arbetsvillkoren underl\u00e4ttar inte arbetskraftsbristen","robots":{"index":"index","follow":"follow","max-snippet":"max-snippet:-1","max-image-preview":"max-image-preview:large","max-video-preview":"max-video-preview:-1"},"canonical":"https:\/\/www.selry.fi\/sv\/blogg\/att-forsvaga-arbetsvillkoren-underlattar-inte-arbetskraftsbristen\/","og_locale":"sv_SE","og_type":"article","og_title":"Att f\u00f6rsvaga arbetsvillkoren underl\u00e4ttar inte arbetskraftsbristen","og_description":"Det talas mycket om arbetskraftsbrist, trots att m\u00e5nga i Finland st\u00e5r utan arbete. I allm\u00e4nhet \u00e4r det i arbetskraftsbristen fr\u00e5ga [\u2026] Lue lis\u00e4\u00e4 &raquo;","og_url":"https:\/\/www.selry.fi\/sv\/blogg\/att-forsvaga-arbetsvillkoren-underlattar-inte-arbetskraftsbristen\/","og_site_name":"Suomen Elintarvikety\u00f6l\u00e4isten Liitto SEL","article_publisher":"https:\/\/www.facebook.com\/selry","article_published_time":"2022-12-05T14:29:00+00:00","article_modified_time":"2022-12-09T15:30:41+00:00","og_image":[{"width":1385,"height":1063,"url":"https:\/\/www.selry.fi\/wp-content\/uploads\/2021\/05\/kuntonen-syva-artikkelikuva.jpg","type":"image\/jpeg"}],"author":"Karoliina \u00d6ystil\u00e4","twitter_card":"summary_large_image","twitter_creator":"@selryfi","twitter_site":"@selryfi","schema":{"@context":"https:\/\/schema.org","@graph":[{"@type":"Article","@id":"https:\/\/www.selry.fi\/sv\/blogg\/att-forsvaga-arbetsvillkoren-underlattar-inte-arbetskraftsbristen\/#article","isPartOf":{"@id":"https:\/\/www.selry.fi\/sv\/blogg\/att-forsvaga-arbetsvillkoren-underlattar-inte-arbetskraftsbristen\/"},"author":{"name":"Karoliina \u00d6ystil\u00e4","@id":"https:\/\/www.selry.fi\/#\/schema\/person\/4fb0b52ed84c524f0beea95625a21678"},"headline":"Att f\u00f6rsvaga arbetsvillkoren underl\u00e4ttar inte arbetskraftsbristen","datePublished":"2022-12-05T14:29:00+00:00","dateModified":"2022-12-09T15:30:41+00:00","mainEntityOfPage":{"@id":"https:\/\/www.selry.fi\/sv\/blogg\/att-forsvaga-arbetsvillkoren-underlattar-inte-arbetskraftsbristen\/"},"wordCount":510,"publisher":{"@id":"https:\/\/www.selry.fi\/#organization"},"image":{"@id":"https:\/\/www.selry.fi\/sv\/blogg\/att-forsvaga-arbetsvillkoren-underlattar-inte-arbetskraftsbristen\/#primaryimage"},"thumbnailUrl":"https:\/\/www.selry.fi\/wp-content\/uploads\/2021\/05\/kuntonen-syva-artikkelikuva.jpg","articleSection":["Blogg"],"inLanguage":"sv-SE"},{"@type":"WebPage","@id":"https:\/\/www.selry.fi\/sv\/blogg\/att-forsvaga-arbetsvillkoren-underlattar-inte-arbetskraftsbristen\/","url":"https:\/\/www.selry.fi\/sv\/blogg\/att-forsvaga-arbetsvillkoren-underlattar-inte-arbetskraftsbristen\/","name":"Att f\u00f6rsvaga arbetsvillkoren underl\u00e4ttar inte arbetskraftsbristen","isPartOf":{"@id":"https:\/\/www.selry.fi\/#website"},"primaryImageOfPage":{"@id":"https:\/\/www.selry.fi\/sv\/blogg\/att-forsvaga-arbetsvillkoren-underlattar-inte-arbetskraftsbristen\/#primaryimage"},"image":{"@id":"https:\/\/www.selry.fi\/sv\/blogg\/att-forsvaga-arbetsvillkoren-underlattar-inte-arbetskraftsbristen\/#primaryimage"},"thumbnailUrl":"https:\/\/www.selry.fi\/wp-content\/uploads\/2021\/05\/kuntonen-syva-artikkelikuva.jpg","datePublished":"2022-12-05T14:29:00+00:00","dateModified":"2022-12-09T15:30:41+00:00","breadcrumb":{"@id":"https:\/\/www.selry.fi\/sv\/blogg\/att-forsvaga-arbetsvillkoren-underlattar-inte-arbetskraftsbristen\/#breadcrumb"},"inLanguage":"sv-SE","potentialAction":[{"@type":"ReadAction","target":["https:\/\/www.selry.fi\/sv\/blogg\/att-forsvaga-arbetsvillkoren-underlattar-inte-arbetskraftsbristen\/"]}]},{"@type":"ImageObject","inLanguage":"sv-SE","@id":"https:\/\/www.selry.fi\/sv\/blogg\/att-forsvaga-arbetsvillkoren-underlattar-inte-arbetskraftsbristen\/#primaryimage","url":"https:\/\/www.selry.fi\/wp-content\/uploads\/2021\/05\/kuntonen-syva-artikkelikuva.jpg","contentUrl":"https:\/\/www.selry.fi\/wp-content\/uploads\/2021\/05\/kuntonen-syva-artikkelikuva.jpg","width":1385,"height":1063},{"@type":"BreadcrumbList","@id":"https:\/\/www.selry.fi\/sv\/blogg\/att-forsvaga-arbetsvillkoren-underlattar-inte-arbetskraftsbristen\/#breadcrumb","itemListElement":[{"@type":"ListItem","position":1,"name":"Home","item":"https:\/\/www.selry.fi\/sv\/"},{"@type":"ListItem","position":2,"name":"Att f\u00f6rsvaga arbetsvillkoren underl\u00e4ttar inte arbetskraftsbristen"}]},{"@type":"WebSite","@id":"https:\/\/www.selry.fi\/#website","url":"https:\/\/www.selry.fi\/","name":"Suomen Elintarvikety\u00f6l\u00e4isten Liitto SEL","description":"","publisher":{"@id":"https:\/\/www.selry.fi\/#organization"},"inLanguage":"sv-SE"},{"@type":"Organization","@id":"https:\/\/www.selry.fi\/#organization","name":"Suomen Elintarvikety\u00f6l\u00e4isten Liitto SEL","url":"https:\/\/www.selry.fi\/","logo":{"@type":"ImageObject","inLanguage":"sv-SE","@id":"https:\/\/www.selry.fi\/#\/schema\/logo\/image\/","url":"https:\/\/www.selry.fi\/wp-content\/uploads\/2021\/05\/logo-sel.svg","contentUrl":"https:\/\/www.selry.fi\/wp-content\/uploads\/2021\/05\/logo-sel.svg","width":453,"height":135,"caption":"Suomen Elintarvikety\u00f6l\u00e4isten Liitto SEL"},"image":{"@id":"https:\/\/www.selry.fi\/#\/schema\/logo\/image\/"},"sameAs":["https:\/\/www.facebook.com\/selry","https:\/\/x.com\/selryfi"]},{"@type":"Person","@id":"https:\/\/www.selry.fi\/#\/schema\/person\/4fb0b52ed84c524f0beea95625a21678","name":"Karoliina \u00d6ystil\u00e4","image":{"@type":"ImageObject","inLanguage":"sv-SE","@id":"https:\/\/secure.gravatar.com\/avatar\/8dcb857776c4317075ba571fdc81a06a1f240302e468800d69bf316ef82ac4cd?s=96&d=mm&r=g","url":"https:\/\/secure.gravatar.com\/avatar\/8dcb857776c4317075ba571fdc81a06a1f240302e468800d69bf316ef82ac4cd?s=96&d=mm&r=g","contentUrl":"https:\/\/secure.gravatar.com\/avatar\/8dcb857776c4317075ba571fdc81a06a1f240302e468800d69bf316ef82ac4cd?s=96&d=mm&r=g","caption":"Karoliina \u00d6ystil\u00e4"}}]}},"_links":{"self":[{"href":"https:\/\/www.selry.fi\/sv\/wp-json\/wp\/v2\/posts\/10165","targetHints":{"allow":["GET"]}}],"collection":[{"href":"https:\/\/www.selry.fi\/sv\/wp-json\/wp\/v2\/posts"}],"about":[{"href":"https:\/\/www.selry.fi\/sv\/wp-json\/wp\/v2\/types\/post"}],"author":[{"embeddable":true,"href":"https:\/\/www.selry.fi\/sv\/wp-json\/wp\/v2\/users\/4"}],"replies":[{"embeddable":true,"href":"https:\/\/www.selry.fi\/sv\/wp-json\/wp\/v2\/comments?post=10165"}],"version-history":[{"count":0,"href":"https:\/\/www.selry.fi\/sv\/wp-json\/wp\/v2\/posts\/10165\/revisions"}],"wp:featuredmedia":[{"embeddable":true,"href":"https:\/\/www.selry.fi\/sv\/wp-json\/wp\/v2\/media\/1915"}],"wp:attachment":[{"href":"https:\/\/www.selry.fi\/sv\/wp-json\/wp\/v2\/media?parent=10165"}],"wp:term":[{"taxonomy":"category","embeddable":true,"href":"https:\/\/www.selry.fi\/sv\/wp-json\/wp\/v2\/categories?post=10165"},{"taxonomy":"post_tag","embeddable":true,"href":"https:\/\/www.selry.fi\/sv\/wp-json\/wp\/v2\/tags?post=10165"}],"curies":[{"name":"wp","href":"https:\/\/api.w.org\/{rel}","templated":true}]}}